{"id":21749,"date":"2025-11-25T20:00:03","date_gmt":"2025-11-25T19:00:03","guid":{"rendered":"https:\/\/veritasinfo.org\/?p=21749"},"modified":"2025-11-25T20:00:03","modified_gmt":"2025-11-25T19:00:03","slug":"arrestimi-i-ish-ushtarit-te-uck-se-ne-serbi-mpjd-tregon-cfare-hapa-ka-ndermarre","status":"publish","type":"post","link":"https:\/\/veritasinfo.org\/?p=21749","title":{"rendered":"Arrestimi i ish-ushtarit t\u00eb U\u00c7K-s\u00eb n\u00eb Serbi, MPJD tregon \u00e7far\u00eb hapa ka nd\u00ebrmarr\u00eb"},"content":{"rendered":"<p>Prishtin\u00eb 25 N\u00ebntor 2025 19:59<\/p>\n<p>Ministria e Pun\u00ebve t\u00eb Jashtme dhe Diaspor\u00ebs ka konfirmuar arrestimin e shtetasit t\u00eb Kosov\u00ebs, Avni Qenaj, nga autoritetet e Serbis\u00eb.<\/p>\n<p>Kjo ministri njofton se menj\u00ebher\u00eb pas marrjes s\u00eb informacionit mbi arrestimin e shtetasit t\u00eb Kosov\u00ebs Avni Qenaj, nga autoritetet e Serbis\u00eb, Zyra Nd\u00ebrlidh\u00ebse e Republik\u00ebs s\u00eb Kosov\u00ebs n\u00eb Serbi ka nd\u00ebrmarr\u00eb veprimet e para duke i adresuar Zyr\u00ebs Nd\u00ebrlidh\u00ebse t\u00eb Serbis\u00eb n\u00eb Kosov\u00eb, k\u00ebrkes\u00eb zyrtare p\u00ebr konfirmimin e arrestimit, arsyet konkrete t\u00eb ndalimit, vendndodhjen aktuale ku ai po mbahet, si dhe \u00e7do informacion tjet\u00ebr t\u00eb domosdosh\u00ebm p\u00ebr trajtimin e m\u00ebtejm\u00eb t\u00eb rastit.<\/p>\n<p>\u201cParalelisht, Zyra Nd\u00ebrlidh\u00ebse e Republik\u00ebs s\u00eb Kosov\u00ebs n\u00eb Serbi e ka njoftuar p\u00ebr rastin edhe Delegacionin e Bashkimit Evropian n\u00eb Serbi, duke k\u00ebrkuar monitorim t\u00eb shtuar dhe transparenc\u00eb t\u00eb plot\u00eb nga autoritetet serbe n\u00eb lidhje me procedurat e nd\u00ebrmarra.<\/p>\n<p>Gjithashtu \u00ebsht\u00eb d\u00ebrguar tashm\u00eb not\u00eb verbale te misionet diplomatike t\u00eb vendeve t\u00eb Quint-it t\u00eb akredituara n\u00eb Serbi, me q\u00ebllim sigurimin e angazhimit t\u00eb partner\u00ebve nd\u00ebrkomb\u00ebtar\u00eb n\u00eb mbrojtje t\u00eb t\u00eb drejtave dhe siguris\u00eb s\u00eb shtetasit t\u00eb Republik\u00ebs s\u00eb Kosov\u00ebs\u201d, thuhet n\u00eb njoftim, raporon IndeksOnline.<\/p>\n<p>Aty thuhet se Zyra Nd\u00ebrlidh\u00ebse e Republik\u00ebs s\u00eb Kosov\u00ebs n\u00eb Serbi do t\u00eb procedoj\u00eb me paraqitjen e k\u00ebrkes\u00ebs zyrtare p\u00ebr lejimin e vizit\u00ebs t\u00eb personit t\u00eb arrestuar, sapo t\u00eb konfirmohet lokacioni i sakt\u00eb ku ai po mbahet.<\/p>\n<p>MPJD rithekson angazhimin e saj t\u00eb plot\u00eb dhe t\u00eb pand\u00ebrprer\u00eb p\u00ebr ndri\u00e7imin e t\u00eb gjitha rrethanave t\u00eb rastit dhe siguron se opinioni publik do t\u00eb informohet me koh\u00eb dhe n\u00eb m\u00ebnyr\u00eb t\u00eb vazhdueshme p\u00ebr t\u00eb gjitha zhvillimet.<\/p>\n<p>Kjo ministri i b\u00ebn thirrje Bashk\u00ebsis\u00eb Nd\u00ebrkomb\u00ebtare q\u00eb t\u00eb rris\u00eb vigjilenc\u00ebn dhe presionin ndaj autoriteteve t\u00eb Serbis\u00eb, e cila vazhdon praktik\u00ebn e keqtrajtimit dhe intimidimit t\u00eb shtetasve t\u00eb Republik\u00ebs s\u00eb Kosov\u00ebs, duke cenuar k\u00ebshtu normat dhe standardet nd\u00ebrkomb\u00ebtare p\u00ebr t\u00eb drejtat e njeriut.<\/p>\n","protected":false},"excerpt":{"rendered":"<p>Prishtin\u00eb 25 N\u00ebntor 2025 19:59 Ministria e Pun\u00ebve t\u00eb Jashtme dhe Diaspor\u00ebs ka konfirmuar arrestimin e shtetasit t\u00eb Kosov\u00ebs, Avni Qenaj, nga autoritetet e Serbis\u00eb.<\/p>\n","protected":false},"author":6,"featured_media":21750,"comment_status":"open","ping_status":"open","sticky":false,"template":"","format":"standard","meta":{"footnotes":""},"categories":[58],"tags":[],"class_list":["post-21749","post","type-post","status-publish","format-standard","has-post-thumbnail","hentry","category-politike-sq"],"yoast_head":"<!-- This site is optimized with the Yoast SEO plugin v25.3.1 - https:\/\/yoast.com\/wordpress\/plugins\/seo\/ -->\n<title>Arrestimi i ish-ushtarit t\u00eb U\u00c7K-s\u00eb n\u00eb Serbi, MPJD tregon \u00e7far\u00eb hapa ka nd\u00ebrmarr\u00eb -<\/title>\n<meta name=\"robots\" content=\"index, follow, max-snippet:-1, max-image-preview:large, max-video-preview:-1\" \/>\n<link rel=\"canonical\" href=\"https:\/\/veritasinfo.org\/?p=21749\" \/>\n<meta property=\"og:locale\" content=\"en_US\" \/>\n<meta property=\"og:type\" content=\"article\" \/>\n<meta property=\"og:title\" content=\"Arrestimi i ish-ushtarit t\u00eb U\u00c7K-s\u00eb n\u00eb Serbi, MPJD tregon \u00e7far\u00eb hapa ka nd\u00ebrmarr\u00eb -\" \/>\n<meta property=\"og:description\" content=\"Prishtin\u00eb 25 N\u00ebntor 2025 19:59 Ministria e Pun\u00ebve t\u00eb Jashtme dhe Diaspor\u00ebs ka konfirmuar arrestimin e shtetasit t\u00eb Kosov\u00ebs, Avni Qenaj, nga autoritetet e Serbis\u00eb.\" \/>\n<meta property=\"og:url\" content=\"https:\/\/veritasinfo.org\/?p=21749\" \/>\n<meta property=\"article:published_time\" content=\"2025-11-25T19:00:03+00:00\" \/>\n<meta property=\"og:image\" content=\"https:\/\/veritasinfo.org\/wp-content\/uploads\/2025\/11\/MPJD11nnnb-600x360-1.jpg\" \/>\n\t<meta property=\"og:image:width\" content=\"600\" \/>\n\t<meta property=\"og:image:height\" content=\"360\" \/>\n\t<meta property=\"og:image:type\" content=\"image\/jpeg\" \/>\n<meta name=\"author\" content=\"US5\" \/>\n<meta name=\"twitter:card\" content=\"summary_large_image\" \/>\n<meta name=\"twitter:label1\" content=\"Written by\" \/>\n\t<meta name=\"twitter:data1\" content=\"US5\" \/>\n<script type=\"application\/ld+json\" class=\"yoast-schema-graph\">{\"@context\":\"https:\/\/schema.org\",\"@graph\":[{\"@type\":\"WebPage\",\"@id\":\"https:\/\/veritasinfo.org\/?p=21749\",\"url\":\"https:\/\/veritasinfo.org\/?p=21749\",\"name\":\"Arrestimi i ish-ushtarit t\u00eb U\u00c7K-s\u00eb n\u00eb Serbi, MPJD tregon \u00e7far\u00eb hapa ka nd\u00ebrmarr\u00eb -\",\"isPartOf\":{\"@id\":\"https:\/\/veritasinfo.org\/#website\"},\"primaryImageOfPage\":{\"@id\":\"https:\/\/veritasinfo.org\/?p=21749#primaryimage\"},\"image\":{\"@id\":\"https:\/\/veritasinfo.org\/?p=21749#primaryimage\"},\"thumbnailUrl\":\"https:\/\/veritasinfo.org\/wp-content\/uploads\/2025\/11\/MPJD11nnnb-600x360-1.jpg\",\"datePublished\":\"2025-11-25T19:00:03+00:00\",\"author\":{\"@id\":\"https:\/\/veritasinfo.org\/#\/schema\/person\/bc442336e35414d04494ab8fb45db4c6\"},\"breadcrumb\":{\"@id\":\"https:\/\/veritasinfo.org\/?p=21749#breadcrumb\"},\"inLanguage\":\"en-US\",\"potentialAction\":[{\"@type\":\"ReadAction\",\"target\":[\"https:\/\/veritasinfo.org\/?p=21749\"]}]},{\"@type\":\"ImageObject\",\"inLanguage\":\"en-US\",\"@id\":\"https:\/\/veritasinfo.org\/?p=21749#primaryimage\",\"url\":\"https:\/\/veritasinfo.org\/wp-content\/uploads\/2025\/11\/MPJD11nnnb-600x360-1.jpg\",\"contentUrl\":\"https:\/\/veritasinfo.org\/wp-content\/uploads\/2025\/11\/MPJD11nnnb-600x360-1.jpg\",\"width\":600,\"height\":360},{\"@type\":\"BreadcrumbList\",\"@id\":\"https:\/\/veritasinfo.org\/?p=21749#breadcrumb\",\"itemListElement\":[{\"@type\":\"ListItem\",\"position\":1,\"name\":\"Home\",\"item\":\"https:\/\/veritasinfo.org\/\"},{\"@type\":\"ListItem\",\"position\":2,\"name\":\"Arrestimi i ish-ushtarit t\u00eb U\u00c7K-s\u00eb n\u00eb Serbi, MPJD tregon \u00e7far\u00eb hapa ka nd\u00ebrmarr\u00eb\"}]},{\"@type\":\"WebSite\",\"@id\":\"https:\/\/veritasinfo.org\/#website\",\"url\":\"https:\/\/veritasinfo.org\/\",\"name\":\"\",\"description\":\"\",\"potentialAction\":[{\"@type\":\"SearchAction\",\"target\":{\"@type\":\"EntryPoint\",\"urlTemplate\":\"https:\/\/veritasinfo.org\/?s={search_term_string}\"},\"query-input\":{\"@type\":\"PropertyValueSpecification\",\"valueRequired\":true,\"valueName\":\"search_term_string\"}}],\"inLanguage\":\"en-US\"},{\"@type\":\"Person\",\"@id\":\"https:\/\/veritasinfo.org\/#\/schema\/person\/bc442336e35414d04494ab8fb45db4c6\",\"name\":\"US5\",\"image\":{\"@type\":\"ImageObject\",\"inLanguage\":\"en-US\",\"@id\":\"https:\/\/veritasinfo.org\/#\/schema\/person\/image\/\",\"url\":\"https:\/\/secure.gravatar.com\/avatar\/16a61e7272a0c5d001121ebb9e60e925d5816e4ac1e443ed3e640d9a6ae55d0c?s=96&d=mm&r=g\",\"contentUrl\":\"https:\/\/secure.gravatar.com\/avatar\/16a61e7272a0c5d001121ebb9e60e925d5816e4ac1e443ed3e640d9a6ae55d0c?s=96&d=mm&r=g\",\"caption\":\"US5\"},\"url\":\"https:\/\/veritasinfo.org\/?author=6\"}]}<\/script>\n<!-- \/ Yoast SEO plugin. -->","yoast_head_json":{"title":"Arrestimi i ish-ushtarit t\u00eb U\u00c7K-s\u00eb n\u00eb Serbi, MPJD tregon \u00e7far\u00eb hapa ka nd\u00ebrmarr\u00eb -","robots":{"index":"index","follow":"follow","max-snippet":"max-snippet:-1","max-image-preview":"max-image-preview:large","max-video-preview":"max-video-preview:-1"},"canonical":"https:\/\/veritasinfo.org\/?p=21749","og_locale":"en_US","og_type":"article","og_title":"Arrestimi i ish-ushtarit t\u00eb U\u00c7K-s\u00eb n\u00eb Serbi, MPJD tregon \u00e7far\u00eb hapa ka nd\u00ebrmarr\u00eb -","og_description":"Prishtin\u00eb 25 N\u00ebntor 2025 19:59 Ministria e Pun\u00ebve t\u00eb Jashtme dhe Diaspor\u00ebs ka konfirmuar arrestimin e shtetasit t\u00eb Kosov\u00ebs, Avni Qenaj, nga autoritetet e Serbis\u00eb.","og_url":"https:\/\/veritasinfo.org\/?p=21749","article_published_time":"2025-11-25T19:00:03+00:00","og_image":[{"width":600,"height":360,"url":"https:\/\/veritasinfo.org\/wp-content\/uploads\/2025\/11\/MPJD11nnnb-600x360-1.jpg","type":"image\/jpeg"}],"author":"US5","twitter_card":"summary_large_image","twitter_misc":{"Written by":"US5"},"schema":{"@context":"https:\/\/schema.org","@graph":[{"@type":"WebPage","@id":"https:\/\/veritasinfo.org\/?p=21749","url":"https:\/\/veritasinfo.org\/?p=21749","name":"Arrestimi i ish-ushtarit t\u00eb U\u00c7K-s\u00eb n\u00eb Serbi, MPJD tregon \u00e7far\u00eb hapa ka nd\u00ebrmarr\u00eb -","isPartOf":{"@id":"https:\/\/veritasinfo.org\/#website"},"primaryImageOfPage":{"@id":"https:\/\/veritasinfo.org\/?p=21749#primaryimage"},"image":{"@id":"https:\/\/veritasinfo.org\/?p=21749#primaryimage"},"thumbnailUrl":"https:\/\/veritasinfo.org\/wp-content\/uploads\/2025\/11\/MPJD11nnnb-600x360-1.jpg","datePublished":"2025-11-25T19:00:03+00:00","author":{"@id":"https:\/\/veritasinfo.org\/#\/schema\/person\/bc442336e35414d04494ab8fb45db4c6"},"breadcrumb":{"@id":"https:\/\/veritasinfo.org\/?p=21749#breadcrumb"},"inLanguage":"en-US","potentialAction":[{"@type":"ReadAction","target":["https:\/\/veritasinfo.org\/?p=21749"]}]},{"@type":"ImageObject","inLanguage":"en-US","@id":"https:\/\/veritasinfo.org\/?p=21749#primaryimage","url":"https:\/\/veritasinfo.org\/wp-content\/uploads\/2025\/11\/MPJD11nnnb-600x360-1.jpg","contentUrl":"https:\/\/veritasinfo.org\/wp-content\/uploads\/2025\/11\/MPJD11nnnb-600x360-1.jpg","width":600,"height":360},{"@type":"BreadcrumbList","@id":"https:\/\/veritasinfo.org\/?p=21749#breadcrumb","itemListElement":[{"@type":"ListItem","position":1,"name":"Home","item":"https:\/\/veritasinfo.org\/"},{"@type":"ListItem","position":2,"name":"Arrestimi i ish-ushtarit t\u00eb U\u00c7K-s\u00eb n\u00eb Serbi, MPJD tregon \u00e7far\u00eb hapa ka nd\u00ebrmarr\u00eb"}]},{"@type":"WebSite","@id":"https:\/\/veritasinfo.org\/#website","url":"https:\/\/veritasinfo.org\/","name":"","description":"","potentialAction":[{"@type":"SearchAction","target":{"@type":"EntryPoint","urlTemplate":"https:\/\/veritasinfo.org\/?s={search_term_string}"},"query-input":{"@type":"PropertyValueSpecification","valueRequired":true,"valueName":"search_term_string"}}],"inLanguage":"en-US"},{"@type":"Person","@id":"https:\/\/veritasinfo.org\/#\/schema\/person\/bc442336e35414d04494ab8fb45db4c6","name":"US5","image":{"@type":"ImageObject","inLanguage":"en-US","@id":"https:\/\/veritasinfo.org\/#\/schema\/person\/image\/","url":"https:\/\/secure.gravatar.com\/avatar\/16a61e7272a0c5d001121ebb9e60e925d5816e4ac1e443ed3e640d9a6ae55d0c?s=96&d=mm&r=g","contentUrl":"https:\/\/secure.gravatar.com\/avatar\/16a61e7272a0c5d001121ebb9e60e925d5816e4ac1e443ed3e640d9a6ae55d0c?s=96&d=mm&r=g","caption":"US5"},"url":"https:\/\/veritasinfo.org\/?author=6"}]}},"featured_image_urls":{"full":["https:\/\/veritasinfo.org\/wp-content\/uploads\/2025\/11\/MPJD11nnnb-600x360-1.jpg",600,360,false],"thumbnail":["https:\/\/veritasinfo.org\/wp-content\/uploads\/2025\/11\/MPJD11nnnb-600x360-1-150x150.jpg",150,150,true],"medium":["https:\/\/veritasinfo.org\/wp-content\/uploads\/2025\/11\/MPJD11nnnb-600x360-1-300x180.jpg",300,180,true],"medium_large":["https:\/\/veritasinfo.org\/wp-content\/uploads\/2025\/11\/MPJD11nnnb-600x360-1.jpg",600,360,false],"large":["https:\/\/veritasinfo.org\/wp-content\/uploads\/2025\/11\/MPJD11nnnb-600x360-1.jpg",600,360,false],"1536x1536":["https:\/\/veritasinfo.org\/wp-content\/uploads\/2025\/11\/MPJD11nnnb-600x360-1.jpg",600,360,false],"2048x2048":["https:\/\/veritasinfo.org\/wp-content\/uploads\/2025\/11\/MPJD11nnnb-600x360-1.jpg",600,360,false],"kreeti-slider-full":["https:\/\/veritasinfo.org\/wp-content\/uploads\/2025\/11\/MPJD11nnnb-600x360-1.jpg",600,360,false],"kreeti-featured":["https:\/\/veritasinfo.org\/wp-content\/uploads\/2025\/11\/MPJD11nnnb-600x360-1.jpg",600,360,false],"kreeti-medium":["https:\/\/veritasinfo.org\/wp-content\/uploads\/2025\/11\/MPJD11nnnb-600x360-1.jpg",600,360,false],"kreeti-medium-square":["https:\/\/veritasinfo.org\/wp-content\/uploads\/2025\/11\/MPJD11nnnb-600x360-1.jpg",350,210,false]},"author_info":{"info":["US5"]},"category_info":"<a href=\"https:\/\/veritasinfo.org\/?cat=58\" rel=\"category\">Politik\u00eb<\/a>","tag_info":"Politik\u00eb","comment_count":"0","_links":{"self":[{"href":"https:\/\/veritasinfo.org\/index.php?rest_route=\/wp\/v2\/posts\/21749","targetHints":{"allow":["GET"]}}],"collection":[{"href":"https:\/\/veritasinfo.org\/index.php?rest_route=\/wp\/v2\/posts"}],"about":[{"href":"https:\/\/veritasinfo.org\/index.php?rest_route=\/wp\/v2\/types\/post"}],"author":[{"embeddable":true,"href":"https:\/\/veritasinfo.org\/index.php?rest_route=\/wp\/v2\/users\/6"}],"replies":[{"embeddable":true,"href":"https:\/\/veritasinfo.org\/index.php?rest_route=%2Fwp%2Fv2%2Fcomments&post=21749"}],"version-history":[{"count":1,"href":"https:\/\/veritasinfo.org\/index.php?rest_route=\/wp\/v2\/posts\/21749\/revisions"}],"predecessor-version":[{"id":21751,"href":"https:\/\/veritasinfo.org\/index.php?rest_route=\/wp\/v2\/posts\/21749\/revisions\/21751"}],"wp:featuredmedia":[{"embeddable":true,"href":"https:\/\/veritasinfo.org\/index.php?rest_route=\/wp\/v2\/media\/21750"}],"wp:attachment":[{"href":"https:\/\/veritasinfo.org\/index.php?rest_route=%2Fwp%2Fv2%2Fmedia&parent=21749"}],"wp:term":[{"taxonomy":"category","embeddable":true,"href":"https:\/\/veritasinfo.org\/index.php?rest_route=%2Fwp%2Fv2%2Fcategories&post=21749"},{"taxonomy":"post_tag","embeddable":true,"href":"https:\/\/veritasinfo.org\/index.php?rest_route=%2Fwp%2Fv2%2Ftags&post=21749"}],"curies":[{"name":"wp","href":"https:\/\/api.w.org\/{rel}","templated":true}]}}