{"id":21733,"date":"2025-11-25T18:23:13","date_gmt":"2025-11-25T17:23:13","guid":{"rendered":"https:\/\/veritasinfo.org\/?p=21733"},"modified":"2025-11-25T18:23:13","modified_gmt":"2025-11-25T17:23:13","slug":"kosova-pranohet-ne-rrjetin-per-shkollat-e-sigurta","status":"publish","type":"post","link":"https:\/\/veritasinfo.org\/?p=21733","title":{"rendered":"Kosova pranohet n\u00eb Rrjetin p\u00ebr Shkollat e Sigurta"},"content":{"rendered":"<p>Prishtin\u00eb 25 n\u00ebntor 2025 18:22<br \/>\nKosova \u00ebsht\u00eb pranuar zyrtarisht n\u00eb Rrjetin p\u00ebr Shkollat e Sigurta, nj\u00eb platform\u00eb nd\u00ebrkomb\u00ebtare q\u00eb promovon mjedise t\u00eb sigurta, gjith\u00ebp\u00ebrfshir\u00ebse dhe mbrojt\u00ebse p\u00ebr t\u00eb gjith\u00eb nx\u00ebn\u00ebsit dhe stafin arsimor. Akti u b\u00eb zyrtar me deponimin e instrumentit t\u00eb aderimit tek Qeveria e Mbret\u00ebris\u00eb s\u00eb Norvegjis\u00eb.<\/p>\n<p>Ministria e Jashtme dhe Diaspor\u00ebs ka th\u00ebn\u00eb se an\u00ebtar\u00ebsimi n\u00eb k\u00ebt\u00eb organizat\u00eb forcon angazhimin e Kosov\u00ebs p\u00ebr t\u00eb mbrojtur institucionet arsimore nga dhuna.<\/p>\n<p>\u201cAn\u00ebtar\u00ebsimi n\u00eb k\u00ebt\u00eb rrjet nd\u00ebrkomb\u00ebtar forcon angazhimin e Kosov\u00ebs p\u00ebr t\u00eb mbrojtur institucionet arsimore nga dhuna, konfliktet dhe k\u00ebrc\u00ebnimet, si dhe p\u00ebr t\u00eb siguruar q\u00eb \u00e7do f\u00ebmij\u00eb t\u00eb ket\u00eb qasje n\u00eb arsim t\u00eb sigurt dhe cil\u00ebsor. Po ashtu, ky an\u00ebtar\u00ebsim e vendos Kosov\u00ebn nd\u00ebr vendet q\u00eb kontribuojn\u00eb aktivisht n\u00eb standardet nd\u00ebrkomb\u00ebtare t\u00eb mbrojtjes s\u00eb arsimit n\u00eb koh\u00eb krize\u201d, thuhet nga MPJD.<\/p>\n<p>Safe Schools Declaration (SSD), u themelua n\u00eb vitin 2015 me nism\u00ebn e qeverive t\u00eb Norvegjis\u00eb dhe Argjentin\u00ebs, si nj\u00eb angazhim politik nd\u00ebrkomb\u00ebtar p\u00ebr t\u00eb mbrojtur arsimin nga efektet e konflikteve t\u00eb armatosura. Ajo synon t\u00eb siguroj\u00eb q\u00eb shkollat dhe universitetet t\u00eb mbeten hap\u00ebsira t\u00eb sigurta ku nx\u00ebn\u00ebsit dhe m\u00ebsuesit mund t\u00eb vazhdojn\u00eb arsimin pa frik\u00eb nga sulmet apo p\u00ebrdorimi ushtarak.<\/p>\n<p>Deklarata inkurajon shtetet q\u00eb ta integrojn\u00eb mbrojtjen e arsimit n\u00eb politikat komb\u00ebtare, t\u00eb parandalojn\u00eb p\u00ebrdorimin ushtarak t\u00eb objekteve arsimore, t\u00eb mbledhin t\u00eb dh\u00ebna mbi sulmet ndaj arsimit dhe t\u00eb ndihmojn\u00eb viktimat n\u00eb m\u00ebnyr\u00eb t\u00eb barabart\u00eb. Deri m\u00eb sot, 121 shtete i jan\u00eb bashkuar k\u00ebsaj nisme, duke e b\u00ebr\u00eb at\u00eb nj\u00eb nga instrumentet m\u00eb t\u00eb r\u00ebnd\u00ebsishme nd\u00ebrkomb\u00ebtare p\u00ebr mbrojtjen e arsimit n\u00eb koh\u00eb konflikti.<\/p>\n<p>Sipas MPJD-s\u00eb, ky pranim p\u00ebrfaq\u00ebson nj\u00eb hap t\u00eb r\u00ebnd\u00ebsish\u00ebm n\u00eb avancimin e standardeve t\u00eb siguris\u00eb n\u00eb institucionet arsimore t\u00eb vendit, si dhe n\u00eb forcimin e bashk\u00ebpunimit me partner\u00eb nd\u00ebrkomb\u00ebtar\u00eb q\u00eb punojn\u00eb p\u00ebr mbrojtjen e t\u00eb drejtave t\u00eb f\u00ebmij\u00ebve dhe rritjen e cil\u00ebsis\u00eb s\u00eb arsimit.<\/p>\n<p>\u201cP\u00ebrmes an\u00ebtar\u00ebsimit, Kosova do t\u00eb ket\u00eb mund\u00ebsi t\u00eb shk\u00ebmbej\u00eb praktika t\u00eb mira me vendet e tjera, t\u00eb p\u00ebrfitoj\u00eb nga ekspertiza nd\u00ebrkomb\u00ebtare dhe t\u00eb zbatoj\u00eb politika t\u00eb bazuara n\u00eb standarde globale, duke p\u00ebrfshir\u00eb planet e reagimit ndaj emergjencave, zhvillimin e protokolleve t\u00eb siguris\u00eb, trajnimin e stafit dhe p\u00ebrfshirjen e komunitetit n\u00eb mbrojtjen e shkollave\u201d, thuhet nga MPJD.<\/p>\n","protected":false},"excerpt":{"rendered":"<p>Prishtin\u00eb 25 n\u00ebntor 2025 18:22 Kosova \u00ebsht\u00eb pranuar zyrtarisht n\u00eb Rrjetin p\u00ebr Shkollat e Sigurta, nj\u00eb platform\u00eb nd\u00ebrkomb\u00ebtare q\u00eb promovon mjedise t\u00eb sigurta, gjith\u00ebp\u00ebrfshir\u00ebse dhe<\/p>\n","protected":false},"author":6,"featured_media":21734,"comment_status":"open","ping_status":"open","sticky":false,"template":"","format":"standard","meta":{"footnotes":""},"categories":[60],"tags":[],"class_list":["post-21733","post","type-post","status-publish","format-standard","has-post-thumbnail","hentry","category-shoqerore-sq"],"yoast_head":"<!-- This site is optimized with the Yoast SEO plugin v25.3.1 - https:\/\/yoast.com\/wordpress\/plugins\/seo\/ -->\n<title>Kosova pranohet n\u00eb Rrjetin p\u00ebr Shkollat e Sigurta -<\/title>\n<meta name=\"robots\" content=\"index, follow, max-snippet:-1, max-image-preview:large, max-video-preview:-1\" \/>\n<link rel=\"canonical\" href=\"https:\/\/veritasinfo.org\/?p=21733\" \/>\n<meta property=\"og:locale\" content=\"en_US\" \/>\n<meta property=\"og:type\" content=\"article\" \/>\n<meta property=\"og:title\" content=\"Kosova pranohet n\u00eb Rrjetin p\u00ebr Shkollat e Sigurta -\" \/>\n<meta property=\"og:description\" content=\"Prishtin\u00eb 25 n\u00ebntor 2025 18:22 Kosova \u00ebsht\u00eb pranuar zyrtarisht n\u00eb Rrjetin p\u00ebr Shkollat e Sigurta, nj\u00eb platform\u00eb nd\u00ebrkomb\u00ebtare q\u00eb promovon mjedise t\u00eb sigurta, gjith\u00ebp\u00ebrfshir\u00ebse dhe\" \/>\n<meta property=\"og:url\" content=\"https:\/\/veritasinfo.org\/?p=21733\" \/>\n<meta property=\"article:published_time\" content=\"2025-11-25T17:23:13+00:00\" \/>\n<meta property=\"og:image\" content=\"https:\/\/veritasinfo.org\/wp-content\/uploads\/2025\/11\/IMG-20251125-WA0012.jpg\" \/>\n\t<meta property=\"og:image:width\" content=\"1024\" \/>\n\t<meta property=\"og:image:height\" content=\"563\" \/>\n\t<meta property=\"og:image:type\" content=\"image\/jpeg\" \/>\n<meta name=\"author\" content=\"US5\" \/>\n<meta name=\"twitter:card\" content=\"summary_large_image\" \/>\n<meta name=\"twitter:label1\" content=\"Written by\" \/>\n\t<meta name=\"twitter:data1\" content=\"US5\" \/>\n<script type=\"application\/ld+json\" class=\"yoast-schema-graph\">{\"@context\":\"https:\/\/schema.org\",\"@graph\":[{\"@type\":\"WebPage\",\"@id\":\"https:\/\/veritasinfo.org\/?p=21733\",\"url\":\"https:\/\/veritasinfo.org\/?p=21733\",\"name\":\"Kosova pranohet n\u00eb Rrjetin p\u00ebr Shkollat e Sigurta -\",\"isPartOf\":{\"@id\":\"https:\/\/veritasinfo.org\/#website\"},\"primaryImageOfPage\":{\"@id\":\"https:\/\/veritasinfo.org\/?p=21733#primaryimage\"},\"image\":{\"@id\":\"https:\/\/veritasinfo.org\/?p=21733#primaryimage\"},\"thumbnailUrl\":\"https:\/\/veritasinfo.org\/wp-content\/uploads\/2025\/11\/IMG-20251125-WA0012.jpg\",\"datePublished\":\"2025-11-25T17:23:13+00:00\",\"author\":{\"@id\":\"https:\/\/veritasinfo.org\/#\/schema\/person\/bc442336e35414d04494ab8fb45db4c6\"},\"breadcrumb\":{\"@id\":\"https:\/\/veritasinfo.org\/?p=21733#breadcrumb\"},\"inLanguage\":\"en-US\",\"potentialAction\":[{\"@type\":\"ReadAction\",\"target\":[\"https:\/\/veritasinfo.org\/?p=21733\"]}]},{\"@type\":\"ImageObject\",\"inLanguage\":\"en-US\",\"@id\":\"https:\/\/veritasinfo.org\/?p=21733#primaryimage\",\"url\":\"https:\/\/veritasinfo.org\/wp-content\/uploads\/2025\/11\/IMG-20251125-WA0012.jpg\",\"contentUrl\":\"https:\/\/veritasinfo.org\/wp-content\/uploads\/2025\/11\/IMG-20251125-WA0012.jpg\",\"width\":1024,\"height\":563},{\"@type\":\"BreadcrumbList\",\"@id\":\"https:\/\/veritasinfo.org\/?p=21733#breadcrumb\",\"itemListElement\":[{\"@type\":\"ListItem\",\"position\":1,\"name\":\"Home\",\"item\":\"https:\/\/veritasinfo.org\/\"},{\"@type\":\"ListItem\",\"position\":2,\"name\":\"Kosova pranohet n\u00eb Rrjetin p\u00ebr Shkollat e Sigurta\"}]},{\"@type\":\"WebSite\",\"@id\":\"https:\/\/veritasinfo.org\/#website\",\"url\":\"https:\/\/veritasinfo.org\/\",\"name\":\"\",\"description\":\"\",\"potentialAction\":[{\"@type\":\"SearchAction\",\"target\":{\"@type\":\"EntryPoint\",\"urlTemplate\":\"https:\/\/veritasinfo.org\/?s={search_term_string}\"},\"query-input\":{\"@type\":\"PropertyValueSpecification\",\"valueRequired\":true,\"valueName\":\"search_term_string\"}}],\"inLanguage\":\"en-US\"},{\"@type\":\"Person\",\"@id\":\"https:\/\/veritasinfo.org\/#\/schema\/person\/bc442336e35414d04494ab8fb45db4c6\",\"name\":\"US5\",\"image\":{\"@type\":\"ImageObject\",\"inLanguage\":\"en-US\",\"@id\":\"https:\/\/veritasinfo.org\/#\/schema\/person\/image\/\",\"url\":\"https:\/\/secure.gravatar.com\/avatar\/16a61e7272a0c5d001121ebb9e60e925d5816e4ac1e443ed3e640d9a6ae55d0c?s=96&d=mm&r=g\",\"contentUrl\":\"https:\/\/secure.gravatar.com\/avatar\/16a61e7272a0c5d001121ebb9e60e925d5816e4ac1e443ed3e640d9a6ae55d0c?s=96&d=mm&r=g\",\"caption\":\"US5\"},\"url\":\"https:\/\/veritasinfo.org\/?author=6\"}]}<\/script>\n<!-- \/ Yoast SEO plugin. -->","yoast_head_json":{"title":"Kosova pranohet n\u00eb Rrjetin p\u00ebr Shkollat e Sigurta -","robots":{"index":"index","follow":"follow","max-snippet":"max-snippet:-1","max-image-preview":"max-image-preview:large","max-video-preview":"max-video-preview:-1"},"canonical":"https:\/\/veritasinfo.org\/?p=21733","og_locale":"en_US","og_type":"article","og_title":"Kosova pranohet n\u00eb Rrjetin p\u00ebr Shkollat e Sigurta -","og_description":"Prishtin\u00eb 25 n\u00ebntor 2025 18:22 Kosova \u00ebsht\u00eb pranuar zyrtarisht n\u00eb Rrjetin p\u00ebr Shkollat e Sigurta, nj\u00eb platform\u00eb nd\u00ebrkomb\u00ebtare q\u00eb promovon mjedise t\u00eb sigurta, gjith\u00ebp\u00ebrfshir\u00ebse dhe","og_url":"https:\/\/veritasinfo.org\/?p=21733","article_published_time":"2025-11-25T17:23:13+00:00","og_image":[{"width":1024,"height":563,"url":"https:\/\/veritasinfo.org\/wp-content\/uploads\/2025\/11\/IMG-20251125-WA0012.jpg","type":"image\/jpeg"}],"author":"US5","twitter_card":"summary_large_image","twitter_misc":{"Written by":"US5"},"schema":{"@context":"https:\/\/schema.org","@graph":[{"@type":"WebPage","@id":"https:\/\/veritasinfo.org\/?p=21733","url":"https:\/\/veritasinfo.org\/?p=21733","name":"Kosova pranohet n\u00eb Rrjetin p\u00ebr Shkollat e Sigurta -","isPartOf":{"@id":"https:\/\/veritasinfo.org\/#website"},"primaryImageOfPage":{"@id":"https:\/\/veritasinfo.org\/?p=21733#primaryimage"},"image":{"@id":"https:\/\/veritasinfo.org\/?p=21733#primaryimage"},"thumbnailUrl":"https:\/\/veritasinfo.org\/wp-content\/uploads\/2025\/11\/IMG-20251125-WA0012.jpg","datePublished":"2025-11-25T17:23:13+00:00","author":{"@id":"https:\/\/veritasinfo.org\/#\/schema\/person\/bc442336e35414d04494ab8fb45db4c6"},"breadcrumb":{"@id":"https:\/\/veritasinfo.org\/?p=21733#breadcrumb"},"inLanguage":"en-US","potentialAction":[{"@type":"ReadAction","target":["https:\/\/veritasinfo.org\/?p=21733"]}]},{"@type":"ImageObject","inLanguage":"en-US","@id":"https:\/\/veritasinfo.org\/?p=21733#primaryimage","url":"https:\/\/veritasinfo.org\/wp-content\/uploads\/2025\/11\/IMG-20251125-WA0012.jpg","contentUrl":"https:\/\/veritasinfo.org\/wp-content\/uploads\/2025\/11\/IMG-20251125-WA0012.jpg","width":1024,"height":563},{"@type":"BreadcrumbList","@id":"https:\/\/veritasinfo.org\/?p=21733#breadcrumb","itemListElement":[{"@type":"ListItem","position":1,"name":"Home","item":"https:\/\/veritasinfo.org\/"},{"@type":"ListItem","position":2,"name":"Kosova pranohet n\u00eb Rrjetin p\u00ebr Shkollat e Sigurta"}]},{"@type":"WebSite","@id":"https:\/\/veritasinfo.org\/#website","url":"https:\/\/veritasinfo.org\/","name":"","description":"","potentialAction":[{"@type":"SearchAction","target":{"@type":"EntryPoint","urlTemplate":"https:\/\/veritasinfo.org\/?s={search_term_string}"},"query-input":{"@type":"PropertyValueSpecification","valueRequired":true,"valueName":"search_term_string"}}],"inLanguage":"en-US"},{"@type":"Person","@id":"https:\/\/veritasinfo.org\/#\/schema\/person\/bc442336e35414d04494ab8fb45db4c6","name":"US5","image":{"@type":"ImageObject","inLanguage":"en-US","@id":"https:\/\/veritasinfo.org\/#\/schema\/person\/image\/","url":"https:\/\/secure.gravatar.com\/avatar\/16a61e7272a0c5d001121ebb9e60e925d5816e4ac1e443ed3e640d9a6ae55d0c?s=96&d=mm&r=g","contentUrl":"https:\/\/secure.gravatar.com\/avatar\/16a61e7272a0c5d001121ebb9e60e925d5816e4ac1e443ed3e640d9a6ae55d0c?s=96&d=mm&r=g","caption":"US5"},"url":"https:\/\/veritasinfo.org\/?author=6"}]}},"featured_image_urls":{"full":["https:\/\/veritasinfo.org\/wp-content\/uploads\/2025\/11\/IMG-20251125-WA0012.jpg",1024,563,false],"thumbnail":["https:\/\/veritasinfo.org\/wp-content\/uploads\/2025\/11\/IMG-20251125-WA0012-150x150.jpg",150,150,true],"medium":["https:\/\/veritasinfo.org\/wp-content\/uploads\/2025\/11\/IMG-20251125-WA0012-300x165.jpg",300,165,true],"medium_large":["https:\/\/veritasinfo.org\/wp-content\/uploads\/2025\/11\/IMG-20251125-WA0012-768x422.jpg",640,352,true],"large":["https:\/\/veritasinfo.org\/wp-content\/uploads\/2025\/11\/IMG-20251125-WA0012.jpg",640,352,false],"1536x1536":["https:\/\/veritasinfo.org\/wp-content\/uploads\/2025\/11\/IMG-20251125-WA0012.jpg",1024,563,false],"2048x2048":["https:\/\/veritasinfo.org\/wp-content\/uploads\/2025\/11\/IMG-20251125-WA0012.jpg",1024,563,false],"kreeti-slider-full":["https:\/\/veritasinfo.org\/wp-content\/uploads\/2025\/11\/IMG-20251125-WA0012.jpg",1024,563,false],"kreeti-featured":["https:\/\/veritasinfo.org\/wp-content\/uploads\/2025\/11\/IMG-20251125-WA0012.jpg",1024,563,false],"kreeti-medium":["https:\/\/veritasinfo.org\/wp-content\/uploads\/2025\/11\/IMG-20251125-WA0012.jpg",720,396,false],"kreeti-medium-square":["https:\/\/veritasinfo.org\/wp-content\/uploads\/2025\/11\/IMG-20251125-WA0012.jpg",350,192,false]},"author_info":{"info":["US5"]},"category_info":"<a href=\"https:\/\/veritasinfo.org\/?cat=60\" rel=\"category\">Shoq\u00ebrore<\/a>","tag_info":"Shoq\u00ebrore","comment_count":"0","_links":{"self":[{"href":"https:\/\/veritasinfo.org\/index.php?rest_route=\/wp\/v2\/posts\/21733","targetHints":{"allow":["GET"]}}],"collection":[{"href":"https:\/\/veritasinfo.org\/index.php?rest_route=\/wp\/v2\/posts"}],"about":[{"href":"https:\/\/veritasinfo.org\/index.php?rest_route=\/wp\/v2\/types\/post"}],"author":[{"embeddable":true,"href":"https:\/\/veritasinfo.org\/index.php?rest_route=\/wp\/v2\/users\/6"}],"replies":[{"embeddable":true,"href":"https:\/\/veritasinfo.org\/index.php?rest_route=%2Fwp%2Fv2%2Fcomments&post=21733"}],"version-history":[{"count":1,"href":"https:\/\/veritasinfo.org\/index.php?rest_route=\/wp\/v2\/posts\/21733\/revisions"}],"predecessor-version":[{"id":21735,"href":"https:\/\/veritasinfo.org\/index.php?rest_route=\/wp\/v2\/posts\/21733\/revisions\/21735"}],"wp:featuredmedia":[{"embeddable":true,"href":"https:\/\/veritasinfo.org\/index.php?rest_route=\/wp\/v2\/media\/21734"}],"wp:attachment":[{"href":"https:\/\/veritasinfo.org\/index.php?rest_route=%2Fwp%2Fv2%2Fmedia&parent=21733"}],"wp:term":[{"taxonomy":"category","embeddable":true,"href":"https:\/\/veritasinfo.org\/index.php?rest_route=%2Fwp%2Fv2%2Fcategories&post=21733"},{"taxonomy":"post_tag","embeddable":true,"href":"https:\/\/veritasinfo.org\/index.php?rest_route=%2Fwp%2Fv2%2Ftags&post=21733"}],"curies":[{"name":"wp","href":"https:\/\/api.w.org\/{rel}","templated":true}]}}