{"id":21721,"date":"2025-11-25T18:07:43","date_gmt":"2025-11-25T17:07:43","guid":{"rendered":"https:\/\/veritasinfo.org\/?p=21721"},"modified":"2025-11-25T18:07:43","modified_gmt":"2025-11-25T17:07:43","slug":"kurti-ne-takim-me-prattipatin-flet-per-vendimet-e-sivjetshme-per-forcimin-e-raporteve-me-shba-ne","status":"publish","type":"post","link":"https:\/\/veritasinfo.org\/?p=21721","title":{"rendered":"Kurti n\u00eb takim me Prattipatin, flet p\u00ebr vendimet e sivjetshme p\u00ebr \u201cforcimin e raporteve\u201d me SHBA-n\u00eb"},"content":{"rendered":"<p>Prishtin\u00eb 25 N\u00ebntor 2025. 18:07<\/p>\n<p>Kryeministri n\u00eb detyr\u00eb, Albin Kurti, ka shtruar drek\u00eb p\u00ebr t\u00eb Ngarkuar\u00ebn me Pun\u00eb n\u00eb Ambasad\u00ebn Amerikane n\u00eb Kosov\u00eb, Anu Prattipati, dhe stafin e saj me rastin e Dit\u00ebs s\u00eb Fal\u00ebnderimeve.<\/p>\n<p>N\u00eb njoftim thuhet se marr\u00ebdh\u00ebniet me Shtetet e Bashkuara jan\u00eb nd\u00ebrtuar n\u00eb vlera t\u00eb p\u00ebrbashk\u00ebta, mir\u00ebnjohje dhe respekt t\u00eb nd\u00ebrsjell\u00eb, teksa jan\u00eb p\u00ebrmendur disa prej vendimeve q\u00eb jan\u00eb marr\u00eb sivjet me q\u00ebllim t\u00eb forcimit t\u00eb raporteve.<\/p>\n<p>Dreka e p\u00ebrbashk\u00ebt tashm\u00eb \u00ebsht\u00eb n\u00eb vitin e saj t\u00eb dyt\u00eb e ZKM thot\u00eb se synimi \u00ebsht\u00eb q\u00eb t\u00eb shnd\u00ebrrohet n\u00eb nj\u00eb tradit\u00eb shum\u00ebvje\u00e7are.<\/p>\n<p>\u201cDreka p\u00ebrfshiu shum\u00eb nga ushqimet q\u00eb tradicionalisht sh\u00ebrbehen gjat\u00eb nj\u00eb darke t\u00eb Dit\u00ebs s\u00eb Fal\u00ebnderimeve. Kjo fest\u00eb \u00ebsht\u00eb kremtuar n\u00eb Shtetet e Bashkuara p\u00ebr gati 400 vjet dhe u shpall fest\u00eb vjetore komb\u00ebtare nga Presidenti Lincoln n\u00eb vitin 1863. Ajo ofron nj\u00eb mund\u00ebsi t\u00eb mir\u00eb p\u00ebr t\u00eb shprehur fal\u00ebnderim p\u00ebr marr\u00ebdh\u00ebniet q\u00eb ndajm\u00eb, t\u00eb cilat vazhdojn\u00eb t\u00eb thellohen. Marr\u00ebdh\u00ebniet me Shtetet e Bashkuara jan\u00eb nd\u00ebrtuar n\u00eb vlera t\u00eb p\u00ebrbashk\u00ebta, mir\u00ebnjohje dhe respekt t\u00eb nd\u00ebrsjell\u00eb. K\u00ebt\u00eb vit, me q\u00ebllim t\u00eb forcimit t\u00eb raporteve tona bilaterale, kemi marr\u00eb vendim p\u00ebr 0% tarifa p\u00ebr mallrat amerikane, kemi arritur dakordim p\u00ebr strehimin e p\u00ebrkohsh\u00ebm t\u00eb shtetasve t\u00eb vendeve t\u00eb treta dhe kemi b\u00ebr\u00eb prokurime t\u00eb r\u00ebnd\u00ebsishme n\u00eb fush\u00ebn e mbrojtjes\u201d, thuhet n\u00eb njoftim.<\/p>\n","protected":false},"excerpt":{"rendered":"<p>Prishtin\u00eb 25 N\u00ebntor 2025. 18:07 Kryeministri n\u00eb detyr\u00eb, Albin Kurti, ka shtruar drek\u00eb p\u00ebr t\u00eb Ngarkuar\u00ebn me Pun\u00eb n\u00eb Ambasad\u00ebn Amerikane n\u00eb Kosov\u00eb, Anu Prattipati,<\/p>\n","protected":false},"author":6,"featured_media":21722,"comment_status":"open","ping_status":"open","sticky":false,"template":"","format":"standard","meta":{"footnotes":""},"categories":[60],"tags":[],"class_list":["post-21721","post","type-post","status-publish","format-standard","has-post-thumbnail","hentry","category-shoqerore-sq"],"yoast_head":"<!-- This site is optimized with the Yoast SEO plugin v25.3.1 - https:\/\/yoast.com\/wordpress\/plugins\/seo\/ -->\n<title>Kurti n\u00eb takim me Prattipatin, flet p\u00ebr vendimet e sivjetshme p\u00ebr \u201cforcimin e raporteve\u201d me SHBA-n\u00eb -<\/title>\n<meta name=\"robots\" content=\"index, follow, max-snippet:-1, max-image-preview:large, max-video-preview:-1\" \/>\n<link rel=\"canonical\" href=\"https:\/\/veritasinfo.org\/?p=21721\" \/>\n<meta property=\"og:locale\" content=\"en_US\" \/>\n<meta property=\"og:type\" content=\"article\" \/>\n<meta property=\"og:title\" content=\"Kurti n\u00eb takim me Prattipatin, flet p\u00ebr vendimet e sivjetshme p\u00ebr \u201cforcimin e raporteve\u201d me SHBA-n\u00eb -\" \/>\n<meta property=\"og:description\" content=\"Prishtin\u00eb 25 N\u00ebntor 2025. 18:07 Kryeministri n\u00eb detyr\u00eb, Albin Kurti, ka shtruar drek\u00eb p\u00ebr t\u00eb Ngarkuar\u00ebn me Pun\u00eb n\u00eb Ambasad\u00ebn Amerikane n\u00eb Kosov\u00eb, Anu Prattipati,\" \/>\n<meta property=\"og:url\" content=\"https:\/\/veritasinfo.org\/?p=21721\" \/>\n<meta property=\"article:published_time\" content=\"2025-11-25T17:07:43+00:00\" \/>\n<meta property=\"og:image\" content=\"https:\/\/veritasinfo.org\/wp-content\/uploads\/2025\/11\/25.11.2025-ZKM-12-1-1536x1023-1.jpeg\" \/>\n\t<meta property=\"og:image:width\" content=\"1536\" \/>\n\t<meta property=\"og:image:height\" content=\"1023\" \/>\n\t<meta property=\"og:image:type\" content=\"image\/jpeg\" \/>\n<meta name=\"author\" content=\"US5\" \/>\n<meta name=\"twitter:card\" content=\"summary_large_image\" \/>\n<meta name=\"twitter:label1\" content=\"Written by\" \/>\n\t<meta name=\"twitter:data1\" content=\"US5\" \/>\n\t<meta name=\"twitter:label2\" content=\"Est. reading time\" \/>\n\t<meta name=\"twitter:data2\" content=\"1 minute\" \/>\n<script type=\"application\/ld+json\" class=\"yoast-schema-graph\">{\"@context\":\"https:\/\/schema.org\",\"@graph\":[{\"@type\":\"WebPage\",\"@id\":\"https:\/\/veritasinfo.org\/?p=21721\",\"url\":\"https:\/\/veritasinfo.org\/?p=21721\",\"name\":\"Kurti n\u00eb takim me Prattipatin, flet p\u00ebr vendimet e sivjetshme p\u00ebr \u201cforcimin e raporteve\u201d me SHBA-n\u00eb -\",\"isPartOf\":{\"@id\":\"https:\/\/veritasinfo.org\/#website\"},\"primaryImageOfPage\":{\"@id\":\"https:\/\/veritasinfo.org\/?p=21721#primaryimage\"},\"image\":{\"@id\":\"https:\/\/veritasinfo.org\/?p=21721#primaryimage\"},\"thumbnailUrl\":\"https:\/\/veritasinfo.org\/wp-content\/uploads\/2025\/11\/25.11.2025-ZKM-12-1-1536x1023-1.jpeg\",\"datePublished\":\"2025-11-25T17:07:43+00:00\",\"author\":{\"@id\":\"https:\/\/veritasinfo.org\/#\/schema\/person\/bc442336e35414d04494ab8fb45db4c6\"},\"breadcrumb\":{\"@id\":\"https:\/\/veritasinfo.org\/?p=21721#breadcrumb\"},\"inLanguage\":\"en-US\",\"potentialAction\":[{\"@type\":\"ReadAction\",\"target\":[\"https:\/\/veritasinfo.org\/?p=21721\"]}]},{\"@type\":\"ImageObject\",\"inLanguage\":\"en-US\",\"@id\":\"https:\/\/veritasinfo.org\/?p=21721#primaryimage\",\"url\":\"https:\/\/veritasinfo.org\/wp-content\/uploads\/2025\/11\/25.11.2025-ZKM-12-1-1536x1023-1.jpeg\",\"contentUrl\":\"https:\/\/veritasinfo.org\/wp-content\/uploads\/2025\/11\/25.11.2025-ZKM-12-1-1536x1023-1.jpeg\",\"width\":1536,\"height\":1023},{\"@type\":\"BreadcrumbList\",\"@id\":\"https:\/\/veritasinfo.org\/?p=21721#breadcrumb\",\"itemListElement\":[{\"@type\":\"ListItem\",\"position\":1,\"name\":\"Home\",\"item\":\"https:\/\/veritasinfo.org\/\"},{\"@type\":\"ListItem\",\"position\":2,\"name\":\"Kurti n\u00eb takim me Prattipatin, flet p\u00ebr vendimet e sivjetshme p\u00ebr \u201cforcimin e raporteve\u201d me SHBA-n\u00eb\"}]},{\"@type\":\"WebSite\",\"@id\":\"https:\/\/veritasinfo.org\/#website\",\"url\":\"https:\/\/veritasinfo.org\/\",\"name\":\"\",\"description\":\"\",\"potentialAction\":[{\"@type\":\"SearchAction\",\"target\":{\"@type\":\"EntryPoint\",\"urlTemplate\":\"https:\/\/veritasinfo.org\/?s={search_term_string}\"},\"query-input\":{\"@type\":\"PropertyValueSpecification\",\"valueRequired\":true,\"valueName\":\"search_term_string\"}}],\"inLanguage\":\"en-US\"},{\"@type\":\"Person\",\"@id\":\"https:\/\/veritasinfo.org\/#\/schema\/person\/bc442336e35414d04494ab8fb45db4c6\",\"name\":\"US5\",\"image\":{\"@type\":\"ImageObject\",\"inLanguage\":\"en-US\",\"@id\":\"https:\/\/veritasinfo.org\/#\/schema\/person\/image\/\",\"url\":\"https:\/\/secure.gravatar.com\/avatar\/16a61e7272a0c5d001121ebb9e60e925d5816e4ac1e443ed3e640d9a6ae55d0c?s=96&d=mm&r=g\",\"contentUrl\":\"https:\/\/secure.gravatar.com\/avatar\/16a61e7272a0c5d001121ebb9e60e925d5816e4ac1e443ed3e640d9a6ae55d0c?s=96&d=mm&r=g\",\"caption\":\"US5\"},\"url\":\"https:\/\/veritasinfo.org\/?author=6\"}]}<\/script>\n<!-- \/ Yoast SEO plugin. -->","yoast_head_json":{"title":"Kurti n\u00eb takim me Prattipatin, flet p\u00ebr vendimet e sivjetshme p\u00ebr \u201cforcimin e raporteve\u201d me SHBA-n\u00eb -","robots":{"index":"index","follow":"follow","max-snippet":"max-snippet:-1","max-image-preview":"max-image-preview:large","max-video-preview":"max-video-preview:-1"},"canonical":"https:\/\/veritasinfo.org\/?p=21721","og_locale":"en_US","og_type":"article","og_title":"Kurti n\u00eb takim me Prattipatin, flet p\u00ebr vendimet e sivjetshme p\u00ebr \u201cforcimin e raporteve\u201d me SHBA-n\u00eb -","og_description":"Prishtin\u00eb 25 N\u00ebntor 2025. 18:07 Kryeministri n\u00eb detyr\u00eb, Albin Kurti, ka shtruar drek\u00eb p\u00ebr t\u00eb Ngarkuar\u00ebn me Pun\u00eb n\u00eb Ambasad\u00ebn Amerikane n\u00eb Kosov\u00eb, Anu Prattipati,","og_url":"https:\/\/veritasinfo.org\/?p=21721","article_published_time":"2025-11-25T17:07:43+00:00","og_image":[{"width":1536,"height":1023,"url":"https:\/\/veritasinfo.org\/wp-content\/uploads\/2025\/11\/25.11.2025-ZKM-12-1-1536x1023-1.jpeg","type":"image\/jpeg"}],"author":"US5","twitter_card":"summary_large_image","twitter_misc":{"Written by":"US5","Est. reading time":"1 minute"},"schema":{"@context":"https:\/\/schema.org","@graph":[{"@type":"WebPage","@id":"https:\/\/veritasinfo.org\/?p=21721","url":"https:\/\/veritasinfo.org\/?p=21721","name":"Kurti n\u00eb takim me Prattipatin, flet p\u00ebr vendimet e sivjetshme p\u00ebr \u201cforcimin e raporteve\u201d me SHBA-n\u00eb -","isPartOf":{"@id":"https:\/\/veritasinfo.org\/#website"},"primaryImageOfPage":{"@id":"https:\/\/veritasinfo.org\/?p=21721#primaryimage"},"image":{"@id":"https:\/\/veritasinfo.org\/?p=21721#primaryimage"},"thumbnailUrl":"https:\/\/veritasinfo.org\/wp-content\/uploads\/2025\/11\/25.11.2025-ZKM-12-1-1536x1023-1.jpeg","datePublished":"2025-11-25T17:07:43+00:00","author":{"@id":"https:\/\/veritasinfo.org\/#\/schema\/person\/bc442336e35414d04494ab8fb45db4c6"},"breadcrumb":{"@id":"https:\/\/veritasinfo.org\/?p=21721#breadcrumb"},"inLanguage":"en-US","potentialAction":[{"@type":"ReadAction","target":["https:\/\/veritasinfo.org\/?p=21721"]}]},{"@type":"ImageObject","inLanguage":"en-US","@id":"https:\/\/veritasinfo.org\/?p=21721#primaryimage","url":"https:\/\/veritasinfo.org\/wp-content\/uploads\/2025\/11\/25.11.2025-ZKM-12-1-1536x1023-1.jpeg","contentUrl":"https:\/\/veritasinfo.org\/wp-content\/uploads\/2025\/11\/25.11.2025-ZKM-12-1-1536x1023-1.jpeg","width":1536,"height":1023},{"@type":"BreadcrumbList","@id":"https:\/\/veritasinfo.org\/?p=21721#breadcrumb","itemListElement":[{"@type":"ListItem","position":1,"name":"Home","item":"https:\/\/veritasinfo.org\/"},{"@type":"ListItem","position":2,"name":"Kurti n\u00eb takim me Prattipatin, flet p\u00ebr vendimet e sivjetshme p\u00ebr \u201cforcimin e raporteve\u201d me SHBA-n\u00eb"}]},{"@type":"WebSite","@id":"https:\/\/veritasinfo.org\/#website","url":"https:\/\/veritasinfo.org\/","name":"","description":"","potentialAction":[{"@type":"SearchAction","target":{"@type":"EntryPoint","urlTemplate":"https:\/\/veritasinfo.org\/?s={search_term_string}"},"query-input":{"@type":"PropertyValueSpecification","valueRequired":true,"valueName":"search_term_string"}}],"inLanguage":"en-US"},{"@type":"Person","@id":"https:\/\/veritasinfo.org\/#\/schema\/person\/bc442336e35414d04494ab8fb45db4c6","name":"US5","image":{"@type":"ImageObject","inLanguage":"en-US","@id":"https:\/\/veritasinfo.org\/#\/schema\/person\/image\/","url":"https:\/\/secure.gravatar.com\/avatar\/16a61e7272a0c5d001121ebb9e60e925d5816e4ac1e443ed3e640d9a6ae55d0c?s=96&d=mm&r=g","contentUrl":"https:\/\/secure.gravatar.com\/avatar\/16a61e7272a0c5d001121ebb9e60e925d5816e4ac1e443ed3e640d9a6ae55d0c?s=96&d=mm&r=g","caption":"US5"},"url":"https:\/\/veritasinfo.org\/?author=6"}]}},"featured_image_urls":{"full":["https:\/\/veritasinfo.org\/wp-content\/uploads\/2025\/11\/25.11.2025-ZKM-12-1-1536x1023-1.jpeg",1536,1023,false],"thumbnail":["https:\/\/veritasinfo.org\/wp-content\/uploads\/2025\/11\/25.11.2025-ZKM-12-1-1536x1023-1-150x150.jpeg",150,150,true],"medium":["https:\/\/veritasinfo.org\/wp-content\/uploads\/2025\/11\/25.11.2025-ZKM-12-1-1536x1023-1-300x200.jpeg",300,200,true],"medium_large":["https:\/\/veritasinfo.org\/wp-content\/uploads\/2025\/11\/25.11.2025-ZKM-12-1-1536x1023-1-768x512.jpeg",640,427,true],"large":["https:\/\/veritasinfo.org\/wp-content\/uploads\/2025\/11\/25.11.2025-ZKM-12-1-1536x1023-1-1024x682.jpeg",640,426,true],"1536x1536":["https:\/\/veritasinfo.org\/wp-content\/uploads\/2025\/11\/25.11.2025-ZKM-12-1-1536x1023-1.jpeg",1536,1023,false],"2048x2048":["https:\/\/veritasinfo.org\/wp-content\/uploads\/2025\/11\/25.11.2025-ZKM-12-1-1536x1023-1.jpeg",1536,1023,false],"kreeti-slider-full":["https:\/\/veritasinfo.org\/wp-content\/uploads\/2025\/11\/25.11.2025-ZKM-12-1-1536x1023-1.jpeg",1081,720,false],"kreeti-featured":["https:\/\/veritasinfo.org\/wp-content\/uploads\/2025\/11\/25.11.2025-ZKM-12-1-1536x1023-1.jpeg",1024,682,false],"kreeti-medium":["https:\/\/veritasinfo.org\/wp-content\/uploads\/2025\/11\/25.11.2025-ZKM-12-1-1536x1023-1.jpeg",720,480,false],"kreeti-medium-square":["https:\/\/veritasinfo.org\/wp-content\/uploads\/2025\/11\/25.11.2025-ZKM-12-1-1536x1023-1.jpeg",350,233,false]},"author_info":{"info":["US5"]},"category_info":"<a href=\"https:\/\/veritasinfo.org\/?cat=60\" rel=\"category\">Shoq\u00ebrore<\/a>","tag_info":"Shoq\u00ebrore","comment_count":"0","_links":{"self":[{"href":"https:\/\/veritasinfo.org\/index.php?rest_route=\/wp\/v2\/posts\/21721","targetHints":{"allow":["GET"]}}],"collection":[{"href":"https:\/\/veritasinfo.org\/index.php?rest_route=\/wp\/v2\/posts"}],"about":[{"href":"https:\/\/veritasinfo.org\/index.php?rest_route=\/wp\/v2\/types\/post"}],"author":[{"embeddable":true,"href":"https:\/\/veritasinfo.org\/index.php?rest_route=\/wp\/v2\/users\/6"}],"replies":[{"embeddable":true,"href":"https:\/\/veritasinfo.org\/index.php?rest_route=%2Fwp%2Fv2%2Fcomments&post=21721"}],"version-history":[{"count":1,"href":"https:\/\/veritasinfo.org\/index.php?rest_route=\/wp\/v2\/posts\/21721\/revisions"}],"predecessor-version":[{"id":21723,"href":"https:\/\/veritasinfo.org\/index.php?rest_route=\/wp\/v2\/posts\/21721\/revisions\/21723"}],"wp:featuredmedia":[{"embeddable":true,"href":"https:\/\/veritasinfo.org\/index.php?rest_route=\/wp\/v2\/media\/21722"}],"wp:attachment":[{"href":"https:\/\/veritasinfo.org\/index.php?rest_route=%2Fwp%2Fv2%2Fmedia&parent=21721"}],"wp:term":[{"taxonomy":"category","embeddable":true,"href":"https:\/\/veritasinfo.org\/index.php?rest_route=%2Fwp%2Fv2%2Fcategories&post=21721"},{"taxonomy":"post_tag","embeddable":true,"href":"https:\/\/veritasinfo.org\/index.php?rest_route=%2Fwp%2Fv2%2Ftags&post=21721"}],"curies":[{"name":"wp","href":"https:\/\/api.w.org\/{rel}","templated":true}]}}