{"id":21681,"date":"2025-11-25T12:15:27","date_gmt":"2025-11-25T11:15:27","guid":{"rendered":"https:\/\/veritasinfo.org\/?p=21681"},"modified":"2025-11-25T12:15:27","modified_gmt":"2025-11-25T11:15:27","slug":"bislimi-ne-berlin-integrimi-ne-be-mbetet-per-kosoven-orientim-strategjik-dhe-aspirate-kyce","status":"publish","type":"post","link":"https:\/\/veritasinfo.org\/?p=21681","title":{"rendered":"Bislimi n\u00eb Berlin: Integrimi n\u00eb BE mbetet p\u00ebr Kosov\u00ebn orientim strategjik dhe aspirat\u00eb ky\u00e7e"},"content":{"rendered":"<p>Prishtin\u00eb 25 N\u00ebntor 2025 12:14<\/p>\n<p>N\u00eb dit\u00ebn e dyt\u00eb t\u00eb vizit\u00ebs zyrtare n\u00eb Berlin, Z\u00ebvend\u00ebskryeministri i par\u00eb n\u00eb detyr\u00eb p\u00ebr Integrim Evropian, Zhvillim dhe Dialog i Republik\u00ebs s\u00eb Kosov\u00ebs, Besnik Bislimi, u mir\u00ebprit nga Ministri i Shtetit p\u00ebr Evrop\u00eb i Gjermanis\u00eb, Gunther Krichbaum.<\/p>\n<p>Z\u00ebvend\u00ebskryeministri e informoi ministrin Krichbaum mbi ecurin\u00eb ekonomike dhe progresin demokratik t\u00eb Kosov\u00ebs. Theksoi rritjen ekonomike, uljen e papun\u00ebsis\u00eb, rritjen e prodhimtaris\u00eb, si dhe sundimi i ligjit dhe luftimi i korrupsionit.<\/p>\n<p>Rreth procesit t\u00eb integrimit evropian, z\u00ebvend\u00ebskryeministri shprehu r\u00ebnd\u00ebsin\u00eb e pranimit t\u00eb pyet\u00ebsorit dhe marrjes s\u00eb statusit t\u00eb vendit kandidat, i cili hap rrug\u00eb p\u00ebr bashk\u00ebpunim dhe p\u00ebrafrim m\u00eb t\u00eb ngusht\u00eb me BE-n\u00eb dhe avancimit t\u00eb perspektiv\u00ebs evropiane. Ai shtoi se integrimi n\u00eb BE mbetet p\u00ebr Kosov\u00ebn orientim strategjik dhe aspirat\u00eb ky\u00e7e, nd\u00ebrsa mb\u00ebshtetja qytetare p\u00ebr an\u00ebtar\u00ebsimin n\u00eb BE vijon t\u00eb mbetet m\u00eb e larta n\u00eb rajon. Krahas avancimit t\u00eb rrug\u00ebtimit drejt BE-s\u00eb, z\u00ebvend\u00ebskryeministri theksoi edhe r\u00ebnd\u00ebsin\u00eb e p\u00ebrfundimit t\u00eb procesit t\u00eb an\u00ebtar\u00ebsimit n\u00eb K\u00ebshillin e Evrop\u00ebs.<\/p>\n<p>N\u00eb takim u bisedua edhe mbi aktualitetin n\u00eb vend, situat\u00ebn n\u00eb rajon, dhe procesi i dialogut. Z\u00ebvend\u00ebskryeministri Bislimi e fal\u00ebnderoi ministrin Krichbaum p\u00ebr mb\u00ebshtetjen dhe p\u00ebrkrahjen e vazhdueshme t\u00eb Gjermanis\u00eb ndaj Kosov\u00ebs. Prezent n\u00eb takim ishte edhe ambasadori i Kosov\u00ebs n\u00eb Gjermani, Faruk Ajeti.<\/p>\n","protected":false},"excerpt":{"rendered":"<p>Prishtin\u00eb 25 N\u00ebntor 2025 12:14 N\u00eb dit\u00ebn e dyt\u00eb t\u00eb vizit\u00ebs zyrtare n\u00eb Berlin, Z\u00ebvend\u00ebskryeministri i par\u00eb n\u00eb detyr\u00eb p\u00ebr Integrim Evropian, Zhvillim dhe Dialog<\/p>\n","protected":false},"author":6,"featured_media":21682,"comment_status":"open","ping_status":"open","sticky":false,"template":"","format":"standard","meta":{"footnotes":""},"categories":[58],"tags":[],"class_list":["post-21681","post","type-post","status-publish","format-standard","has-post-thumbnail","hentry","category-politike-sq"],"yoast_head":"<!-- This site is optimized with the Yoast SEO plugin v25.3.1 - https:\/\/yoast.com\/wordpress\/plugins\/seo\/ -->\n<title>Bislimi n\u00eb Berlin: Integrimi n\u00eb BE mbetet p\u00ebr Kosov\u00ebn orientim strategjik dhe aspirat\u00eb ky\u00e7e -<\/title>\n<meta name=\"robots\" content=\"index, follow, max-snippet:-1, max-image-preview:large, max-video-preview:-1\" \/>\n<link rel=\"canonical\" href=\"https:\/\/veritasinfo.org\/?p=21681\" \/>\n<meta property=\"og:locale\" content=\"en_US\" \/>\n<meta property=\"og:type\" content=\"article\" \/>\n<meta property=\"og:title\" content=\"Bislimi n\u00eb Berlin: Integrimi n\u00eb BE mbetet p\u00ebr Kosov\u00ebn orientim strategjik dhe aspirat\u00eb ky\u00e7e -\" \/>\n<meta property=\"og:description\" content=\"Prishtin\u00eb 25 N\u00ebntor 2025 12:14 N\u00eb dit\u00ebn e dyt\u00eb t\u00eb vizit\u00ebs zyrtare n\u00eb Berlin, Z\u00ebvend\u00ebskryeministri i par\u00eb n\u00eb detyr\u00eb p\u00ebr Integrim Evropian, Zhvillim dhe Dialog\" \/>\n<meta property=\"og:url\" content=\"https:\/\/veritasinfo.org\/?p=21681\" \/>\n<meta property=\"article:published_time\" content=\"2025-11-25T11:15:27+00:00\" \/>\n<meta property=\"og:image\" content=\"https:\/\/veritasinfo.org\/wp-content\/uploads\/2025\/11\/25.11.2025-ZVKM-2-1536x1152-1.jpg\" \/>\n\t<meta property=\"og:image:width\" content=\"1536\" \/>\n\t<meta property=\"og:image:height\" content=\"1152\" \/>\n\t<meta property=\"og:image:type\" content=\"image\/jpeg\" \/>\n<meta name=\"author\" content=\"US5\" \/>\n<meta name=\"twitter:card\" content=\"summary_large_image\" \/>\n<meta name=\"twitter:label1\" content=\"Written by\" \/>\n\t<meta name=\"twitter:data1\" content=\"US5\" \/>\n\t<meta name=\"twitter:label2\" content=\"Est. reading time\" \/>\n\t<meta name=\"twitter:data2\" content=\"1 minute\" \/>\n<script type=\"application\/ld+json\" class=\"yoast-schema-graph\">{\"@context\":\"https:\/\/schema.org\",\"@graph\":[{\"@type\":\"WebPage\",\"@id\":\"https:\/\/veritasinfo.org\/?p=21681\",\"url\":\"https:\/\/veritasinfo.org\/?p=21681\",\"name\":\"Bislimi n\u00eb Berlin: Integrimi n\u00eb BE mbetet p\u00ebr Kosov\u00ebn orientim strategjik dhe aspirat\u00eb ky\u00e7e -\",\"isPartOf\":{\"@id\":\"https:\/\/veritasinfo.org\/#website\"},\"primaryImageOfPage\":{\"@id\":\"https:\/\/veritasinfo.org\/?p=21681#primaryimage\"},\"image\":{\"@id\":\"https:\/\/veritasinfo.org\/?p=21681#primaryimage\"},\"thumbnailUrl\":\"https:\/\/veritasinfo.org\/wp-content\/uploads\/2025\/11\/25.11.2025-ZVKM-2-1536x1152-1.jpg\",\"datePublished\":\"2025-11-25T11:15:27+00:00\",\"author\":{\"@id\":\"https:\/\/veritasinfo.org\/#\/schema\/person\/bc442336e35414d04494ab8fb45db4c6\"},\"breadcrumb\":{\"@id\":\"https:\/\/veritasinfo.org\/?p=21681#breadcrumb\"},\"inLanguage\":\"en-US\",\"potentialAction\":[{\"@type\":\"ReadAction\",\"target\":[\"https:\/\/veritasinfo.org\/?p=21681\"]}]},{\"@type\":\"ImageObject\",\"inLanguage\":\"en-US\",\"@id\":\"https:\/\/veritasinfo.org\/?p=21681#primaryimage\",\"url\":\"https:\/\/veritasinfo.org\/wp-content\/uploads\/2025\/11\/25.11.2025-ZVKM-2-1536x1152-1.jpg\",\"contentUrl\":\"https:\/\/veritasinfo.org\/wp-content\/uploads\/2025\/11\/25.11.2025-ZVKM-2-1536x1152-1.jpg\",\"width\":1536,\"height\":1152},{\"@type\":\"BreadcrumbList\",\"@id\":\"https:\/\/veritasinfo.org\/?p=21681#breadcrumb\",\"itemListElement\":[{\"@type\":\"ListItem\",\"position\":1,\"name\":\"Home\",\"item\":\"https:\/\/veritasinfo.org\/\"},{\"@type\":\"ListItem\",\"position\":2,\"name\":\"Bislimi n\u00eb Berlin: Integrimi n\u00eb BE mbetet p\u00ebr Kosov\u00ebn orientim strategjik dhe aspirat\u00eb ky\u00e7e\"}]},{\"@type\":\"WebSite\",\"@id\":\"https:\/\/veritasinfo.org\/#website\",\"url\":\"https:\/\/veritasinfo.org\/\",\"name\":\"\",\"description\":\"\",\"potentialAction\":[{\"@type\":\"SearchAction\",\"target\":{\"@type\":\"EntryPoint\",\"urlTemplate\":\"https:\/\/veritasinfo.org\/?s={search_term_string}\"},\"query-input\":{\"@type\":\"PropertyValueSpecification\",\"valueRequired\":true,\"valueName\":\"search_term_string\"}}],\"inLanguage\":\"en-US\"},{\"@type\":\"Person\",\"@id\":\"https:\/\/veritasinfo.org\/#\/schema\/person\/bc442336e35414d04494ab8fb45db4c6\",\"name\":\"US5\",\"image\":{\"@type\":\"ImageObject\",\"inLanguage\":\"en-US\",\"@id\":\"https:\/\/veritasinfo.org\/#\/schema\/person\/image\/\",\"url\":\"https:\/\/secure.gravatar.com\/avatar\/16a61e7272a0c5d001121ebb9e60e925d5816e4ac1e443ed3e640d9a6ae55d0c?s=96&d=mm&r=g\",\"contentUrl\":\"https:\/\/secure.gravatar.com\/avatar\/16a61e7272a0c5d001121ebb9e60e925d5816e4ac1e443ed3e640d9a6ae55d0c?s=96&d=mm&r=g\",\"caption\":\"US5\"},\"url\":\"https:\/\/veritasinfo.org\/?author=6\"}]}<\/script>\n<!-- \/ Yoast SEO plugin. -->","yoast_head_json":{"title":"Bislimi n\u00eb Berlin: Integrimi n\u00eb BE mbetet p\u00ebr Kosov\u00ebn orientim strategjik dhe aspirat\u00eb ky\u00e7e -","robots":{"index":"index","follow":"follow","max-snippet":"max-snippet:-1","max-image-preview":"max-image-preview:large","max-video-preview":"max-video-preview:-1"},"canonical":"https:\/\/veritasinfo.org\/?p=21681","og_locale":"en_US","og_type":"article","og_title":"Bislimi n\u00eb Berlin: Integrimi n\u00eb BE mbetet p\u00ebr Kosov\u00ebn orientim strategjik dhe aspirat\u00eb ky\u00e7e -","og_description":"Prishtin\u00eb 25 N\u00ebntor 2025 12:14 N\u00eb dit\u00ebn e dyt\u00eb t\u00eb vizit\u00ebs zyrtare n\u00eb Berlin, Z\u00ebvend\u00ebskryeministri i par\u00eb n\u00eb detyr\u00eb p\u00ebr Integrim Evropian, Zhvillim dhe Dialog","og_url":"https:\/\/veritasinfo.org\/?p=21681","article_published_time":"2025-11-25T11:15:27+00:00","og_image":[{"width":1536,"height":1152,"url":"https:\/\/veritasinfo.org\/wp-content\/uploads\/2025\/11\/25.11.2025-ZVKM-2-1536x1152-1.jpg","type":"image\/jpeg"}],"author":"US5","twitter_card":"summary_large_image","twitter_misc":{"Written by":"US5","Est. reading time":"1 minute"},"schema":{"@context":"https:\/\/schema.org","@graph":[{"@type":"WebPage","@id":"https:\/\/veritasinfo.org\/?p=21681","url":"https:\/\/veritasinfo.org\/?p=21681","name":"Bislimi n\u00eb Berlin: Integrimi n\u00eb BE mbetet p\u00ebr Kosov\u00ebn orientim strategjik dhe aspirat\u00eb ky\u00e7e -","isPartOf":{"@id":"https:\/\/veritasinfo.org\/#website"},"primaryImageOfPage":{"@id":"https:\/\/veritasinfo.org\/?p=21681#primaryimage"},"image":{"@id":"https:\/\/veritasinfo.org\/?p=21681#primaryimage"},"thumbnailUrl":"https:\/\/veritasinfo.org\/wp-content\/uploads\/2025\/11\/25.11.2025-ZVKM-2-1536x1152-1.jpg","datePublished":"2025-11-25T11:15:27+00:00","author":{"@id":"https:\/\/veritasinfo.org\/#\/schema\/person\/bc442336e35414d04494ab8fb45db4c6"},"breadcrumb":{"@id":"https:\/\/veritasinfo.org\/?p=21681#breadcrumb"},"inLanguage":"en-US","potentialAction":[{"@type":"ReadAction","target":["https:\/\/veritasinfo.org\/?p=21681"]}]},{"@type":"ImageObject","inLanguage":"en-US","@id":"https:\/\/veritasinfo.org\/?p=21681#primaryimage","url":"https:\/\/veritasinfo.org\/wp-content\/uploads\/2025\/11\/25.11.2025-ZVKM-2-1536x1152-1.jpg","contentUrl":"https:\/\/veritasinfo.org\/wp-content\/uploads\/2025\/11\/25.11.2025-ZVKM-2-1536x1152-1.jpg","width":1536,"height":1152},{"@type":"BreadcrumbList","@id":"https:\/\/veritasinfo.org\/?p=21681#breadcrumb","itemListElement":[{"@type":"ListItem","position":1,"name":"Home","item":"https:\/\/veritasinfo.org\/"},{"@type":"ListItem","position":2,"name":"Bislimi n\u00eb Berlin: Integrimi n\u00eb BE mbetet p\u00ebr Kosov\u00ebn orientim strategjik dhe aspirat\u00eb ky\u00e7e"}]},{"@type":"WebSite","@id":"https:\/\/veritasinfo.org\/#website","url":"https:\/\/veritasinfo.org\/","name":"","description":"","potentialAction":[{"@type":"SearchAction","target":{"@type":"EntryPoint","urlTemplate":"https:\/\/veritasinfo.org\/?s={search_term_string}"},"query-input":{"@type":"PropertyValueSpecification","valueRequired":true,"valueName":"search_term_string"}}],"inLanguage":"en-US"},{"@type":"Person","@id":"https:\/\/veritasinfo.org\/#\/schema\/person\/bc442336e35414d04494ab8fb45db4c6","name":"US5","image":{"@type":"ImageObject","inLanguage":"en-US","@id":"https:\/\/veritasinfo.org\/#\/schema\/person\/image\/","url":"https:\/\/secure.gravatar.com\/avatar\/16a61e7272a0c5d001121ebb9e60e925d5816e4ac1e443ed3e640d9a6ae55d0c?s=96&d=mm&r=g","contentUrl":"https:\/\/secure.gravatar.com\/avatar\/16a61e7272a0c5d001121ebb9e60e925d5816e4ac1e443ed3e640d9a6ae55d0c?s=96&d=mm&r=g","caption":"US5"},"url":"https:\/\/veritasinfo.org\/?author=6"}]}},"featured_image_urls":{"full":["https:\/\/veritasinfo.org\/wp-content\/uploads\/2025\/11\/25.11.2025-ZVKM-2-1536x1152-1.jpg",1536,1152,false],"thumbnail":["https:\/\/veritasinfo.org\/wp-content\/uploads\/2025\/11\/25.11.2025-ZVKM-2-1536x1152-1-150x150.jpg",150,150,true],"medium":["https:\/\/veritasinfo.org\/wp-content\/uploads\/2025\/11\/25.11.2025-ZVKM-2-1536x1152-1-300x225.jpg",300,225,true],"medium_large":["https:\/\/veritasinfo.org\/wp-content\/uploads\/2025\/11\/25.11.2025-ZVKM-2-1536x1152-1-768x576.jpg",640,480,true],"large":["https:\/\/veritasinfo.org\/wp-content\/uploads\/2025\/11\/25.11.2025-ZVKM-2-1536x1152-1-1024x768.jpg",640,480,true],"1536x1536":["https:\/\/veritasinfo.org\/wp-content\/uploads\/2025\/11\/25.11.2025-ZVKM-2-1536x1152-1.jpg",1536,1152,false],"2048x2048":["https:\/\/veritasinfo.org\/wp-content\/uploads\/2025\/11\/25.11.2025-ZVKM-2-1536x1152-1.jpg",1536,1152,false],"kreeti-slider-full":["https:\/\/veritasinfo.org\/wp-content\/uploads\/2025\/11\/25.11.2025-ZVKM-2-1536x1152-1.jpg",960,720,false],"kreeti-featured":["https:\/\/veritasinfo.org\/wp-content\/uploads\/2025\/11\/25.11.2025-ZVKM-2-1536x1152-1.jpg",1024,768,false],"kreeti-medium":["https:\/\/veritasinfo.org\/wp-content\/uploads\/2025\/11\/25.11.2025-ZVKM-2-1536x1152-1.jpg",707,530,false],"kreeti-medium-square":["https:\/\/veritasinfo.org\/wp-content\/uploads\/2025\/11\/25.11.2025-ZVKM-2-1536x1152-1.jpg",350,263,false]},"author_info":{"info":["US5"]},"category_info":"<a href=\"https:\/\/veritasinfo.org\/?cat=58\" rel=\"category\">Politik\u00eb<\/a>","tag_info":"Politik\u00eb","comment_count":"0","_links":{"self":[{"href":"https:\/\/veritasinfo.org\/index.php?rest_route=\/wp\/v2\/posts\/21681","targetHints":{"allow":["GET"]}}],"collection":[{"href":"https:\/\/veritasinfo.org\/index.php?rest_route=\/wp\/v2\/posts"}],"about":[{"href":"https:\/\/veritasinfo.org\/index.php?rest_route=\/wp\/v2\/types\/post"}],"author":[{"embeddable":true,"href":"https:\/\/veritasinfo.org\/index.php?rest_route=\/wp\/v2\/users\/6"}],"replies":[{"embeddable":true,"href":"https:\/\/veritasinfo.org\/index.php?rest_route=%2Fwp%2Fv2%2Fcomments&post=21681"}],"version-history":[{"count":1,"href":"https:\/\/veritasinfo.org\/index.php?rest_route=\/wp\/v2\/posts\/21681\/revisions"}],"predecessor-version":[{"id":21683,"href":"https:\/\/veritasinfo.org\/index.php?rest_route=\/wp\/v2\/posts\/21681\/revisions\/21683"}],"wp:featuredmedia":[{"embeddable":true,"href":"https:\/\/veritasinfo.org\/index.php?rest_route=\/wp\/v2\/media\/21682"}],"wp:attachment":[{"href":"https:\/\/veritasinfo.org\/index.php?rest_route=%2Fwp%2Fv2%2Fmedia&parent=21681"}],"wp:term":[{"taxonomy":"category","embeddable":true,"href":"https:\/\/veritasinfo.org\/index.php?rest_route=%2Fwp%2Fv2%2Fcategories&post=21681"},{"taxonomy":"post_tag","embeddable":true,"href":"https:\/\/veritasinfo.org\/index.php?rest_route=%2Fwp%2Fv2%2Ftags&post=21681"}],"curies":[{"name":"wp","href":"https:\/\/api.w.org\/{rel}","templated":true}]}}