{"id":21661,"date":"2025-11-25T08:37:49","date_gmt":"2025-11-25T07:37:49","guid":{"rendered":"https:\/\/veritasinfo.org\/?p=21661"},"modified":"2025-11-25T08:37:49","modified_gmt":"2025-11-25T07:37:49","slug":"anulimi-torturat-dhe-vrasjet-e-bashkeluftetareve-ne-ushtrine-ruse","status":"publish","type":"post","link":"https:\/\/veritasinfo.org\/?p=21661","title":{"rendered":"\u201cAnulimi\u201d \u2013 torturat dhe vrasjet e bashk\u00ebluft\u00ebtar\u00ebve n\u00eb ushtrin\u00eb ruse"},"content":{"rendered":"<p>Prishtin\u00eb, 25 n\u00ebntor 2025 08:37<\/p>\n<p>Torturat, posht\u00ebrimet dhe vrasjet e bashk\u00ebluft\u00ebtar\u00ebve jan\u00eb praktik\u00eb e zakonshme n\u00eb ushtrin\u00eb ruse. Si u arrit deri k\u00ebtu dhe pse t\u00eb ashtuquajturat \u201canulime\u201d kalojn\u00eb pa u nd\u00ebshkuar?<\/p>\n<p>\u201cMa \u2018anuluan\u2019 f\u00ebmij\u00ebn\u201d, ankohet Tatjana Bikova n\u00eb nj\u00eb video. Djalin e saj, Andrejin, e kan\u00eb vrar\u00eb \u2014 sipas saj \u2014 komandant\u00ebt e tij. Ajo i p\u00ebrmend me em\u00ebr dhe thot\u00eb se i urren. Fillimisht, ata i kan\u00eb k\u00ebrkuar para duke ia shtr\u00ebnguar gjysm\u00ebn e d\u00ebmshp\u00ebrblimit q\u00eb kishte marr\u00eb p\u00ebr plagosjen. Kur ai refuzoi t\u2019u jepte para dhe n\u00eb vend t\u00eb tyre bleu nj\u00eb makin\u00eb, ata i k\u00ebrkuan t\u2019u jepte makin\u00ebn. Si\u00e7 pretendon Bikova, pasi refuzoi, Andreji u vra.<\/p>\n<p>Ajo ka paraqitur kall\u00ebzim te Komiteti Hetimor i Federat\u00ebs Ruse dhe te Zyra e Prokurorit t\u00eb P\u00ebrgjithsh\u00ebm \u2014 por asgj\u00eb nuk ka ndodhur. Andrej Bikovi thjesht \u00ebsht\u00eb shpallur i zhdukur. \u201cM\u00eb than\u00eb se \u00ebsht\u00eb rrahur p\u00ebr vdekje. Trupi i tij ndodhet n\u00eb nj\u00eb zon\u00eb pyjore af\u00ebr Galicinivk\u00ebs (fshat n\u00eb rajonin e Donjeckut n\u00eb Ukrain\u00eb)\u201d, i tha Bikova mediave t\u00eb pavarura ruse n\u00eb m\u00ebrgim, Verstka.<\/p>\n<p>N\u00eb tetor 2025, portali Verstka nisi nj\u00eb projekt p\u00ebr t\u00eb t\u00ebrhequr v\u00ebmendjen ndaj praktik\u00ebs s\u00eb p\u00ebrhapur t\u00eb tortur\u00ebs dhe t\u00eb ashtuquajturit \u201canulim\u201d \u2014 nj\u00eb term kolokvial p\u00ebr vrasjen e bashk\u00ebluft\u00ebtar\u00ebve n\u00eb ushtrin\u00eb ruse. Verstka publikoi gjithashtu emrat e dhjet\u00ebra komandant\u00ebve t\u00eb p\u00ebrfshir\u00eb.<\/p>\n<p>T\u00eb nes\u00ebrmen, Aleksandar Pas\u00e7enko, deputet i partis\u00eb n\u00eb pushtet Rusia e Bashkuar nga Republika e Hakasias, iu p\u00ebrgjigj kritikave t\u00eb nj\u00eb qytetari t\u00eb zem\u00ebruar duke th\u00ebn\u00eb: \u201cN\u00eb vij\u00ebn e par\u00eb t\u00eb frontit, p\u00ebr deklarata t\u00eb tilla ju do t\u00eb ishit anuluar\u201d \u2014 duke konfirmuar k\u00ebshtu se \u201canulimet\u201d v\u00ebrtet praktikohen.<\/p>\n<p>Pse ndodhin torturat dhe vrasjet n\u00eb ushtri?<\/p>\n<p>\u201cVrasja e bashk\u00ebluft\u00ebtar\u00ebve \u00ebsht\u00eb vet\u00ebm nj\u00eb aspekt i gjendjes s\u00eb r\u00ebnd\u00eb t\u00eb ushtris\u00eb ruse. Torturat po ashtu jan\u00eb t\u00eb p\u00ebrhapura\u201d, thot\u00eb p\u00ebr DW eksperti ushtarak Jurij Fjodorov. N\u00eb Telegram mund t\u00eb gjenden video torturash: ushtar\u00ebt hidhen n\u00eb gropa dhe ushqehen me plehra p\u00ebr nj\u00eb ose dy jav\u00eb, sipas d\u00ebshir\u00ebs s\u00eb komandantit. T\u00eb tjer\u00eb detyrohen t\u00eb \u2018p\u00ebrqafojn\u00eb pem\u00ebn\u2019: lidhen p\u00ebr trungjet dhe lihen aty nj\u00eb ose dy dit\u00eb pa ushqim e uj\u00eb.<\/p>\n<p>Nj\u00eb ushtar mund t\u00eb q\u00ebllohet dhe m\u00eb pas t\u00eb shpallet i zhdukur ose i vrar\u00eb n\u00eb aksion. Ndonj\u00ebher\u00eb jeta e ushtarit varet nga tekat e oficerit, i cili mund ta d\u00ebrgoj\u00eb n\u00eb sulme me rrezik t\u00eb lart\u00eb vdekjeje.<\/p>\n<p>Arsyet p\u00ebr \u201canulim\u201d ndryshojn\u00eb: mosbindja, shkeljet disiplinore, konsumimi i alkoolit, konfliktet me oficer\u00ebt ose refuzimi p\u00ebr t\u00eb dh\u00ebn\u00eb nj\u00eb pjes\u00eb t\u00eb rrog\u00ebs.<\/p>\n<p>\u201cN\u00ebse i konsideroni njer\u00ebzit si mall t\u00eb konsumuesh\u00ebm dhe jeni t\u00eb gatsh\u00ebm t\u2019i vrisni duke i d\u00ebrguar n\u00eb beteja t\u00eb pashpresa, at\u00ebher\u00eb i vrisni edhe prapa frontit \u2014 sepse dikush ka b\u00ebr\u00eb nj\u00eb shkelje, nuk ju ka dh\u00ebn\u00eb para ose \u00ebsht\u00eb grindur me ju\u201d, thot\u00eb eksperti Jan Matvejev.<\/p>\n<p>Psikoanalistja Alina Putilovskaja flet p\u00ebr \u201ctransferim\u201d dhe \u201cshfryrje\u201d t\u00eb emocioneve agresive: \u201cEpror\u00ebt q\u00eb kryejn\u00eb akte t\u00eb tilla mizore vet\u00eb posht\u00ebrohen nga epror\u00ebt e tyre \u2014 me urdhra joreal\u00eb dhe me munges\u00eb t\u00eb furnizimeve jetike p\u00ebr nj\u00ebsit\u00eb e tyre. Zyrtar\u00ebt e lart\u00eb projektojn\u00eb jasht\u00eb nj\u00eb imazh t\u00eb superioritetit dhe prosperitetit, gj\u00eb q\u00eb krijon emocione t\u00eb r\u00ebnda tek komandant\u00ebt n\u00eb terren, t\u00eb cilat ata i shfryjn\u00eb ndaj t\u00eb varurve t\u00eb tyre.\u201d<\/p>\n<p>\u201cAnulimi\u201d n\u00eb vend t\u00eb disiplin\u00ebs<\/p>\n<p>Jurij Fjodorov ia atribuon \u201canulimet\u201d oficer\u00ebve t\u00eb korruptuar dhe personelit kriminal e t\u00eb padisiplinuar. Problemi i kuadrit ushtarak n\u00eb Rusi, sipas tij, ka nisur q\u00eb n\u00eb vitet 1990, kur shum\u00eb mbet\u00ebn n\u00eb ushtri vet\u00ebm sepse s\u2019gjenin pun\u00eb civile, dhe plot\u00ebsonin pag\u00ebn e tyre modeste me korrupsion, duke detyruar ushtar\u00ebt t\u00eb punonin pa pages\u00eb. Pik\u00ebrisht k\u00ebta oficer\u00eb sot luftojn\u00eb n\u00eb Ukrain\u00eb, thot\u00eb ai.<\/p>\n<p>Ekspert\u00ebt pajtohen se ushtria ruse ka ndryshuar edhe p\u00ebr shkak t\u00eb rekrutimit t\u00eb mercenar\u00ebve dhe t\u00eb kriminel\u00ebve t\u00eb d\u00ebnuar, t\u00eb cil\u00ebt sjellin \u201cvlerat\u201d e tyre n\u00eb radh\u00ebt ushtarake. \u201cP\u00ebr t\u2019i mbajtur n\u00ebn kontroll ata, duhej p\u00ebrdorur brutaliteti m\u00eb ekstrem\u201d, thot\u00eb Fjodorov. Nj\u00eb nga shembujt e par\u00eb t\u00eb njohur ishte videoja e vitit 2022 ku mercenar\u00ebt e Wagnerit vrisnin me \u00e7ekan nj\u00eb bashk\u00ebluft\u00ebtar.<\/p>\n<p>Sipas Matvejevit, arsyeja kryesore e \u201canulimeve\u201d \u00ebsht\u00eb mungesa e disiplin\u00ebs dhe struktura e \u00e7rregullt e ushtris\u00eb. \u201cKjo krijon nj\u00eb kultur\u00eb t\u00eb pand\u00ebshkueshm\u00ebris\u00eb. Askush n\u00eb ushtrin\u00eb ruse nuk \u00ebsht\u00eb d\u00ebnuar p\u00ebr krimet e r\u00ebnda t\u00eb luft\u00ebs, p.sh. p\u00ebr vrasjet n\u00eb Bu\u00e7a dhe Mariupol. Kjo dha sinjalin se njer\u00ebzit mund t\u00eb vriten pa pasoja\u201d, thot\u00eb ai. Matvejev beson se \u201canulimet\u201d kan\u00eb dob\u00ebsuar edhe m\u00eb shum\u00eb disiplin\u00ebn, dhe meq\u00eb ushtria nuk merr masa, fenomeni vet\u00ebm sa rritet.<\/p>\n<p>Ushtria funksionon p\u00ebrmes frik\u00ebs dhe abuzimit<\/p>\n<p>Sipas t\u00eb dy ekspert\u00ebve, ushtria ruse nuk do t\u00eb ishte m\u00eb e aft\u00eb p\u00ebr luftim n\u00ebse do t\u00eb hiqej praktika e torturave, abuzimeve, zhvatjes, \u201canulimeve\u201d dhe krimeve t\u00eb luft\u00ebs. \u201cN\u00eb realitet, funksionimi i t\u00ebr\u00eb ushtris\u00eb bazohet te pand\u00ebshkueshm\u00ebria dhe shfryt\u00ebzimi i ushtar\u00ebve si resurs, si skllev\u00ebr\u201d, thot\u00eb Fjodorov.<\/p>\n<p>Nga perspektiva e psikoanalistes Putilovskaja, \u201canulimet\u201d jan\u00eb metoda t\u00eb detyrimit, kontrollit dhe frik\u00ebsimit.<\/p>\n<p>\u201cKomanda ushtarake nuk \u00ebsht\u00eb e interesuar t\u00eb nd\u00ebrtoj\u00eb marr\u00ebdh\u00ebnie afatgjata me njer\u00ebzit, sepse e di q\u00eb s\u00eb shpejti do t\u00eb vijn\u00eb t\u00eb tjer\u00eb. Dy gj\u00ebra mbajn\u00eb nj\u00eb komunitet t\u00eb bashkuar, edhe n\u00eb luft\u00eb: lidhja emocionale dhe detyrimi. Kur e para humbet, si n\u00eb k\u00ebt\u00eb rast, detyrimi merr pushtetin dhe shnd\u00ebrrohet n\u00eb brutalitet ekstrem.\u201d<\/p>\n<p>Matvejev shton se rus\u00ebt nuk e din\u00eb pse po luftojn\u00eb: \u201cUshtria ukrainase e di p\u00ebr \u00e7far\u00eb lufton \u2014 mbron vendin e saj. Shumica e ushtar\u00ebve rus\u00eb e din\u00eb se ky \u00ebsht\u00eb nj\u00eb krim i r\u00ebnd\u00eb lufte, i mbushur me shum\u00eb krime t\u00eb tjera, dhe se do t\u00eb duhet t\u00eb p\u00ebrballen me k\u00ebt\u00eb.\u201d<\/p>\n<p>&nbsp;<\/p>\n","protected":false},"excerpt":{"rendered":"<p>Prishtin\u00eb, 25 n\u00ebntor 2025 08:37 Torturat, posht\u00ebrimet dhe vrasjet e bashk\u00ebluft\u00ebtar\u00ebve jan\u00eb praktik\u00eb e zakonshme n\u00eb ushtrin\u00eb ruse. Si u arrit deri k\u00ebtu dhe pse<\/p>\n","protected":false},"author":7,"featured_media":21662,"comment_status":"open","ping_status":"open","sticky":false,"template":"","format":"standard","meta":{"footnotes":""},"categories":[72],"tags":[],"class_list":["post-21661","post","type-post","status-publish","format-standard","has-post-thumbnail","hentry","category-bota"],"yoast_head":"<!-- This site is optimized with the Yoast SEO plugin v25.3.1 - https:\/\/yoast.com\/wordpress\/plugins\/seo\/ -->\n<title>\u201cAnulimi\u201d \u2013 torturat dhe vrasjet e bashk\u00ebluft\u00ebtar\u00ebve n\u00eb ushtrin\u00eb ruse -<\/title>\n<meta name=\"robots\" content=\"index, follow, max-snippet:-1, max-image-preview:large, max-video-preview:-1\" \/>\n<link rel=\"canonical\" href=\"https:\/\/veritasinfo.org\/?p=21661\" \/>\n<meta property=\"og:locale\" content=\"en_US\" \/>\n<meta property=\"og:type\" content=\"article\" \/>\n<meta property=\"og:title\" content=\"\u201cAnulimi\u201d \u2013 torturat dhe vrasjet e bashk\u00ebluft\u00ebtar\u00ebve n\u00eb ushtrin\u00eb ruse -\" \/>\n<meta property=\"og:description\" content=\"Prishtin\u00eb, 25 n\u00ebntor 2025 08:37 Torturat, posht\u00ebrimet dhe vrasjet e bashk\u00ebluft\u00ebtar\u00ebve jan\u00eb praktik\u00eb e zakonshme n\u00eb ushtrin\u00eb ruse. Si u arrit deri k\u00ebtu dhe pse\" \/>\n<meta property=\"og:url\" content=\"https:\/\/veritasinfo.org\/?p=21661\" \/>\n<meta property=\"article:published_time\" content=\"2025-11-25T07:37:49+00:00\" \/>\n<meta property=\"og:image\" content=\"https:\/\/veritasinfo.org\/wp-content\/uploads\/2025\/11\/12990844-e1759163338175-1000x560-1.jpg\" \/>\n\t<meta property=\"og:image:width\" content=\"1000\" \/>\n\t<meta property=\"og:image:height\" content=\"560\" \/>\n\t<meta property=\"og:image:type\" content=\"image\/jpeg\" \/>\n<meta name=\"author\" content=\"US6\" \/>\n<meta name=\"twitter:card\" content=\"summary_large_image\" \/>\n<meta name=\"twitter:label1\" content=\"Written by\" \/>\n\t<meta name=\"twitter:data1\" content=\"US6\" \/>\n\t<meta name=\"twitter:label2\" content=\"Est. reading time\" \/>\n\t<meta name=\"twitter:data2\" content=\"5 minutes\" \/>\n<script type=\"application\/ld+json\" class=\"yoast-schema-graph\">{\"@context\":\"https:\/\/schema.org\",\"@graph\":[{\"@type\":\"WebPage\",\"@id\":\"https:\/\/veritasinfo.org\/?p=21661\",\"url\":\"https:\/\/veritasinfo.org\/?p=21661\",\"name\":\"\u201cAnulimi\u201d \u2013 torturat dhe vrasjet e bashk\u00ebluft\u00ebtar\u00ebve n\u00eb ushtrin\u00eb ruse -\",\"isPartOf\":{\"@id\":\"https:\/\/veritasinfo.org\/#website\"},\"primaryImageOfPage\":{\"@id\":\"https:\/\/veritasinfo.org\/?p=21661#primaryimage\"},\"image\":{\"@id\":\"https:\/\/veritasinfo.org\/?p=21661#primaryimage\"},\"thumbnailUrl\":\"https:\/\/veritasinfo.org\/wp-content\/uploads\/2025\/11\/12990844-e1759163338175-1000x560-1.jpg\",\"datePublished\":\"2025-11-25T07:37:49+00:00\",\"author\":{\"@id\":\"https:\/\/veritasinfo.org\/#\/schema\/person\/fe199eede04c3937362892b7444747cc\"},\"breadcrumb\":{\"@id\":\"https:\/\/veritasinfo.org\/?p=21661#breadcrumb\"},\"inLanguage\":\"en-US\",\"potentialAction\":[{\"@type\":\"ReadAction\",\"target\":[\"https:\/\/veritasinfo.org\/?p=21661\"]}]},{\"@type\":\"ImageObject\",\"inLanguage\":\"en-US\",\"@id\":\"https:\/\/veritasinfo.org\/?p=21661#primaryimage\",\"url\":\"https:\/\/veritasinfo.org\/wp-content\/uploads\/2025\/11\/12990844-e1759163338175-1000x560-1.jpg\",\"contentUrl\":\"https:\/\/veritasinfo.org\/wp-content\/uploads\/2025\/11\/12990844-e1759163338175-1000x560-1.jpg\",\"width\":1000,\"height\":560},{\"@type\":\"BreadcrumbList\",\"@id\":\"https:\/\/veritasinfo.org\/?p=21661#breadcrumb\",\"itemListElement\":[{\"@type\":\"ListItem\",\"position\":1,\"name\":\"Home\",\"item\":\"https:\/\/veritasinfo.org\/\"},{\"@type\":\"ListItem\",\"position\":2,\"name\":\"\u201cAnulimi\u201d \u2013 torturat dhe vrasjet e bashk\u00ebluft\u00ebtar\u00ebve n\u00eb ushtrin\u00eb ruse\"}]},{\"@type\":\"WebSite\",\"@id\":\"https:\/\/veritasinfo.org\/#website\",\"url\":\"https:\/\/veritasinfo.org\/\",\"name\":\"\",\"description\":\"\",\"potentialAction\":[{\"@type\":\"SearchAction\",\"target\":{\"@type\":\"EntryPoint\",\"urlTemplate\":\"https:\/\/veritasinfo.org\/?s={search_term_string}\"},\"query-input\":{\"@type\":\"PropertyValueSpecification\",\"valueRequired\":true,\"valueName\":\"search_term_string\"}}],\"inLanguage\":\"en-US\"},{\"@type\":\"Person\",\"@id\":\"https:\/\/veritasinfo.org\/#\/schema\/person\/fe199eede04c3937362892b7444747cc\",\"name\":\"US6\",\"image\":{\"@type\":\"ImageObject\",\"inLanguage\":\"en-US\",\"@id\":\"https:\/\/veritasinfo.org\/#\/schema\/person\/image\/\",\"url\":\"https:\/\/secure.gravatar.com\/avatar\/cb16c3c31c9d23b9b8c705964598220b3014e42ff51eb540ff23cefa3ae8c15f?s=96&d=mm&r=g\",\"contentUrl\":\"https:\/\/secure.gravatar.com\/avatar\/cb16c3c31c9d23b9b8c705964598220b3014e42ff51eb540ff23cefa3ae8c15f?s=96&d=mm&r=g\",\"caption\":\"US6\"},\"url\":\"https:\/\/veritasinfo.org\/?author=7\"}]}<\/script>\n<!-- \/ Yoast SEO plugin. -->","yoast_head_json":{"title":"\u201cAnulimi\u201d \u2013 torturat dhe vrasjet e bashk\u00ebluft\u00ebtar\u00ebve n\u00eb ushtrin\u00eb ruse -","robots":{"index":"index","follow":"follow","max-snippet":"max-snippet:-1","max-image-preview":"max-image-preview:large","max-video-preview":"max-video-preview:-1"},"canonical":"https:\/\/veritasinfo.org\/?p=21661","og_locale":"en_US","og_type":"article","og_title":"\u201cAnulimi\u201d \u2013 torturat dhe vrasjet e bashk\u00ebluft\u00ebtar\u00ebve n\u00eb ushtrin\u00eb ruse -","og_description":"Prishtin\u00eb, 25 n\u00ebntor 2025 08:37 Torturat, posht\u00ebrimet dhe vrasjet e bashk\u00ebluft\u00ebtar\u00ebve jan\u00eb praktik\u00eb e zakonshme n\u00eb ushtrin\u00eb ruse. Si u arrit deri k\u00ebtu dhe pse","og_url":"https:\/\/veritasinfo.org\/?p=21661","article_published_time":"2025-11-25T07:37:49+00:00","og_image":[{"width":1000,"height":560,"url":"https:\/\/veritasinfo.org\/wp-content\/uploads\/2025\/11\/12990844-e1759163338175-1000x560-1.jpg","type":"image\/jpeg"}],"author":"US6","twitter_card":"summary_large_image","twitter_misc":{"Written by":"US6","Est. reading time":"5 minutes"},"schema":{"@context":"https:\/\/schema.org","@graph":[{"@type":"WebPage","@id":"https:\/\/veritasinfo.org\/?p=21661","url":"https:\/\/veritasinfo.org\/?p=21661","name":"\u201cAnulimi\u201d \u2013 torturat dhe vrasjet e bashk\u00ebluft\u00ebtar\u00ebve n\u00eb ushtrin\u00eb ruse -","isPartOf":{"@id":"https:\/\/veritasinfo.org\/#website"},"primaryImageOfPage":{"@id":"https:\/\/veritasinfo.org\/?p=21661#primaryimage"},"image":{"@id":"https:\/\/veritasinfo.org\/?p=21661#primaryimage"},"thumbnailUrl":"https:\/\/veritasinfo.org\/wp-content\/uploads\/2025\/11\/12990844-e1759163338175-1000x560-1.jpg","datePublished":"2025-11-25T07:37:49+00:00","author":{"@id":"https:\/\/veritasinfo.org\/#\/schema\/person\/fe199eede04c3937362892b7444747cc"},"breadcrumb":{"@id":"https:\/\/veritasinfo.org\/?p=21661#breadcrumb"},"inLanguage":"en-US","potentialAction":[{"@type":"ReadAction","target":["https:\/\/veritasinfo.org\/?p=21661"]}]},{"@type":"ImageObject","inLanguage":"en-US","@id":"https:\/\/veritasinfo.org\/?p=21661#primaryimage","url":"https:\/\/veritasinfo.org\/wp-content\/uploads\/2025\/11\/12990844-e1759163338175-1000x560-1.jpg","contentUrl":"https:\/\/veritasinfo.org\/wp-content\/uploads\/2025\/11\/12990844-e1759163338175-1000x560-1.jpg","width":1000,"height":560},{"@type":"BreadcrumbList","@id":"https:\/\/veritasinfo.org\/?p=21661#breadcrumb","itemListElement":[{"@type":"ListItem","position":1,"name":"Home","item":"https:\/\/veritasinfo.org\/"},{"@type":"ListItem","position":2,"name":"\u201cAnulimi\u201d \u2013 torturat dhe vrasjet e bashk\u00ebluft\u00ebtar\u00ebve n\u00eb ushtrin\u00eb ruse"}]},{"@type":"WebSite","@id":"https:\/\/veritasinfo.org\/#website","url":"https:\/\/veritasinfo.org\/","name":"","description":"","potentialAction":[{"@type":"SearchAction","target":{"@type":"EntryPoint","urlTemplate":"https:\/\/veritasinfo.org\/?s={search_term_string}"},"query-input":{"@type":"PropertyValueSpecification","valueRequired":true,"valueName":"search_term_string"}}],"inLanguage":"en-US"},{"@type":"Person","@id":"https:\/\/veritasinfo.org\/#\/schema\/person\/fe199eede04c3937362892b7444747cc","name":"US6","image":{"@type":"ImageObject","inLanguage":"en-US","@id":"https:\/\/veritasinfo.org\/#\/schema\/person\/image\/","url":"https:\/\/secure.gravatar.com\/avatar\/cb16c3c31c9d23b9b8c705964598220b3014e42ff51eb540ff23cefa3ae8c15f?s=96&d=mm&r=g","contentUrl":"https:\/\/secure.gravatar.com\/avatar\/cb16c3c31c9d23b9b8c705964598220b3014e42ff51eb540ff23cefa3ae8c15f?s=96&d=mm&r=g","caption":"US6"},"url":"https:\/\/veritasinfo.org\/?author=7"}]}},"featured_image_urls":{"full":["https:\/\/veritasinfo.org\/wp-content\/uploads\/2025\/11\/12990844-e1759163338175-1000x560-1.jpg",1000,560,false],"thumbnail":["https:\/\/veritasinfo.org\/wp-content\/uploads\/2025\/11\/12990844-e1759163338175-1000x560-1-150x150.jpg",150,150,true],"medium":["https:\/\/veritasinfo.org\/wp-content\/uploads\/2025\/11\/12990844-e1759163338175-1000x560-1-300x168.jpg",300,168,true],"medium_large":["https:\/\/veritasinfo.org\/wp-content\/uploads\/2025\/11\/12990844-e1759163338175-1000x560-1-768x430.jpg",640,358,true],"large":["https:\/\/veritasinfo.org\/wp-content\/uploads\/2025\/11\/12990844-e1759163338175-1000x560-1.jpg",640,358,false],"1536x1536":["https:\/\/veritasinfo.org\/wp-content\/uploads\/2025\/11\/12990844-e1759163338175-1000x560-1.jpg",1000,560,false],"2048x2048":["https:\/\/veritasinfo.org\/wp-content\/uploads\/2025\/11\/12990844-e1759163338175-1000x560-1.jpg",1000,560,false],"kreeti-slider-full":["https:\/\/veritasinfo.org\/wp-content\/uploads\/2025\/11\/12990844-e1759163338175-1000x560-1.jpg",1000,560,false],"kreeti-featured":["https:\/\/veritasinfo.org\/wp-content\/uploads\/2025\/11\/12990844-e1759163338175-1000x560-1.jpg",1000,560,false],"kreeti-medium":["https:\/\/veritasinfo.org\/wp-content\/uploads\/2025\/11\/12990844-e1759163338175-1000x560-1.jpg",720,403,false],"kreeti-medium-square":["https:\/\/veritasinfo.org\/wp-content\/uploads\/2025\/11\/12990844-e1759163338175-1000x560-1.jpg",350,196,false]},"author_info":{"info":["US6"]},"category_info":"<a href=\"https:\/\/veritasinfo.org\/?cat=72\" rel=\"category\">Bota<\/a>","tag_info":"Bota","comment_count":"0","_links":{"self":[{"href":"https:\/\/veritasinfo.org\/index.php?rest_route=\/wp\/v2\/posts\/21661","targetHints":{"allow":["GET"]}}],"collection":[{"href":"https:\/\/veritasinfo.org\/index.php?rest_route=\/wp\/v2\/posts"}],"about":[{"href":"https:\/\/veritasinfo.org\/index.php?rest_route=\/wp\/v2\/types\/post"}],"author":[{"embeddable":true,"href":"https:\/\/veritasinfo.org\/index.php?rest_route=\/wp\/v2\/users\/7"}],"replies":[{"embeddable":true,"href":"https:\/\/veritasinfo.org\/index.php?rest_route=%2Fwp%2Fv2%2Fcomments&post=21661"}],"version-history":[{"count":1,"href":"https:\/\/veritasinfo.org\/index.php?rest_route=\/wp\/v2\/posts\/21661\/revisions"}],"predecessor-version":[{"id":21663,"href":"https:\/\/veritasinfo.org\/index.php?rest_route=\/wp\/v2\/posts\/21661\/revisions\/21663"}],"wp:featuredmedia":[{"embeddable":true,"href":"https:\/\/veritasinfo.org\/index.php?rest_route=\/wp\/v2\/media\/21662"}],"wp:attachment":[{"href":"https:\/\/veritasinfo.org\/index.php?rest_route=%2Fwp%2Fv2%2Fmedia&parent=21661"}],"wp:term":[{"taxonomy":"category","embeddable":true,"href":"https:\/\/veritasinfo.org\/index.php?rest_route=%2Fwp%2Fv2%2Fcategories&post=21661"},{"taxonomy":"post_tag","embeddable":true,"href":"https:\/\/veritasinfo.org\/index.php?rest_route=%2Fwp%2Fv2%2Ftags&post=21661"}],"curies":[{"name":"wp","href":"https:\/\/api.w.org\/{rel}","templated":true}]}}