{"id":21623,"date":"2025-11-24T20:58:42","date_gmt":"2025-11-24T19:58:42","guid":{"rendered":"https:\/\/veritasinfo.org\/?p=21623"},"modified":"2025-11-24T20:58:42","modified_gmt":"2025-11-24T19:58:42","slug":"ambasadori-malaj-kosova-eshte-investitori-me-i-madh-ne-shqiperi-sot-ndihem-si-vella-i-madh","status":"publish","type":"post","link":"https:\/\/veritasinfo.org\/?p=21623","title":{"rendered":"Ambasadori Malaj: Kosova \u00ebsht\u00eb investitori m\u00eb i madh n\u00eb Shqip\u00ebri, sot ndihem si v\u00eblla i madh"},"content":{"rendered":"<p>Prishtin\u00eb, 24 n\u00ebntor 2025 20:58<\/p>\n<p>Ambasadori i Shqip\u00ebris\u00eb n\u00eb Kosov\u00eb, Petrit Malaj, theksoi lidhjet e ngushta mes Shqip\u00ebris\u00eb dhe Kosov\u00ebs n\u00eb ceremonin\u00eb e p\u00ebrvjetorit t\u00eb Pavar\u00ebsis\u00eb s\u00eb Shqip\u00ebris\u00eb.<\/p>\n<p>Ai shprehu se ndihet si nj\u00eb \u201cv\u00eblla i madh\u201d i Kosov\u00ebs dhe theksoi r\u00ebnd\u00ebsin\u00eb e bashk\u00ebpunimit t\u00eb nd\u00ebrsjell\u00eb mes dy shteteve.<\/p>\n<p>\u201c113 vjet m\u00eb par\u00eb, Ismail Qemali ngriti flamurin komb\u00ebtar dhe k\u00ebta burra i than\u00eb bot\u00ebs me nj\u00eb z\u00eb t\u00eb fuqish\u00ebm q\u00eb Shqip\u00ebria u shpall e pavarur. Kjo nuk ishte thjesht nj\u00eb deklarat\u00eb, por nj\u00eb simfoni e guximit dhe shpres\u00ebs. Kur flas sot nga kjo sall\u00eb, nuk ndihem si ambasador, por si nj\u00eb v\u00eblla i madh i Kosov\u00ebs, q\u00eb m\u00eb pret me nj\u00eb sof\u00ebr t\u00eb madhe. Bashk\u00ebpunimi yn\u00eb \u00ebsht\u00eb intensifikuar n\u00eb \u00e7do fush\u00eb, ve\u00e7an\u00ebrisht n\u00eb at\u00eb t\u00eb siguris\u00eb, dhe jemi t\u00eb hapur p\u00ebr tregti. Kosova \u00ebsht\u00eb investitori m\u00eb i madh n\u00eb Shqip\u00ebri. Synojm\u00eb rritjen e binjak\u00ebzimeve lokale. Ndjej pulsin e nj\u00eb kombi vital q\u00eb ka luftuar p\u00ebr lirin\u00eb e tij p\u00ebr shum\u00eb vite\u201d, tha Malaj.<\/p>\n<p>Malaj nd\u00ebr tjerash p\u00ebrmendi edhe ish luft\u00ebtar\u00ebt e U\u00c7K-s\u00eb q\u00eb po gjykohen n\u00eb Hag\u00eb.<\/p>\n<p>&nbsp;<\/p>\n","protected":false},"excerpt":{"rendered":"<p>Prishtin\u00eb, 24 n\u00ebntor 2025 20:58 Ambasadori i Shqip\u00ebris\u00eb n\u00eb Kosov\u00eb, Petrit Malaj, theksoi lidhjet e ngushta mes Shqip\u00ebris\u00eb dhe Kosov\u00ebs n\u00eb ceremonin\u00eb e p\u00ebrvjetorit t\u00eb<\/p>\n","protected":false},"author":7,"featured_media":21624,"comment_status":"open","ping_status":"open","sticky":false,"template":"","format":"standard","meta":{"footnotes":""},"categories":[58],"tags":[],"class_list":["post-21623","post","type-post","status-publish","format-standard","has-post-thumbnail","hentry","category-politike-sq"],"yoast_head":"<!-- This site is optimized with the Yoast SEO plugin v25.3.1 - https:\/\/yoast.com\/wordpress\/plugins\/seo\/ -->\n<title>Ambasadori Malaj: Kosova \u00ebsht\u00eb investitori m\u00eb i madh n\u00eb Shqip\u00ebri, sot ndihem si v\u00eblla i madh -<\/title>\n<meta name=\"robots\" content=\"index, follow, max-snippet:-1, max-image-preview:large, max-video-preview:-1\" \/>\n<link rel=\"canonical\" href=\"https:\/\/veritasinfo.org\/?p=21623\" \/>\n<meta property=\"og:locale\" content=\"en_US\" \/>\n<meta property=\"og:type\" content=\"article\" \/>\n<meta property=\"og:title\" content=\"Ambasadori Malaj: Kosova \u00ebsht\u00eb investitori m\u00eb i madh n\u00eb Shqip\u00ebri, sot ndihem si v\u00eblla i madh -\" \/>\n<meta property=\"og:description\" content=\"Prishtin\u00eb, 24 n\u00ebntor 2025 20:58 Ambasadori i Shqip\u00ebris\u00eb n\u00eb Kosov\u00eb, Petrit Malaj, theksoi lidhjet e ngushta mes Shqip\u00ebris\u00eb dhe Kosov\u00ebs n\u00eb ceremonin\u00eb e p\u00ebrvjetorit t\u00eb\" \/>\n<meta property=\"og:url\" content=\"https:\/\/veritasinfo.org\/?p=21623\" \/>\n<meta property=\"article:published_time\" content=\"2025-11-24T19:58:42+00:00\" \/>\n<meta property=\"og:image\" content=\"https:\/\/veritasinfo.org\/wp-content\/uploads\/2025\/11\/petrit-2.jpg\" \/>\n\t<meta property=\"og:image:width\" content=\"898\" \/>\n\t<meta property=\"og:image:height\" content=\"541\" \/>\n\t<meta property=\"og:image:type\" content=\"image\/jpeg\" \/>\n<meta name=\"author\" content=\"US6\" \/>\n<meta name=\"twitter:card\" content=\"summary_large_image\" \/>\n<meta name=\"twitter:label1\" content=\"Written by\" \/>\n\t<meta name=\"twitter:data1\" content=\"US6\" \/>\n\t<meta name=\"twitter:label2\" content=\"Est. reading time\" \/>\n\t<meta name=\"twitter:data2\" content=\"1 minute\" \/>\n<script type=\"application\/ld+json\" class=\"yoast-schema-graph\">{\"@context\":\"https:\/\/schema.org\",\"@graph\":[{\"@type\":\"WebPage\",\"@id\":\"https:\/\/veritasinfo.org\/?p=21623\",\"url\":\"https:\/\/veritasinfo.org\/?p=21623\",\"name\":\"Ambasadori Malaj: Kosova \u00ebsht\u00eb investitori m\u00eb i madh n\u00eb Shqip\u00ebri, sot ndihem si v\u00eblla i madh -\",\"isPartOf\":{\"@id\":\"https:\/\/veritasinfo.org\/#website\"},\"primaryImageOfPage\":{\"@id\":\"https:\/\/veritasinfo.org\/?p=21623#primaryimage\"},\"image\":{\"@id\":\"https:\/\/veritasinfo.org\/?p=21623#primaryimage\"},\"thumbnailUrl\":\"https:\/\/veritasinfo.org\/wp-content\/uploads\/2025\/11\/petrit-2.jpg\",\"datePublished\":\"2025-11-24T19:58:42+00:00\",\"author\":{\"@id\":\"https:\/\/veritasinfo.org\/#\/schema\/person\/fe199eede04c3937362892b7444747cc\"},\"breadcrumb\":{\"@id\":\"https:\/\/veritasinfo.org\/?p=21623#breadcrumb\"},\"inLanguage\":\"en-US\",\"potentialAction\":[{\"@type\":\"ReadAction\",\"target\":[\"https:\/\/veritasinfo.org\/?p=21623\"]}]},{\"@type\":\"ImageObject\",\"inLanguage\":\"en-US\",\"@id\":\"https:\/\/veritasinfo.org\/?p=21623#primaryimage\",\"url\":\"https:\/\/veritasinfo.org\/wp-content\/uploads\/2025\/11\/petrit-2.jpg\",\"contentUrl\":\"https:\/\/veritasinfo.org\/wp-content\/uploads\/2025\/11\/petrit-2.jpg\",\"width\":898,\"height\":541},{\"@type\":\"BreadcrumbList\",\"@id\":\"https:\/\/veritasinfo.org\/?p=21623#breadcrumb\",\"itemListElement\":[{\"@type\":\"ListItem\",\"position\":1,\"name\":\"Home\",\"item\":\"https:\/\/veritasinfo.org\/\"},{\"@type\":\"ListItem\",\"position\":2,\"name\":\"Ambasadori Malaj: Kosova \u00ebsht\u00eb investitori m\u00eb i madh n\u00eb Shqip\u00ebri, sot ndihem si v\u00eblla i madh\"}]},{\"@type\":\"WebSite\",\"@id\":\"https:\/\/veritasinfo.org\/#website\",\"url\":\"https:\/\/veritasinfo.org\/\",\"name\":\"\",\"description\":\"\",\"potentialAction\":[{\"@type\":\"SearchAction\",\"target\":{\"@type\":\"EntryPoint\",\"urlTemplate\":\"https:\/\/veritasinfo.org\/?s={search_term_string}\"},\"query-input\":{\"@type\":\"PropertyValueSpecification\",\"valueRequired\":true,\"valueName\":\"search_term_string\"}}],\"inLanguage\":\"en-US\"},{\"@type\":\"Person\",\"@id\":\"https:\/\/veritasinfo.org\/#\/schema\/person\/fe199eede04c3937362892b7444747cc\",\"name\":\"US6\",\"image\":{\"@type\":\"ImageObject\",\"inLanguage\":\"en-US\",\"@id\":\"https:\/\/veritasinfo.org\/#\/schema\/person\/image\/\",\"url\":\"https:\/\/secure.gravatar.com\/avatar\/cb16c3c31c9d23b9b8c705964598220b3014e42ff51eb540ff23cefa3ae8c15f?s=96&d=mm&r=g\",\"contentUrl\":\"https:\/\/secure.gravatar.com\/avatar\/cb16c3c31c9d23b9b8c705964598220b3014e42ff51eb540ff23cefa3ae8c15f?s=96&d=mm&r=g\",\"caption\":\"US6\"},\"url\":\"https:\/\/veritasinfo.org\/?author=7\"}]}<\/script>\n<!-- \/ Yoast SEO plugin. -->","yoast_head_json":{"title":"Ambasadori Malaj: Kosova \u00ebsht\u00eb investitori m\u00eb i madh n\u00eb Shqip\u00ebri, sot ndihem si v\u00eblla i madh -","robots":{"index":"index","follow":"follow","max-snippet":"max-snippet:-1","max-image-preview":"max-image-preview:large","max-video-preview":"max-video-preview:-1"},"canonical":"https:\/\/veritasinfo.org\/?p=21623","og_locale":"en_US","og_type":"article","og_title":"Ambasadori Malaj: Kosova \u00ebsht\u00eb investitori m\u00eb i madh n\u00eb Shqip\u00ebri, sot ndihem si v\u00eblla i madh -","og_description":"Prishtin\u00eb, 24 n\u00ebntor 2025 20:58 Ambasadori i Shqip\u00ebris\u00eb n\u00eb Kosov\u00eb, Petrit Malaj, theksoi lidhjet e ngushta mes Shqip\u00ebris\u00eb dhe Kosov\u00ebs n\u00eb ceremonin\u00eb e p\u00ebrvjetorit t\u00eb","og_url":"https:\/\/veritasinfo.org\/?p=21623","article_published_time":"2025-11-24T19:58:42+00:00","og_image":[{"width":898,"height":541,"url":"https:\/\/veritasinfo.org\/wp-content\/uploads\/2025\/11\/petrit-2.jpg","type":"image\/jpeg"}],"author":"US6","twitter_card":"summary_large_image","twitter_misc":{"Written by":"US6","Est. reading time":"1 minute"},"schema":{"@context":"https:\/\/schema.org","@graph":[{"@type":"WebPage","@id":"https:\/\/veritasinfo.org\/?p=21623","url":"https:\/\/veritasinfo.org\/?p=21623","name":"Ambasadori Malaj: Kosova \u00ebsht\u00eb investitori m\u00eb i madh n\u00eb Shqip\u00ebri, sot ndihem si v\u00eblla i madh -","isPartOf":{"@id":"https:\/\/veritasinfo.org\/#website"},"primaryImageOfPage":{"@id":"https:\/\/veritasinfo.org\/?p=21623#primaryimage"},"image":{"@id":"https:\/\/veritasinfo.org\/?p=21623#primaryimage"},"thumbnailUrl":"https:\/\/veritasinfo.org\/wp-content\/uploads\/2025\/11\/petrit-2.jpg","datePublished":"2025-11-24T19:58:42+00:00","author":{"@id":"https:\/\/veritasinfo.org\/#\/schema\/person\/fe199eede04c3937362892b7444747cc"},"breadcrumb":{"@id":"https:\/\/veritasinfo.org\/?p=21623#breadcrumb"},"inLanguage":"en-US","potentialAction":[{"@type":"ReadAction","target":["https:\/\/veritasinfo.org\/?p=21623"]}]},{"@type":"ImageObject","inLanguage":"en-US","@id":"https:\/\/veritasinfo.org\/?p=21623#primaryimage","url":"https:\/\/veritasinfo.org\/wp-content\/uploads\/2025\/11\/petrit-2.jpg","contentUrl":"https:\/\/veritasinfo.org\/wp-content\/uploads\/2025\/11\/petrit-2.jpg","width":898,"height":541},{"@type":"BreadcrumbList","@id":"https:\/\/veritasinfo.org\/?p=21623#breadcrumb","itemListElement":[{"@type":"ListItem","position":1,"name":"Home","item":"https:\/\/veritasinfo.org\/"},{"@type":"ListItem","position":2,"name":"Ambasadori Malaj: Kosova \u00ebsht\u00eb investitori m\u00eb i madh n\u00eb Shqip\u00ebri, sot ndihem si v\u00eblla i madh"}]},{"@type":"WebSite","@id":"https:\/\/veritasinfo.org\/#website","url":"https:\/\/veritasinfo.org\/","name":"","description":"","potentialAction":[{"@type":"SearchAction","target":{"@type":"EntryPoint","urlTemplate":"https:\/\/veritasinfo.org\/?s={search_term_string}"},"query-input":{"@type":"PropertyValueSpecification","valueRequired":true,"valueName":"search_term_string"}}],"inLanguage":"en-US"},{"@type":"Person","@id":"https:\/\/veritasinfo.org\/#\/schema\/person\/fe199eede04c3937362892b7444747cc","name":"US6","image":{"@type":"ImageObject","inLanguage":"en-US","@id":"https:\/\/veritasinfo.org\/#\/schema\/person\/image\/","url":"https:\/\/secure.gravatar.com\/avatar\/cb16c3c31c9d23b9b8c705964598220b3014e42ff51eb540ff23cefa3ae8c15f?s=96&d=mm&r=g","contentUrl":"https:\/\/secure.gravatar.com\/avatar\/cb16c3c31c9d23b9b8c705964598220b3014e42ff51eb540ff23cefa3ae8c15f?s=96&d=mm&r=g","caption":"US6"},"url":"https:\/\/veritasinfo.org\/?author=7"}]}},"featured_image_urls":{"full":["https:\/\/veritasinfo.org\/wp-content\/uploads\/2025\/11\/petrit-2.jpg",898,541,false],"thumbnail":["https:\/\/veritasinfo.org\/wp-content\/uploads\/2025\/11\/petrit-2-150x150.jpg",150,150,true],"medium":["https:\/\/veritasinfo.org\/wp-content\/uploads\/2025\/11\/petrit-2-300x181.jpg",300,181,true],"medium_large":["https:\/\/veritasinfo.org\/wp-content\/uploads\/2025\/11\/petrit-2-768x463.jpg",640,386,true],"large":["https:\/\/veritasinfo.org\/wp-content\/uploads\/2025\/11\/petrit-2.jpg",640,386,false],"1536x1536":["https:\/\/veritasinfo.org\/wp-content\/uploads\/2025\/11\/petrit-2.jpg",898,541,false],"2048x2048":["https:\/\/veritasinfo.org\/wp-content\/uploads\/2025\/11\/petrit-2.jpg",898,541,false],"kreeti-slider-full":["https:\/\/veritasinfo.org\/wp-content\/uploads\/2025\/11\/petrit-2.jpg",898,541,false],"kreeti-featured":["https:\/\/veritasinfo.org\/wp-content\/uploads\/2025\/11\/petrit-2.jpg",898,541,false],"kreeti-medium":["https:\/\/veritasinfo.org\/wp-content\/uploads\/2025\/11\/petrit-2.jpg",720,434,false],"kreeti-medium-square":["https:\/\/veritasinfo.org\/wp-content\/uploads\/2025\/11\/petrit-2.jpg",350,211,false]},"author_info":{"info":["US6"]},"category_info":"<a href=\"https:\/\/veritasinfo.org\/?cat=58\" rel=\"category\">Politik\u00eb<\/a>","tag_info":"Politik\u00eb","comment_count":"0","_links":{"self":[{"href":"https:\/\/veritasinfo.org\/index.php?rest_route=\/wp\/v2\/posts\/21623","targetHints":{"allow":["GET"]}}],"collection":[{"href":"https:\/\/veritasinfo.org\/index.php?rest_route=\/wp\/v2\/posts"}],"about":[{"href":"https:\/\/veritasinfo.org\/index.php?rest_route=\/wp\/v2\/types\/post"}],"author":[{"embeddable":true,"href":"https:\/\/veritasinfo.org\/index.php?rest_route=\/wp\/v2\/users\/7"}],"replies":[{"embeddable":true,"href":"https:\/\/veritasinfo.org\/index.php?rest_route=%2Fwp%2Fv2%2Fcomments&post=21623"}],"version-history":[{"count":1,"href":"https:\/\/veritasinfo.org\/index.php?rest_route=\/wp\/v2\/posts\/21623\/revisions"}],"predecessor-version":[{"id":21625,"href":"https:\/\/veritasinfo.org\/index.php?rest_route=\/wp\/v2\/posts\/21623\/revisions\/21625"}],"wp:featuredmedia":[{"embeddable":true,"href":"https:\/\/veritasinfo.org\/index.php?rest_route=\/wp\/v2\/media\/21624"}],"wp:attachment":[{"href":"https:\/\/veritasinfo.org\/index.php?rest_route=%2Fwp%2Fv2%2Fmedia&parent=21623"}],"wp:term":[{"taxonomy":"category","embeddable":true,"href":"https:\/\/veritasinfo.org\/index.php?rest_route=%2Fwp%2Fv2%2Fcategories&post=21623"},{"taxonomy":"post_tag","embeddable":true,"href":"https:\/\/veritasinfo.org\/index.php?rest_route=%2Fwp%2Fv2%2Ftags&post=21623"}],"curies":[{"name":"wp","href":"https:\/\/api.w.org\/{rel}","templated":true}]}}