{"id":21612,"date":"2025-11-24T19:16:31","date_gmt":"2025-11-24T18:16:31","guid":{"rendered":"https:\/\/veritasinfo.org\/?p=21612"},"modified":"2025-11-24T19:16:31","modified_gmt":"2025-11-24T18:16:31","slug":"ldk-ja-nominon-abdixhikun-ne-garen-per-kryeminister","status":"publish","type":"post","link":"https:\/\/veritasinfo.org\/?p=21612","title":{"rendered":"LDK-ja nominon Abdixhikun n\u00eb gar\u00ebn p\u00ebr kryeminist\u00ebr"},"content":{"rendered":"<p>Prishtin\u00eb, 24 n\u00ebntor 2025 19:16<\/p>\n<p>Lumir Abdixhiku \u00ebsht\u00eb nominuar nga LDK-ja si kandidat p\u00ebr kryeminist\u00ebr. K\u00ebt\u00eb e ka b\u00ebr\u00eb t\u00eb ditur vet\u00eb ai n\u00eb nj\u00eb konferenc\u00eb p\u00ebr media.<\/p>\n<p>N\u00eb k\u00ebt\u00eb zgjedhjet nacionale, Abdixhiku tha se do t\u00eb garojn\u00eb t\u00eb vet\u00ebm.<\/p>\n<p>\u201cTe \u00e7\u00ebshtja e kandidatit p\u00ebr kryeminist\u00ebr, ndon\u00ebse e hapa si tem\u00eb, zgjati shkurt. Kryesia e LDK-s\u00eb e konsideroi se p\u00ebrderisa m\u00eb ka si kryetar partie, at\u00ebher\u00eb m\u00eb nominoi si kandidat p\u00ebr kryeminist\u00ebr.\u00a0N\u00eb k\u00ebt\u00eb pik\u00eb un\u00eb mora autorizimet q\u00eb m\u00eb takojn\u00eb dhe si kryetar, rikonfirmova k\u00ebto autorizime q\u00eb t\u00eb p\u00ebrpiloj list\u00ebn hoqa dor\u00eb nga e drejta ime p\u00ebr renditjen e list\u00ebs, pra kur b\u00ebhet renditja ta keni t\u00eb qart\u00eb se do ta b\u00ebjn\u00eb nj\u00eb grup m\u00eb i madh i njer\u00ebzve n\u00eb m\u00ebnyr\u00eb q\u00eb t\u00eb mos ket\u00eb pak\u00ebnaq\u00ebsi kush \u00ebsht\u00eb m\u00eb para dhe kush m\u00eb mbrapa.\u00a0Diskutuam edhe p\u00ebr bashk\u00ebpunimet n\u00eb zgjedhjet nacionale. Kryesia sot vendosi q\u00eb LDK-ja t\u00eb garoj\u00eb e vetme n\u00eb zgjedhjet e 28 dhjetorit\u201d, deklaroi Abdixhiku n\u00eb konferenc\u00eb.<\/p>\n<p>Nj\u00eb pjes\u00eb t\u00eb list\u00ebs s\u00eb LDK-s\u00eb, Abdixhiku tha se do t\u00eb jet\u00eb e hapur p\u00ebr partit\u00eb e tjera, p\u00ebrfshir\u00eb edhe Fatmir Limajn e NISM\u00cbS.<\/p>\n<p>\u201cLDK-ja do t\u00eb kujdeset q\u00eb nj\u00eb pjes\u00eb t\u00eb list\u00ebs s\u00eb vet ta hap p\u00ebr partit\u00eb e tjera p\u00ebrfshir\u00eb edhe Limajn me deputet\u00ebt e tij. P\u00ebr k\u00ebt\u00eb \u00e7\u00ebshtje do t\u00eb zhvillohen bisedime n\u00eb dit\u00ebt n\u00eb vijim por le t\u00eb themi se kemi gatishm\u00ebri. Si\u00e7 kemi gatishm\u00ebri edhe p\u00ebr partit\u00eb e tjera q\u00eb jan\u00eb Demokristian\u00ebt, Partin\u00eb e Drejt\u00ebsis\u00eb, Aleanc\u00ebn e Pacollit. Pra ne jemi t\u00eb hapur edhe p\u00ebr partit\u00eb edhe p\u00ebr individ\u00ebt. Pra, individ\u00eb q\u00eb duan t\u00eb garojn\u00eb p\u00ebr LDK-n\u00eb, p\u00ebr ngritjen e LDK-s\u00eb\u201d, shtoi Abdixhiku.<\/p>\n","protected":false},"excerpt":{"rendered":"<p>Prishtin\u00eb, 24 n\u00ebntor 2025 19:16 Lumir Abdixhiku \u00ebsht\u00eb nominuar nga LDK-ja si kandidat p\u00ebr kryeminist\u00ebr. K\u00ebt\u00eb e ka b\u00ebr\u00eb t\u00eb ditur vet\u00eb ai n\u00eb nj\u00eb<\/p>\n","protected":false},"author":7,"featured_media":21613,"comment_status":"open","ping_status":"open","sticky":false,"template":"","format":"standard","meta":{"footnotes":""},"categories":[58],"tags":[],"class_list":["post-21612","post","type-post","status-publish","format-standard","has-post-thumbnail","hentry","category-politike-sq"],"yoast_head":"<!-- This site is optimized with the Yoast SEO plugin v25.3.1 - https:\/\/yoast.com\/wordpress\/plugins\/seo\/ -->\n<title>LDK-ja nominon Abdixhikun n\u00eb gar\u00ebn p\u00ebr kryeminist\u00ebr -<\/title>\n<meta name=\"robots\" content=\"index, follow, max-snippet:-1, max-image-preview:large, max-video-preview:-1\" \/>\n<link rel=\"canonical\" href=\"https:\/\/veritasinfo.org\/?p=21612\" \/>\n<meta property=\"og:locale\" content=\"en_US\" \/>\n<meta property=\"og:type\" content=\"article\" \/>\n<meta property=\"og:title\" content=\"LDK-ja nominon Abdixhikun n\u00eb gar\u00ebn p\u00ebr kryeminist\u00ebr -\" \/>\n<meta property=\"og:description\" content=\"Prishtin\u00eb, 24 n\u00ebntor 2025 19:16 Lumir Abdixhiku \u00ebsht\u00eb nominuar nga LDK-ja si kandidat p\u00ebr kryeminist\u00ebr. K\u00ebt\u00eb e ka b\u00ebr\u00eb t\u00eb ditur vet\u00eb ai n\u00eb nj\u00eb\" \/>\n<meta property=\"og:url\" content=\"https:\/\/veritasinfo.org\/?p=21612\" \/>\n<meta property=\"article:published_time\" content=\"2025-11-24T18:16:31+00:00\" \/>\n<meta property=\"og:image\" content=\"https:\/\/veritasinfo.org\/wp-content\/uploads\/2025\/11\/Screenshot-2025-11-24-191536.jpg\" \/>\n\t<meta property=\"og:image:width\" content=\"907\" \/>\n\t<meta property=\"og:image:height\" content=\"587\" \/>\n\t<meta property=\"og:image:type\" content=\"image\/jpeg\" \/>\n<meta name=\"author\" content=\"US6\" \/>\n<meta name=\"twitter:card\" content=\"summary_large_image\" \/>\n<meta name=\"twitter:label1\" content=\"Written by\" \/>\n\t<meta name=\"twitter:data1\" content=\"US6\" \/>\n\t<meta name=\"twitter:label2\" content=\"Est. reading time\" \/>\n\t<meta name=\"twitter:data2\" content=\"2 minutes\" \/>\n<script type=\"application\/ld+json\" class=\"yoast-schema-graph\">{\"@context\":\"https:\/\/schema.org\",\"@graph\":[{\"@type\":\"WebPage\",\"@id\":\"https:\/\/veritasinfo.org\/?p=21612\",\"url\":\"https:\/\/veritasinfo.org\/?p=21612\",\"name\":\"LDK-ja nominon Abdixhikun n\u00eb gar\u00ebn p\u00ebr kryeminist\u00ebr -\",\"isPartOf\":{\"@id\":\"https:\/\/veritasinfo.org\/#website\"},\"primaryImageOfPage\":{\"@id\":\"https:\/\/veritasinfo.org\/?p=21612#primaryimage\"},\"image\":{\"@id\":\"https:\/\/veritasinfo.org\/?p=21612#primaryimage\"},\"thumbnailUrl\":\"https:\/\/veritasinfo.org\/wp-content\/uploads\/2025\/11\/Screenshot-2025-11-24-191536.jpg\",\"datePublished\":\"2025-11-24T18:16:31+00:00\",\"author\":{\"@id\":\"https:\/\/veritasinfo.org\/#\/schema\/person\/fe199eede04c3937362892b7444747cc\"},\"breadcrumb\":{\"@id\":\"https:\/\/veritasinfo.org\/?p=21612#breadcrumb\"},\"inLanguage\":\"en-US\",\"potentialAction\":[{\"@type\":\"ReadAction\",\"target\":[\"https:\/\/veritasinfo.org\/?p=21612\"]}]},{\"@type\":\"ImageObject\",\"inLanguage\":\"en-US\",\"@id\":\"https:\/\/veritasinfo.org\/?p=21612#primaryimage\",\"url\":\"https:\/\/veritasinfo.org\/wp-content\/uploads\/2025\/11\/Screenshot-2025-11-24-191536.jpg\",\"contentUrl\":\"https:\/\/veritasinfo.org\/wp-content\/uploads\/2025\/11\/Screenshot-2025-11-24-191536.jpg\",\"width\":907,\"height\":587},{\"@type\":\"BreadcrumbList\",\"@id\":\"https:\/\/veritasinfo.org\/?p=21612#breadcrumb\",\"itemListElement\":[{\"@type\":\"ListItem\",\"position\":1,\"name\":\"Home\",\"item\":\"https:\/\/veritasinfo.org\/\"},{\"@type\":\"ListItem\",\"position\":2,\"name\":\"LDK-ja nominon Abdixhikun n\u00eb gar\u00ebn p\u00ebr kryeminist\u00ebr\"}]},{\"@type\":\"WebSite\",\"@id\":\"https:\/\/veritasinfo.org\/#website\",\"url\":\"https:\/\/veritasinfo.org\/\",\"name\":\"\",\"description\":\"\",\"potentialAction\":[{\"@type\":\"SearchAction\",\"target\":{\"@type\":\"EntryPoint\",\"urlTemplate\":\"https:\/\/veritasinfo.org\/?s={search_term_string}\"},\"query-input\":{\"@type\":\"PropertyValueSpecification\",\"valueRequired\":true,\"valueName\":\"search_term_string\"}}],\"inLanguage\":\"en-US\"},{\"@type\":\"Person\",\"@id\":\"https:\/\/veritasinfo.org\/#\/schema\/person\/fe199eede04c3937362892b7444747cc\",\"name\":\"US6\",\"image\":{\"@type\":\"ImageObject\",\"inLanguage\":\"en-US\",\"@id\":\"https:\/\/veritasinfo.org\/#\/schema\/person\/image\/\",\"url\":\"https:\/\/secure.gravatar.com\/avatar\/cb16c3c31c9d23b9b8c705964598220b3014e42ff51eb540ff23cefa3ae8c15f?s=96&d=mm&r=g\",\"contentUrl\":\"https:\/\/secure.gravatar.com\/avatar\/cb16c3c31c9d23b9b8c705964598220b3014e42ff51eb540ff23cefa3ae8c15f?s=96&d=mm&r=g\",\"caption\":\"US6\"},\"url\":\"https:\/\/veritasinfo.org\/?author=7\"}]}<\/script>\n<!-- \/ Yoast SEO plugin. -->","yoast_head_json":{"title":"LDK-ja nominon Abdixhikun n\u00eb gar\u00ebn p\u00ebr kryeminist\u00ebr -","robots":{"index":"index","follow":"follow","max-snippet":"max-snippet:-1","max-image-preview":"max-image-preview:large","max-video-preview":"max-video-preview:-1"},"canonical":"https:\/\/veritasinfo.org\/?p=21612","og_locale":"en_US","og_type":"article","og_title":"LDK-ja nominon Abdixhikun n\u00eb gar\u00ebn p\u00ebr kryeminist\u00ebr -","og_description":"Prishtin\u00eb, 24 n\u00ebntor 2025 19:16 Lumir Abdixhiku \u00ebsht\u00eb nominuar nga LDK-ja si kandidat p\u00ebr kryeminist\u00ebr. K\u00ebt\u00eb e ka b\u00ebr\u00eb t\u00eb ditur vet\u00eb ai n\u00eb nj\u00eb","og_url":"https:\/\/veritasinfo.org\/?p=21612","article_published_time":"2025-11-24T18:16:31+00:00","og_image":[{"width":907,"height":587,"url":"https:\/\/veritasinfo.org\/wp-content\/uploads\/2025\/11\/Screenshot-2025-11-24-191536.jpg","type":"image\/jpeg"}],"author":"US6","twitter_card":"summary_large_image","twitter_misc":{"Written by":"US6","Est. reading time":"2 minutes"},"schema":{"@context":"https:\/\/schema.org","@graph":[{"@type":"WebPage","@id":"https:\/\/veritasinfo.org\/?p=21612","url":"https:\/\/veritasinfo.org\/?p=21612","name":"LDK-ja nominon Abdixhikun n\u00eb gar\u00ebn p\u00ebr kryeminist\u00ebr -","isPartOf":{"@id":"https:\/\/veritasinfo.org\/#website"},"primaryImageOfPage":{"@id":"https:\/\/veritasinfo.org\/?p=21612#primaryimage"},"image":{"@id":"https:\/\/veritasinfo.org\/?p=21612#primaryimage"},"thumbnailUrl":"https:\/\/veritasinfo.org\/wp-content\/uploads\/2025\/11\/Screenshot-2025-11-24-191536.jpg","datePublished":"2025-11-24T18:16:31+00:00","author":{"@id":"https:\/\/veritasinfo.org\/#\/schema\/person\/fe199eede04c3937362892b7444747cc"},"breadcrumb":{"@id":"https:\/\/veritasinfo.org\/?p=21612#breadcrumb"},"inLanguage":"en-US","potentialAction":[{"@type":"ReadAction","target":["https:\/\/veritasinfo.org\/?p=21612"]}]},{"@type":"ImageObject","inLanguage":"en-US","@id":"https:\/\/veritasinfo.org\/?p=21612#primaryimage","url":"https:\/\/veritasinfo.org\/wp-content\/uploads\/2025\/11\/Screenshot-2025-11-24-191536.jpg","contentUrl":"https:\/\/veritasinfo.org\/wp-content\/uploads\/2025\/11\/Screenshot-2025-11-24-191536.jpg","width":907,"height":587},{"@type":"BreadcrumbList","@id":"https:\/\/veritasinfo.org\/?p=21612#breadcrumb","itemListElement":[{"@type":"ListItem","position":1,"name":"Home","item":"https:\/\/veritasinfo.org\/"},{"@type":"ListItem","position":2,"name":"LDK-ja nominon Abdixhikun n\u00eb gar\u00ebn p\u00ebr kryeminist\u00ebr"}]},{"@type":"WebSite","@id":"https:\/\/veritasinfo.org\/#website","url":"https:\/\/veritasinfo.org\/","name":"","description":"","potentialAction":[{"@type":"SearchAction","target":{"@type":"EntryPoint","urlTemplate":"https:\/\/veritasinfo.org\/?s={search_term_string}"},"query-input":{"@type":"PropertyValueSpecification","valueRequired":true,"valueName":"search_term_string"}}],"inLanguage":"en-US"},{"@type":"Person","@id":"https:\/\/veritasinfo.org\/#\/schema\/person\/fe199eede04c3937362892b7444747cc","name":"US6","image":{"@type":"ImageObject","inLanguage":"en-US","@id":"https:\/\/veritasinfo.org\/#\/schema\/person\/image\/","url":"https:\/\/secure.gravatar.com\/avatar\/cb16c3c31c9d23b9b8c705964598220b3014e42ff51eb540ff23cefa3ae8c15f?s=96&d=mm&r=g","contentUrl":"https:\/\/secure.gravatar.com\/avatar\/cb16c3c31c9d23b9b8c705964598220b3014e42ff51eb540ff23cefa3ae8c15f?s=96&d=mm&r=g","caption":"US6"},"url":"https:\/\/veritasinfo.org\/?author=7"}]}},"featured_image_urls":{"full":["https:\/\/veritasinfo.org\/wp-content\/uploads\/2025\/11\/Screenshot-2025-11-24-191536.jpg",907,587,false],"thumbnail":["https:\/\/veritasinfo.org\/wp-content\/uploads\/2025\/11\/Screenshot-2025-11-24-191536-150x150.jpg",150,150,true],"medium":["https:\/\/veritasinfo.org\/wp-content\/uploads\/2025\/11\/Screenshot-2025-11-24-191536-300x194.jpg",300,194,true],"medium_large":["https:\/\/veritasinfo.org\/wp-content\/uploads\/2025\/11\/Screenshot-2025-11-24-191536-768x497.jpg",640,414,true],"large":["https:\/\/veritasinfo.org\/wp-content\/uploads\/2025\/11\/Screenshot-2025-11-24-191536.jpg",640,414,false],"1536x1536":["https:\/\/veritasinfo.org\/wp-content\/uploads\/2025\/11\/Screenshot-2025-11-24-191536.jpg",907,587,false],"2048x2048":["https:\/\/veritasinfo.org\/wp-content\/uploads\/2025\/11\/Screenshot-2025-11-24-191536.jpg",907,587,false],"kreeti-slider-full":["https:\/\/veritasinfo.org\/wp-content\/uploads\/2025\/11\/Screenshot-2025-11-24-191536.jpg",907,587,false],"kreeti-featured":["https:\/\/veritasinfo.org\/wp-content\/uploads\/2025\/11\/Screenshot-2025-11-24-191536.jpg",907,587,false],"kreeti-medium":["https:\/\/veritasinfo.org\/wp-content\/uploads\/2025\/11\/Screenshot-2025-11-24-191536.jpg",720,466,false],"kreeti-medium-square":["https:\/\/veritasinfo.org\/wp-content\/uploads\/2025\/11\/Screenshot-2025-11-24-191536.jpg",350,227,false]},"author_info":{"info":["US6"]},"category_info":"<a href=\"https:\/\/veritasinfo.org\/?cat=58\" rel=\"category\">Politik\u00eb<\/a>","tag_info":"Politik\u00eb","comment_count":"0","_links":{"self":[{"href":"https:\/\/veritasinfo.org\/index.php?rest_route=\/wp\/v2\/posts\/21612","targetHints":{"allow":["GET"]}}],"collection":[{"href":"https:\/\/veritasinfo.org\/index.php?rest_route=\/wp\/v2\/posts"}],"about":[{"href":"https:\/\/veritasinfo.org\/index.php?rest_route=\/wp\/v2\/types\/post"}],"author":[{"embeddable":true,"href":"https:\/\/veritasinfo.org\/index.php?rest_route=\/wp\/v2\/users\/7"}],"replies":[{"embeddable":true,"href":"https:\/\/veritasinfo.org\/index.php?rest_route=%2Fwp%2Fv2%2Fcomments&post=21612"}],"version-history":[{"count":1,"href":"https:\/\/veritasinfo.org\/index.php?rest_route=\/wp\/v2\/posts\/21612\/revisions"}],"predecessor-version":[{"id":21614,"href":"https:\/\/veritasinfo.org\/index.php?rest_route=\/wp\/v2\/posts\/21612\/revisions\/21614"}],"wp:featuredmedia":[{"embeddable":true,"href":"https:\/\/veritasinfo.org\/index.php?rest_route=\/wp\/v2\/media\/21613"}],"wp:attachment":[{"href":"https:\/\/veritasinfo.org\/index.php?rest_route=%2Fwp%2Fv2%2Fmedia&parent=21612"}],"wp:term":[{"taxonomy":"category","embeddable":true,"href":"https:\/\/veritasinfo.org\/index.php?rest_route=%2Fwp%2Fv2%2Fcategories&post=21612"},{"taxonomy":"post_tag","embeddable":true,"href":"https:\/\/veritasinfo.org\/index.php?rest_route=%2Fwp%2Fv2%2Ftags&post=21612"}],"curies":[{"name":"wp","href":"https:\/\/api.w.org\/{rel}","templated":true}]}}