{"id":21605,"date":"2025-11-24T18:21:17","date_gmt":"2025-11-24T17:21:17","guid":{"rendered":"https:\/\/veritasinfo.org\/?p=21605"},"modified":"2025-11-24T18:21:45","modified_gmt":"2025-11-24T17:21:45","slug":"nje-deshmitar-i-prokurorise-pranoi-se-e-ekzagjeroi-rrefimin-vetem-per-tu-pranuar-si-viktime-pjesemarrese-ne-rastin-ndaj-ish-krereve-te-uck-se","status":"publish","type":"post","link":"https:\/\/veritasinfo.org\/?p=21605","title":{"rendered":"Nj\u00eb d\u00ebshmitar i Prokuroris\u00eb pranoi se e ekzagjeroi rr\u00ebfimin vet\u00ebm p\u00ebr t\u2019u pranuar si viktim\u00eb pjes\u00ebmarr\u00ebse n\u00eb rastin ndaj ish-krer\u00ebve t\u00eb U\u00c7K-s\u00eb"},"content":{"rendered":"<p>Prishtin\u00eb, 24 n\u00ebntor 2025 18:20<\/p>\n<p>Nj\u00ebri nga\u00a0d\u00ebshmitar\u00ebt\u00a0n\u00eb\u00a0\u00e7\u00ebshtjen\u00a0gjyq\u00ebsore ndaj Hashim\u00a0Tha\u00e7it, Kadri Veselit, Rexhep Selimit dhe Jakup Krasniqit ka pranuar se ka ekzagjeruar torturat q\u00eb\u00a0pretendon se iu ishin b\u00ebr\u00eb\u00a0atij, vet\u00ebm p\u00ebr t\u2019u pranuar si viktim\u00eb\u00a0pjes\u00ebmarr\u00ebse\u00a0n\u00eb\u00a0k\u00ebt\u00eb\u00a0proces.<\/p>\n<p>B\u00ebhet fjal\u00eb\u00a0p\u00ebr d\u00ebshmitarin e\u00a035-t\u00eb\u00a0n\u00eb\u00a0k\u00ebt\u00eb\u00a0proces gjyq\u00ebsor, i cili ishte d\u00ebshmitar i mbrojtur i Zyr\u00ebs s\u00eb Prokurorit t\u00eb Specializuar (ZPS), raporton \u201cBetimi p\u00ebr Drejt\u00ebsi\u201d.<\/p>\n<p>Gjat\u00eb d\u00ebshmis\u00eb s\u00eb tij, mbrojtja e Selimit, konkretisht avokati\u00a0Geoffrey\u00a0Robert, kishte v\u00ebrejtur mosp\u00ebrputhje t\u00eb\u00a0deklaratave sa i p\u00ebrket koh\u00ebs s\u00eb\u00a0rrahjeve dhe m\u00ebnyr\u00ebs si\u00a0\u00ebsht\u00eb\u00a0rrahur.<\/p>\n<p>Pas k\u00ebsaj, vet\u00eb d\u00ebshmitari kishte pohuar se ka ekzagjeruar d\u00ebshmin\u00eb e tij, si\u00e7 b\u00ebhet e ditur nga\u00a0transkriptet\u00a0e\u00a0riklasifikuara\u00a0si publike me redaktimet p\u00ebrkat\u00ebse.<\/p>\n<p>Goeffrey\u00a0Roberts:\u00a0Patjet\u00ebr. Pra, a e pranoni, e pranoni q\u00eb keni ndryshuar d\u00ebshmin\u00eb dhe e keni ekzagjeruar me q\u00ebllim q\u00eb t\u00eb mb\u00ebshtesnit k\u00ebrkes\u00ebn tuaj q\u00eb t\u00eb pranoheshit si viktim\u00eb n\u00eb k\u00ebt\u00eb proces gjyq\u00ebsor?<\/p>\n<p>D\u00ebshmitari:\u00a0Po, e pranoj.<\/p>\n<p>Fillimisht, sipas p\u00ebrmbledhjes s\u00eb\u00a0lexuar p\u00ebr k\u00ebt\u00eb\u00a0d\u00ebshmitar n\u00eb\u00a0sall\u00ebn e gjyqit, u tha se ai ishte arrestuar nga 8 apo 9 an\u00ebtar\u00eb\u00a0t\u00eb\u00a0U\u00c7K-s\u00eb,\u00a0q\u00eb\u00a0shumica prej tyre ishin me maska e q\u00eb\u00a0m\u00eb\u00a0pas e kishin vendosur me duar t\u00eb\u00a0lidhura pas shpine\u00a0dhe me mask\u00eb\u00a0n\u00eb\u00a0kok\u00eb.<\/p>\n<p>Ve\u00e7\u00a0k\u00ebsaj, Prokuroria kishte th\u00ebn\u00eb\u00a0se duke u bazuar n\u00eb\u00a0deklarat\u00ebn e d\u00ebshmitarit, automjeti kishte marr\u00eb\u00a0edhe nj\u00eb\u00a0person tjet\u00ebr t\u00eb\u00a0cil\u00ebt m\u00eb\u00a0pas i d\u00ebrguan dhe i mbajt\u00ebn t\u00eb\u00a0ndaluar s\u00eb\u00a0bashku.<\/p>\n<p>Sipas d\u00ebshmis\u00eb, d\u00ebshmitari ishte rrahur aq shum\u00eb\u00a0sa nuk merrte dot frym\u00eb\u00a0si dhe kishte humbur ndjenjat. Pas kat\u00ebr dit\u00ebsh, ky d\u00ebshmitar ishte liruar nga rojet e burgut me uniforma t\u00eb\u00a0zeza nd\u00ebrsa t\u00eb\u00a0arrestuarit e tjer\u00eb\u00a0kishin\u00a0mbetur t\u00eb\u00a0ndaluar n\u00eb\u00a0dhom\u00eb.<\/p>\n<p>Nd\u00ebrsa,\u00a0gjat\u00eb\u00a0d\u00ebshmis\u00eb\u00a0s\u00eb\u00a0tij n\u00eb\u00a0Hag\u00eb,\u00a0d\u00ebshmitari\u00a0ka th\u00ebn\u00eb\u00a0se nuk i ka par\u00eb\u00a0personat q\u00eb\u00a0e kan\u00eb\u00a0rrahur sepse ka pasur t\u00eb\u00a0vendosur mask\u00eb\u00a0n\u00eb\u00a0kok\u00eb. Por, personat q\u00eb\u00a0e kan\u00eb\u00a0rrahur, sipas d\u00ebshmitarit kan\u00eb\u00a0qen\u00eb\u00a0me uniforma t\u00eb\u00a0zeza.<\/p>\n<p>\u201cS\u2019mundem me\u00a0p\u00ebrshkru. Nuk e di, kam\u00a0pas\u00eb\u00a0mask\u00eb, dhe ma kan\u00eb humb\u00eb vet\u00ebdijen. Edhe kur jam\u00a0\u00e7u\u00a0kam\u00a0pas\u00eb\u00a0mask\u00ebn prap\u00eb n\u00eb kok\u00eb. Ma kan\u00eb\u00a0hjek\u00eb\u00a0mask\u00ebn s\u2019e di kush m\u00eb kan\u00eb rrah\u00eb. Me uniforma t\u00eb zeza kan\u00eb qen\u00eb\u201d, ka th\u00ebn\u00eb\u00a0ai.<\/p>\n<p>Ky d\u00ebshmitar madje e p\u00ebrshkruan rrahjen q\u00eb\u00a0iu\u00a0\u00ebsht\u00eb\u00a0b\u00ebr\u00eb,\u00a0duke th\u00ebn\u00eb\u00a0se nuk e di se n\u00eb\u00a0cil\u00ebn pjes\u00eb\u00a0t\u00eb\u00a0trupit m\u00eb\u00a0shum\u00eb\u00a0\u00ebsht\u00eb\u00a0goditur.<\/p>\n<p>\u201cPo me\u00a0grushta, me shkelma, po m\u00eb\u00a0bijshin\u00a0n\u00eb t\u00eb t\u00ebra an\u00ebt, ku\u00a0mujshin, krejt, n\u00eb t\u00eb gjitha an\u00ebt, ku t\u00eb\u00a0mujshin. Nuk e di. M\u00eb kan\u00eb rrah\u00eb, ma kan\u00eb humb\u00eb vet\u00ebdijen, nuk e di n\u00eb cil\u00ebn pjes\u00eb t\u00eb trupit m\u00eb kan\u00eb rrah\u00eb. M\u00eb kan\u00eb rrah\u00eb n\u00eb kok\u00eb, a m\u00eb kan\u00eb rrah\u00eb n\u00eb trup. Sipas gjasave m\u00eb kan\u00eb rrah\u00eb edhe n\u00eb trup edhe n\u00eb kok\u00eb. Por nuk e di, s\u2019ma kan\u00eb\u00a0hjek\u00eb, kam\u00a0pas\u00eb\u00a0mask\u00ebn, s\u2019di. M\u00eb ka hup\u00eb vet\u00ebdija\u201d, ka th\u00ebn\u00eb\u00a0d\u00ebshmitari.<\/p>\n<p>P\u00ebr nj\u00eb\u00a0t\u00eb\u00a0ndaluar tjet\u00ebr emri i t\u00eb\u00a0cilit\u00a0\u00ebsht\u00eb\u00a0i redaktuar, d\u00ebshmitari ka th\u00ebn\u00eb\u00a0se kan\u00eb\u00a0qen\u00eb\u00a0s\u00eb\u00a0bashku n\u00eb\u00a0nj\u00eb\u00a0dhom\u00eb\u00a0por arsyen e ndalimit t\u00eb\u00a0tij nuk e di.<\/p>\n<p>N\u00eb\u00a0nj\u00eb\u00a0intervist\u00eb, d\u00ebshmitari kishte deklaruar se e\u00a0kishte humbur d\u00ebgjimin si pasoj\u00eb\u00a0e asaj q\u00eb\u00a0i kishte ndodhur.<\/p>\n<p>\u201cSipas gjasave, po, lidhet me at\u00eb. Sipas gjasave. P\u00ebrpara kam\u00a0d\u00ebgju\u00a0mir\u00eb\u201d, ka th\u00ebn\u00eb\u00a0d\u00ebshmitari.<\/p>\n<p>Ve\u00e7\u00a0k\u00ebsaj, d\u00ebshmitari kishte th\u00ebn\u00eb\u00a0se\u00a0\u00ebsht\u00eb\u00a0ndjer\u00eb\u00a0ndryshe\u00a0emocionalisht\u00a0dhe fizikisht pas asaj se\u00a0\u00e7ka\u00a0i ka ndodhur.<\/p>\n<p>\u201cJam ndjer\u00eb ndryshe, jo si p\u00ebrpara se t\u00eb ndalohem, ndryshe jam ndjer\u00eb, me dhimbje t\u00eb shpin\u00ebs, me dhimbje t\u00eb trupit. Si jam ndjer\u00eb, mir\u00eb,\u00a0psiqikisht\u00a0k\u00ebshtu jam kan\u00eb i\u00a0ngarkum, me pozit\u00ebn n\u00eb t\u00eb cil\u00ebn ma kan\u00eb\u00a0ba. Kishte, kishte harresa, kishte qysh me than\u00eb, kishte dhimbje t\u00eb trupit, kok\u00ebs. Edhe kishte presion prej vetvetes, k\u00ebshtu q\u00eb \u00e7ka m\u00eb kan\u00eb\u00a0ba\u201d, ka th\u00ebn\u00eb\u00a0d\u00ebshmitari.<\/p>\n<p>P\u00ebr rrjedhoj\u00eb, d\u00ebshmitari kishte th\u00ebn\u00eb\u00a0se i vinte edhe turp\u00a0prej asaj se\u00a0\u00e7far\u00eb\u00a0i kishte ndodhur\u00a0por q\u00eb\u00a0kishte refuzuar q\u00eb\u00a0t\u00eb\u00a0p\u00ebrgjigjet n\u00eb\u00a0pyetje m\u00eb\u00a0t\u00eb\u00a0detajuara.<\/p>\n<p>Personat q\u00eb\u00a0e ndaluan, sipas d\u00ebshmitarit, kishin maska\u00a0p\u00ebrve\u00e7\u00a0dy prej tyre q\u00eb\u00a0kishin\u00a0fytyr\u00ebn\u00a0e ngjyrosur e q\u00eb\u00a0nuk arriti t\u2019i identifikonte.<\/p>\n<p>D\u00ebshmitari ishte pyetur nga mbrojtja\u00a0se a ishte viktim\u00eb\u00a0n\u00eb\u00a0k\u00ebt\u00eb\u00a0proces gjyq\u00ebsor dhe ai ishte p\u00ebrgjigjur \u201cme siguri viktim\u00eb\u00a0jam\u201d,\u00a0por q\u00eb\u00a0mohoi se ka plot\u00ebsuar ndonj\u00eb\u00a0k\u00ebrkes\u00eb\u00a0p\u00ebr pjes\u00ebmarrje dhe se nuk e di n\u00ebse dikush e ka b\u00ebr\u00eb\u00a0n\u00eb\u00a0em\u00ebr t\u00eb\u00a0tij. Por\u00a0m\u00eb\u00a0pas ishte prezantuar k\u00ebrkesa p\u00ebr k\u00ebt\u00eb\u00a0proces p\u00ebr t\u00eb\u00a0cil\u00ebn tha d\u00ebshmitari q\u00eb e\u00a0ka plot\u00ebsuar vet\u00eb.<\/p>\n<p>Ky d\u00ebshmitar ka pasur mosp\u00ebrputhje t\u00eb\u00a0deklaratave sa i p\u00ebrket koh\u00ebs s\u00eb\u00a0rrahjeve dhe m\u00ebnyr\u00ebs si\u00a0\u00ebsht\u00eb\u00a0rrahur. P\u00ebr ZPS-n\u00eb\u00a0kishte th\u00ebn\u00eb\u00a0se nuk\u00a0\u00ebsht\u00eb\u00a0rrahur me\u00a0\u201cstupc\u201d\u00a0druri, nd\u00ebrsa n\u00eb\u00a0k\u00ebrkes\u00ebn p\u00ebr pjes\u00ebmarrje si viktim\u00eb\u00a0n\u00eb\u00a0proces, ai kishte deklaruar t\u00eb\u00a0kund\u00ebrt\u00ebn.<\/p>\n<p>Si rrjedhoj\u00eb, d\u00ebshmitari u arsyetua duke th\u00ebn\u00eb\u00a0se nuk i kujtohet se si\u00a0\u00ebsht\u00eb\u00a0rrahur.<\/p>\n<p>Geoffrey\u00a0Roberts\u00a0i cili p\u00ebrfaq\u00ebson Rexhep\u00a0Selimin\u00a0i kishte th\u00ebn\u00eb\u00a0d\u00ebshmitarit se e ka ndryshuar d\u00ebshmin\u00eb,\u00a0duke th\u00ebn\u00eb\u00a0se\u00a0\u00ebsht\u00ebgoditur edhe n\u00eb\u00a0kok\u00eb\u00a0p\u00ebr t\u00eb\u00a0mb\u00ebshtetur pretendimin se i ka humbur vet\u00ebdija.<\/p>\n<p>\u201cUn\u00eb mendoj se e kam hup\u00eb vet\u00ebdijen edhe se m\u00eb kan\u00eb ra n\u00eb kok\u00eb. Se vet\u00ebdija nuk hup ve\u00e7 n\u00eb trup me t\u00eb ra. Por mendimi jem \u00ebsht\u00eb\u201d, ka th\u00ebn\u00eb\u00a0d\u00ebshmitari.<\/p>\n<p>Ky d\u00ebshmitar kishte\u00a0pohuar se\u00a0e ka ekzagjeruar d\u00ebshmin\u00eb\u00a0e tij p\u00ebr t\u2019u\u00a0pranuar si viktim\u00eb\u00a0pjes\u00ebmarr\u00ebse n\u00eb\u00a0k\u00ebt\u00eb\u00a0proces.<\/p>\n<p>Geoffrey\u00a0Roberts:\u00a0Po, sepse k\u00ebrkes\u00ebn p\u00ebr krimet n\u00eb aktakuz\u00eb mund ta b\u00ebje vet\u00ebm n\u00eb fund t\u00eb vitit 2020 pasi u konfirmua dhe aktakuza. Q\u00eb t\u00eb jemi t\u00eb qart\u00eb p\u00ebr k\u00ebt\u00eb pik\u00eb, un\u00eb po ju them se e keni ekzagjeruar d\u00ebshmin\u00eb tuaj edhe tek formulari p\u00ebr t\u2019u pranuar edhe sot. Dhe k\u00ebt\u00eb e keni b\u00ebr\u00eb q\u00eb t\u00eb mb\u00ebshtesnit k\u00ebrkes\u00ebn tuaj p\u00ebr t\u2019u pranuar si viktim\u00eb, dhe prandaj e keni zgjatur edhe koh\u00ebn q\u00eb ju kan\u00eb rrahur, dhe tani pretendoni q\u00eb ju kan\u00eb rrahur dhe me shkop druri, por m\u00eb p\u00ebrpara e ke\u00a0mohuar k\u00ebt\u00eb gj\u00eb, dhe tani thoni q\u00eb ju kan\u00eb rrahur dhe n\u00eb kok\u00eb. Di\u00e7ka q\u00eb n\u00eb t\u00eb shkuar\u00ebn keni th\u00ebn\u00eb q\u00eb nuk ka ndodhur. A e pranoni k\u00ebt\u00eb q\u00eb\u00a0po them un\u00eb?<\/p>\n<p>D\u00ebshmitari:\u00a0Me siguri viktim\u00eb jam.<\/p>\n<p>Goeffrey\u00a0Roberts:\u00a0Pra, a e pranoni, q\u00eb keni ndryshuar d\u00ebshmin\u00eb dhe e keni ekzagjeruar me q\u00ebllim q\u00eb t\u00eb mb\u00ebshtesnit k\u00ebrkes\u00ebn tuaj q\u00eb t\u00eb pranoheshit si viktim\u00eb n\u00eb k\u00ebt\u00eb proces gjyq\u00ebsor?<\/p>\n<p>D\u00ebshmitari:\u00a0Po, e pranoj.<\/p>\n<p>Duke folur p\u00ebr bashk\u00eb\u00a0t\u00eb\u00a0ndaluarin, d\u00ebshmitari tha se nuk e ka pa q\u00eb\u00a0\u00ebsht\u00eb\u00a0keqtrajtuar ai person dhe as ndonj\u00eb\u00a0shenj\u00eb\u00a0t\u00eb\u00a0keqtrajtimit.<\/p>\n<p>\u201cS\u2019e kam pa, jo. S\u2019kam pa kurrgj\u00eb\u201d, ka th\u00ebn\u00eb\u00a0d\u00ebshmitari.<\/p>\n<p>Mbrojtja ka filluar me paraqitjen e provave t\u00eb saj m\u00eb\u00a015 shtator 2025, ku p\u00ebr tri dit\u00eb me radh\u00eb u d\u00ebgjua ish-ndihm\u00ebsi i sekretarit amerikan t\u00eb shtetit,\u00a0James\u00a0Rubin.<\/p>\n<p>Nd\u00ebrsa, pas tij u thirr\u00a0ish-k\u00ebshilltari ligjor i delegacionit shqiptar n\u00eb\u00a0Rambuje,\u00a0Paul\u00a0Williams. Kurse, ish-k\u00ebshilltari politik i komandantit t\u00eb lart\u00eb t\u00eb NATO-s,\u00a0Wesley\u00a0Clark,\u00a0John\u00a0Stewart\u00a0Duncan\u00a0filloi d\u00ebshmin\u00eb m\u00eb\u00a022 shtator\u00a0dhe e mbaroi m\u00eb\u00a023 shtator 2025.<\/p>\n<p>Kurse, m\u00eb\u00a030 shtator\u00a0nisi d\u00ebshmin\u00eb\u00a0James\u00a0Peter\u00a0Covey, ish-z\u00ebvend\u00ebs i p\u00ebrfaq\u00ebsuesit t\u00eb OKB-s\u00eb n\u00eb Kosov\u00eb,\u00a0Bernard\u00a0Kouchner.\u00a0Covey\u00a0e p\u00ebrfundoi d\u00ebshmin\u00eb m\u00eb\u00a02 tetor.<\/p>\n<p>M\u00eb pas, ish-diplomati amerikan\u00a0Christopher\u00a0Hill\u00a0filloi d\u00ebshmin\u00eb m\u00eb\u00a010 n\u00ebntor\u00a02025 dhe vazhdoi edhe m\u00eb\u00a011 n\u00ebntor 2025\u00a0dhe\u00a012 n\u00ebntor 2025. E ish-k\u00ebshilltari politik i\u00a0Wesley\u00a0Clark,\u00a0Michael\u00a0Durkee\u00a0d\u00ebshmoi m\u00eb\u00a012\u00a0dhe\u00a013 n\u00ebntor 2025. Nd\u00ebrsa, m\u00eb\u00a017 n\u00ebntor\u00a0e filloi d\u00ebshmin\u00eb Wesley\u00a0Clark\u00a0i cili e p\u00ebrfundoi m\u00eb pas m\u00eb\u00a018 n\u00ebntor 2025.<\/p>\n<p>N\u00eb mb\u00ebshtetje t\u00eb ish-krer\u00ebve t\u00eb U\u00c7K-s\u00eb t\u00eb cil\u00ebt po gjykohen n\u00eb Hag\u00eb jan\u00eb mbajtur kat\u00ebr protesta n\u00eb\u00a0Prishtin\u00eb,\u00a0Hag\u00eb,\u00a0Tiran\u00eb\u00a0dhe\u00a0Strasburg.<\/p>\n<p>DhSK-ja kishte b\u00ebr\u00eb t\u00eb ditur se\u00a014 n\u00ebntori 2025\u00a0\u00ebsht\u00eb caktuar si dat\u00eb p\u00ebr p\u00ebrfundimin e \u00e7\u00ebshtjes s\u00eb mbrojtjes n\u00eb k\u00ebt\u00eb rast, kurse parashtresat p\u00ebrfundimtare t\u00eb procesit dhe deklaratat mbi ndikimin e krimeve t\u00eb pretenduara tek viktimave q\u00eb marrin pjes\u00eb n\u00eb procedur\u00eb planifikohen t\u00eb paraqiten deri m\u00eb 22 dhjetor 2025<\/p>\n<p>Nd\u00ebrkoh\u00eb, m\u00eb 15 prill 2025, Prokuroria ka njoftuar se ka p\u00ebrfunduar paraqitjen e provave n\u00eb k\u00ebt\u00eb rast.<\/p>\n<p>Nd\u00ebrsa, mbrojtja kishte b\u00ebr\u00eb k\u00ebrkes\u00eb sipas Rregull\u00ebs 130, e cila parasheh k\u00ebrkes\u00ebn p\u00ebr rr\u00ebzimin e ndonj\u00eb akuze apo akuzave n\u00eb t\u00ebr\u00ebsi n\u00eb aktakuz\u00eb. Vendimi mbi k\u00ebt\u00eb k\u00ebrkes\u00eb ishte\u00a0marr\u00eb m\u00eb 16 korrik 2025. Sipas kryetarit t\u00eb trupit gjykues,\u00a0Charles\u00a0Smith\u00a0III, ajo q\u00eb kishte k\u00ebrkuar mbrojtja ishte\u00a0mosmb\u00ebshtetja\u00a0n\u00eb pretendime p\u00ebr krime lufte q\u00eb kan\u00eb t\u00eb b\u00ebjn\u00eb me incidente q\u00eb kan\u00eb ndodhur para majit t\u00eb 1998-\u00ebs dhe pas 20 qershorit t\u00eb 1999-\u00ebs.<\/p>\n<p>\u201cTrupi gjykues v\u00ebren se incidentet dhe ngjarjet q\u00eb kan\u00eb ndodhur n\u00eb koh\u00ebn q\u00eb kund\u00ebrshtohen prej mbrojtjes nuk jan\u00eb akuza brenda kuptimit t\u00eb Rregull\u00ebs 130\u201d, tha kryetari i trupit gjykues,\u00a0Charles\u00a0Smith\u00a0III.<\/p>\n<p>Si rrjedhoj\u00eb, ishte rr\u00ebzuar ky mocion me arsyetimin se trupi gjykues s\u2019e ka autoritetin p\u00ebr t\u00eb rr\u00ebzuar materiale q\u00eb p\u00ebrb\u00ebjn\u00eb akuzat q\u00eb kan\u00eb t\u00eb b\u00ebjn\u00eb me shkaqe kohore. Nd\u00ebrsa, po t\u00eb nj\u00ebjt\u00ebn dit\u00eb, mbrojtja e viktimave kishte paraqitur provat e veta duke thirrur dy d\u00ebshmitare eksperte p\u00ebr t\u00eb d\u00ebshmuar nj\u00ebkoh\u00ebsisht.<\/p>\n<p>P\u00ebrve\u00e7 q\u00eb d\u00ebshmuan m\u00eb 16 korrik 2025, d\u00ebshmia e k\u00ebtyre dy d\u00ebshmitareve vazhdoi edhe\u00a0m\u00eb 17 korrik 2025, duke p\u00ebrfunduar k\u00ebshtu edhe marrja e d\u00ebshmive t\u00eb d\u00ebshmitar\u00ebve t\u00eb mbrojtjes s\u00eb viktimave.<\/p>\n<p>Zyra e Prokurorit t\u00eb Specializuar, m\u00eb 30 shtator 2022 ka dor\u00ebzuar aktakuz\u00ebn e konfirmuar t\u00eb ndryshuar ndaj Hashim Tha\u00e7it, Kadri Veselit, Jakup Krasniqit dhe Rexhep\u00a0Selimit, e cila p\u00ebrb\u00ebhet nga dhjet\u00eb pika me akuza, ku k\u00ebta t\u00eb fundit ngarkohen p\u00ebr krime lufte e krime kund\u00ebr njer\u00ebzimit.<\/p>\n<p>M\u00eb 29 prill 2022, Zyra e Prokurorit t\u00eb Specializuar kishte dor\u00ebzuar nj\u00eb aktakuz\u00eb t\u00eb ndryshuar ndaj Hashim Tha\u00e7it, Kadri Veselit, Rexhep Selimit e Jakup Krasniqit, ku pretendohet se kat\u00ebr t\u00eb akuzuarit kan\u00eb kryer krime lufte edhe n\u00eb\u00a0Gjilan,\u00a0Budakov\u00eb\u00a0e\u00a0Semetisht\u00eb.<\/p>\n<p>M\u00eb 9 n\u00ebntor t\u00eb vitit 2020, n\u00eb paraqitjet e tyre t\u00eb para,\u00a0Jakup Krasniqi\u00a0e\u00a0Hashim Tha\u00e7i\u00a0jan\u00eb deklaruar t\u00eb pafajsh\u00ebm p\u00ebr akuzat q\u00eb u vihen n\u00eb barr\u00eb. Nj\u00ebjt\u00eb \u00ebsht\u00eb deklaruar edhe Veseli n\u00eb paraqitjen e tij m\u00eb 10 n\u00ebntor, sikurse edhe\u00a0Rexhep\u00a0Selimi\u00a0m\u00eb 11 n\u00ebntor.<\/p>\n<p>Aktakuza ndaj Hashim Tha\u00e7it, Kadri Veselit, Rexhep Selimit dhe Jakup Krasniqit \u00ebsht\u00eb konfirmuar m\u00eb 26 tetor 2020<\/p>\n<p>&nbsp;<\/p>\n<p>&nbsp;<\/p>\n","protected":false},"excerpt":{"rendered":"<p>Prishtin\u00eb, 24 n\u00ebntor 2025 18:20 Nj\u00ebri nga\u00a0d\u00ebshmitar\u00ebt\u00a0n\u00eb\u00a0\u00e7\u00ebshtjen\u00a0gjyq\u00ebsore ndaj Hashim\u00a0Tha\u00e7it, Kadri Veselit, Rexhep Selimit dhe Jakup Krasniqit ka pranuar se ka ekzagjeruar torturat q\u00eb\u00a0pretendon se iu<\/p>\n","protected":false},"author":7,"featured_media":21608,"comment_status":"open","ping_status":"open","sticky":false,"template":"","format":"standard","meta":{"footnotes":""},"categories":[60],"tags":[],"class_list":["post-21605","post","type-post","status-publish","format-standard","has-post-thumbnail","hentry","category-shoqerore-sq"],"yoast_head":"<!-- This site is optimized with the Yoast SEO plugin v25.3.1 - https:\/\/yoast.com\/wordpress\/plugins\/seo\/ -->\n<title>Nj\u00eb d\u00ebshmitar i Prokuroris\u00eb pranoi se e ekzagjeroi rr\u00ebfimin vet\u00ebm p\u00ebr t\u2019u pranuar si viktim\u00eb pjes\u00ebmarr\u00ebse n\u00eb rastin ndaj ish-krer\u00ebve t\u00eb U\u00c7K-s\u00eb -<\/title>\n<meta name=\"robots\" content=\"index, follow, max-snippet:-1, max-image-preview:large, max-video-preview:-1\" \/>\n<link rel=\"canonical\" href=\"https:\/\/veritasinfo.org\/?p=21605\" \/>\n<meta property=\"og:locale\" content=\"en_US\" \/>\n<meta property=\"og:type\" content=\"article\" \/>\n<meta property=\"og:title\" content=\"Nj\u00eb d\u00ebshmitar i Prokuroris\u00eb pranoi se e ekzagjeroi rr\u00ebfimin vet\u00ebm p\u00ebr t\u2019u pranuar si viktim\u00eb pjes\u00ebmarr\u00ebse n\u00eb rastin ndaj ish-krer\u00ebve t\u00eb U\u00c7K-s\u00eb -\" \/>\n<meta property=\"og:description\" content=\"Prishtin\u00eb, 24 n\u00ebntor 2025 18:20 Nj\u00ebri nga\u00a0d\u00ebshmitar\u00ebt\u00a0n\u00eb\u00a0\u00e7\u00ebshtjen\u00a0gjyq\u00ebsore ndaj Hashim\u00a0Tha\u00e7it, Kadri Veselit, Rexhep Selimit dhe Jakup Krasniqit ka pranuar se ka ekzagjeruar torturat q\u00eb\u00a0pretendon se iu\" \/>\n<meta property=\"og:url\" content=\"https:\/\/veritasinfo.org\/?p=21605\" \/>\n<meta property=\"article:published_time\" content=\"2025-11-24T17:21:17+00:00\" \/>\n<meta property=\"article:modified_time\" content=\"2025-11-24T17:21:45+00:00\" \/>\n<meta property=\"og:image\" content=\"https:\/\/veritasinfo.org\/wp-content\/uploads\/2025\/11\/haga.jpg\" \/>\n\t<meta property=\"og:image:width\" content=\"845\" \/>\n\t<meta property=\"og:image:height\" content=\"591\" \/>\n\t<meta property=\"og:image:type\" content=\"image\/jpeg\" \/>\n<meta name=\"author\" content=\"US6\" \/>\n<meta name=\"twitter:card\" content=\"summary_large_image\" \/>\n<meta name=\"twitter:label1\" content=\"Written by\" \/>\n\t<meta name=\"twitter:data1\" content=\"US6\" \/>\n\t<meta name=\"twitter:label2\" content=\"Est. reading time\" \/>\n\t<meta name=\"twitter:data2\" content=\"8 minutes\" \/>\n<script type=\"application\/ld+json\" class=\"yoast-schema-graph\">{\"@context\":\"https:\/\/schema.org\",\"@graph\":[{\"@type\":\"WebPage\",\"@id\":\"https:\/\/veritasinfo.org\/?p=21605\",\"url\":\"https:\/\/veritasinfo.org\/?p=21605\",\"name\":\"Nj\u00eb d\u00ebshmitar i Prokuroris\u00eb pranoi se e ekzagjeroi rr\u00ebfimin vet\u00ebm p\u00ebr t\u2019u pranuar si viktim\u00eb pjes\u00ebmarr\u00ebse n\u00eb rastin ndaj ish-krer\u00ebve t\u00eb U\u00c7K-s\u00eb -\",\"isPartOf\":{\"@id\":\"https:\/\/veritasinfo.org\/#website\"},\"primaryImageOfPage\":{\"@id\":\"https:\/\/veritasinfo.org\/?p=21605#primaryimage\"},\"image\":{\"@id\":\"https:\/\/veritasinfo.org\/?p=21605#primaryimage\"},\"thumbnailUrl\":\"https:\/\/veritasinfo.org\/wp-content\/uploads\/2025\/11\/haga.jpg\",\"datePublished\":\"2025-11-24T17:21:17+00:00\",\"dateModified\":\"2025-11-24T17:21:45+00:00\",\"author\":{\"@id\":\"https:\/\/veritasinfo.org\/#\/schema\/person\/fe199eede04c3937362892b7444747cc\"},\"breadcrumb\":{\"@id\":\"https:\/\/veritasinfo.org\/?p=21605#breadcrumb\"},\"inLanguage\":\"en-US\",\"potentialAction\":[{\"@type\":\"ReadAction\",\"target\":[\"https:\/\/veritasinfo.org\/?p=21605\"]}]},{\"@type\":\"ImageObject\",\"inLanguage\":\"en-US\",\"@id\":\"https:\/\/veritasinfo.org\/?p=21605#primaryimage\",\"url\":\"https:\/\/veritasinfo.org\/wp-content\/uploads\/2025\/11\/haga.jpg\",\"contentUrl\":\"https:\/\/veritasinfo.org\/wp-content\/uploads\/2025\/11\/haga.jpg\",\"width\":845,\"height\":591},{\"@type\":\"BreadcrumbList\",\"@id\":\"https:\/\/veritasinfo.org\/?p=21605#breadcrumb\",\"itemListElement\":[{\"@type\":\"ListItem\",\"position\":1,\"name\":\"Home\",\"item\":\"https:\/\/veritasinfo.org\/\"},{\"@type\":\"ListItem\",\"position\":2,\"name\":\"Nj\u00eb d\u00ebshmitar i Prokuroris\u00eb pranoi se e ekzagjeroi rr\u00ebfimin vet\u00ebm p\u00ebr t\u2019u pranuar si viktim\u00eb pjes\u00ebmarr\u00ebse n\u00eb rastin ndaj ish-krer\u00ebve t\u00eb U\u00c7K-s\u00eb\"}]},{\"@type\":\"WebSite\",\"@id\":\"https:\/\/veritasinfo.org\/#website\",\"url\":\"https:\/\/veritasinfo.org\/\",\"name\":\"\",\"description\":\"\",\"potentialAction\":[{\"@type\":\"SearchAction\",\"target\":{\"@type\":\"EntryPoint\",\"urlTemplate\":\"https:\/\/veritasinfo.org\/?s={search_term_string}\"},\"query-input\":{\"@type\":\"PropertyValueSpecification\",\"valueRequired\":true,\"valueName\":\"search_term_string\"}}],\"inLanguage\":\"en-US\"},{\"@type\":\"Person\",\"@id\":\"https:\/\/veritasinfo.org\/#\/schema\/person\/fe199eede04c3937362892b7444747cc\",\"name\":\"US6\",\"image\":{\"@type\":\"ImageObject\",\"inLanguage\":\"en-US\",\"@id\":\"https:\/\/veritasinfo.org\/#\/schema\/person\/image\/\",\"url\":\"https:\/\/secure.gravatar.com\/avatar\/cb16c3c31c9d23b9b8c705964598220b3014e42ff51eb540ff23cefa3ae8c15f?s=96&d=mm&r=g\",\"contentUrl\":\"https:\/\/secure.gravatar.com\/avatar\/cb16c3c31c9d23b9b8c705964598220b3014e42ff51eb540ff23cefa3ae8c15f?s=96&d=mm&r=g\",\"caption\":\"US6\"},\"url\":\"https:\/\/veritasinfo.org\/?author=7\"}]}<\/script>\n<!-- \/ Yoast SEO plugin. -->","yoast_head_json":{"title":"Nj\u00eb d\u00ebshmitar i Prokuroris\u00eb pranoi se e ekzagjeroi rr\u00ebfimin vet\u00ebm p\u00ebr t\u2019u pranuar si viktim\u00eb pjes\u00ebmarr\u00ebse n\u00eb rastin ndaj ish-krer\u00ebve t\u00eb U\u00c7K-s\u00eb -","robots":{"index":"index","follow":"follow","max-snippet":"max-snippet:-1","max-image-preview":"max-image-preview:large","max-video-preview":"max-video-preview:-1"},"canonical":"https:\/\/veritasinfo.org\/?p=21605","og_locale":"en_US","og_type":"article","og_title":"Nj\u00eb d\u00ebshmitar i Prokuroris\u00eb pranoi se e ekzagjeroi rr\u00ebfimin vet\u00ebm p\u00ebr t\u2019u pranuar si viktim\u00eb pjes\u00ebmarr\u00ebse n\u00eb rastin ndaj ish-krer\u00ebve t\u00eb U\u00c7K-s\u00eb -","og_description":"Prishtin\u00eb, 24 n\u00ebntor 2025 18:20 Nj\u00ebri nga\u00a0d\u00ebshmitar\u00ebt\u00a0n\u00eb\u00a0\u00e7\u00ebshtjen\u00a0gjyq\u00ebsore ndaj Hashim\u00a0Tha\u00e7it, Kadri Veselit, Rexhep Selimit dhe Jakup Krasniqit ka pranuar se ka ekzagjeruar torturat q\u00eb\u00a0pretendon se iu","og_url":"https:\/\/veritasinfo.org\/?p=21605","article_published_time":"2025-11-24T17:21:17+00:00","article_modified_time":"2025-11-24T17:21:45+00:00","og_image":[{"width":845,"height":591,"url":"https:\/\/veritasinfo.org\/wp-content\/uploads\/2025\/11\/haga.jpg","type":"image\/jpeg"}],"author":"US6","twitter_card":"summary_large_image","twitter_misc":{"Written by":"US6","Est. reading time":"8 minutes"},"schema":{"@context":"https:\/\/schema.org","@graph":[{"@type":"WebPage","@id":"https:\/\/veritasinfo.org\/?p=21605","url":"https:\/\/veritasinfo.org\/?p=21605","name":"Nj\u00eb d\u00ebshmitar i Prokuroris\u00eb pranoi se e ekzagjeroi rr\u00ebfimin vet\u00ebm p\u00ebr t\u2019u pranuar si viktim\u00eb pjes\u00ebmarr\u00ebse n\u00eb rastin ndaj ish-krer\u00ebve t\u00eb U\u00c7K-s\u00eb -","isPartOf":{"@id":"https:\/\/veritasinfo.org\/#website"},"primaryImageOfPage":{"@id":"https:\/\/veritasinfo.org\/?p=21605#primaryimage"},"image":{"@id":"https:\/\/veritasinfo.org\/?p=21605#primaryimage"},"thumbnailUrl":"https:\/\/veritasinfo.org\/wp-content\/uploads\/2025\/11\/haga.jpg","datePublished":"2025-11-24T17:21:17+00:00","dateModified":"2025-11-24T17:21:45+00:00","author":{"@id":"https:\/\/veritasinfo.org\/#\/schema\/person\/fe199eede04c3937362892b7444747cc"},"breadcrumb":{"@id":"https:\/\/veritasinfo.org\/?p=21605#breadcrumb"},"inLanguage":"en-US","potentialAction":[{"@type":"ReadAction","target":["https:\/\/veritasinfo.org\/?p=21605"]}]},{"@type":"ImageObject","inLanguage":"en-US","@id":"https:\/\/veritasinfo.org\/?p=21605#primaryimage","url":"https:\/\/veritasinfo.org\/wp-content\/uploads\/2025\/11\/haga.jpg","contentUrl":"https:\/\/veritasinfo.org\/wp-content\/uploads\/2025\/11\/haga.jpg","width":845,"height":591},{"@type":"BreadcrumbList","@id":"https:\/\/veritasinfo.org\/?p=21605#breadcrumb","itemListElement":[{"@type":"ListItem","position":1,"name":"Home","item":"https:\/\/veritasinfo.org\/"},{"@type":"ListItem","position":2,"name":"Nj\u00eb d\u00ebshmitar i Prokuroris\u00eb pranoi se e ekzagjeroi rr\u00ebfimin vet\u00ebm p\u00ebr t\u2019u pranuar si viktim\u00eb pjes\u00ebmarr\u00ebse n\u00eb rastin ndaj ish-krer\u00ebve t\u00eb U\u00c7K-s\u00eb"}]},{"@type":"WebSite","@id":"https:\/\/veritasinfo.org\/#website","url":"https:\/\/veritasinfo.org\/","name":"","description":"","potentialAction":[{"@type":"SearchAction","target":{"@type":"EntryPoint","urlTemplate":"https:\/\/veritasinfo.org\/?s={search_term_string}"},"query-input":{"@type":"PropertyValueSpecification","valueRequired":true,"valueName":"search_term_string"}}],"inLanguage":"en-US"},{"@type":"Person","@id":"https:\/\/veritasinfo.org\/#\/schema\/person\/fe199eede04c3937362892b7444747cc","name":"US6","image":{"@type":"ImageObject","inLanguage":"en-US","@id":"https:\/\/veritasinfo.org\/#\/schema\/person\/image\/","url":"https:\/\/secure.gravatar.com\/avatar\/cb16c3c31c9d23b9b8c705964598220b3014e42ff51eb540ff23cefa3ae8c15f?s=96&d=mm&r=g","contentUrl":"https:\/\/secure.gravatar.com\/avatar\/cb16c3c31c9d23b9b8c705964598220b3014e42ff51eb540ff23cefa3ae8c15f?s=96&d=mm&r=g","caption":"US6"},"url":"https:\/\/veritasinfo.org\/?author=7"}]}},"featured_image_urls":{"full":["https:\/\/veritasinfo.org\/wp-content\/uploads\/2025\/11\/haga.jpg",845,591,false],"thumbnail":["https:\/\/veritasinfo.org\/wp-content\/uploads\/2025\/11\/haga-150x150.jpg",150,150,true],"medium":["https:\/\/veritasinfo.org\/wp-content\/uploads\/2025\/11\/haga-300x210.jpg",300,210,true],"medium_large":["https:\/\/veritasinfo.org\/wp-content\/uploads\/2025\/11\/haga-768x537.jpg",640,448,true],"large":["https:\/\/veritasinfo.org\/wp-content\/uploads\/2025\/11\/haga.jpg",640,448,false],"1536x1536":["https:\/\/veritasinfo.org\/wp-content\/uploads\/2025\/11\/haga.jpg",845,591,false],"2048x2048":["https:\/\/veritasinfo.org\/wp-content\/uploads\/2025\/11\/haga.jpg",845,591,false],"kreeti-slider-full":["https:\/\/veritasinfo.org\/wp-content\/uploads\/2025\/11\/haga.jpg",845,591,false],"kreeti-featured":["https:\/\/veritasinfo.org\/wp-content\/uploads\/2025\/11\/haga.jpg",845,591,false],"kreeti-medium":["https:\/\/veritasinfo.org\/wp-content\/uploads\/2025\/11\/haga.jpg",720,504,false],"kreeti-medium-square":["https:\/\/veritasinfo.org\/wp-content\/uploads\/2025\/11\/haga.jpg",350,245,false]},"author_info":{"info":["US6"]},"category_info":"<a href=\"https:\/\/veritasinfo.org\/?cat=60\" rel=\"category\">Shoq\u00ebrore<\/a>","tag_info":"Shoq\u00ebrore","comment_count":"0","_links":{"self":[{"href":"https:\/\/veritasinfo.org\/index.php?rest_route=\/wp\/v2\/posts\/21605","targetHints":{"allow":["GET"]}}],"collection":[{"href":"https:\/\/veritasinfo.org\/index.php?rest_route=\/wp\/v2\/posts"}],"about":[{"href":"https:\/\/veritasinfo.org\/index.php?rest_route=\/wp\/v2\/types\/post"}],"author":[{"embeddable":true,"href":"https:\/\/veritasinfo.org\/index.php?rest_route=\/wp\/v2\/users\/7"}],"replies":[{"embeddable":true,"href":"https:\/\/veritasinfo.org\/index.php?rest_route=%2Fwp%2Fv2%2Fcomments&post=21605"}],"version-history":[{"count":1,"href":"https:\/\/veritasinfo.org\/index.php?rest_route=\/wp\/v2\/posts\/21605\/revisions"}],"predecessor-version":[{"id":21607,"href":"https:\/\/veritasinfo.org\/index.php?rest_route=\/wp\/v2\/posts\/21605\/revisions\/21607"}],"wp:featuredmedia":[{"embeddable":true,"href":"https:\/\/veritasinfo.org\/index.php?rest_route=\/wp\/v2\/media\/21608"}],"wp:attachment":[{"href":"https:\/\/veritasinfo.org\/index.php?rest_route=%2Fwp%2Fv2%2Fmedia&parent=21605"}],"wp:term":[{"taxonomy":"category","embeddable":true,"href":"https:\/\/veritasinfo.org\/index.php?rest_route=%2Fwp%2Fv2%2Fcategories&post=21605"},{"taxonomy":"post_tag","embeddable":true,"href":"https:\/\/veritasinfo.org\/index.php?rest_route=%2Fwp%2Fv2%2Ftags&post=21605"}],"curies":[{"name":"wp","href":"https:\/\/api.w.org\/{rel}","templated":true}]}}