{"id":21599,"date":"2025-11-24T18:05:02","date_gmt":"2025-11-24T17:05:02","guid":{"rendered":"https:\/\/veritasinfo.org\/?p=21599"},"modified":"2025-11-24T18:05:02","modified_gmt":"2025-11-24T17:05:02","slug":"prokuroria-speciale-ngrit-aktakuze-ndaj-nje-personi-per-krime-lufte","status":"publish","type":"post","link":"https:\/\/veritasinfo.org\/?p=21599","title":{"rendered":"Prokuroria Speciale ngrit aktakuz\u00eb ndaj nj\u00eb personi p\u00ebr krime lufte"},"content":{"rendered":"<p>Prishtin\u00eb, 24 n\u00ebntor 2025 18:04<\/p>\n<p>\u00cbsht\u00eb ngritur aktakuz\u00eb ndaj nj\u00eb personi, pasi i nj\u00ebjti gjat\u00eb periudh\u00ebs mars-prill t\u00eb vitit 1999, n\u00eb cil\u00ebsin\u00eb e komandantit t\u00eb n\u00ebnstatcionit n\u00eb Zheg\u00ebr t\u00eb Komun\u00ebs s\u00eb Gjilanit, nuk ka nd\u00ebrmarr\u00eb asnj\u00eb veprim p\u00ebr t\u00eb parandaluar pla\u00e7kitjet, d\u00ebbimin dhe vrasjet e 29 e civil\u00ebve shqiptar\u00eb.<\/p>\n<p>Sipas aktakuz\u00ebs, ai ishte n\u00eb dijeni se m\u00eb 30 mars 1999, forcat policore dhe ushtarake serbe, n\u00ebn komand\u00ebn e tij, kishin rrethuar fshatin Zheg\u00ebr, nd\u00ebrsa m\u00eb 27 mars 1999 ishte sulmuar fshati Llashtic\u00eb<\/p>\n<p>\u201cProkuroria Speciale e Republik\u00ebs s\u00eb Kosov\u00ebs ka ngritur aktakuz\u00eb ndaj D.N., p\u00ebr kryerjen e vepr\u00ebs penale \u201cKrim i luft\u00ebs kund\u00ebr popullsis\u00eb civile\u201d. I pandehuri D.N.akuzohet se, gjat\u00eb periudh\u00ebs mars-prill t\u00eb vitit 1999, n\u00eb cil\u00ebsin\u00eb e komandantit t\u00eb n\u00ebnstatcionit n\u00eb Zheg\u00ebr t\u00eb Komun\u00ebs s\u00eb Gjilanit, nuk ka nd\u00ebrrmarr\u00eb asnj\u00eb veprim p\u00ebr t\u00eb parandaluar pla\u00e7kitjet, d\u00ebbimin dhe vrasjet e 29 e civil\u00ebve shqiptar\u00eb\u201d.<\/p>\n<p>\u201cSipas aktakuz\u00ebs, D.N ishte n\u00eb dijeni se m\u00eb 30 mars 1999, forcat policore dhe ushtarake serbe, n\u00ebn komand\u00ebn e tij, kishin rrethuar fshatin Zheg\u00ebr, nd\u00ebrsa m\u00eb 27 mars 1999 ishte sulmuar fshati Llashtic\u00eb. I pandehuri D.N., s\u00eb bashku me komandantin e Statcionit t\u00eb Policis\u00eb n\u00eb Gjilan, kishin urdh\u00ebruar tjet\u00ebrsimin e vendit t\u00eb ngjarjes me q\u00ebllim t\u00eb zhdukjes s\u00eb gjurm\u00ebve t\u00eb krimit\u201d, ka njoftuar Prokuroria Speciale.<\/p>\n<p>N\u00eb njoftim gjithashtu thuhet se i nj\u00ebjti, edhe pse ishte njoftuar p\u00ebrmes nj\u00eb letre nga t\u00eb d\u00ebmtuarit nuk kishte nd\u00ebrmarr\u00eb asnj\u00eb veprim p\u00ebr t\u00eb parandaluar, ndaluar ose si\u00e7 thuhet, p\u00ebr t\u2019i paraqitur rastet p\u00ebr hetim, por ishte larguar nga vendi i ngjarjes.<\/p>\n","protected":false},"excerpt":{"rendered":"<p>Prishtin\u00eb, 24 n\u00ebntor 2025 18:04 \u00cbsht\u00eb ngritur aktakuz\u00eb ndaj nj\u00eb personi, pasi i nj\u00ebjti gjat\u00eb periudh\u00ebs mars-prill t\u00eb vitit 1999, n\u00eb cil\u00ebsin\u00eb e komandantit t\u00eb<\/p>\n","protected":false},"author":7,"featured_media":21601,"comment_status":"open","ping_status":"open","sticky":false,"template":"","format":"standard","meta":{"footnotes":""},"categories":[60],"tags":[],"class_list":["post-21599","post","type-post","status-publish","format-standard","has-post-thumbnail","hentry","category-shoqerore-sq"],"yoast_head":"<!-- This site is optimized with the Yoast SEO plugin v25.3.1 - https:\/\/yoast.com\/wordpress\/plugins\/seo\/ -->\n<title>Prokuroria Speciale ngrit aktakuz\u00eb ndaj nj\u00eb personi p\u00ebr krime lufte -<\/title>\n<meta name=\"robots\" content=\"index, follow, max-snippet:-1, max-image-preview:large, max-video-preview:-1\" \/>\n<link rel=\"canonical\" href=\"https:\/\/veritasinfo.org\/?p=21599\" \/>\n<meta property=\"og:locale\" content=\"en_US\" \/>\n<meta property=\"og:type\" content=\"article\" \/>\n<meta property=\"og:title\" content=\"Prokuroria Speciale ngrit aktakuz\u00eb ndaj nj\u00eb personi p\u00ebr krime lufte -\" \/>\n<meta property=\"og:description\" content=\"Prishtin\u00eb, 24 n\u00ebntor 2025 18:04 \u00cbsht\u00eb ngritur aktakuz\u00eb ndaj nj\u00eb personi, pasi i nj\u00ebjti gjat\u00eb periudh\u00ebs mars-prill t\u00eb vitit 1999, n\u00eb cil\u00ebsin\u00eb e komandantit t\u00eb\" \/>\n<meta property=\"og:url\" content=\"https:\/\/veritasinfo.org\/?p=21599\" \/>\n<meta property=\"article:published_time\" content=\"2025-11-24T17:05:02+00:00\" \/>\n<meta property=\"og:image\" content=\"https:\/\/veritasinfo.org\/wp-content\/uploads\/2025\/11\/Prokuroria-Speciale.png\" \/>\n\t<meta property=\"og:image:width\" content=\"780\" \/>\n\t<meta property=\"og:image:height\" content=\"439\" \/>\n\t<meta property=\"og:image:type\" content=\"image\/png\" \/>\n<meta name=\"author\" content=\"US6\" \/>\n<meta name=\"twitter:card\" content=\"summary_large_image\" \/>\n<meta name=\"twitter:label1\" content=\"Written by\" \/>\n\t<meta name=\"twitter:data1\" content=\"US6\" \/>\n\t<meta name=\"twitter:label2\" content=\"Est. reading time\" \/>\n\t<meta name=\"twitter:data2\" content=\"2 minutes\" \/>\n<script type=\"application\/ld+json\" class=\"yoast-schema-graph\">{\"@context\":\"https:\/\/schema.org\",\"@graph\":[{\"@type\":\"WebPage\",\"@id\":\"https:\/\/veritasinfo.org\/?p=21599\",\"url\":\"https:\/\/veritasinfo.org\/?p=21599\",\"name\":\"Prokuroria Speciale ngrit aktakuz\u00eb ndaj nj\u00eb personi p\u00ebr krime lufte -\",\"isPartOf\":{\"@id\":\"https:\/\/veritasinfo.org\/#website\"},\"primaryImageOfPage\":{\"@id\":\"https:\/\/veritasinfo.org\/?p=21599#primaryimage\"},\"image\":{\"@id\":\"https:\/\/veritasinfo.org\/?p=21599#primaryimage\"},\"thumbnailUrl\":\"https:\/\/veritasinfo.org\/wp-content\/uploads\/2025\/11\/Prokuroria-Speciale.png\",\"datePublished\":\"2025-11-24T17:05:02+00:00\",\"author\":{\"@id\":\"https:\/\/veritasinfo.org\/#\/schema\/person\/fe199eede04c3937362892b7444747cc\"},\"breadcrumb\":{\"@id\":\"https:\/\/veritasinfo.org\/?p=21599#breadcrumb\"},\"inLanguage\":\"en-US\",\"potentialAction\":[{\"@type\":\"ReadAction\",\"target\":[\"https:\/\/veritasinfo.org\/?p=21599\"]}]},{\"@type\":\"ImageObject\",\"inLanguage\":\"en-US\",\"@id\":\"https:\/\/veritasinfo.org\/?p=21599#primaryimage\",\"url\":\"https:\/\/veritasinfo.org\/wp-content\/uploads\/2025\/11\/Prokuroria-Speciale.png\",\"contentUrl\":\"https:\/\/veritasinfo.org\/wp-content\/uploads\/2025\/11\/Prokuroria-Speciale.png\",\"width\":780,\"height\":439},{\"@type\":\"BreadcrumbList\",\"@id\":\"https:\/\/veritasinfo.org\/?p=21599#breadcrumb\",\"itemListElement\":[{\"@type\":\"ListItem\",\"position\":1,\"name\":\"Home\",\"item\":\"https:\/\/veritasinfo.org\/\"},{\"@type\":\"ListItem\",\"position\":2,\"name\":\"Prokuroria Speciale ngrit aktakuz\u00eb ndaj nj\u00eb personi p\u00ebr krime lufte\"}]},{\"@type\":\"WebSite\",\"@id\":\"https:\/\/veritasinfo.org\/#website\",\"url\":\"https:\/\/veritasinfo.org\/\",\"name\":\"\",\"description\":\"\",\"potentialAction\":[{\"@type\":\"SearchAction\",\"target\":{\"@type\":\"EntryPoint\",\"urlTemplate\":\"https:\/\/veritasinfo.org\/?s={search_term_string}\"},\"query-input\":{\"@type\":\"PropertyValueSpecification\",\"valueRequired\":true,\"valueName\":\"search_term_string\"}}],\"inLanguage\":\"en-US\"},{\"@type\":\"Person\",\"@id\":\"https:\/\/veritasinfo.org\/#\/schema\/person\/fe199eede04c3937362892b7444747cc\",\"name\":\"US6\",\"image\":{\"@type\":\"ImageObject\",\"inLanguage\":\"en-US\",\"@id\":\"https:\/\/veritasinfo.org\/#\/schema\/person\/image\/\",\"url\":\"https:\/\/secure.gravatar.com\/avatar\/cb16c3c31c9d23b9b8c705964598220b3014e42ff51eb540ff23cefa3ae8c15f?s=96&d=mm&r=g\",\"contentUrl\":\"https:\/\/secure.gravatar.com\/avatar\/cb16c3c31c9d23b9b8c705964598220b3014e42ff51eb540ff23cefa3ae8c15f?s=96&d=mm&r=g\",\"caption\":\"US6\"},\"url\":\"https:\/\/veritasinfo.org\/?author=7\"}]}<\/script>\n<!-- \/ Yoast SEO plugin. -->","yoast_head_json":{"title":"Prokuroria Speciale ngrit aktakuz\u00eb ndaj nj\u00eb personi p\u00ebr krime lufte -","robots":{"index":"index","follow":"follow","max-snippet":"max-snippet:-1","max-image-preview":"max-image-preview:large","max-video-preview":"max-video-preview:-1"},"canonical":"https:\/\/veritasinfo.org\/?p=21599","og_locale":"en_US","og_type":"article","og_title":"Prokuroria Speciale ngrit aktakuz\u00eb ndaj nj\u00eb personi p\u00ebr krime lufte -","og_description":"Prishtin\u00eb, 24 n\u00ebntor 2025 18:04 \u00cbsht\u00eb ngritur aktakuz\u00eb ndaj nj\u00eb personi, pasi i nj\u00ebjti gjat\u00eb periudh\u00ebs mars-prill t\u00eb vitit 1999, n\u00eb cil\u00ebsin\u00eb e komandantit t\u00eb","og_url":"https:\/\/veritasinfo.org\/?p=21599","article_published_time":"2025-11-24T17:05:02+00:00","og_image":[{"width":780,"height":439,"url":"https:\/\/veritasinfo.org\/wp-content\/uploads\/2025\/11\/Prokuroria-Speciale.png","type":"image\/png"}],"author":"US6","twitter_card":"summary_large_image","twitter_misc":{"Written by":"US6","Est. reading time":"2 minutes"},"schema":{"@context":"https:\/\/schema.org","@graph":[{"@type":"WebPage","@id":"https:\/\/veritasinfo.org\/?p=21599","url":"https:\/\/veritasinfo.org\/?p=21599","name":"Prokuroria Speciale ngrit aktakuz\u00eb ndaj nj\u00eb personi p\u00ebr krime lufte -","isPartOf":{"@id":"https:\/\/veritasinfo.org\/#website"},"primaryImageOfPage":{"@id":"https:\/\/veritasinfo.org\/?p=21599#primaryimage"},"image":{"@id":"https:\/\/veritasinfo.org\/?p=21599#primaryimage"},"thumbnailUrl":"https:\/\/veritasinfo.org\/wp-content\/uploads\/2025\/11\/Prokuroria-Speciale.png","datePublished":"2025-11-24T17:05:02+00:00","author":{"@id":"https:\/\/veritasinfo.org\/#\/schema\/person\/fe199eede04c3937362892b7444747cc"},"breadcrumb":{"@id":"https:\/\/veritasinfo.org\/?p=21599#breadcrumb"},"inLanguage":"en-US","potentialAction":[{"@type":"ReadAction","target":["https:\/\/veritasinfo.org\/?p=21599"]}]},{"@type":"ImageObject","inLanguage":"en-US","@id":"https:\/\/veritasinfo.org\/?p=21599#primaryimage","url":"https:\/\/veritasinfo.org\/wp-content\/uploads\/2025\/11\/Prokuroria-Speciale.png","contentUrl":"https:\/\/veritasinfo.org\/wp-content\/uploads\/2025\/11\/Prokuroria-Speciale.png","width":780,"height":439},{"@type":"BreadcrumbList","@id":"https:\/\/veritasinfo.org\/?p=21599#breadcrumb","itemListElement":[{"@type":"ListItem","position":1,"name":"Home","item":"https:\/\/veritasinfo.org\/"},{"@type":"ListItem","position":2,"name":"Prokuroria Speciale ngrit aktakuz\u00eb ndaj nj\u00eb personi p\u00ebr krime lufte"}]},{"@type":"WebSite","@id":"https:\/\/veritasinfo.org\/#website","url":"https:\/\/veritasinfo.org\/","name":"","description":"","potentialAction":[{"@type":"SearchAction","target":{"@type":"EntryPoint","urlTemplate":"https:\/\/veritasinfo.org\/?s={search_term_string}"},"query-input":{"@type":"PropertyValueSpecification","valueRequired":true,"valueName":"search_term_string"}}],"inLanguage":"en-US"},{"@type":"Person","@id":"https:\/\/veritasinfo.org\/#\/schema\/person\/fe199eede04c3937362892b7444747cc","name":"US6","image":{"@type":"ImageObject","inLanguage":"en-US","@id":"https:\/\/veritasinfo.org\/#\/schema\/person\/image\/","url":"https:\/\/secure.gravatar.com\/avatar\/cb16c3c31c9d23b9b8c705964598220b3014e42ff51eb540ff23cefa3ae8c15f?s=96&d=mm&r=g","contentUrl":"https:\/\/secure.gravatar.com\/avatar\/cb16c3c31c9d23b9b8c705964598220b3014e42ff51eb540ff23cefa3ae8c15f?s=96&d=mm&r=g","caption":"US6"},"url":"https:\/\/veritasinfo.org\/?author=7"}]}},"featured_image_urls":{"full":["https:\/\/veritasinfo.org\/wp-content\/uploads\/2025\/11\/Prokuroria-Speciale.png",780,439,false],"thumbnail":["https:\/\/veritasinfo.org\/wp-content\/uploads\/2025\/11\/Prokuroria-Speciale-150x150.png",150,150,true],"medium":["https:\/\/veritasinfo.org\/wp-content\/uploads\/2025\/11\/Prokuroria-Speciale-300x169.png",300,169,true],"medium_large":["https:\/\/veritasinfo.org\/wp-content\/uploads\/2025\/11\/Prokuroria-Speciale-768x432.png",640,360,true],"large":["https:\/\/veritasinfo.org\/wp-content\/uploads\/2025\/11\/Prokuroria-Speciale.png",640,360,false],"1536x1536":["https:\/\/veritasinfo.org\/wp-content\/uploads\/2025\/11\/Prokuroria-Speciale.png",780,439,false],"2048x2048":["https:\/\/veritasinfo.org\/wp-content\/uploads\/2025\/11\/Prokuroria-Speciale.png",780,439,false],"kreeti-slider-full":["https:\/\/veritasinfo.org\/wp-content\/uploads\/2025\/11\/Prokuroria-Speciale.png",780,439,false],"kreeti-featured":["https:\/\/veritasinfo.org\/wp-content\/uploads\/2025\/11\/Prokuroria-Speciale.png",780,439,false],"kreeti-medium":["https:\/\/veritasinfo.org\/wp-content\/uploads\/2025\/11\/Prokuroria-Speciale.png",720,405,false],"kreeti-medium-square":["https:\/\/veritasinfo.org\/wp-content\/uploads\/2025\/11\/Prokuroria-Speciale.png",350,197,false]},"author_info":{"info":["US6"]},"category_info":"<a href=\"https:\/\/veritasinfo.org\/?cat=60\" rel=\"category\">Shoq\u00ebrore<\/a>","tag_info":"Shoq\u00ebrore","comment_count":"0","_links":{"self":[{"href":"https:\/\/veritasinfo.org\/index.php?rest_route=\/wp\/v2\/posts\/21599","targetHints":{"allow":["GET"]}}],"collection":[{"href":"https:\/\/veritasinfo.org\/index.php?rest_route=\/wp\/v2\/posts"}],"about":[{"href":"https:\/\/veritasinfo.org\/index.php?rest_route=\/wp\/v2\/types\/post"}],"author":[{"embeddable":true,"href":"https:\/\/veritasinfo.org\/index.php?rest_route=\/wp\/v2\/users\/7"}],"replies":[{"embeddable":true,"href":"https:\/\/veritasinfo.org\/index.php?rest_route=%2Fwp%2Fv2%2Fcomments&post=21599"}],"version-history":[{"count":1,"href":"https:\/\/veritasinfo.org\/index.php?rest_route=\/wp\/v2\/posts\/21599\/revisions"}],"predecessor-version":[{"id":21602,"href":"https:\/\/veritasinfo.org\/index.php?rest_route=\/wp\/v2\/posts\/21599\/revisions\/21602"}],"wp:featuredmedia":[{"embeddable":true,"href":"https:\/\/veritasinfo.org\/index.php?rest_route=\/wp\/v2\/media\/21601"}],"wp:attachment":[{"href":"https:\/\/veritasinfo.org\/index.php?rest_route=%2Fwp%2Fv2%2Fmedia&parent=21599"}],"wp:term":[{"taxonomy":"category","embeddable":true,"href":"https:\/\/veritasinfo.org\/index.php?rest_route=%2Fwp%2Fv2%2Fcategories&post=21599"},{"taxonomy":"post_tag","embeddable":true,"href":"https:\/\/veritasinfo.org\/index.php?rest_route=%2Fwp%2Fv2%2Ftags&post=21599"}],"curies":[{"name":"wp","href":"https:\/\/api.w.org\/{rel}","templated":true}]}}