{"id":21587,"date":"2025-11-24T16:12:56","date_gmt":"2025-11-24T15:12:56","guid":{"rendered":"https:\/\/veritasinfo.org\/?p=21587"},"modified":"2025-11-24T16:12:56","modified_gmt":"2025-11-24T15:12:56","slug":"gjykata-speciale-si-njeh-festat-zyrtare-hashim-thaci-ne-seance-pikerisht-me-28-nentor","status":"publish","type":"post","link":"https:\/\/veritasinfo.org\/?p=21587","title":{"rendered":"Gjykata Speciale s\u2019i njeh festat zyrtare, Hashim Tha\u00e7i n\u00eb seanc\u00eb pik\u00ebrisht m\u00eb 28 N\u00ebntor"},"content":{"rendered":"<p>Prishtin\u00eb, 24 n\u00ebntor 2025 16:12<\/p>\n<p>Dhomat e Specializuara t\u00eb Kosov\u00ebs n\u00eb Hag\u00eb, nuk e shohin si fest\u00eb dit\u00ebn e 28 n\u00ebntorit.<\/p>\n<p>Pasi ish-presidenti Hashim Tha\u00e7i do t\u00eb marr\u00eb pjes\u00eb n\u00eb nj\u00eb konferenc\u00eb p\u00ebrgatitore p\u00ebr gjykim n\u00eb Dhomat e Specializuara t\u00eb Kosov\u00ebs n\u00eb Hag\u00eb m\u00eb 28 N\u00ebntor, dit\u00eb q\u00eb n\u00eb Kosov\u00eb sh\u00ebnohet si fest\u00eb komb\u00ebtare.<\/p>\n<p>Ndryshe nga vendi, ku 28 N\u00ebntori sh\u00ebnon Pavar\u00ebsin\u00eb e Shqip\u00ebris\u00eb dhe \u00ebsht\u00eb dit\u00eb pushimi, n\u00eb Hag\u00eb kjo dit\u00eb do t\u00eb konsiderohet dit\u00eb pune.<\/p>\n","protected":false},"excerpt":{"rendered":"<p>Prishtin\u00eb, 24 n\u00ebntor 2025 16:12 Dhomat e Specializuara t\u00eb Kosov\u00ebs n\u00eb Hag\u00eb, nuk e shohin si fest\u00eb dit\u00ebn e 28 n\u00ebntorit. Pasi ish-presidenti Hashim Tha\u00e7i<\/p>\n","protected":false},"author":7,"featured_media":21588,"comment_status":"open","ping_status":"open","sticky":false,"template":"","format":"standard","meta":{"footnotes":""},"categories":[60],"tags":[],"class_list":["post-21587","post","type-post","status-publish","format-standard","has-post-thumbnail","hentry","category-shoqerore-sq"],"yoast_head":"<!-- This site is optimized with the Yoast SEO plugin v25.3.1 - https:\/\/yoast.com\/wordpress\/plugins\/seo\/ -->\n<title>Gjykata Speciale s\u2019i njeh festat zyrtare, Hashim Tha\u00e7i n\u00eb seanc\u00eb pik\u00ebrisht m\u00eb 28 N\u00ebntor -<\/title>\n<meta name=\"robots\" content=\"index, follow, max-snippet:-1, max-image-preview:large, max-video-preview:-1\" \/>\n<link rel=\"canonical\" href=\"https:\/\/veritasinfo.org\/?p=21587\" \/>\n<meta property=\"og:locale\" content=\"en_US\" \/>\n<meta property=\"og:type\" content=\"article\" \/>\n<meta property=\"og:title\" content=\"Gjykata Speciale s\u2019i njeh festat zyrtare, Hashim Tha\u00e7i n\u00eb seanc\u00eb pik\u00ebrisht m\u00eb 28 N\u00ebntor -\" \/>\n<meta property=\"og:description\" content=\"Prishtin\u00eb, 24 n\u00ebntor 2025 16:12 Dhomat e Specializuara t\u00eb Kosov\u00ebs n\u00eb Hag\u00eb, nuk e shohin si fest\u00eb dit\u00ebn e 28 n\u00ebntorit. Pasi ish-presidenti Hashim Tha\u00e7i\" \/>\n<meta property=\"og:url\" content=\"https:\/\/veritasinfo.org\/?p=21587\" \/>\n<meta property=\"article:published_time\" content=\"2025-11-24T15:12:56+00:00\" \/>\n<meta property=\"og:image\" content=\"https:\/\/veritasinfo.org\/wp-content\/uploads\/2025\/11\/Prokuroria-kerkon-ti-vazhdohet-paraburgimi-Thacit-Ekziston-klima-e-frikesimit-te-deshmitareve-edhe-pas-dhenies-se-deshmise-Insajderi.org_.jpg\" \/>\n\t<meta property=\"og:image:width\" content=\"1280\" \/>\n\t<meta property=\"og:image:height\" content=\"720\" \/>\n\t<meta property=\"og:image:type\" content=\"image\/jpeg\" \/>\n<meta name=\"author\" content=\"US6\" \/>\n<meta name=\"twitter:card\" content=\"summary_large_image\" \/>\n<meta name=\"twitter:label1\" content=\"Written by\" \/>\n\t<meta name=\"twitter:data1\" content=\"US6\" \/>\n\t<meta name=\"twitter:label2\" content=\"Est. reading time\" \/>\n\t<meta name=\"twitter:data2\" content=\"1 minute\" \/>\n<script type=\"application\/ld+json\" class=\"yoast-schema-graph\">{\"@context\":\"https:\/\/schema.org\",\"@graph\":[{\"@type\":\"WebPage\",\"@id\":\"https:\/\/veritasinfo.org\/?p=21587\",\"url\":\"https:\/\/veritasinfo.org\/?p=21587\",\"name\":\"Gjykata Speciale s\u2019i njeh festat zyrtare, Hashim Tha\u00e7i n\u00eb seanc\u00eb pik\u00ebrisht m\u00eb 28 N\u00ebntor -\",\"isPartOf\":{\"@id\":\"https:\/\/veritasinfo.org\/#website\"},\"primaryImageOfPage\":{\"@id\":\"https:\/\/veritasinfo.org\/?p=21587#primaryimage\"},\"image\":{\"@id\":\"https:\/\/veritasinfo.org\/?p=21587#primaryimage\"},\"thumbnailUrl\":\"https:\/\/veritasinfo.org\/wp-content\/uploads\/2025\/11\/Prokuroria-kerkon-ti-vazhdohet-paraburgimi-Thacit-Ekziston-klima-e-frikesimit-te-deshmitareve-edhe-pas-dhenies-se-deshmise-Insajderi.org_.jpg\",\"datePublished\":\"2025-11-24T15:12:56+00:00\",\"author\":{\"@id\":\"https:\/\/veritasinfo.org\/#\/schema\/person\/fe199eede04c3937362892b7444747cc\"},\"breadcrumb\":{\"@id\":\"https:\/\/veritasinfo.org\/?p=21587#breadcrumb\"},\"inLanguage\":\"en-US\",\"potentialAction\":[{\"@type\":\"ReadAction\",\"target\":[\"https:\/\/veritasinfo.org\/?p=21587\"]}]},{\"@type\":\"ImageObject\",\"inLanguage\":\"en-US\",\"@id\":\"https:\/\/veritasinfo.org\/?p=21587#primaryimage\",\"url\":\"https:\/\/veritasinfo.org\/wp-content\/uploads\/2025\/11\/Prokuroria-kerkon-ti-vazhdohet-paraburgimi-Thacit-Ekziston-klima-e-frikesimit-te-deshmitareve-edhe-pas-dhenies-se-deshmise-Insajderi.org_.jpg\",\"contentUrl\":\"https:\/\/veritasinfo.org\/wp-content\/uploads\/2025\/11\/Prokuroria-kerkon-ti-vazhdohet-paraburgimi-Thacit-Ekziston-klima-e-frikesimit-te-deshmitareve-edhe-pas-dhenies-se-deshmise-Insajderi.org_.jpg\",\"width\":1280,\"height\":720},{\"@type\":\"BreadcrumbList\",\"@id\":\"https:\/\/veritasinfo.org\/?p=21587#breadcrumb\",\"itemListElement\":[{\"@type\":\"ListItem\",\"position\":1,\"name\":\"Home\",\"item\":\"https:\/\/veritasinfo.org\/\"},{\"@type\":\"ListItem\",\"position\":2,\"name\":\"Gjykata Speciale s\u2019i njeh festat zyrtare, Hashim Tha\u00e7i n\u00eb seanc\u00eb pik\u00ebrisht m\u00eb 28 N\u00ebntor\"}]},{\"@type\":\"WebSite\",\"@id\":\"https:\/\/veritasinfo.org\/#website\",\"url\":\"https:\/\/veritasinfo.org\/\",\"name\":\"\",\"description\":\"\",\"potentialAction\":[{\"@type\":\"SearchAction\",\"target\":{\"@type\":\"EntryPoint\",\"urlTemplate\":\"https:\/\/veritasinfo.org\/?s={search_term_string}\"},\"query-input\":{\"@type\":\"PropertyValueSpecification\",\"valueRequired\":true,\"valueName\":\"search_term_string\"}}],\"inLanguage\":\"en-US\"},{\"@type\":\"Person\",\"@id\":\"https:\/\/veritasinfo.org\/#\/schema\/person\/fe199eede04c3937362892b7444747cc\",\"name\":\"US6\",\"image\":{\"@type\":\"ImageObject\",\"inLanguage\":\"en-US\",\"@id\":\"https:\/\/veritasinfo.org\/#\/schema\/person\/image\/\",\"url\":\"https:\/\/secure.gravatar.com\/avatar\/cb16c3c31c9d23b9b8c705964598220b3014e42ff51eb540ff23cefa3ae8c15f?s=96&d=mm&r=g\",\"contentUrl\":\"https:\/\/secure.gravatar.com\/avatar\/cb16c3c31c9d23b9b8c705964598220b3014e42ff51eb540ff23cefa3ae8c15f?s=96&d=mm&r=g\",\"caption\":\"US6\"},\"url\":\"https:\/\/veritasinfo.org\/?author=7\"}]}<\/script>\n<!-- \/ Yoast SEO plugin. -->","yoast_head_json":{"title":"Gjykata Speciale s\u2019i njeh festat zyrtare, Hashim Tha\u00e7i n\u00eb seanc\u00eb pik\u00ebrisht m\u00eb 28 N\u00ebntor -","robots":{"index":"index","follow":"follow","max-snippet":"max-snippet:-1","max-image-preview":"max-image-preview:large","max-video-preview":"max-video-preview:-1"},"canonical":"https:\/\/veritasinfo.org\/?p=21587","og_locale":"en_US","og_type":"article","og_title":"Gjykata Speciale s\u2019i njeh festat zyrtare, Hashim Tha\u00e7i n\u00eb seanc\u00eb pik\u00ebrisht m\u00eb 28 N\u00ebntor -","og_description":"Prishtin\u00eb, 24 n\u00ebntor 2025 16:12 Dhomat e Specializuara t\u00eb Kosov\u00ebs n\u00eb Hag\u00eb, nuk e shohin si fest\u00eb dit\u00ebn e 28 n\u00ebntorit. Pasi ish-presidenti Hashim Tha\u00e7i","og_url":"https:\/\/veritasinfo.org\/?p=21587","article_published_time":"2025-11-24T15:12:56+00:00","og_image":[{"width":1280,"height":720,"url":"https:\/\/veritasinfo.org\/wp-content\/uploads\/2025\/11\/Prokuroria-kerkon-ti-vazhdohet-paraburgimi-Thacit-Ekziston-klima-e-frikesimit-te-deshmitareve-edhe-pas-dhenies-se-deshmise-Insajderi.org_.jpg","type":"image\/jpeg"}],"author":"US6","twitter_card":"summary_large_image","twitter_misc":{"Written by":"US6","Est. reading time":"1 minute"},"schema":{"@context":"https:\/\/schema.org","@graph":[{"@type":"WebPage","@id":"https:\/\/veritasinfo.org\/?p=21587","url":"https:\/\/veritasinfo.org\/?p=21587","name":"Gjykata Speciale s\u2019i njeh festat zyrtare, Hashim Tha\u00e7i n\u00eb seanc\u00eb pik\u00ebrisht m\u00eb 28 N\u00ebntor -","isPartOf":{"@id":"https:\/\/veritasinfo.org\/#website"},"primaryImageOfPage":{"@id":"https:\/\/veritasinfo.org\/?p=21587#primaryimage"},"image":{"@id":"https:\/\/veritasinfo.org\/?p=21587#primaryimage"},"thumbnailUrl":"https:\/\/veritasinfo.org\/wp-content\/uploads\/2025\/11\/Prokuroria-kerkon-ti-vazhdohet-paraburgimi-Thacit-Ekziston-klima-e-frikesimit-te-deshmitareve-edhe-pas-dhenies-se-deshmise-Insajderi.org_.jpg","datePublished":"2025-11-24T15:12:56+00:00","author":{"@id":"https:\/\/veritasinfo.org\/#\/schema\/person\/fe199eede04c3937362892b7444747cc"},"breadcrumb":{"@id":"https:\/\/veritasinfo.org\/?p=21587#breadcrumb"},"inLanguage":"en-US","potentialAction":[{"@type":"ReadAction","target":["https:\/\/veritasinfo.org\/?p=21587"]}]},{"@type":"ImageObject","inLanguage":"en-US","@id":"https:\/\/veritasinfo.org\/?p=21587#primaryimage","url":"https:\/\/veritasinfo.org\/wp-content\/uploads\/2025\/11\/Prokuroria-kerkon-ti-vazhdohet-paraburgimi-Thacit-Ekziston-klima-e-frikesimit-te-deshmitareve-edhe-pas-dhenies-se-deshmise-Insajderi.org_.jpg","contentUrl":"https:\/\/veritasinfo.org\/wp-content\/uploads\/2025\/11\/Prokuroria-kerkon-ti-vazhdohet-paraburgimi-Thacit-Ekziston-klima-e-frikesimit-te-deshmitareve-edhe-pas-dhenies-se-deshmise-Insajderi.org_.jpg","width":1280,"height":720},{"@type":"BreadcrumbList","@id":"https:\/\/veritasinfo.org\/?p=21587#breadcrumb","itemListElement":[{"@type":"ListItem","position":1,"name":"Home","item":"https:\/\/veritasinfo.org\/"},{"@type":"ListItem","position":2,"name":"Gjykata Speciale s\u2019i njeh festat zyrtare, Hashim Tha\u00e7i n\u00eb seanc\u00eb pik\u00ebrisht m\u00eb 28 N\u00ebntor"}]},{"@type":"WebSite","@id":"https:\/\/veritasinfo.org\/#website","url":"https:\/\/veritasinfo.org\/","name":"","description":"","potentialAction":[{"@type":"SearchAction","target":{"@type":"EntryPoint","urlTemplate":"https:\/\/veritasinfo.org\/?s={search_term_string}"},"query-input":{"@type":"PropertyValueSpecification","valueRequired":true,"valueName":"search_term_string"}}],"inLanguage":"en-US"},{"@type":"Person","@id":"https:\/\/veritasinfo.org\/#\/schema\/person\/fe199eede04c3937362892b7444747cc","name":"US6","image":{"@type":"ImageObject","inLanguage":"en-US","@id":"https:\/\/veritasinfo.org\/#\/schema\/person\/image\/","url":"https:\/\/secure.gravatar.com\/avatar\/cb16c3c31c9d23b9b8c705964598220b3014e42ff51eb540ff23cefa3ae8c15f?s=96&d=mm&r=g","contentUrl":"https:\/\/secure.gravatar.com\/avatar\/cb16c3c31c9d23b9b8c705964598220b3014e42ff51eb540ff23cefa3ae8c15f?s=96&d=mm&r=g","caption":"US6"},"url":"https:\/\/veritasinfo.org\/?author=7"}]}},"featured_image_urls":{"full":["https:\/\/veritasinfo.org\/wp-content\/uploads\/2025\/11\/Prokuroria-kerkon-ti-vazhdohet-paraburgimi-Thacit-Ekziston-klima-e-frikesimit-te-deshmitareve-edhe-pas-dhenies-se-deshmise-Insajderi.org_.jpg",1280,720,false],"thumbnail":["https:\/\/veritasinfo.org\/wp-content\/uploads\/2025\/11\/Prokuroria-kerkon-ti-vazhdohet-paraburgimi-Thacit-Ekziston-klima-e-frikesimit-te-deshmitareve-edhe-pas-dhenies-se-deshmise-Insajderi.org_-150x150.jpg",150,150,true],"medium":["https:\/\/veritasinfo.org\/wp-content\/uploads\/2025\/11\/Prokuroria-kerkon-ti-vazhdohet-paraburgimi-Thacit-Ekziston-klima-e-frikesimit-te-deshmitareve-edhe-pas-dhenies-se-deshmise-Insajderi.org_-300x169.jpg",300,169,true],"medium_large":["https:\/\/veritasinfo.org\/wp-content\/uploads\/2025\/11\/Prokuroria-kerkon-ti-vazhdohet-paraburgimi-Thacit-Ekziston-klima-e-frikesimit-te-deshmitareve-edhe-pas-dhenies-se-deshmise-Insajderi.org_-768x432.jpg",640,360,true],"large":["https:\/\/veritasinfo.org\/wp-content\/uploads\/2025\/11\/Prokuroria-kerkon-ti-vazhdohet-paraburgimi-Thacit-Ekziston-klima-e-frikesimit-te-deshmitareve-edhe-pas-dhenies-se-deshmise-Insajderi.org_-1024x576.jpg",640,360,true],"1536x1536":["https:\/\/veritasinfo.org\/wp-content\/uploads\/2025\/11\/Prokuroria-kerkon-ti-vazhdohet-paraburgimi-Thacit-Ekziston-klima-e-frikesimit-te-deshmitareve-edhe-pas-dhenies-se-deshmise-Insajderi.org_.jpg",1280,720,false],"2048x2048":["https:\/\/veritasinfo.org\/wp-content\/uploads\/2025\/11\/Prokuroria-kerkon-ti-vazhdohet-paraburgimi-Thacit-Ekziston-klima-e-frikesimit-te-deshmitareve-edhe-pas-dhenies-se-deshmise-Insajderi.org_.jpg",1280,720,false],"kreeti-slider-full":["https:\/\/veritasinfo.org\/wp-content\/uploads\/2025\/11\/Prokuroria-kerkon-ti-vazhdohet-paraburgimi-Thacit-Ekziston-klima-e-frikesimit-te-deshmitareve-edhe-pas-dhenies-se-deshmise-Insajderi.org_.jpg",1280,720,false],"kreeti-featured":["https:\/\/veritasinfo.org\/wp-content\/uploads\/2025\/11\/Prokuroria-kerkon-ti-vazhdohet-paraburgimi-Thacit-Ekziston-klima-e-frikesimit-te-deshmitareve-edhe-pas-dhenies-se-deshmise-Insajderi.org_.jpg",1024,576,false],"kreeti-medium":["https:\/\/veritasinfo.org\/wp-content\/uploads\/2025\/11\/Prokuroria-kerkon-ti-vazhdohet-paraburgimi-Thacit-Ekziston-klima-e-frikesimit-te-deshmitareve-edhe-pas-dhenies-se-deshmise-Insajderi.org_.jpg",720,405,false],"kreeti-medium-square":["https:\/\/veritasinfo.org\/wp-content\/uploads\/2025\/11\/Prokuroria-kerkon-ti-vazhdohet-paraburgimi-Thacit-Ekziston-klima-e-frikesimit-te-deshmitareve-edhe-pas-dhenies-se-deshmise-Insajderi.org_.jpg",350,197,false]},"author_info":{"info":["US6"]},"category_info":"<a href=\"https:\/\/veritasinfo.org\/?cat=60\" rel=\"category\">Shoq\u00ebrore<\/a>","tag_info":"Shoq\u00ebrore","comment_count":"0","_links":{"self":[{"href":"https:\/\/veritasinfo.org\/index.php?rest_route=\/wp\/v2\/posts\/21587","targetHints":{"allow":["GET"]}}],"collection":[{"href":"https:\/\/veritasinfo.org\/index.php?rest_route=\/wp\/v2\/posts"}],"about":[{"href":"https:\/\/veritasinfo.org\/index.php?rest_route=\/wp\/v2\/types\/post"}],"author":[{"embeddable":true,"href":"https:\/\/veritasinfo.org\/index.php?rest_route=\/wp\/v2\/users\/7"}],"replies":[{"embeddable":true,"href":"https:\/\/veritasinfo.org\/index.php?rest_route=%2Fwp%2Fv2%2Fcomments&post=21587"}],"version-history":[{"count":1,"href":"https:\/\/veritasinfo.org\/index.php?rest_route=\/wp\/v2\/posts\/21587\/revisions"}],"predecessor-version":[{"id":21589,"href":"https:\/\/veritasinfo.org\/index.php?rest_route=\/wp\/v2\/posts\/21587\/revisions\/21589"}],"wp:featuredmedia":[{"embeddable":true,"href":"https:\/\/veritasinfo.org\/index.php?rest_route=\/wp\/v2\/media\/21588"}],"wp:attachment":[{"href":"https:\/\/veritasinfo.org\/index.php?rest_route=%2Fwp%2Fv2%2Fmedia&parent=21587"}],"wp:term":[{"taxonomy":"category","embeddable":true,"href":"https:\/\/veritasinfo.org\/index.php?rest_route=%2Fwp%2Fv2%2Fcategories&post=21587"},{"taxonomy":"post_tag","embeddable":true,"href":"https:\/\/veritasinfo.org\/index.php?rest_route=%2Fwp%2Fv2%2Ftags&post=21587"}],"curies":[{"name":"wp","href":"https:\/\/api.w.org\/{rel}","templated":true}]}}