{"id":21550,"date":"2025-11-24T14:01:04","date_gmt":"2025-11-24T13:01:04","guid":{"rendered":"https:\/\/veritasinfo.org\/?p=21550"},"modified":"2025-11-24T14:01:04","modified_gmt":"2025-11-24T13:01:04","slug":"publikohet-pergjigja-e-kurtit-per-rtk-ne","status":"publish","type":"post","link":"https:\/\/veritasinfo.org\/?p=21550","title":{"rendered":"Publikohet p\u00ebrgjigja e Kurtit p\u00ebr RTK-n\u00eb"},"content":{"rendered":"<p>Prishtin\u00eb, 24 n\u00ebntor 2025 14:00<\/p>\n<p>\u00cbsht\u00eb publikuar p\u00ebrgjigja q\u00eb Kryeministri n\u00eb detyr\u00eb i Kosov\u00ebs, Albin Kurti u ka d\u00ebrguar organizatave t\u00eb mediave t\u00eb cilat k\u00ebrkuan zgjidhje p\u00ebr RTK-n\u00eb, e ku thuhet se opozita ka refuzuar formimin e komisioneve parlamentare, e p\u00ebr \u00e7ka nuk ekziston asnj\u00eb komision q\u00eb mund t\u00eb marr\u00eb vendimet e k\u00ebrkuara dhe ekzekutivi nuk mund ta z\u00ebvend\u00ebsoj\u00eb at\u00eb ligj\u00ebrisht.<\/p>\n<p>Me k\u00ebt\u00eb rast Asociacioni i Gazetar\u00ebve t\u00eb Kosov\u00ebs ka mir\u00ebpritur publikimin e p\u00ebrgjigjes, por n\u00ebjkoh\u00ebsisht ka shprehur zhg\u00ebnjimin p\u00ebr munges\u00ebn e vullnetit politik t\u00eb Kurtit p\u00ebr t\u00eb gjetur zgjidhje.<\/p>\n<p>\u201cAsociacioni i Gazetar\u00ebve t\u00eb Kosov\u00ebs mir\u00ebpret publikimin e p\u00ebrgjigjes s\u00eb kryeministrit n\u00eb detyr\u00eb dhe nj\u00ebkoh\u00ebsisht shpreh zhg\u00ebnjimin p\u00ebr munges\u00ebn e vullnetit politik t\u00eb Kurtit p\u00ebr t\u00eb gjetur zgjidhje financiare p\u00ebr RTK-n\u00eb\u201d, thuhet n\u00eb reagim.<\/p>\n<p>Letra e plot\u00eb:<\/p>\n<p>Ju fal\u00ebnderojm\u00eb p\u00ebr letr\u00ebn tuaj t\u00eb hapur t\u00eb dat\u00ebs 12 n\u00ebntor 2023 lidhur me situat\u00ebn n\u00eb Radio Televizionin e Kosov\u00ebs (RTK), si dhe p\u00ebr angazhimin e vazhduesh\u00ebm t\u00eb organizatave tuaja n\u00eb mb\u00ebshtetje t\u00eb liris\u00eb s\u00eb medias dhe stabilitetit institucional n\u00eb vendin ton\u00eb.<\/p>\n<p>Qeveria e Republik\u00ebs s\u00eb Kosov\u00ebs e njeh rolin thelb\u00ebsor t\u00eb RTK-s\u00eb n\u00eb demokracin\u00eb ton\u00eb dhe n\u00eb lirin\u00eb e medias, dhe ndajm\u00eb synimin tuaj q\u00eb RTK t\u00eb financohet n\u00eb m\u00ebnyr\u00eb t\u00eb q\u00ebndrueshme dhe t\u00eb qeveriset profesionalisht.<\/p>\n<p>N\u00eb t\u00eb nj\u00ebjt\u00ebn koh\u00eb, Qeveria duhet t\u00eb veproj\u00eb rrept\u00ebsisht brenda kuadrit t\u00eb ligjeve t\u00eb Kosov\u00ebs dhe ndarjes kushtetuese t\u00eb pushteteve. Sipas Ligjit Nr. 08\/L-132 p\u00ebr Ndarjet Buxhetore p\u00ebr vitin 2023 (k\u00ebtu e tutje i referohemi si Ligji p\u00ebr Ndarjet Buxhetore), Kuvendi ka miratuar 8,960,000 \u20ac p\u00ebr RTK-n\u00eb. Ligji m\u00eb tej parasheh q\u00eb k\u00ebto fonde t\u00eb ndahen dhe transferohen nga Thesari n\u00eb p\u00ebrputhje me nj\u00eb vendim t\u00eb Komisionit t\u00eb Kuvendit p\u00ebr Buxhet, Pun\u00eb dhe Transfere, duke ndjekur programin e shpenzimeve dhe raportimin e RTK-s\u00eb. Kjo \u00ebsht\u00eb p\u00ebr shkak se RTK i p\u00ebrgjigjet Kuvendit t\u00eb Kosov\u00ebs.<\/p>\n<p>N\u00eb rrethanat aktuale \u2014 nd\u00ebrsa Kuvendi \u00ebsht\u00eb konstituuar, por partit\u00eb opozitare refuzojn\u00eb t\u00eb formojn\u00eb komisionet parlamentare \u2014 nuk ka asnj\u00eb komision kompetent q\u00eb mund t\u00eb marr\u00eb vendimin e k\u00ebrkuar, dhe ekzekutivi nuk mund ta z\u00ebvend\u00ebsoj\u00eb at\u00eb ligj\u00ebrisht.<\/p>\n<p>P\u00ebr kontekst, kur nj\u00eb bllokad\u00eb e ngjashme u shfaq m\u00eb her\u00ebt k\u00ebt\u00eb vit, Qeveria mund\u00ebsoi q\u00eb RTK t\u00eb vazhdonte operimin p\u00ebrmes nj\u00eb mase t\u00eb jasht\u00ebzakonshme t\u00eb p\u00ebrkohshme \u2014 nj\u00eb situat\u00eb t\u00eb cil\u00ebn e keni p\u00ebrmendur edhe n\u00eb letr\u00ebn tuaj \u2014 nd\u00ebrkoh\u00eb q\u00eb vazhdonin p\u00ebrpjekjet p\u00ebr zgjidhje institucionale t\u00eb q\u00ebndrueshme.<\/p>\n<p>Kjo situat\u00eb ilustron ekuilibrin delikat q\u00eb \u00e7do qeveri demokratike duhet t\u00eb ruaj\u00eb nd\u00ebrmjet reagimit dhe ligjshm\u00ebris\u00eb. Nd\u00ebrsa Qeveria mbetet plot\u00ebsisht e p\u00ebrkushtuar p\u00ebr mb\u00ebshtetjen e RTK-s\u00eb, ajo duhet ta b\u00ebj\u00eb k\u00ebt\u00eb vet\u00ebm brenda kufijve t\u00eb ligjit dhe kompetencave institucionale. Veprimi jasht\u00eb k\u00ebtyre kufijve do t\u00eb rrezikonte cenimin e parimeve juridike dhe kushtetuese q\u00eb garantojn\u00eb pavar\u00ebsin\u00eb e RTK-s\u00eb.<\/p>\n<p>Pik\u00ebrisht p\u00ebr k\u00ebt\u00eb arsye ne marrim udh\u00ebzimet tona nga parimet evropiane t\u00eb shtetit t\u00eb s\u00eb drejt\u00ebs, t\u00eb cilat theksojn\u00eb se ekzekutivi nuk duhet t\u00eb ushtroj\u00eb pushtete q\u00eb i takojn\u00eb legjislativit. \u201cLista e Kontrollit p\u00ebr Shtetin e s\u00eb Drejt\u00ebs\u201d e Komisionit t\u00eb Venecias (CDL-AD(2016)007) e p\u00ebrcakton qart\u00eb se ndarja e pushteteve kufizon diskrecionin ekzekutiv dhe \u00ebsht\u00eb thelb\u00ebsore p\u00ebr mbrojtjen e demokracis\u00eb. Ky parim ripohohet gjithashtu n\u00eb Rekomandimin e K\u00ebshillit t\u00eb Evrop\u00ebs CM\/Rec(2012)1 dhe n\u00eb Rekomandimin 1878 (2009) t\u00eb Asambles\u00eb Parlamentare, t\u00eb cilat i b\u00ebjn\u00eb thirrje shteteve an\u00ebtare t\u00eb garantojn\u00eb burime t\u00eb sigurta dhe t\u00eb mjaftueshme p\u00ebr transmetuesit publik\u00eb, duke respektuar pavar\u00ebsin\u00eb institucionale dhe ligjin.<\/p>\n<p>K\u00ebto jan\u00eb parimet q\u00eb udh\u00ebheqin Qeverin\u00eb e Kosov\u00ebs n\u00eb \u00e7do vendim q\u00eb merr. Veprimet tona varen jo vet\u00ebm nga ligji vendor, por edhe nga tradita evropiane juridike, pjes\u00eb e s\u00eb cil\u00ebs Kosova synon t\u00eb b\u00ebhet.<\/p>\n<p>Prandaj, pozicioni yn\u00eb \u00ebsht\u00eb si vijon:<\/p>\n<p>Qeveria \u00ebsht\u00eb e gatshme dhe e vullnetshme t\u00eb mund\u00ebsoj\u00eb transferimin e fondeve t\u00eb miratuara p\u00ebr RTK menj\u00ebher\u00eb sapo t\u00eb formohet komisioni kompetent parlamentar dhe t\u00eb jet\u00eb n\u00eb gjendje t\u00eb veproj\u00eb, sipas Ligjit.<\/p>\n<p>Deri at\u00ebher\u00eb, ne nuk mund t\u00eb ushtrojm\u00eb ligj\u00ebrisht kompetenc\u00ebn vendimmarr\u00ebse q\u00eb i \u00ebsht\u00eb caktuar posa\u00e7\u00ebrisht Komisionit t\u00eb Kuvendit p\u00ebr Buxhet, Pun\u00eb dhe Transfere. Veprimi ndryshe do t\u00eb cenonte korniz\u00ebn ligjore t\u00eb Kosov\u00ebs dhe standardet e ndarjes s\u00eb pushteteve q\u00eb p\u00ebrb\u00ebjn\u00eb modelin demokratik evropian.<\/p>\n<p>N\u00eb k\u00ebt\u00eb frym\u00eb, ne u b\u00ebjm\u00eb thirrje t\u00eb gjitha forcave politike t\u00eb p\u00ebrfundojn\u00eb formimin e komisioneve parlamentare pa vones\u00eb, dhe t\u00eb bashk\u00ebpunojn\u00eb q\u00eb buxheti p\u00ebr vitin 2023 t\u00eb aprovohet menj\u00ebher\u00eb, n\u00eb m\u00ebnyr\u00eb q\u00eb t\u00eb mund\u00ebsohet transferimi ligjor dhe i rregullt i fondeve t\u00eb RTK-s\u00eb. Ne ju ftojm\u00eb me respekt juve dhe partner\u00ebt tan\u00eb nd\u00ebrkomb\u00ebtar\u00eb \u2014 p\u00ebrfshir\u00eb organizatat tuaja \u2014 t\u00eb nxisni grupet parlamentare q\u00eb t\u00eb p\u00ebrmbushin p\u00ebrgjegj\u00ebsit\u00eb e tyre institucionale n\u00eb m\u00ebnyr\u00eb q\u00eb rruga ligjore p\u00ebr financimin dhe qeverisjen e RTK-s\u00eb t\u00eb rikthehet menj\u00ebher\u00eb.<\/p>\n<p>&nbsp;<\/p>\n","protected":false},"excerpt":{"rendered":"<p>Prishtin\u00eb, 24 n\u00ebntor 2025 14:00 \u00cbsht\u00eb publikuar p\u00ebrgjigja q\u00eb Kryeministri n\u00eb detyr\u00eb i Kosov\u00ebs, Albin Kurti u ka d\u00ebrguar organizatave t\u00eb mediave t\u00eb cilat k\u00ebrkuan<\/p>\n","protected":false},"author":7,"featured_media":21555,"comment_status":"open","ping_status":"open","sticky":false,"template":"","format":"standard","meta":{"footnotes":""},"categories":[60],"tags":[],"class_list":["post-21550","post","type-post","status-publish","format-standard","has-post-thumbnail","hentry","category-shoqerore-sq"],"yoast_head":"<!-- This site is optimized with the Yoast SEO plugin v25.3.1 - https:\/\/yoast.com\/wordpress\/plugins\/seo\/ -->\n<title>Publikohet p\u00ebrgjigja e Kurtit p\u00ebr RTK-n\u00eb -<\/title>\n<meta name=\"robots\" content=\"index, follow, max-snippet:-1, max-image-preview:large, max-video-preview:-1\" \/>\n<link rel=\"canonical\" href=\"https:\/\/veritasinfo.org\/?p=21550\" \/>\n<meta property=\"og:locale\" content=\"en_US\" \/>\n<meta property=\"og:type\" content=\"article\" \/>\n<meta property=\"og:title\" content=\"Publikohet p\u00ebrgjigja e Kurtit p\u00ebr RTK-n\u00eb -\" \/>\n<meta property=\"og:description\" content=\"Prishtin\u00eb, 24 n\u00ebntor 2025 14:00 \u00cbsht\u00eb publikuar p\u00ebrgjigja q\u00eb Kryeministri n\u00eb detyr\u00eb i Kosov\u00ebs, Albin Kurti u ka d\u00ebrguar organizatave t\u00eb mediave t\u00eb cilat k\u00ebrkuan\" \/>\n<meta property=\"og:url\" content=\"https:\/\/veritasinfo.org\/?p=21550\" \/>\n<meta property=\"article:published_time\" content=\"2025-11-24T13:01:04+00:00\" \/>\n<meta property=\"og:image\" content=\"https:\/\/veritasinfo.org\/wp-content\/uploads\/2025\/11\/IMG_8979.png\" \/>\n\t<meta property=\"og:image:width\" content=\"612\" \/>\n\t<meta property=\"og:image:height\" content=\"402\" \/>\n\t<meta property=\"og:image:type\" content=\"image\/png\" \/>\n<meta name=\"author\" content=\"US6\" \/>\n<meta name=\"twitter:card\" content=\"summary_large_image\" \/>\n<meta name=\"twitter:label1\" content=\"Written by\" \/>\n\t<meta name=\"twitter:data1\" content=\"US6\" \/>\n\t<meta name=\"twitter:label2\" content=\"Est. reading time\" \/>\n\t<meta name=\"twitter:data2\" content=\"4 minutes\" \/>\n<script type=\"application\/ld+json\" class=\"yoast-schema-graph\">{\"@context\":\"https:\/\/schema.org\",\"@graph\":[{\"@type\":\"WebPage\",\"@id\":\"https:\/\/veritasinfo.org\/?p=21550\",\"url\":\"https:\/\/veritasinfo.org\/?p=21550\",\"name\":\"Publikohet p\u00ebrgjigja e Kurtit p\u00ebr RTK-n\u00eb -\",\"isPartOf\":{\"@id\":\"https:\/\/veritasinfo.org\/#website\"},\"primaryImageOfPage\":{\"@id\":\"https:\/\/veritasinfo.org\/?p=21550#primaryimage\"},\"image\":{\"@id\":\"https:\/\/veritasinfo.org\/?p=21550#primaryimage\"},\"thumbnailUrl\":\"https:\/\/veritasinfo.org\/wp-content\/uploads\/2025\/11\/IMG_8979.png\",\"datePublished\":\"2025-11-24T13:01:04+00:00\",\"author\":{\"@id\":\"https:\/\/veritasinfo.org\/#\/schema\/person\/fe199eede04c3937362892b7444747cc\"},\"breadcrumb\":{\"@id\":\"https:\/\/veritasinfo.org\/?p=21550#breadcrumb\"},\"inLanguage\":\"en-US\",\"potentialAction\":[{\"@type\":\"ReadAction\",\"target\":[\"https:\/\/veritasinfo.org\/?p=21550\"]}]},{\"@type\":\"ImageObject\",\"inLanguage\":\"en-US\",\"@id\":\"https:\/\/veritasinfo.org\/?p=21550#primaryimage\",\"url\":\"https:\/\/veritasinfo.org\/wp-content\/uploads\/2025\/11\/IMG_8979.png\",\"contentUrl\":\"https:\/\/veritasinfo.org\/wp-content\/uploads\/2025\/11\/IMG_8979.png\",\"width\":612,\"height\":402},{\"@type\":\"BreadcrumbList\",\"@id\":\"https:\/\/veritasinfo.org\/?p=21550#breadcrumb\",\"itemListElement\":[{\"@type\":\"ListItem\",\"position\":1,\"name\":\"Home\",\"item\":\"https:\/\/veritasinfo.org\/\"},{\"@type\":\"ListItem\",\"position\":2,\"name\":\"Publikohet p\u00ebrgjigja e Kurtit p\u00ebr RTK-n\u00eb\"}]},{\"@type\":\"WebSite\",\"@id\":\"https:\/\/veritasinfo.org\/#website\",\"url\":\"https:\/\/veritasinfo.org\/\",\"name\":\"\",\"description\":\"\",\"potentialAction\":[{\"@type\":\"SearchAction\",\"target\":{\"@type\":\"EntryPoint\",\"urlTemplate\":\"https:\/\/veritasinfo.org\/?s={search_term_string}\"},\"query-input\":{\"@type\":\"PropertyValueSpecification\",\"valueRequired\":true,\"valueName\":\"search_term_string\"}}],\"inLanguage\":\"en-US\"},{\"@type\":\"Person\",\"@id\":\"https:\/\/veritasinfo.org\/#\/schema\/person\/fe199eede04c3937362892b7444747cc\",\"name\":\"US6\",\"image\":{\"@type\":\"ImageObject\",\"inLanguage\":\"en-US\",\"@id\":\"https:\/\/veritasinfo.org\/#\/schema\/person\/image\/\",\"url\":\"https:\/\/secure.gravatar.com\/avatar\/cb16c3c31c9d23b9b8c705964598220b3014e42ff51eb540ff23cefa3ae8c15f?s=96&d=mm&r=g\",\"contentUrl\":\"https:\/\/secure.gravatar.com\/avatar\/cb16c3c31c9d23b9b8c705964598220b3014e42ff51eb540ff23cefa3ae8c15f?s=96&d=mm&r=g\",\"caption\":\"US6\"},\"url\":\"https:\/\/veritasinfo.org\/?author=7\"}]}<\/script>\n<!-- \/ Yoast SEO plugin. -->","yoast_head_json":{"title":"Publikohet p\u00ebrgjigja e Kurtit p\u00ebr RTK-n\u00eb -","robots":{"index":"index","follow":"follow","max-snippet":"max-snippet:-1","max-image-preview":"max-image-preview:large","max-video-preview":"max-video-preview:-1"},"canonical":"https:\/\/veritasinfo.org\/?p=21550","og_locale":"en_US","og_type":"article","og_title":"Publikohet p\u00ebrgjigja e Kurtit p\u00ebr RTK-n\u00eb -","og_description":"Prishtin\u00eb, 24 n\u00ebntor 2025 14:00 \u00cbsht\u00eb publikuar p\u00ebrgjigja q\u00eb Kryeministri n\u00eb detyr\u00eb i Kosov\u00ebs, Albin Kurti u ka d\u00ebrguar organizatave t\u00eb mediave t\u00eb cilat k\u00ebrkuan","og_url":"https:\/\/veritasinfo.org\/?p=21550","article_published_time":"2025-11-24T13:01:04+00:00","og_image":[{"width":612,"height":402,"url":"https:\/\/veritasinfo.org\/wp-content\/uploads\/2025\/11\/IMG_8979.png","type":"image\/png"}],"author":"US6","twitter_card":"summary_large_image","twitter_misc":{"Written by":"US6","Est. reading time":"4 minutes"},"schema":{"@context":"https:\/\/schema.org","@graph":[{"@type":"WebPage","@id":"https:\/\/veritasinfo.org\/?p=21550","url":"https:\/\/veritasinfo.org\/?p=21550","name":"Publikohet p\u00ebrgjigja e Kurtit p\u00ebr RTK-n\u00eb -","isPartOf":{"@id":"https:\/\/veritasinfo.org\/#website"},"primaryImageOfPage":{"@id":"https:\/\/veritasinfo.org\/?p=21550#primaryimage"},"image":{"@id":"https:\/\/veritasinfo.org\/?p=21550#primaryimage"},"thumbnailUrl":"https:\/\/veritasinfo.org\/wp-content\/uploads\/2025\/11\/IMG_8979.png","datePublished":"2025-11-24T13:01:04+00:00","author":{"@id":"https:\/\/veritasinfo.org\/#\/schema\/person\/fe199eede04c3937362892b7444747cc"},"breadcrumb":{"@id":"https:\/\/veritasinfo.org\/?p=21550#breadcrumb"},"inLanguage":"en-US","potentialAction":[{"@type":"ReadAction","target":["https:\/\/veritasinfo.org\/?p=21550"]}]},{"@type":"ImageObject","inLanguage":"en-US","@id":"https:\/\/veritasinfo.org\/?p=21550#primaryimage","url":"https:\/\/veritasinfo.org\/wp-content\/uploads\/2025\/11\/IMG_8979.png","contentUrl":"https:\/\/veritasinfo.org\/wp-content\/uploads\/2025\/11\/IMG_8979.png","width":612,"height":402},{"@type":"BreadcrumbList","@id":"https:\/\/veritasinfo.org\/?p=21550#breadcrumb","itemListElement":[{"@type":"ListItem","position":1,"name":"Home","item":"https:\/\/veritasinfo.org\/"},{"@type":"ListItem","position":2,"name":"Publikohet p\u00ebrgjigja e Kurtit p\u00ebr RTK-n\u00eb"}]},{"@type":"WebSite","@id":"https:\/\/veritasinfo.org\/#website","url":"https:\/\/veritasinfo.org\/","name":"","description":"","potentialAction":[{"@type":"SearchAction","target":{"@type":"EntryPoint","urlTemplate":"https:\/\/veritasinfo.org\/?s={search_term_string}"},"query-input":{"@type":"PropertyValueSpecification","valueRequired":true,"valueName":"search_term_string"}}],"inLanguage":"en-US"},{"@type":"Person","@id":"https:\/\/veritasinfo.org\/#\/schema\/person\/fe199eede04c3937362892b7444747cc","name":"US6","image":{"@type":"ImageObject","inLanguage":"en-US","@id":"https:\/\/veritasinfo.org\/#\/schema\/person\/image\/","url":"https:\/\/secure.gravatar.com\/avatar\/cb16c3c31c9d23b9b8c705964598220b3014e42ff51eb540ff23cefa3ae8c15f?s=96&d=mm&r=g","contentUrl":"https:\/\/secure.gravatar.com\/avatar\/cb16c3c31c9d23b9b8c705964598220b3014e42ff51eb540ff23cefa3ae8c15f?s=96&d=mm&r=g","caption":"US6"},"url":"https:\/\/veritasinfo.org\/?author=7"}]}},"featured_image_urls":{"full":["https:\/\/veritasinfo.org\/wp-content\/uploads\/2025\/11\/IMG_8979.png",612,402,false],"thumbnail":["https:\/\/veritasinfo.org\/wp-content\/uploads\/2025\/11\/IMG_8979-150x150.png",150,150,true],"medium":["https:\/\/veritasinfo.org\/wp-content\/uploads\/2025\/11\/IMG_8979-300x197.png",300,197,true],"medium_large":["https:\/\/veritasinfo.org\/wp-content\/uploads\/2025\/11\/IMG_8979.png",612,402,false],"large":["https:\/\/veritasinfo.org\/wp-content\/uploads\/2025\/11\/IMG_8979.png",612,402,false],"1536x1536":["https:\/\/veritasinfo.org\/wp-content\/uploads\/2025\/11\/IMG_8979.png",612,402,false],"2048x2048":["https:\/\/veritasinfo.org\/wp-content\/uploads\/2025\/11\/IMG_8979.png",612,402,false],"kreeti-slider-full":["https:\/\/veritasinfo.org\/wp-content\/uploads\/2025\/11\/IMG_8979.png",612,402,false],"kreeti-featured":["https:\/\/veritasinfo.org\/wp-content\/uploads\/2025\/11\/IMG_8979.png",612,402,false],"kreeti-medium":["https:\/\/veritasinfo.org\/wp-content\/uploads\/2025\/11\/IMG_8979.png",612,402,false],"kreeti-medium-square":["https:\/\/veritasinfo.org\/wp-content\/uploads\/2025\/11\/IMG_8979.png",350,230,false]},"author_info":{"info":["US6"]},"category_info":"<a href=\"https:\/\/veritasinfo.org\/?cat=60\" rel=\"category\">Shoq\u00ebrore<\/a>","tag_info":"Shoq\u00ebrore","comment_count":"0","_links":{"self":[{"href":"https:\/\/veritasinfo.org\/index.php?rest_route=\/wp\/v2\/posts\/21550","targetHints":{"allow":["GET"]}}],"collection":[{"href":"https:\/\/veritasinfo.org\/index.php?rest_route=\/wp\/v2\/posts"}],"about":[{"href":"https:\/\/veritasinfo.org\/index.php?rest_route=\/wp\/v2\/types\/post"}],"author":[{"embeddable":true,"href":"https:\/\/veritasinfo.org\/index.php?rest_route=\/wp\/v2\/users\/7"}],"replies":[{"embeddable":true,"href":"https:\/\/veritasinfo.org\/index.php?rest_route=%2Fwp%2Fv2%2Fcomments&post=21550"}],"version-history":[{"count":1,"href":"https:\/\/veritasinfo.org\/index.php?rest_route=\/wp\/v2\/posts\/21550\/revisions"}],"predecessor-version":[{"id":21556,"href":"https:\/\/veritasinfo.org\/index.php?rest_route=\/wp\/v2\/posts\/21550\/revisions\/21556"}],"wp:featuredmedia":[{"embeddable":true,"href":"https:\/\/veritasinfo.org\/index.php?rest_route=\/wp\/v2\/media\/21555"}],"wp:attachment":[{"href":"https:\/\/veritasinfo.org\/index.php?rest_route=%2Fwp%2Fv2%2Fmedia&parent=21550"}],"wp:term":[{"taxonomy":"category","embeddable":true,"href":"https:\/\/veritasinfo.org\/index.php?rest_route=%2Fwp%2Fv2%2Fcategories&post=21550"},{"taxonomy":"post_tag","embeddable":true,"href":"https:\/\/veritasinfo.org\/index.php?rest_route=%2Fwp%2Fv2%2Ftags&post=21550"}],"curies":[{"name":"wp","href":"https:\/\/api.w.org\/{rel}","templated":true}]}}