{"id":21549,"date":"2025-11-24T13:59:22","date_gmt":"2025-11-24T12:59:22","guid":{"rendered":"https:\/\/veritasinfo.org\/?p=21549"},"modified":"2025-11-24T13:59:22","modified_gmt":"2025-11-24T12:59:22","slug":"osmani-kosova-nuk-ka-pase-e-as-nuk-do-te-kete-qeveri-antiamerikane","status":"publish","type":"post","link":"https:\/\/veritasinfo.org\/?p=21549","title":{"rendered":"Osmani: Kosova nuk ka pas\u00eb e as nuk do t\u00eb ket\u00eb qeveri antiamerikane"},"content":{"rendered":"<p>Prishtin\u00eb 24 N\u00ebntor 2025 13:59<\/p>\n<p>Presidentja e Kosov\u00ebs Vjosa Osmani ka th\u00ebn\u00eb se n\u00eb takim me kongresist\u00eb amerikan\u00eb ka diskutuar n\u00eb lidhje me shum\u00eb \u00e7\u00ebshtje e me fokus ato t\u00eb siguris\u00eb dhe mbrojtjes, raporton Ekonomia Online.<\/p>\n<p>Osmani ka theksuar se Kosova \u00ebsht\u00eb shteti m\u00eb pro amerikan dhe se asnj\u00ebher\u00eb nuk ka pas\u00eb qeveri antiamerikane.<\/p>\n<p>\u201cSot kisha nderin q\u00eb t\u2019i mir\u00ebpres n\u00eb Kosov\u00eb dy kongresist\u00eb amerikan\u00eb. Q\u00eb t\u00eb dy p\u00ebr nj\u00eb koh\u00eb t\u00eb gjat\u00eb kan\u00eb mb\u00ebshtetur Kosov\u00ebn dhe gjith\u00eb rajonin ton\u00eb dhe si kontribuues t\u00eb vazhduesh\u00ebm p\u00ebr paqen dhe stabilitetin n\u00eb rajon tani kan\u00eb k\u00ebt\u00eb vizit\u00eb. Bashk\u00ebpunimi bilateral mes Kosov\u00ebs dhe SHBA, zhvillimet n\u00eb sektorin e siguris\u00eb dhe mbrojtjes, p\u00ebrafrimi yn\u00eb me NATO si organizate q\u00eb synojm\u00eb t\u00eb an\u00ebtar\u00ebsohem, sfidat e siguris\u00eb me t\u00eb cilat po p\u00ebrballemi dhe m\u00ebnyr\u00ebn sesi mund t\u00eb koordinohemi dhe me shum\u00eb me SHBA q\u00eb t\u00eb kemi integrim sa m\u00eb t\u00eb suksessh\u00ebm t\u00eb komuniteti serb n\u00eb Kosov\u00eb\u201d, tha Osmani.<\/p>\n<p>Presidentja i \u00ebsht\u00eb p\u00ebrgjigjur diplomatit Philip Reeker, i cili k\u00ebrkoi nj\u00eb qeveri q\u00eb t\u00eb bashk\u00ebpunoj\u00eb me amerikan\u00ebt, ku tha se Kosova nuk ka pas\u00eb e as nuk do t\u00eb ket\u00eb ndonj\u00ebher\u00eb qeveri antiamerikane.<\/p>\n<p>\u201cSecili i ka q\u00ebndrimet e veta dhe nj\u00ebkoh\u00ebsisht dhe Reeker, me t\u00eb cilin kam pas\u00eb bashk\u00ebpunim t\u00eb shk\u00eblqyesh\u00ebm. N\u00eb Kosov\u00eb nuk ka pas\u00eb e nuk do t\u00eb ket\u00eb asnj\u00ebher\u00eb qeveri antiamerikane. N\u00eb Kosov\u00eb ka pas\u00eb dhe do t\u00eb ket\u00eb gjithnj\u00eb Qeverin\u00eb m\u00eb pro amerikane q\u00eb mund ta gjej\u00eb ndokush sepse kemi popullin me pro amerikan dhe secila qeveri q\u00eb vjen nga ky popull. Pra, nuk mund t\u00eb ket\u00eb dallime mes popullit q\u00eb krijojn\u00eb qeveri dhe qeveris\u00eb p\u00ebrderisa secila qeveria ka metodat e veta sesi t\u00eb punojn\u00eb me partner\u00ebt\u2026 sa i p\u00ebrket pun\u00ebs sime si presidente ju siguroj\u00eb q\u00eb kam pasur dhe do t\u00eb vazhdoj\u00eb t\u00eb kem nj\u00eb bashk\u00ebpunim t\u00eb ngusht\u00eb me Shtetet e Bashkuara \u00ebt Amerik\u00ebs sepse i shoh si partner ekzistencial n\u00eb zhvillimin e Kosov\u00ebs dhe mbrojtjen e liris\u00eb dhe pavar\u00ebsis\u00eb son\u00eb dhe tejkalimin sfidave t\u00eb siguris\u00eb\u201d, tha Osmani.<\/p>\n","protected":false},"excerpt":{"rendered":"<p>Prishtin\u00eb 24 N\u00ebntor 2025 13:59 Presidentja e Kosov\u00ebs Vjosa Osmani ka th\u00ebn\u00eb se n\u00eb takim me kongresist\u00eb amerikan\u00eb ka diskutuar n\u00eb lidhje me shum\u00eb \u00e7\u00ebshtje<\/p>\n","protected":false},"author":6,"featured_media":21551,"comment_status":"open","ping_status":"open","sticky":false,"template":"","format":"standard","meta":{"footnotes":""},"categories":[58],"tags":[],"class_list":["post-21549","post","type-post","status-publish","format-standard","has-post-thumbnail","hentry","category-politike-sq"],"yoast_head":"<!-- This site is optimized with the Yoast SEO plugin v25.3.1 - https:\/\/yoast.com\/wordpress\/plugins\/seo\/ -->\n<title>Osmani: Kosova nuk ka pas\u00eb e as nuk do t\u00eb ket\u00eb qeveri antiamerikane -<\/title>\n<meta name=\"robots\" content=\"index, follow, max-snippet:-1, max-image-preview:large, max-video-preview:-1\" \/>\n<link rel=\"canonical\" href=\"https:\/\/veritasinfo.org\/?p=21549\" \/>\n<meta property=\"og:locale\" content=\"en_US\" \/>\n<meta property=\"og:type\" content=\"article\" \/>\n<meta property=\"og:title\" content=\"Osmani: Kosova nuk ka pas\u00eb e as nuk do t\u00eb ket\u00eb qeveri antiamerikane -\" \/>\n<meta property=\"og:description\" content=\"Prishtin\u00eb 24 N\u00ebntor 2025 13:59 Presidentja e Kosov\u00ebs Vjosa Osmani ka th\u00ebn\u00eb se n\u00eb takim me kongresist\u00eb amerikan\u00eb ka diskutuar n\u00eb lidhje me shum\u00eb \u00e7\u00ebshtje\" \/>\n<meta property=\"og:url\" content=\"https:\/\/veritasinfo.org\/?p=21549\" \/>\n<meta property=\"article:published_time\" content=\"2025-11-24T12:59:22+00:00\" \/>\n<meta property=\"og:image\" content=\"https:\/\/veritasinfo.org\/wp-content\/uploads\/2025\/11\/vjosa-2-637x380-1.jpg\" \/>\n\t<meta property=\"og:image:width\" content=\"637\" \/>\n\t<meta property=\"og:image:height\" content=\"380\" \/>\n\t<meta property=\"og:image:type\" content=\"image\/jpeg\" \/>\n<meta name=\"author\" content=\"US5\" \/>\n<meta name=\"twitter:card\" content=\"summary_large_image\" \/>\n<meta name=\"twitter:label1\" content=\"Written by\" \/>\n\t<meta name=\"twitter:data1\" content=\"US5\" \/>\n<script type=\"application\/ld+json\" class=\"yoast-schema-graph\">{\"@context\":\"https:\/\/schema.org\",\"@graph\":[{\"@type\":\"WebPage\",\"@id\":\"https:\/\/veritasinfo.org\/?p=21549\",\"url\":\"https:\/\/veritasinfo.org\/?p=21549\",\"name\":\"Osmani: Kosova nuk ka pas\u00eb e as nuk do t\u00eb ket\u00eb qeveri antiamerikane -\",\"isPartOf\":{\"@id\":\"https:\/\/veritasinfo.org\/#website\"},\"primaryImageOfPage\":{\"@id\":\"https:\/\/veritasinfo.org\/?p=21549#primaryimage\"},\"image\":{\"@id\":\"https:\/\/veritasinfo.org\/?p=21549#primaryimage\"},\"thumbnailUrl\":\"https:\/\/veritasinfo.org\/wp-content\/uploads\/2025\/11\/vjosa-2-637x380-1.jpg\",\"datePublished\":\"2025-11-24T12:59:22+00:00\",\"author\":{\"@id\":\"https:\/\/veritasinfo.org\/#\/schema\/person\/bc442336e35414d04494ab8fb45db4c6\"},\"breadcrumb\":{\"@id\":\"https:\/\/veritasinfo.org\/?p=21549#breadcrumb\"},\"inLanguage\":\"en-US\",\"potentialAction\":[{\"@type\":\"ReadAction\",\"target\":[\"https:\/\/veritasinfo.org\/?p=21549\"]}]},{\"@type\":\"ImageObject\",\"inLanguage\":\"en-US\",\"@id\":\"https:\/\/veritasinfo.org\/?p=21549#primaryimage\",\"url\":\"https:\/\/veritasinfo.org\/wp-content\/uploads\/2025\/11\/vjosa-2-637x380-1.jpg\",\"contentUrl\":\"https:\/\/veritasinfo.org\/wp-content\/uploads\/2025\/11\/vjosa-2-637x380-1.jpg\",\"width\":637,\"height\":380},{\"@type\":\"BreadcrumbList\",\"@id\":\"https:\/\/veritasinfo.org\/?p=21549#breadcrumb\",\"itemListElement\":[{\"@type\":\"ListItem\",\"position\":1,\"name\":\"Home\",\"item\":\"https:\/\/veritasinfo.org\/\"},{\"@type\":\"ListItem\",\"position\":2,\"name\":\"Osmani: Kosova nuk ka pas\u00eb e as nuk do t\u00eb ket\u00eb qeveri antiamerikane\"}]},{\"@type\":\"WebSite\",\"@id\":\"https:\/\/veritasinfo.org\/#website\",\"url\":\"https:\/\/veritasinfo.org\/\",\"name\":\"\",\"description\":\"\",\"potentialAction\":[{\"@type\":\"SearchAction\",\"target\":{\"@type\":\"EntryPoint\",\"urlTemplate\":\"https:\/\/veritasinfo.org\/?s={search_term_string}\"},\"query-input\":{\"@type\":\"PropertyValueSpecification\",\"valueRequired\":true,\"valueName\":\"search_term_string\"}}],\"inLanguage\":\"en-US\"},{\"@type\":\"Person\",\"@id\":\"https:\/\/veritasinfo.org\/#\/schema\/person\/bc442336e35414d04494ab8fb45db4c6\",\"name\":\"US5\",\"image\":{\"@type\":\"ImageObject\",\"inLanguage\":\"en-US\",\"@id\":\"https:\/\/veritasinfo.org\/#\/schema\/person\/image\/\",\"url\":\"https:\/\/secure.gravatar.com\/avatar\/16a61e7272a0c5d001121ebb9e60e925d5816e4ac1e443ed3e640d9a6ae55d0c?s=96&d=mm&r=g\",\"contentUrl\":\"https:\/\/secure.gravatar.com\/avatar\/16a61e7272a0c5d001121ebb9e60e925d5816e4ac1e443ed3e640d9a6ae55d0c?s=96&d=mm&r=g\",\"caption\":\"US5\"},\"url\":\"https:\/\/veritasinfo.org\/?author=6\"}]}<\/script>\n<!-- \/ Yoast SEO plugin. -->","yoast_head_json":{"title":"Osmani: Kosova nuk ka pas\u00eb e as nuk do t\u00eb ket\u00eb qeveri antiamerikane -","robots":{"index":"index","follow":"follow","max-snippet":"max-snippet:-1","max-image-preview":"max-image-preview:large","max-video-preview":"max-video-preview:-1"},"canonical":"https:\/\/veritasinfo.org\/?p=21549","og_locale":"en_US","og_type":"article","og_title":"Osmani: Kosova nuk ka pas\u00eb e as nuk do t\u00eb ket\u00eb qeveri antiamerikane -","og_description":"Prishtin\u00eb 24 N\u00ebntor 2025 13:59 Presidentja e Kosov\u00ebs Vjosa Osmani ka th\u00ebn\u00eb se n\u00eb takim me kongresist\u00eb amerikan\u00eb ka diskutuar n\u00eb lidhje me shum\u00eb \u00e7\u00ebshtje","og_url":"https:\/\/veritasinfo.org\/?p=21549","article_published_time":"2025-11-24T12:59:22+00:00","og_image":[{"width":637,"height":380,"url":"https:\/\/veritasinfo.org\/wp-content\/uploads\/2025\/11\/vjosa-2-637x380-1.jpg","type":"image\/jpeg"}],"author":"US5","twitter_card":"summary_large_image","twitter_misc":{"Written by":"US5"},"schema":{"@context":"https:\/\/schema.org","@graph":[{"@type":"WebPage","@id":"https:\/\/veritasinfo.org\/?p=21549","url":"https:\/\/veritasinfo.org\/?p=21549","name":"Osmani: Kosova nuk ka pas\u00eb e as nuk do t\u00eb ket\u00eb qeveri antiamerikane -","isPartOf":{"@id":"https:\/\/veritasinfo.org\/#website"},"primaryImageOfPage":{"@id":"https:\/\/veritasinfo.org\/?p=21549#primaryimage"},"image":{"@id":"https:\/\/veritasinfo.org\/?p=21549#primaryimage"},"thumbnailUrl":"https:\/\/veritasinfo.org\/wp-content\/uploads\/2025\/11\/vjosa-2-637x380-1.jpg","datePublished":"2025-11-24T12:59:22+00:00","author":{"@id":"https:\/\/veritasinfo.org\/#\/schema\/person\/bc442336e35414d04494ab8fb45db4c6"},"breadcrumb":{"@id":"https:\/\/veritasinfo.org\/?p=21549#breadcrumb"},"inLanguage":"en-US","potentialAction":[{"@type":"ReadAction","target":["https:\/\/veritasinfo.org\/?p=21549"]}]},{"@type":"ImageObject","inLanguage":"en-US","@id":"https:\/\/veritasinfo.org\/?p=21549#primaryimage","url":"https:\/\/veritasinfo.org\/wp-content\/uploads\/2025\/11\/vjosa-2-637x380-1.jpg","contentUrl":"https:\/\/veritasinfo.org\/wp-content\/uploads\/2025\/11\/vjosa-2-637x380-1.jpg","width":637,"height":380},{"@type":"BreadcrumbList","@id":"https:\/\/veritasinfo.org\/?p=21549#breadcrumb","itemListElement":[{"@type":"ListItem","position":1,"name":"Home","item":"https:\/\/veritasinfo.org\/"},{"@type":"ListItem","position":2,"name":"Osmani: Kosova nuk ka pas\u00eb e as nuk do t\u00eb ket\u00eb qeveri antiamerikane"}]},{"@type":"WebSite","@id":"https:\/\/veritasinfo.org\/#website","url":"https:\/\/veritasinfo.org\/","name":"","description":"","potentialAction":[{"@type":"SearchAction","target":{"@type":"EntryPoint","urlTemplate":"https:\/\/veritasinfo.org\/?s={search_term_string}"},"query-input":{"@type":"PropertyValueSpecification","valueRequired":true,"valueName":"search_term_string"}}],"inLanguage":"en-US"},{"@type":"Person","@id":"https:\/\/veritasinfo.org\/#\/schema\/person\/bc442336e35414d04494ab8fb45db4c6","name":"US5","image":{"@type":"ImageObject","inLanguage":"en-US","@id":"https:\/\/veritasinfo.org\/#\/schema\/person\/image\/","url":"https:\/\/secure.gravatar.com\/avatar\/16a61e7272a0c5d001121ebb9e60e925d5816e4ac1e443ed3e640d9a6ae55d0c?s=96&d=mm&r=g","contentUrl":"https:\/\/secure.gravatar.com\/avatar\/16a61e7272a0c5d001121ebb9e60e925d5816e4ac1e443ed3e640d9a6ae55d0c?s=96&d=mm&r=g","caption":"US5"},"url":"https:\/\/veritasinfo.org\/?author=6"}]}},"featured_image_urls":{"full":["https:\/\/veritasinfo.org\/wp-content\/uploads\/2025\/11\/vjosa-2-637x380-1.jpg",637,380,false],"thumbnail":["https:\/\/veritasinfo.org\/wp-content\/uploads\/2025\/11\/vjosa-2-637x380-1-150x150.jpg",150,150,true],"medium":["https:\/\/veritasinfo.org\/wp-content\/uploads\/2025\/11\/vjosa-2-637x380-1-300x179.jpg",300,179,true],"medium_large":["https:\/\/veritasinfo.org\/wp-content\/uploads\/2025\/11\/vjosa-2-637x380-1.jpg",637,380,false],"large":["https:\/\/veritasinfo.org\/wp-content\/uploads\/2025\/11\/vjosa-2-637x380-1.jpg",637,380,false],"1536x1536":["https:\/\/veritasinfo.org\/wp-content\/uploads\/2025\/11\/vjosa-2-637x380-1.jpg",637,380,false],"2048x2048":["https:\/\/veritasinfo.org\/wp-content\/uploads\/2025\/11\/vjosa-2-637x380-1.jpg",637,380,false],"kreeti-slider-full":["https:\/\/veritasinfo.org\/wp-content\/uploads\/2025\/11\/vjosa-2-637x380-1.jpg",637,380,false],"kreeti-featured":["https:\/\/veritasinfo.org\/wp-content\/uploads\/2025\/11\/vjosa-2-637x380-1.jpg",637,380,false],"kreeti-medium":["https:\/\/veritasinfo.org\/wp-content\/uploads\/2025\/11\/vjosa-2-637x380-1.jpg",637,380,false],"kreeti-medium-square":["https:\/\/veritasinfo.org\/wp-content\/uploads\/2025\/11\/vjosa-2-637x380-1.jpg",350,209,false]},"author_info":{"info":["US5"]},"category_info":"<a href=\"https:\/\/veritasinfo.org\/?cat=58\" rel=\"category\">Politik\u00eb<\/a>","tag_info":"Politik\u00eb","comment_count":"0","_links":{"self":[{"href":"https:\/\/veritasinfo.org\/index.php?rest_route=\/wp\/v2\/posts\/21549","targetHints":{"allow":["GET"]}}],"collection":[{"href":"https:\/\/veritasinfo.org\/index.php?rest_route=\/wp\/v2\/posts"}],"about":[{"href":"https:\/\/veritasinfo.org\/index.php?rest_route=\/wp\/v2\/types\/post"}],"author":[{"embeddable":true,"href":"https:\/\/veritasinfo.org\/index.php?rest_route=\/wp\/v2\/users\/6"}],"replies":[{"embeddable":true,"href":"https:\/\/veritasinfo.org\/index.php?rest_route=%2Fwp%2Fv2%2Fcomments&post=21549"}],"version-history":[{"count":1,"href":"https:\/\/veritasinfo.org\/index.php?rest_route=\/wp\/v2\/posts\/21549\/revisions"}],"predecessor-version":[{"id":21552,"href":"https:\/\/veritasinfo.org\/index.php?rest_route=\/wp\/v2\/posts\/21549\/revisions\/21552"}],"wp:featuredmedia":[{"embeddable":true,"href":"https:\/\/veritasinfo.org\/index.php?rest_route=\/wp\/v2\/media\/21551"}],"wp:attachment":[{"href":"https:\/\/veritasinfo.org\/index.php?rest_route=%2Fwp%2Fv2%2Fmedia&parent=21549"}],"wp:term":[{"taxonomy":"category","embeddable":true,"href":"https:\/\/veritasinfo.org\/index.php?rest_route=%2Fwp%2Fv2%2Fcategories&post=21549"},{"taxonomy":"post_tag","embeddable":true,"href":"https:\/\/veritasinfo.org\/index.php?rest_route=%2Fwp%2Fv2%2Ftags&post=21549"}],"curies":[{"name":"wp","href":"https:\/\/api.w.org\/{rel}","templated":true}]}}