{"id":21544,"date":"2025-11-24T13:44:27","date_gmt":"2025-11-24T12:44:27","guid":{"rendered":"https:\/\/veritasinfo.org\/?p=21544"},"modified":"2025-11-24T13:44:27","modified_gmt":"2025-11-24T12:44:27","slug":"kurti-turner-dhe-norcross-flasin-per-fuqizimin-e-marredhenieve-kosove-shba","status":"publish","type":"post","link":"https:\/\/veritasinfo.org\/?p=21544","title":{"rendered":"Kurti, Turner dhe Norcross flasin p\u00ebr fuqizimin e marr\u00ebdh\u00ebnieve Kosov\u00eb\u2013ShBA"},"content":{"rendered":"<p>Prishtin\u00eb 24 N\u00ebntor 2025. 13:45<\/p>\n<p>Kryeministri n\u00eb detyr\u00eb i Republik\u00ebs s\u00eb Kosov\u00ebs, Albin Kurti, i shoq\u00ebruar nga z\u00ebvend\u00ebsministrja n\u00eb detyr\u00eb e Pun\u00ebve t\u00eb Jashtme dhe Diaspor\u00ebs, Liza Gashi, mir\u00ebpriti sot nj\u00eb delegacion t\u00eb Shteteve t\u00eb Bashkuara t\u00eb Amerik\u00ebs, t\u00eb p\u00ebrb\u00ebr\u00eb nga kongresisti republikan Mike Turner dhe kongresisti demokrat Donald Norcross.<\/p>\n<p>T\u00eb dy kongresist\u00ebt jan\u00eb pjes\u00eb e Asambles\u00eb Parlamentare t\u00eb NATO-s dhe t\u00eb Komitetit t\u00eb Sh\u00ebrbimeve t\u00eb Armatosura t\u00eb Dhom\u00ebs s\u00eb P\u00ebrfaq\u00ebsuesve (House Armed Services Committee), dhe kan\u00eb luajtur rol t\u00eb r\u00ebnd\u00ebsish\u00ebm n\u00eb angazhimin ushtarak t\u00eb ShBA-s\u00eb n\u00eb lidhje me NATO-n dhe m\u00eb gjer\u00eb.<\/p>\n<p>Pika qendrore e diskutimeve ishte fuqizimi i marr\u00ebdh\u00ebnieve Kosov\u00eb\u2013ShBA, me theks t\u00eb ve\u00e7ant\u00eb n\u00eb fush\u00ebn e mbrojtjes. Kryeministri njoftoi se n\u00eb kat\u00ebr vitet e fundit mbi 1000 pjes\u00ebtar\u00eb t\u00eb Forc\u00ebs s\u00eb Siguris\u00eb s\u00eb Kosov\u00ebs (FSK) kan\u00eb marr\u00eb pjes\u00eb n\u00eb trajnime n\u00eb programe ushtarake t\u00eb ShBA-s\u00eb, p\u00ebrfshir\u00eb edukimin ushtarak n\u00eb West Point dhe U.S. Army War College. Gjithashtu, Kosova ka mir\u00ebpritur tre edicione radhazi t\u00eb ushtrimeve ushtarake Defender Europe. N\u00eb edicionin e fundit, p\u00ebrkat\u00ebsisht n\u00eb Defender Europe 2025, Komanda e Divizionit t\u00eb 28-t\u00eb t\u00eb K\u00ebmb\u00ebsoris\u00eb s\u00eb Ushtris\u00eb s\u00eb Shteteve t\u00eb Bashkuara t\u00eb Amerik\u00ebs ka qen\u00eb e vendosur n\u00eb aeroportin ton\u00eb ushtarak n\u00eb Gjakov\u00eb, prej nga ka drejtuar t\u00eb gjitha brigadat q\u00eb kan\u00eb operuar n\u00eb Evrop\u00ebn Juglindore, njofton Yzra e Kreyministrit.<\/p>\n<p>Sa i p\u00ebrket investimeve dhe kapaciteteve mbrojt\u00ebse, kryeministri ve\u00e7oi prokurimin e pajisjeve ushtarake amerikane, p\u00ebrfshir\u00eb edhe sistemeve anti-tank Javelin, si dhe faktin q\u00eb Kosova ka n\u00ebnshkruar gjithashtu Marr\u00ebveshjen p\u00ebr Mbrojtjen e Informacionit t\u00eb Klasifikuar dhe CISMOA, duke u b\u00ebr\u00eb vendi i 33-t\u00eb n\u00eb bot\u00eb me k\u00ebt\u00eb status t\u00eb besuesh\u00ebm. Krahas investimeve n\u00eb mbrojtje, kryeministri u shpreh se Kosova mbetet e pal\u00ebkundur n\u00eb orientimin e saj euro-atlantik dhe synimin p\u00ebr an\u00ebtar\u00ebsim n\u00eb NATO dhe BE, jo vet\u00ebm si p\u00ebrfituese nga ombrella e siguris\u00eb, por edhe si kontribuuese n\u00eb paqen dhe sigurin\u00eb n\u00eb kontinentin evropian.<\/p>\n<p>Gjat\u00eb takimit u diskutua edhe p\u00ebr mund\u00ebsit\u00eb e bashk\u00ebpunimit n\u00eb rrafshin ekonomik, sidomos n\u00eb fush\u00ebn e energjis\u00eb dhe t\u00eb teknologjis\u00eb, por edhe n\u00eb projekte t\u00eb m\u00ebdha infrastrukturore q\u00eb parashihen t\u00eb realizohen, si ato n\u00eb transportin hekurudhor. Kryeministri po ashtu theksoi p\u00ebrparimin ekonomik dhe demokratik t\u00eb b\u00ebr\u00eb n\u00eb vend n\u00eb vitet e fundit, si\u00e7 d\u00ebshmohet edhe nga raportet e organizatave nd\u00ebrkomb\u00ebtare, teksa theksoi se Kosova vijon t\u00eb jet\u00eb shembull se p\u00ebrparimi demokratik dhe rritja ekonomike mund t\u00eb ecin krah p\u00ebr krah.<\/p>\n<p>Ai shprehu mir\u00ebnjohjen e popullit t\u00eb Kosov\u00ebs dhe fal\u00ebnderimin e tij p\u00ebr kontributin historik, rolin aktiv dhe mb\u00ebshtetjen e vazhdueshme t\u00eb Shteteve t\u00eb Bashkuara t\u00eb Amerik\u00ebs ndaj shtetit t\u00eb Kosov\u00ebs.<\/p>\n","protected":false},"excerpt":{"rendered":"<p>Prishtin\u00eb 24 N\u00ebntor 2025. 13:45 Kryeministri n\u00eb detyr\u00eb i Republik\u00ebs s\u00eb Kosov\u00ebs, Albin Kurti, i shoq\u00ebruar nga z\u00ebvend\u00ebsministrja n\u00eb detyr\u00eb e Pun\u00ebve t\u00eb Jashtme dhe<\/p>\n","protected":false},"author":6,"featured_media":21545,"comment_status":"open","ping_status":"open","sticky":false,"template":"","format":"standard","meta":{"footnotes":""},"categories":[58],"tags":[],"class_list":["post-21544","post","type-post","status-publish","format-standard","has-post-thumbnail","hentry","category-politike-sq"],"yoast_head":"<!-- This site is optimized with the Yoast SEO plugin v25.3.1 - https:\/\/yoast.com\/wordpress\/plugins\/seo\/ -->\n<title>Kurti, Turner dhe Norcross flasin p\u00ebr fuqizimin e marr\u00ebdh\u00ebnieve Kosov\u00eb\u2013ShBA -<\/title>\n<meta name=\"robots\" content=\"index, follow, max-snippet:-1, max-image-preview:large, max-video-preview:-1\" \/>\n<link rel=\"canonical\" href=\"https:\/\/veritasinfo.org\/?p=21544\" \/>\n<meta property=\"og:locale\" content=\"en_US\" \/>\n<meta property=\"og:type\" content=\"article\" \/>\n<meta property=\"og:title\" content=\"Kurti, Turner dhe Norcross flasin p\u00ebr fuqizimin e marr\u00ebdh\u00ebnieve Kosov\u00eb\u2013ShBA -\" \/>\n<meta property=\"og:description\" content=\"Prishtin\u00eb 24 N\u00ebntor 2025. 13:45 Kryeministri n\u00eb detyr\u00eb i Republik\u00ebs s\u00eb Kosov\u00ebs, Albin Kurti, i shoq\u00ebruar nga z\u00ebvend\u00ebsministrja n\u00eb detyr\u00eb e Pun\u00ebve t\u00eb Jashtme dhe\" \/>\n<meta property=\"og:url\" content=\"https:\/\/veritasinfo.org\/?p=21544\" \/>\n<meta property=\"article:published_time\" content=\"2025-11-24T12:44:27+00:00\" \/>\n<meta property=\"og:image\" content=\"https:\/\/veritasinfo.org\/wp-content\/uploads\/2025\/11\/710346-vhPhaoCcWn.jpg\" \/>\n\t<meta property=\"og:image:width\" content=\"780\" \/>\n\t<meta property=\"og:image:height\" content=\"500\" \/>\n\t<meta property=\"og:image:type\" content=\"image\/jpeg\" \/>\n<meta name=\"author\" content=\"US5\" \/>\n<meta name=\"twitter:card\" content=\"summary_large_image\" \/>\n<meta name=\"twitter:label1\" content=\"Written by\" \/>\n\t<meta name=\"twitter:data1\" content=\"US5\" \/>\n<script type=\"application\/ld+json\" class=\"yoast-schema-graph\">{\"@context\":\"https:\/\/schema.org\",\"@graph\":[{\"@type\":\"WebPage\",\"@id\":\"https:\/\/veritasinfo.org\/?p=21544\",\"url\":\"https:\/\/veritasinfo.org\/?p=21544\",\"name\":\"Kurti, Turner dhe Norcross flasin p\u00ebr fuqizimin e marr\u00ebdh\u00ebnieve Kosov\u00eb\u2013ShBA -\",\"isPartOf\":{\"@id\":\"https:\/\/veritasinfo.org\/#website\"},\"primaryImageOfPage\":{\"@id\":\"https:\/\/veritasinfo.org\/?p=21544#primaryimage\"},\"image\":{\"@id\":\"https:\/\/veritasinfo.org\/?p=21544#primaryimage\"},\"thumbnailUrl\":\"https:\/\/veritasinfo.org\/wp-content\/uploads\/2025\/11\/710346-vhPhaoCcWn.jpg\",\"datePublished\":\"2025-11-24T12:44:27+00:00\",\"author\":{\"@id\":\"https:\/\/veritasinfo.org\/#\/schema\/person\/bc442336e35414d04494ab8fb45db4c6\"},\"breadcrumb\":{\"@id\":\"https:\/\/veritasinfo.org\/?p=21544#breadcrumb\"},\"inLanguage\":\"en-US\",\"potentialAction\":[{\"@type\":\"ReadAction\",\"target\":[\"https:\/\/veritasinfo.org\/?p=21544\"]}]},{\"@type\":\"ImageObject\",\"inLanguage\":\"en-US\",\"@id\":\"https:\/\/veritasinfo.org\/?p=21544#primaryimage\",\"url\":\"https:\/\/veritasinfo.org\/wp-content\/uploads\/2025\/11\/710346-vhPhaoCcWn.jpg\",\"contentUrl\":\"https:\/\/veritasinfo.org\/wp-content\/uploads\/2025\/11\/710346-vhPhaoCcWn.jpg\",\"width\":780,\"height\":500},{\"@type\":\"BreadcrumbList\",\"@id\":\"https:\/\/veritasinfo.org\/?p=21544#breadcrumb\",\"itemListElement\":[{\"@type\":\"ListItem\",\"position\":1,\"name\":\"Home\",\"item\":\"https:\/\/veritasinfo.org\/\"},{\"@type\":\"ListItem\",\"position\":2,\"name\":\"Kurti, Turner dhe Norcross flasin p\u00ebr fuqizimin e marr\u00ebdh\u00ebnieve Kosov\u00eb\u2013ShBA\"}]},{\"@type\":\"WebSite\",\"@id\":\"https:\/\/veritasinfo.org\/#website\",\"url\":\"https:\/\/veritasinfo.org\/\",\"name\":\"\",\"description\":\"\",\"potentialAction\":[{\"@type\":\"SearchAction\",\"target\":{\"@type\":\"EntryPoint\",\"urlTemplate\":\"https:\/\/veritasinfo.org\/?s={search_term_string}\"},\"query-input\":{\"@type\":\"PropertyValueSpecification\",\"valueRequired\":true,\"valueName\":\"search_term_string\"}}],\"inLanguage\":\"en-US\"},{\"@type\":\"Person\",\"@id\":\"https:\/\/veritasinfo.org\/#\/schema\/person\/bc442336e35414d04494ab8fb45db4c6\",\"name\":\"US5\",\"image\":{\"@type\":\"ImageObject\",\"inLanguage\":\"en-US\",\"@id\":\"https:\/\/veritasinfo.org\/#\/schema\/person\/image\/\",\"url\":\"https:\/\/secure.gravatar.com\/avatar\/16a61e7272a0c5d001121ebb9e60e925d5816e4ac1e443ed3e640d9a6ae55d0c?s=96&d=mm&r=g\",\"contentUrl\":\"https:\/\/secure.gravatar.com\/avatar\/16a61e7272a0c5d001121ebb9e60e925d5816e4ac1e443ed3e640d9a6ae55d0c?s=96&d=mm&r=g\",\"caption\":\"US5\"},\"url\":\"https:\/\/veritasinfo.org\/?author=6\"}]}<\/script>\n<!-- \/ Yoast SEO plugin. -->","yoast_head_json":{"title":"Kurti, Turner dhe Norcross flasin p\u00ebr fuqizimin e marr\u00ebdh\u00ebnieve Kosov\u00eb\u2013ShBA -","robots":{"index":"index","follow":"follow","max-snippet":"max-snippet:-1","max-image-preview":"max-image-preview:large","max-video-preview":"max-video-preview:-1"},"canonical":"https:\/\/veritasinfo.org\/?p=21544","og_locale":"en_US","og_type":"article","og_title":"Kurti, Turner dhe Norcross flasin p\u00ebr fuqizimin e marr\u00ebdh\u00ebnieve Kosov\u00eb\u2013ShBA -","og_description":"Prishtin\u00eb 24 N\u00ebntor 2025. 13:45 Kryeministri n\u00eb detyr\u00eb i Republik\u00ebs s\u00eb Kosov\u00ebs, Albin Kurti, i shoq\u00ebruar nga z\u00ebvend\u00ebsministrja n\u00eb detyr\u00eb e Pun\u00ebve t\u00eb Jashtme dhe","og_url":"https:\/\/veritasinfo.org\/?p=21544","article_published_time":"2025-11-24T12:44:27+00:00","og_image":[{"width":780,"height":500,"url":"https:\/\/veritasinfo.org\/wp-content\/uploads\/2025\/11\/710346-vhPhaoCcWn.jpg","type":"image\/jpeg"}],"author":"US5","twitter_card":"summary_large_image","twitter_misc":{"Written by":"US5"},"schema":{"@context":"https:\/\/schema.org","@graph":[{"@type":"WebPage","@id":"https:\/\/veritasinfo.org\/?p=21544","url":"https:\/\/veritasinfo.org\/?p=21544","name":"Kurti, Turner dhe Norcross flasin p\u00ebr fuqizimin e marr\u00ebdh\u00ebnieve Kosov\u00eb\u2013ShBA -","isPartOf":{"@id":"https:\/\/veritasinfo.org\/#website"},"primaryImageOfPage":{"@id":"https:\/\/veritasinfo.org\/?p=21544#primaryimage"},"image":{"@id":"https:\/\/veritasinfo.org\/?p=21544#primaryimage"},"thumbnailUrl":"https:\/\/veritasinfo.org\/wp-content\/uploads\/2025\/11\/710346-vhPhaoCcWn.jpg","datePublished":"2025-11-24T12:44:27+00:00","author":{"@id":"https:\/\/veritasinfo.org\/#\/schema\/person\/bc442336e35414d04494ab8fb45db4c6"},"breadcrumb":{"@id":"https:\/\/veritasinfo.org\/?p=21544#breadcrumb"},"inLanguage":"en-US","potentialAction":[{"@type":"ReadAction","target":["https:\/\/veritasinfo.org\/?p=21544"]}]},{"@type":"ImageObject","inLanguage":"en-US","@id":"https:\/\/veritasinfo.org\/?p=21544#primaryimage","url":"https:\/\/veritasinfo.org\/wp-content\/uploads\/2025\/11\/710346-vhPhaoCcWn.jpg","contentUrl":"https:\/\/veritasinfo.org\/wp-content\/uploads\/2025\/11\/710346-vhPhaoCcWn.jpg","width":780,"height":500},{"@type":"BreadcrumbList","@id":"https:\/\/veritasinfo.org\/?p=21544#breadcrumb","itemListElement":[{"@type":"ListItem","position":1,"name":"Home","item":"https:\/\/veritasinfo.org\/"},{"@type":"ListItem","position":2,"name":"Kurti, Turner dhe Norcross flasin p\u00ebr fuqizimin e marr\u00ebdh\u00ebnieve Kosov\u00eb\u2013ShBA"}]},{"@type":"WebSite","@id":"https:\/\/veritasinfo.org\/#website","url":"https:\/\/veritasinfo.org\/","name":"","description":"","potentialAction":[{"@type":"SearchAction","target":{"@type":"EntryPoint","urlTemplate":"https:\/\/veritasinfo.org\/?s={search_term_string}"},"query-input":{"@type":"PropertyValueSpecification","valueRequired":true,"valueName":"search_term_string"}}],"inLanguage":"en-US"},{"@type":"Person","@id":"https:\/\/veritasinfo.org\/#\/schema\/person\/bc442336e35414d04494ab8fb45db4c6","name":"US5","image":{"@type":"ImageObject","inLanguage":"en-US","@id":"https:\/\/veritasinfo.org\/#\/schema\/person\/image\/","url":"https:\/\/secure.gravatar.com\/avatar\/16a61e7272a0c5d001121ebb9e60e925d5816e4ac1e443ed3e640d9a6ae55d0c?s=96&d=mm&r=g","contentUrl":"https:\/\/secure.gravatar.com\/avatar\/16a61e7272a0c5d001121ebb9e60e925d5816e4ac1e443ed3e640d9a6ae55d0c?s=96&d=mm&r=g","caption":"US5"},"url":"https:\/\/veritasinfo.org\/?author=6"}]}},"featured_image_urls":{"full":["https:\/\/veritasinfo.org\/wp-content\/uploads\/2025\/11\/710346-vhPhaoCcWn.jpg",780,500,false],"thumbnail":["https:\/\/veritasinfo.org\/wp-content\/uploads\/2025\/11\/710346-vhPhaoCcWn-150x150.jpg",150,150,true],"medium":["https:\/\/veritasinfo.org\/wp-content\/uploads\/2025\/11\/710346-vhPhaoCcWn-300x192.jpg",300,192,true],"medium_large":["https:\/\/veritasinfo.org\/wp-content\/uploads\/2025\/11\/710346-vhPhaoCcWn-768x492.jpg",640,410,true],"large":["https:\/\/veritasinfo.org\/wp-content\/uploads\/2025\/11\/710346-vhPhaoCcWn.jpg",640,410,false],"1536x1536":["https:\/\/veritasinfo.org\/wp-content\/uploads\/2025\/11\/710346-vhPhaoCcWn.jpg",780,500,false],"2048x2048":["https:\/\/veritasinfo.org\/wp-content\/uploads\/2025\/11\/710346-vhPhaoCcWn.jpg",780,500,false],"kreeti-slider-full":["https:\/\/veritasinfo.org\/wp-content\/uploads\/2025\/11\/710346-vhPhaoCcWn.jpg",780,500,false],"kreeti-featured":["https:\/\/veritasinfo.org\/wp-content\/uploads\/2025\/11\/710346-vhPhaoCcWn.jpg",780,500,false],"kreeti-medium":["https:\/\/veritasinfo.org\/wp-content\/uploads\/2025\/11\/710346-vhPhaoCcWn.jpg",720,462,false],"kreeti-medium-square":["https:\/\/veritasinfo.org\/wp-content\/uploads\/2025\/11\/710346-vhPhaoCcWn.jpg",350,224,false]},"author_info":{"info":["US5"]},"category_info":"<a href=\"https:\/\/veritasinfo.org\/?cat=58\" rel=\"category\">Politik\u00eb<\/a>","tag_info":"Politik\u00eb","comment_count":"0","_links":{"self":[{"href":"https:\/\/veritasinfo.org\/index.php?rest_route=\/wp\/v2\/posts\/21544","targetHints":{"allow":["GET"]}}],"collection":[{"href":"https:\/\/veritasinfo.org\/index.php?rest_route=\/wp\/v2\/posts"}],"about":[{"href":"https:\/\/veritasinfo.org\/index.php?rest_route=\/wp\/v2\/types\/post"}],"author":[{"embeddable":true,"href":"https:\/\/veritasinfo.org\/index.php?rest_route=\/wp\/v2\/users\/6"}],"replies":[{"embeddable":true,"href":"https:\/\/veritasinfo.org\/index.php?rest_route=%2Fwp%2Fv2%2Fcomments&post=21544"}],"version-history":[{"count":1,"href":"https:\/\/veritasinfo.org\/index.php?rest_route=\/wp\/v2\/posts\/21544\/revisions"}],"predecessor-version":[{"id":21546,"href":"https:\/\/veritasinfo.org\/index.php?rest_route=\/wp\/v2\/posts\/21544\/revisions\/21546"}],"wp:featuredmedia":[{"embeddable":true,"href":"https:\/\/veritasinfo.org\/index.php?rest_route=\/wp\/v2\/media\/21545"}],"wp:attachment":[{"href":"https:\/\/veritasinfo.org\/index.php?rest_route=%2Fwp%2Fv2%2Fmedia&parent=21544"}],"wp:term":[{"taxonomy":"category","embeddable":true,"href":"https:\/\/veritasinfo.org\/index.php?rest_route=%2Fwp%2Fv2%2Fcategories&post=21544"},{"taxonomy":"post_tag","embeddable":true,"href":"https:\/\/veritasinfo.org\/index.php?rest_route=%2Fwp%2Fv2%2Ftags&post=21544"}],"curies":[{"name":"wp","href":"https:\/\/api.w.org\/{rel}","templated":true}]}}