{"id":21533,"date":"2025-11-24T12:35:21","date_gmt":"2025-11-24T11:35:21","guid":{"rendered":"https:\/\/veritasinfo.org\/?p=21533"},"modified":"2025-11-24T12:35:39","modified_gmt":"2025-11-24T11:35:39","slug":"osmani-thote-se-votimi-i-buxhetit-pa-pasur-qeveri-seshte-i-kunderligjshem-u-kerkova-partive-por-sishin-te-pranishem","status":"publish","type":"post","link":"https:\/\/veritasinfo.org\/?p=21533","title":{"rendered":"Osmani thot\u00eb se votimi i buxhetit pa pasur qeveri s&#8217;\u00ebsht\u00eb i kund\u00ebrligjsh\u00ebm: U k\u00ebrkova partive por s&#8217;ishin t\u00eb pranish\u00ebm"},"content":{"rendered":"<p>Prishtin\u00eb 24 N\u00ebntor 2025. 12:35<\/p>\n<p>Presidentja e Kosov\u00ebs, Vjosa Osmani sot \u00ebsht\u00eb pyetur nga mediat n\u00eb lidhje me buxhetin e tri komunave, Prishtin\u00ebs, Gjilanit dhe Zubin Potokut.<\/p>\n<p>Ajo ka th\u00ebn\u00eb se ka k\u00ebrkuar nga partit\u00eb q\u00eb t\u00eb mblidhen dhe ta votojn\u00eb at\u00eb.<\/p>\n<p>\u201cKam k\u00ebrku nga partit\u00eb t\u00eb mblidhen dhe ta votojn\u00eb buxhetin, p\u00ebr k\u00ebto komuna ka qen\u00eb pik\u00eb e ve\u00e7ant\u00eb, por kan\u00eb vendosur mos t\u00eb jen\u00eb t\u00eb pranish\u00ebm. Nj\u00eb gj\u00eb e till\u00eb \u00ebsht\u00eb e lejueshme, nuk \u00ebsht\u00eb e kund\u00ebrligjshme, pasi nj\u00eb gj\u00eb t\u00eb tille e kemi votu edhe n\u00eb Qeverin\u00eb Hoti\u201d, ka th\u00ebn\u00eb Osmani p\u00ebr Klan Kosova.<\/p>\n<p>Komuna e Prishtin\u00ebs, Gjilanit dhe Zubin Potokut jan\u00eb t\u00eb zhytur n\u00eb borxhe pasi q\u00eb nuk e kan\u00eb votuar n\u00eb Kuvende Komunale, buxhetin p\u00ebr vitin 2025<\/p>\n<p>Ky buxhet nuk \u00ebsht\u00eb votuar as n\u00eb Kuvendin e Kosov\u00ebs, pasi q\u00eb nga partit\u00eb opozitare \u00ebsht\u00eb konsideruar e jasht\u00ebligjshme dhe nuk kan\u00eb marr\u00eb pjes\u00eb fare n\u00eb seanc\u00ebn e thirrur nga deputet\u00ebt e VV-s\u00eb.<\/p>\n<p>Nga sot, n\u00eb Komun\u00ebn e Prishtin\u00ebs \u00ebsht\u00eb pezulluar puna e linjave t\u00eb Trafikut Urban, kjo pasi pun\u00ebtor\u00ebt e k\u00ebtyre kompanive kan\u00eb deklaruar se jan\u00eb pa paga tash e gjasht\u00eb muaj.<\/p>\n<p>T\u00eb nj\u00ebjtit kan\u00eb protestuar sot fillimisht para Komun\u00ebs s\u00eb Prishtin\u00ebs, nd\u00ebrsa me t\u00eb parin e k\u00ebsaj Komune, P\u00ebrparim Ram\u00ebn kan\u00eb protestuar edhe para Qeveris\u00eb s\u00eb Kosov\u00ebs.<\/p>\n<p>Rama i ka k\u00ebrkuar takim kryeministrit n\u00eb detyr\u00eb t\u00eb Kosov\u00ebs, Albin Kurtit dhe ministrit n\u00eb detyr\u00eb t\u00eb Financave, Hekuran Muratit q\u00eb t\u00eb b\u00ebhet nj\u00eb zgjidhje p\u00ebr qytetar\u00ebt e Prishtin\u00ebs. <\/p>\n","protected":false},"excerpt":{"rendered":"<p>Prishtin\u00eb 24 N\u00ebntor 2025. 12:35 Presidentja e Kosov\u00ebs, Vjosa Osmani sot \u00ebsht\u00eb pyetur nga mediat n\u00eb lidhje me buxhetin e tri komunave, Prishtin\u00ebs, Gjilanit dhe<\/p>\n","protected":false},"author":6,"featured_media":21534,"comment_status":"open","ping_status":"open","sticky":false,"template":"","format":"standard","meta":{"footnotes":""},"categories":[58],"tags":[],"class_list":["post-21533","post","type-post","status-publish","format-standard","has-post-thumbnail","hentry","category-politike-sq"],"yoast_head":"<!-- This site is optimized with the Yoast SEO plugin v25.3.1 - https:\/\/yoast.com\/wordpress\/plugins\/seo\/ -->\n<title>Osmani thot\u00eb se votimi i buxhetit pa pasur qeveri s&#039;\u00ebsht\u00eb i kund\u00ebrligjsh\u00ebm: U k\u00ebrkova partive por s&#039;ishin t\u00eb pranish\u00ebm -<\/title>\n<meta name=\"robots\" content=\"index, follow, max-snippet:-1, max-image-preview:large, max-video-preview:-1\" \/>\n<link rel=\"canonical\" href=\"https:\/\/veritasinfo.org\/?p=21533\" \/>\n<meta property=\"og:locale\" content=\"en_US\" \/>\n<meta property=\"og:type\" content=\"article\" \/>\n<meta property=\"og:title\" content=\"Osmani thot\u00eb se votimi i buxhetit pa pasur qeveri s&#039;\u00ebsht\u00eb i kund\u00ebrligjsh\u00ebm: U k\u00ebrkova partive por s&#039;ishin t\u00eb pranish\u00ebm -\" \/>\n<meta property=\"og:description\" content=\"Prishtin\u00eb 24 N\u00ebntor 2025. 12:35 Presidentja e Kosov\u00ebs, Vjosa Osmani sot \u00ebsht\u00eb pyetur nga mediat n\u00eb lidhje me buxhetin e tri komunave, Prishtin\u00ebs, Gjilanit dhe\" \/>\n<meta property=\"og:url\" content=\"https:\/\/veritasinfo.org\/?p=21533\" \/>\n<meta property=\"article:published_time\" content=\"2025-11-24T11:35:21+00:00\" \/>\n<meta property=\"article:modified_time\" content=\"2025-11-24T11:35:39+00:00\" \/>\n<meta property=\"og:image\" content=\"https:\/\/veritasinfo.org\/wp-content\/uploads\/2025\/11\/Vjosa-Osmani-600x360-1.jpg\" \/>\n\t<meta property=\"og:image:width\" content=\"600\" \/>\n\t<meta property=\"og:image:height\" content=\"360\" \/>\n\t<meta property=\"og:image:type\" content=\"image\/jpeg\" \/>\n<meta name=\"author\" content=\"US5\" \/>\n<meta name=\"twitter:card\" content=\"summary_large_image\" \/>\n<meta name=\"twitter:label1\" content=\"Written by\" \/>\n\t<meta name=\"twitter:data1\" content=\"US5\" \/>\n\t<meta name=\"twitter:label2\" content=\"Est. reading time\" \/>\n\t<meta name=\"twitter:data2\" content=\"2 minutes\" \/>\n<script type=\"application\/ld+json\" class=\"yoast-schema-graph\">{\"@context\":\"https:\/\/schema.org\",\"@graph\":[{\"@type\":\"WebPage\",\"@id\":\"https:\/\/veritasinfo.org\/?p=21533\",\"url\":\"https:\/\/veritasinfo.org\/?p=21533\",\"name\":\"Osmani thot\u00eb se votimi i buxhetit pa pasur qeveri s'\u00ebsht\u00eb i kund\u00ebrligjsh\u00ebm: U k\u00ebrkova partive por s'ishin t\u00eb pranish\u00ebm -\",\"isPartOf\":{\"@id\":\"https:\/\/veritasinfo.org\/#website\"},\"primaryImageOfPage\":{\"@id\":\"https:\/\/veritasinfo.org\/?p=21533#primaryimage\"},\"image\":{\"@id\":\"https:\/\/veritasinfo.org\/?p=21533#primaryimage\"},\"thumbnailUrl\":\"https:\/\/veritasinfo.org\/wp-content\/uploads\/2025\/11\/Vjosa-Osmani-600x360-1.jpg\",\"datePublished\":\"2025-11-24T11:35:21+00:00\",\"dateModified\":\"2025-11-24T11:35:39+00:00\",\"author\":{\"@id\":\"https:\/\/veritasinfo.org\/#\/schema\/person\/bc442336e35414d04494ab8fb45db4c6\"},\"breadcrumb\":{\"@id\":\"https:\/\/veritasinfo.org\/?p=21533#breadcrumb\"},\"inLanguage\":\"en-US\",\"potentialAction\":[{\"@type\":\"ReadAction\",\"target\":[\"https:\/\/veritasinfo.org\/?p=21533\"]}]},{\"@type\":\"ImageObject\",\"inLanguage\":\"en-US\",\"@id\":\"https:\/\/veritasinfo.org\/?p=21533#primaryimage\",\"url\":\"https:\/\/veritasinfo.org\/wp-content\/uploads\/2025\/11\/Vjosa-Osmani-600x360-1.jpg\",\"contentUrl\":\"https:\/\/veritasinfo.org\/wp-content\/uploads\/2025\/11\/Vjosa-Osmani-600x360-1.jpg\",\"width\":600,\"height\":360},{\"@type\":\"BreadcrumbList\",\"@id\":\"https:\/\/veritasinfo.org\/?p=21533#breadcrumb\",\"itemListElement\":[{\"@type\":\"ListItem\",\"position\":1,\"name\":\"Home\",\"item\":\"https:\/\/veritasinfo.org\/\"},{\"@type\":\"ListItem\",\"position\":2,\"name\":\"Osmani thot\u00eb se votimi i buxhetit pa pasur qeveri s&#8217;\u00ebsht\u00eb i kund\u00ebrligjsh\u00ebm: U k\u00ebrkova partive por s&#8217;ishin t\u00eb pranish\u00ebm\"}]},{\"@type\":\"WebSite\",\"@id\":\"https:\/\/veritasinfo.org\/#website\",\"url\":\"https:\/\/veritasinfo.org\/\",\"name\":\"\",\"description\":\"\",\"potentialAction\":[{\"@type\":\"SearchAction\",\"target\":{\"@type\":\"EntryPoint\",\"urlTemplate\":\"https:\/\/veritasinfo.org\/?s={search_term_string}\"},\"query-input\":{\"@type\":\"PropertyValueSpecification\",\"valueRequired\":true,\"valueName\":\"search_term_string\"}}],\"inLanguage\":\"en-US\"},{\"@type\":\"Person\",\"@id\":\"https:\/\/veritasinfo.org\/#\/schema\/person\/bc442336e35414d04494ab8fb45db4c6\",\"name\":\"US5\",\"image\":{\"@type\":\"ImageObject\",\"inLanguage\":\"en-US\",\"@id\":\"https:\/\/veritasinfo.org\/#\/schema\/person\/image\/\",\"url\":\"https:\/\/secure.gravatar.com\/avatar\/16a61e7272a0c5d001121ebb9e60e925d5816e4ac1e443ed3e640d9a6ae55d0c?s=96&d=mm&r=g\",\"contentUrl\":\"https:\/\/secure.gravatar.com\/avatar\/16a61e7272a0c5d001121ebb9e60e925d5816e4ac1e443ed3e640d9a6ae55d0c?s=96&d=mm&r=g\",\"caption\":\"US5\"},\"url\":\"https:\/\/veritasinfo.org\/?author=6\"}]}<\/script>\n<!-- \/ Yoast SEO plugin. -->","yoast_head_json":{"title":"Osmani thot\u00eb se votimi i buxhetit pa pasur qeveri s'\u00ebsht\u00eb i kund\u00ebrligjsh\u00ebm: U k\u00ebrkova partive por s'ishin t\u00eb pranish\u00ebm -","robots":{"index":"index","follow":"follow","max-snippet":"max-snippet:-1","max-image-preview":"max-image-preview:large","max-video-preview":"max-video-preview:-1"},"canonical":"https:\/\/veritasinfo.org\/?p=21533","og_locale":"en_US","og_type":"article","og_title":"Osmani thot\u00eb se votimi i buxhetit pa pasur qeveri s'\u00ebsht\u00eb i kund\u00ebrligjsh\u00ebm: U k\u00ebrkova partive por s'ishin t\u00eb pranish\u00ebm -","og_description":"Prishtin\u00eb 24 N\u00ebntor 2025. 12:35 Presidentja e Kosov\u00ebs, Vjosa Osmani sot \u00ebsht\u00eb pyetur nga mediat n\u00eb lidhje me buxhetin e tri komunave, Prishtin\u00ebs, Gjilanit dhe","og_url":"https:\/\/veritasinfo.org\/?p=21533","article_published_time":"2025-11-24T11:35:21+00:00","article_modified_time":"2025-11-24T11:35:39+00:00","og_image":[{"width":600,"height":360,"url":"https:\/\/veritasinfo.org\/wp-content\/uploads\/2025\/11\/Vjosa-Osmani-600x360-1.jpg","type":"image\/jpeg"}],"author":"US5","twitter_card":"summary_large_image","twitter_misc":{"Written by":"US5","Est. reading time":"2 minutes"},"schema":{"@context":"https:\/\/schema.org","@graph":[{"@type":"WebPage","@id":"https:\/\/veritasinfo.org\/?p=21533","url":"https:\/\/veritasinfo.org\/?p=21533","name":"Osmani thot\u00eb se votimi i buxhetit pa pasur qeveri s'\u00ebsht\u00eb i kund\u00ebrligjsh\u00ebm: U k\u00ebrkova partive por s'ishin t\u00eb pranish\u00ebm -","isPartOf":{"@id":"https:\/\/veritasinfo.org\/#website"},"primaryImageOfPage":{"@id":"https:\/\/veritasinfo.org\/?p=21533#primaryimage"},"image":{"@id":"https:\/\/veritasinfo.org\/?p=21533#primaryimage"},"thumbnailUrl":"https:\/\/veritasinfo.org\/wp-content\/uploads\/2025\/11\/Vjosa-Osmani-600x360-1.jpg","datePublished":"2025-11-24T11:35:21+00:00","dateModified":"2025-11-24T11:35:39+00:00","author":{"@id":"https:\/\/veritasinfo.org\/#\/schema\/person\/bc442336e35414d04494ab8fb45db4c6"},"breadcrumb":{"@id":"https:\/\/veritasinfo.org\/?p=21533#breadcrumb"},"inLanguage":"en-US","potentialAction":[{"@type":"ReadAction","target":["https:\/\/veritasinfo.org\/?p=21533"]}]},{"@type":"ImageObject","inLanguage":"en-US","@id":"https:\/\/veritasinfo.org\/?p=21533#primaryimage","url":"https:\/\/veritasinfo.org\/wp-content\/uploads\/2025\/11\/Vjosa-Osmani-600x360-1.jpg","contentUrl":"https:\/\/veritasinfo.org\/wp-content\/uploads\/2025\/11\/Vjosa-Osmani-600x360-1.jpg","width":600,"height":360},{"@type":"BreadcrumbList","@id":"https:\/\/veritasinfo.org\/?p=21533#breadcrumb","itemListElement":[{"@type":"ListItem","position":1,"name":"Home","item":"https:\/\/veritasinfo.org\/"},{"@type":"ListItem","position":2,"name":"Osmani thot\u00eb se votimi i buxhetit pa pasur qeveri s&#8217;\u00ebsht\u00eb i kund\u00ebrligjsh\u00ebm: U k\u00ebrkova partive por s&#8217;ishin t\u00eb pranish\u00ebm"}]},{"@type":"WebSite","@id":"https:\/\/veritasinfo.org\/#website","url":"https:\/\/veritasinfo.org\/","name":"","description":"","potentialAction":[{"@type":"SearchAction","target":{"@type":"EntryPoint","urlTemplate":"https:\/\/veritasinfo.org\/?s={search_term_string}"},"query-input":{"@type":"PropertyValueSpecification","valueRequired":true,"valueName":"search_term_string"}}],"inLanguage":"en-US"},{"@type":"Person","@id":"https:\/\/veritasinfo.org\/#\/schema\/person\/bc442336e35414d04494ab8fb45db4c6","name":"US5","image":{"@type":"ImageObject","inLanguage":"en-US","@id":"https:\/\/veritasinfo.org\/#\/schema\/person\/image\/","url":"https:\/\/secure.gravatar.com\/avatar\/16a61e7272a0c5d001121ebb9e60e925d5816e4ac1e443ed3e640d9a6ae55d0c?s=96&d=mm&r=g","contentUrl":"https:\/\/secure.gravatar.com\/avatar\/16a61e7272a0c5d001121ebb9e60e925d5816e4ac1e443ed3e640d9a6ae55d0c?s=96&d=mm&r=g","caption":"US5"},"url":"https:\/\/veritasinfo.org\/?author=6"}]}},"featured_image_urls":{"full":["https:\/\/veritasinfo.org\/wp-content\/uploads\/2025\/11\/Vjosa-Osmani-600x360-1.jpg",600,360,false],"thumbnail":["https:\/\/veritasinfo.org\/wp-content\/uploads\/2025\/11\/Vjosa-Osmani-600x360-1-150x150.jpg",150,150,true],"medium":["https:\/\/veritasinfo.org\/wp-content\/uploads\/2025\/11\/Vjosa-Osmani-600x360-1-300x180.jpg",300,180,true],"medium_large":["https:\/\/veritasinfo.org\/wp-content\/uploads\/2025\/11\/Vjosa-Osmani-600x360-1.jpg",600,360,false],"large":["https:\/\/veritasinfo.org\/wp-content\/uploads\/2025\/11\/Vjosa-Osmani-600x360-1.jpg",600,360,false],"1536x1536":["https:\/\/veritasinfo.org\/wp-content\/uploads\/2025\/11\/Vjosa-Osmani-600x360-1.jpg",600,360,false],"2048x2048":["https:\/\/veritasinfo.org\/wp-content\/uploads\/2025\/11\/Vjosa-Osmani-600x360-1.jpg",600,360,false],"kreeti-slider-full":["https:\/\/veritasinfo.org\/wp-content\/uploads\/2025\/11\/Vjosa-Osmani-600x360-1.jpg",600,360,false],"kreeti-featured":["https:\/\/veritasinfo.org\/wp-content\/uploads\/2025\/11\/Vjosa-Osmani-600x360-1.jpg",600,360,false],"kreeti-medium":["https:\/\/veritasinfo.org\/wp-content\/uploads\/2025\/11\/Vjosa-Osmani-600x360-1.jpg",600,360,false],"kreeti-medium-square":["https:\/\/veritasinfo.org\/wp-content\/uploads\/2025\/11\/Vjosa-Osmani-600x360-1.jpg",350,210,false]},"author_info":{"info":["US5"]},"category_info":"<a href=\"https:\/\/veritasinfo.org\/?cat=58\" rel=\"category\">Politik\u00eb<\/a>","tag_info":"Politik\u00eb","comment_count":"0","_links":{"self":[{"href":"https:\/\/veritasinfo.org\/index.php?rest_route=\/wp\/v2\/posts\/21533","targetHints":{"allow":["GET"]}}],"collection":[{"href":"https:\/\/veritasinfo.org\/index.php?rest_route=\/wp\/v2\/posts"}],"about":[{"href":"https:\/\/veritasinfo.org\/index.php?rest_route=\/wp\/v2\/types\/post"}],"author":[{"embeddable":true,"href":"https:\/\/veritasinfo.org\/index.php?rest_route=\/wp\/v2\/users\/6"}],"replies":[{"embeddable":true,"href":"https:\/\/veritasinfo.org\/index.php?rest_route=%2Fwp%2Fv2%2Fcomments&post=21533"}],"version-history":[{"count":2,"href":"https:\/\/veritasinfo.org\/index.php?rest_route=\/wp\/v2\/posts\/21533\/revisions"}],"predecessor-version":[{"id":21536,"href":"https:\/\/veritasinfo.org\/index.php?rest_route=\/wp\/v2\/posts\/21533\/revisions\/21536"}],"wp:featuredmedia":[{"embeddable":true,"href":"https:\/\/veritasinfo.org\/index.php?rest_route=\/wp\/v2\/media\/21534"}],"wp:attachment":[{"href":"https:\/\/veritasinfo.org\/index.php?rest_route=%2Fwp%2Fv2%2Fmedia&parent=21533"}],"wp:term":[{"taxonomy":"category","embeddable":true,"href":"https:\/\/veritasinfo.org\/index.php?rest_route=%2Fwp%2Fv2%2Fcategories&post=21533"},{"taxonomy":"post_tag","embeddable":true,"href":"https:\/\/veritasinfo.org\/index.php?rest_route=%2Fwp%2Fv2%2Ftags&post=21533"}],"curies":[{"name":"wp","href":"https:\/\/api.w.org\/{rel}","templated":true}]}}