{"id":21525,"date":"2025-11-24T09:33:50","date_gmt":"2025-11-24T08:33:50","guid":{"rendered":"https:\/\/veritasinfo.org\/?p=21525"},"modified":"2025-11-24T09:33:50","modified_gmt":"2025-11-24T08:33:50","slug":"partite-opozitare-serbe-formojne-bllok-te-perbashket-ne-mitrovicen-e-veriut","status":"publish","type":"post","link":"https:\/\/veritasinfo.org\/?p=21525","title":{"rendered":"Partit\u00eb opozitare serbe formojn\u00eb bllok t\u00eb p\u00ebrbashk\u00ebt n\u00eb Mitrovic\u00ebn e Veriut"},"content":{"rendered":"<p>Mitrovic\u00eb e Veriut, 24 n\u00ebntor 2025 09:33<\/p>\n<p>Partit\u00eb opozitare n\u00eb veri t\u00eb Kosov\u00ebs kan\u00eb njoftuar se n\u00eb zgjedhjet e ardhshme lokale do t\u00eb marrin pjes\u00eb p\u00ebr her\u00eb t\u00eb par\u00eb n\u00eb nj\u00eb bllok t\u00eb bashkuar. Si\u00e7 thon\u00eb p\u00ebrfaq\u00ebsuesit e disa subjekteve politike (L\u00ebvizja Popullore Serbe, Demokracia Serbe dhe Iniciativa Qytetare \u201cVeriu p\u00ebr t\u00eb gjith\u00eb\u201d), vendimi p\u00ebr paraqitje t\u00eb p\u00ebrbashk\u00ebt \u00ebsht\u00eb marr\u00eb pas disa dit\u00ebsh bisedimesh, t\u00eb cilat do t\u00eb intensifikohen edhe m\u00eb tej p\u00ebr shkak, si\u00e7 theksojn\u00eb ata, nevoj\u00ebs gjithnj\u00eb e m\u00eb t\u00eb qart\u00eb q\u00eb \u201cz\u00ebri i qytetar\u00ebve t\u00eb d\u00ebgjohet m\u00eb fort dhe m\u00eb fuqish\u00ebm\u201d.<\/p>\n<p>\u201cQytetar\u00ebt duan ndryshim, por duan edhe siguri q\u00eb vota e tyre nuk do t\u00eb shp\u00ebrndahet. Prandaj kemi vendosur t\u00eb paraqitemi s\u00eb bashku, me nj\u00eb program t\u00eb qart\u00eb dhe objektiva t\u00eb p\u00ebrcaktuar mir\u00eb\u201d, ka njoftuar n\u00eb rrjetet sociale nj\u00eb nga lider\u00ebt opozitar\u00eb, Marko Jakshiq. Ai gjithashtu ka shtuar se pjes\u00ebmarrja e pavarur n\u00eb zgjedhjet e ardhshme nuk merret n\u00eb konsiderat\u00eb si opsion.<\/p>\n<p>Aleanca e paralajm\u00ebruar pritet s\u00eb shpejti t\u00eb paraqes\u00eb platform\u00ebn e p\u00ebrbashk\u00ebt, e cila, sipas njoftimeve, do t\u00eb p\u00ebrfshij\u00eb \u00e7\u00ebshtje t\u00eb sh\u00ebrbimeve publike, siguris\u00eb, problemeve komunale, transparenc\u00ebs s\u00eb pun\u00ebs s\u00eb komunave dhe politikave sociale. Nj\u00eb theks i ve\u00e7ant\u00eb do t\u00eb vihet n\u00eb p\u00ebrmir\u00ebsimin e komunikimit me qytetar\u00ebt dhe forcimin e demokracis\u00eb lokale.<\/p>\n<p>Edhe pse p\u00ebrfaq\u00ebsues nga strukturat n\u00eb pushtet thon\u00eb se b\u00ebhet fjal\u00eb p\u00ebr nj\u00eb \u201ckoalicion ad hoc pa forc\u00eb reale\u201d, disa qytetar\u00eb vler\u00ebsojn\u00eb se paraqitja e p\u00ebrbashk\u00ebt e opozit\u00ebs mund t\u00eb ndryshoj\u00eb ndjesh\u00ebm dinamik\u00ebn politike n\u00eb veri. Nj\u00eb pjes\u00eb e opinionit konsideron se opozita e bashkuar mund t\u00eb t\u00ebrheq\u00eb votat e atyre zgjedh\u00ebsve q\u00eb deri tani kan\u00eb q\u00ebndruar m\u00ebnjan\u00eb, t\u00eb pak\u00ebnaqur me ofert\u00ebn ekzistuese politike.<\/p>\n<p>N\u00eb dit\u00ebt n\u00eb vijim pritet intensifikimi i fushat\u00ebs dhe prezantimi i kandidat\u00ebve, nd\u00ebrsa partit\u00eb opozitare thon\u00eb se q\u00ebllimi i tyre \u00ebsht\u00eb \u201cnj\u00eb gar\u00eb e ndershme\u201d dhe rikthimi i fokusit tek problemet e p\u00ebrditshme t\u00eb qytetar\u00ebve. Si\u00e7 theksojn\u00eb ata, \u201ckjo \u00ebsht\u00eb nj\u00eb mund\u00ebsi q\u00eb veriu m\u00eb n\u00eb fund t\u00eb marr\u00eb nj\u00eb alternativ\u00eb t\u00eb fort\u00eb\u201d.<\/p>\n","protected":false},"excerpt":{"rendered":"<p>Mitrovic\u00eb e Veriut, 24 n\u00ebntor 2025 09:33 Partit\u00eb opozitare n\u00eb veri t\u00eb Kosov\u00ebs kan\u00eb njoftuar se n\u00eb zgjedhjet e ardhshme lokale do t\u00eb marrin pjes\u00eb<\/p>\n","protected":false},"author":7,"featured_media":21526,"comment_status":"open","ping_status":"open","sticky":false,"template":"","format":"standard","meta":{"footnotes":""},"categories":[58],"tags":[],"class_list":["post-21525","post","type-post","status-publish","format-standard","has-post-thumbnail","hentry","category-politike-sq"],"yoast_head":"<!-- This site is optimized with the Yoast SEO plugin v25.3.1 - https:\/\/yoast.com\/wordpress\/plugins\/seo\/ -->\n<title>Partit\u00eb opozitare serbe formojn\u00eb bllok t\u00eb p\u00ebrbashk\u00ebt n\u00eb Mitrovic\u00ebn e Veriut -<\/title>\n<meta name=\"robots\" content=\"index, follow, max-snippet:-1, max-image-preview:large, max-video-preview:-1\" \/>\n<link rel=\"canonical\" href=\"https:\/\/veritasinfo.org\/?p=21525\" \/>\n<meta property=\"og:locale\" content=\"en_US\" \/>\n<meta property=\"og:type\" content=\"article\" \/>\n<meta property=\"og:title\" content=\"Partit\u00eb opozitare serbe formojn\u00eb bllok t\u00eb p\u00ebrbashk\u00ebt n\u00eb Mitrovic\u00ebn e Veriut -\" \/>\n<meta property=\"og:description\" content=\"Mitrovic\u00eb e Veriut, 24 n\u00ebntor 2025 09:33 Partit\u00eb opozitare n\u00eb veri t\u00eb Kosov\u00ebs kan\u00eb njoftuar se n\u00eb zgjedhjet e ardhshme lokale do t\u00eb marrin pjes\u00eb\" \/>\n<meta property=\"og:url\" content=\"https:\/\/veritasinfo.org\/?p=21525\" \/>\n<meta property=\"article:published_time\" content=\"2025-11-24T08:33:50+00:00\" \/>\n<meta property=\"og:image\" content=\"https:\/\/veritasinfo.org\/wp-content\/uploads\/2025\/11\/veri-640x480-5.jpg\" \/>\n\t<meta property=\"og:image:width\" content=\"640\" \/>\n\t<meta property=\"og:image:height\" content=\"480\" \/>\n\t<meta property=\"og:image:type\" content=\"image\/jpeg\" \/>\n<meta name=\"author\" content=\"US6\" \/>\n<meta name=\"twitter:card\" content=\"summary_large_image\" \/>\n<meta name=\"twitter:label1\" content=\"Written by\" \/>\n\t<meta name=\"twitter:data1\" content=\"US6\" \/>\n\t<meta name=\"twitter:label2\" content=\"Est. reading time\" \/>\n\t<meta name=\"twitter:data2\" content=\"2 minutes\" \/>\n<script type=\"application\/ld+json\" class=\"yoast-schema-graph\">{\"@context\":\"https:\/\/schema.org\",\"@graph\":[{\"@type\":\"WebPage\",\"@id\":\"https:\/\/veritasinfo.org\/?p=21525\",\"url\":\"https:\/\/veritasinfo.org\/?p=21525\",\"name\":\"Partit\u00eb opozitare serbe formojn\u00eb bllok t\u00eb p\u00ebrbashk\u00ebt n\u00eb Mitrovic\u00ebn e Veriut -\",\"isPartOf\":{\"@id\":\"https:\/\/veritasinfo.org\/#website\"},\"primaryImageOfPage\":{\"@id\":\"https:\/\/veritasinfo.org\/?p=21525#primaryimage\"},\"image\":{\"@id\":\"https:\/\/veritasinfo.org\/?p=21525#primaryimage\"},\"thumbnailUrl\":\"https:\/\/veritasinfo.org\/wp-content\/uploads\/2025\/11\/veri-640x480-5.jpg\",\"datePublished\":\"2025-11-24T08:33:50+00:00\",\"author\":{\"@id\":\"https:\/\/veritasinfo.org\/#\/schema\/person\/fe199eede04c3937362892b7444747cc\"},\"breadcrumb\":{\"@id\":\"https:\/\/veritasinfo.org\/?p=21525#breadcrumb\"},\"inLanguage\":\"en-US\",\"potentialAction\":[{\"@type\":\"ReadAction\",\"target\":[\"https:\/\/veritasinfo.org\/?p=21525\"]}]},{\"@type\":\"ImageObject\",\"inLanguage\":\"en-US\",\"@id\":\"https:\/\/veritasinfo.org\/?p=21525#primaryimage\",\"url\":\"https:\/\/veritasinfo.org\/wp-content\/uploads\/2025\/11\/veri-640x480-5.jpg\",\"contentUrl\":\"https:\/\/veritasinfo.org\/wp-content\/uploads\/2025\/11\/veri-640x480-5.jpg\",\"width\":640,\"height\":480},{\"@type\":\"BreadcrumbList\",\"@id\":\"https:\/\/veritasinfo.org\/?p=21525#breadcrumb\",\"itemListElement\":[{\"@type\":\"ListItem\",\"position\":1,\"name\":\"Home\",\"item\":\"https:\/\/veritasinfo.org\/\"},{\"@type\":\"ListItem\",\"position\":2,\"name\":\"Partit\u00eb opozitare serbe formojn\u00eb bllok t\u00eb p\u00ebrbashk\u00ebt n\u00eb Mitrovic\u00ebn e Veriut\"}]},{\"@type\":\"WebSite\",\"@id\":\"https:\/\/veritasinfo.org\/#website\",\"url\":\"https:\/\/veritasinfo.org\/\",\"name\":\"\",\"description\":\"\",\"potentialAction\":[{\"@type\":\"SearchAction\",\"target\":{\"@type\":\"EntryPoint\",\"urlTemplate\":\"https:\/\/veritasinfo.org\/?s={search_term_string}\"},\"query-input\":{\"@type\":\"PropertyValueSpecification\",\"valueRequired\":true,\"valueName\":\"search_term_string\"}}],\"inLanguage\":\"en-US\"},{\"@type\":\"Person\",\"@id\":\"https:\/\/veritasinfo.org\/#\/schema\/person\/fe199eede04c3937362892b7444747cc\",\"name\":\"US6\",\"image\":{\"@type\":\"ImageObject\",\"inLanguage\":\"en-US\",\"@id\":\"https:\/\/veritasinfo.org\/#\/schema\/person\/image\/\",\"url\":\"https:\/\/secure.gravatar.com\/avatar\/cb16c3c31c9d23b9b8c705964598220b3014e42ff51eb540ff23cefa3ae8c15f?s=96&d=mm&r=g\",\"contentUrl\":\"https:\/\/secure.gravatar.com\/avatar\/cb16c3c31c9d23b9b8c705964598220b3014e42ff51eb540ff23cefa3ae8c15f?s=96&d=mm&r=g\",\"caption\":\"US6\"},\"url\":\"https:\/\/veritasinfo.org\/?author=7\"}]}<\/script>\n<!-- \/ Yoast SEO plugin. -->","yoast_head_json":{"title":"Partit\u00eb opozitare serbe formojn\u00eb bllok t\u00eb p\u00ebrbashk\u00ebt n\u00eb Mitrovic\u00ebn e Veriut -","robots":{"index":"index","follow":"follow","max-snippet":"max-snippet:-1","max-image-preview":"max-image-preview:large","max-video-preview":"max-video-preview:-1"},"canonical":"https:\/\/veritasinfo.org\/?p=21525","og_locale":"en_US","og_type":"article","og_title":"Partit\u00eb opozitare serbe formojn\u00eb bllok t\u00eb p\u00ebrbashk\u00ebt n\u00eb Mitrovic\u00ebn e Veriut -","og_description":"Mitrovic\u00eb e Veriut, 24 n\u00ebntor 2025 09:33 Partit\u00eb opozitare n\u00eb veri t\u00eb Kosov\u00ebs kan\u00eb njoftuar se n\u00eb zgjedhjet e ardhshme lokale do t\u00eb marrin pjes\u00eb","og_url":"https:\/\/veritasinfo.org\/?p=21525","article_published_time":"2025-11-24T08:33:50+00:00","og_image":[{"width":640,"height":480,"url":"https:\/\/veritasinfo.org\/wp-content\/uploads\/2025\/11\/veri-640x480-5.jpg","type":"image\/jpeg"}],"author":"US6","twitter_card":"summary_large_image","twitter_misc":{"Written by":"US6","Est. reading time":"2 minutes"},"schema":{"@context":"https:\/\/schema.org","@graph":[{"@type":"WebPage","@id":"https:\/\/veritasinfo.org\/?p=21525","url":"https:\/\/veritasinfo.org\/?p=21525","name":"Partit\u00eb opozitare serbe formojn\u00eb bllok t\u00eb p\u00ebrbashk\u00ebt n\u00eb Mitrovic\u00ebn e Veriut -","isPartOf":{"@id":"https:\/\/veritasinfo.org\/#website"},"primaryImageOfPage":{"@id":"https:\/\/veritasinfo.org\/?p=21525#primaryimage"},"image":{"@id":"https:\/\/veritasinfo.org\/?p=21525#primaryimage"},"thumbnailUrl":"https:\/\/veritasinfo.org\/wp-content\/uploads\/2025\/11\/veri-640x480-5.jpg","datePublished":"2025-11-24T08:33:50+00:00","author":{"@id":"https:\/\/veritasinfo.org\/#\/schema\/person\/fe199eede04c3937362892b7444747cc"},"breadcrumb":{"@id":"https:\/\/veritasinfo.org\/?p=21525#breadcrumb"},"inLanguage":"en-US","potentialAction":[{"@type":"ReadAction","target":["https:\/\/veritasinfo.org\/?p=21525"]}]},{"@type":"ImageObject","inLanguage":"en-US","@id":"https:\/\/veritasinfo.org\/?p=21525#primaryimage","url":"https:\/\/veritasinfo.org\/wp-content\/uploads\/2025\/11\/veri-640x480-5.jpg","contentUrl":"https:\/\/veritasinfo.org\/wp-content\/uploads\/2025\/11\/veri-640x480-5.jpg","width":640,"height":480},{"@type":"BreadcrumbList","@id":"https:\/\/veritasinfo.org\/?p=21525#breadcrumb","itemListElement":[{"@type":"ListItem","position":1,"name":"Home","item":"https:\/\/veritasinfo.org\/"},{"@type":"ListItem","position":2,"name":"Partit\u00eb opozitare serbe formojn\u00eb bllok t\u00eb p\u00ebrbashk\u00ebt n\u00eb Mitrovic\u00ebn e Veriut"}]},{"@type":"WebSite","@id":"https:\/\/veritasinfo.org\/#website","url":"https:\/\/veritasinfo.org\/","name":"","description":"","potentialAction":[{"@type":"SearchAction","target":{"@type":"EntryPoint","urlTemplate":"https:\/\/veritasinfo.org\/?s={search_term_string}"},"query-input":{"@type":"PropertyValueSpecification","valueRequired":true,"valueName":"search_term_string"}}],"inLanguage":"en-US"},{"@type":"Person","@id":"https:\/\/veritasinfo.org\/#\/schema\/person\/fe199eede04c3937362892b7444747cc","name":"US6","image":{"@type":"ImageObject","inLanguage":"en-US","@id":"https:\/\/veritasinfo.org\/#\/schema\/person\/image\/","url":"https:\/\/secure.gravatar.com\/avatar\/cb16c3c31c9d23b9b8c705964598220b3014e42ff51eb540ff23cefa3ae8c15f?s=96&d=mm&r=g","contentUrl":"https:\/\/secure.gravatar.com\/avatar\/cb16c3c31c9d23b9b8c705964598220b3014e42ff51eb540ff23cefa3ae8c15f?s=96&d=mm&r=g","caption":"US6"},"url":"https:\/\/veritasinfo.org\/?author=7"}]}},"featured_image_urls":{"full":["https:\/\/veritasinfo.org\/wp-content\/uploads\/2025\/11\/veri-640x480-5.jpg",640,480,false],"thumbnail":["https:\/\/veritasinfo.org\/wp-content\/uploads\/2025\/11\/veri-640x480-5-150x150.jpg",150,150,true],"medium":["https:\/\/veritasinfo.org\/wp-content\/uploads\/2025\/11\/veri-640x480-5-300x225.jpg",300,225,true],"medium_large":["https:\/\/veritasinfo.org\/wp-content\/uploads\/2025\/11\/veri-640x480-5.jpg",640,480,false],"large":["https:\/\/veritasinfo.org\/wp-content\/uploads\/2025\/11\/veri-640x480-5.jpg",640,480,false],"1536x1536":["https:\/\/veritasinfo.org\/wp-content\/uploads\/2025\/11\/veri-640x480-5.jpg",640,480,false],"2048x2048":["https:\/\/veritasinfo.org\/wp-content\/uploads\/2025\/11\/veri-640x480-5.jpg",640,480,false],"kreeti-slider-full":["https:\/\/veritasinfo.org\/wp-content\/uploads\/2025\/11\/veri-640x480-5.jpg",640,480,false],"kreeti-featured":["https:\/\/veritasinfo.org\/wp-content\/uploads\/2025\/11\/veri-640x480-5.jpg",640,480,false],"kreeti-medium":["https:\/\/veritasinfo.org\/wp-content\/uploads\/2025\/11\/veri-640x480-5.jpg",640,480,false],"kreeti-medium-square":["https:\/\/veritasinfo.org\/wp-content\/uploads\/2025\/11\/veri-640x480-5.jpg",350,263,false]},"author_info":{"info":["US6"]},"category_info":"<a href=\"https:\/\/veritasinfo.org\/?cat=58\" rel=\"category\">Politik\u00eb<\/a>","tag_info":"Politik\u00eb","comment_count":"0","_links":{"self":[{"href":"https:\/\/veritasinfo.org\/index.php?rest_route=\/wp\/v2\/posts\/21525","targetHints":{"allow":["GET"]}}],"collection":[{"href":"https:\/\/veritasinfo.org\/index.php?rest_route=\/wp\/v2\/posts"}],"about":[{"href":"https:\/\/veritasinfo.org\/index.php?rest_route=\/wp\/v2\/types\/post"}],"author":[{"embeddable":true,"href":"https:\/\/veritasinfo.org\/index.php?rest_route=\/wp\/v2\/users\/7"}],"replies":[{"embeddable":true,"href":"https:\/\/veritasinfo.org\/index.php?rest_route=%2Fwp%2Fv2%2Fcomments&post=21525"}],"version-history":[{"count":1,"href":"https:\/\/veritasinfo.org\/index.php?rest_route=\/wp\/v2\/posts\/21525\/revisions"}],"predecessor-version":[{"id":21527,"href":"https:\/\/veritasinfo.org\/index.php?rest_route=\/wp\/v2\/posts\/21525\/revisions\/21527"}],"wp:featuredmedia":[{"embeddable":true,"href":"https:\/\/veritasinfo.org\/index.php?rest_route=\/wp\/v2\/media\/21526"}],"wp:attachment":[{"href":"https:\/\/veritasinfo.org\/index.php?rest_route=%2Fwp%2Fv2%2Fmedia&parent=21525"}],"wp:term":[{"taxonomy":"category","embeddable":true,"href":"https:\/\/veritasinfo.org\/index.php?rest_route=%2Fwp%2Fv2%2Fcategories&post=21525"},{"taxonomy":"post_tag","embeddable":true,"href":"https:\/\/veritasinfo.org\/index.php?rest_route=%2Fwp%2Fv2%2Ftags&post=21525"}],"curies":[{"name":"wp","href":"https:\/\/api.w.org\/{rel}","templated":true}]}}