{"id":2152,"date":"2025-07-01T16:09:49","date_gmt":"2025-07-01T14:09:49","guid":{"rendered":"https:\/\/veritasinfo.org\/?p=2152"},"modified":"2025-07-01T16:11:52","modified_gmt":"2025-07-01T14:11:52","slug":"kurti-be-ja-duhet-ti-rrise-fondet-ne-ti-pershpejtojme-reformat","status":"publish","type":"post","link":"https:\/\/veritasinfo.org\/?p=2152","title":{"rendered":"Kurti: BE-ja duhet t\u2019i rris\u00eb fondet, ne t\u2019i p\u00ebrshpejtojm\u00eb reformat"},"content":{"rendered":"<p style=\"font-weight: 400;\">1 Korrik 2025<\/p>\n<p>Kryeministri n\u00eb detyr\u00eb, Albin Kurti, ka deklaruar n\u00eb Samitin p\u00ebr Planin e Rritjes t\u00eb Bashkimit Evropian se ky plan \u00ebsht\u00eb p\u00ebrgjigja e duhur p\u00ebr t\u00eb p\u00ebrshpejtuar reformat.<\/p>\n<p style=\"font-weight: 400;\">Zyra e Kryeministrit ka njoftuar t\u00eb mart\u00ebn se Kurti ka th\u00ebn\u00eb n\u00eb Shkup q\u00eb vendet e Ballkanit Per\u00ebndimor kan\u00eb nevoj\u00eb p\u00ebr investime t\u00eb linj\u00ebzuara me sigurin\u00eb ekonomike t\u00eb BE-s\u00eb, derisa tha se Bashkimi Evropian duhet t&#8217;i rris\u00eb fondet. Sipas Kurtit, an\u00ebtar\u00ebsimi sa m\u00eb i shpejt i vendeve n\u00eb BE lidhet me shtimin e fondeve.<\/p>\n<p style=\"font-weight: 400;\">\u201cPlani i Rritjes i BE-s\u00eb \u00ebsht\u00eb p\u00ebrgjigjja e duhur p\u00ebr t\u00eb p\u00ebrshpejtuar reformat. Ne kemi nevoj\u00eb p\u00ebr investime t\u00eb linj\u00ebzuara me sigurin\u00eb ekonomike t\u00eb BE-s\u00eb, dhe kemi nevoj\u00eb p\u00ebr qasje n\u00eb financim q\u00eb p\u00ebrputhet si me ambicien ton\u00eb p\u00ebr reforma ashtu edhe me progresin ton\u00eb demokratik dhe vlerat e p\u00ebrbashk\u00ebta. Po, Plani i Rritjes premton m\u00eb shum\u00eb fonde sesa ofron aktualisht IPA, por ne mund t\u00eb b\u00ebjm\u00eb m\u00eb shum\u00eb. BE-ja mund dhe duhet t\u2019i rris\u00eb fondet, dhe ne mund dhe duhet t\u00eb p\u00ebrshpejtojm\u00eb reformat\u201d, ka deklaruar Kurti.<\/p>\n<p style=\"font-weight: 400;\">Ai ka th\u00ebn\u00eb se vendet q\u00eb synojn\u00eb integrimin duhet t\u00eb p\u00ebrshpejtojn\u00eb procesin e reformave.<\/p>\n<p style=\"font-weight: 400;\">Kurti ka folur edhe p\u00ebr \u00e7\u00ebshtjen e siguris\u00eb dhe situat\u00ebn aktuale n\u00eb bot\u00eb, ku tha se mir\u00ebpret veprimin e Shteteve t\u00eb Bashkuara t\u00eb Amerik\u00ebs p\u00ebr parandalimin e Iranit q\u00eb t\u00eb pajiset me arm\u00eb b\u00ebrthamore. Ai tha se lufta n\u00eb Ukrain\u00eb po vazhdon ta k\u00ebrc\u00ebnojn\u00eb sigurin\u00eb evropiane.<\/p>\n<p style=\"font-weight: 400;\">\u201cM\u00eb lejoni q\u00eb shkurtimisht t\u00eb trajtoj n\u00eb fund \u00e7\u00ebshtjet e siguris\u00eb, t\u00eb cilat jan\u00eb nj\u00eb parakusht p\u00ebr rritje. Si rajon, ne nuk jemi t\u00eb izoluar nga peizazhi gjeopolitik global. Lufta e agresionit t\u00eb Rusis\u00eb ndaj Ukrain\u00ebs vazhdon t\u00eb k\u00ebrc\u00ebnoj\u00eb sigurin\u00eb evropiane, teksa tensionet n\u00eb Lindjen e Mesme kontribuojn\u00eb edhe m\u00eb tej n\u00eb paq\u00ebndrueshm\u00ebrin\u00eb globale. Ne mir\u00ebpresim veprimin e Shteteve t\u00eb Bashkuara p\u00ebr t\u00eb parandaluar Iranin t\u00eb pajiset me arm\u00eb b\u00ebrthamore. Bota \u00ebsht\u00eb padyshim m\u00eb e sigurt pa arsenale b\u00ebrthamore n\u00eb duart e regjimeve autoritare. Takimi yn\u00eb sot vjen vet\u00ebm disa dit\u00eb pas Samitit t\u00eb NATO-s n\u00eb Hag\u00eb, ku u riafirmua angazhimi\u00a0\u00a0p\u00ebr t\u00eb rritur shpenzimet e mbrojtjes n\u00eb 5% t\u00eb Bruto Prodhimit Vendor. Ne e mir\u00ebpresim k\u00ebt\u00eb angazhim. \u00cbsht\u00eb nj\u00eb hap i nevojsh\u00ebm si p\u00ebr t\u00eb mbrojtur aleanc\u00ebn euroatlantike ashtu edhe p\u00ebr t\u00eb frenuar regjimet autokratike nga provokimi i konflikteve t\u00eb m\u00ebtejshme. Nj\u00eb Evrop\u00eb m\u00eb e fort\u00eb \u00ebsht\u00eb nj\u00eb Evrop\u00eb q\u00eb mund t\u00eb mbroj\u00eb veten\u201d, thuhet tutje n\u00eb njoftimin e Zyr\u00ebs.<\/p>\n","protected":false},"excerpt":{"rendered":"<p>1 Korrik 2025 Kryeministri n\u00eb detyr\u00eb, Albin Kurti, ka deklaruar n\u00eb Samitin p\u00ebr Planin e Rritjes t\u00eb Bashkimit Evropian se ky plan \u00ebsht\u00eb p\u00ebrgjigja e<\/p>\n","protected":false},"author":1,"featured_media":2154,"comment_status":"open","ping_status":"open","sticky":false,"template":"","format":"standard","meta":{"footnotes":""},"categories":[58],"tags":[],"class_list":["post-2152","post","type-post","status-publish","format-standard","has-post-thumbnail","hentry","category-politike-sq"],"yoast_head":"<!-- This site is optimized with the Yoast SEO plugin v25.3.1 - https:\/\/yoast.com\/wordpress\/plugins\/seo\/ -->\n<title>Kurti: BE-ja duhet t\u2019i rris\u00eb fondet, ne t\u2019i p\u00ebrshpejtojm\u00eb reformat -<\/title>\n<meta name=\"robots\" content=\"index, follow, max-snippet:-1, max-image-preview:large, max-video-preview:-1\" \/>\n<link rel=\"canonical\" href=\"https:\/\/veritasinfo.org\/?p=2152\" \/>\n<meta property=\"og:locale\" content=\"en_US\" \/>\n<meta property=\"og:type\" content=\"article\" \/>\n<meta property=\"og:title\" content=\"Kurti: BE-ja duhet t\u2019i rris\u00eb fondet, ne t\u2019i p\u00ebrshpejtojm\u00eb reformat -\" \/>\n<meta property=\"og:description\" content=\"1 Korrik 2025 Kryeministri n\u00eb detyr\u00eb, Albin Kurti, ka deklaruar n\u00eb Samitin p\u00ebr Planin e Rritjes t\u00eb Bashkimit Evropian se ky plan \u00ebsht\u00eb p\u00ebrgjigja e\" \/>\n<meta property=\"og:url\" content=\"https:\/\/veritasinfo.org\/?p=2152\" \/>\n<meta property=\"article:published_time\" content=\"2025-07-01T14:09:49+00:00\" \/>\n<meta property=\"article:modified_time\" content=\"2025-07-01T14:11:52+00:00\" \/>\n<meta property=\"og:image\" content=\"https:\/\/veritasinfo.org\/wp-content\/uploads\/2025\/07\/IMG_0286.jpeg\" \/>\n\t<meta property=\"og:image:width\" content=\"1536\" \/>\n\t<meta property=\"og:image:height\" content=\"1024\" \/>\n\t<meta property=\"og:image:type\" content=\"image\/jpeg\" \/>\n<meta name=\"author\" content=\"admin\" \/>\n<meta name=\"twitter:card\" content=\"summary_large_image\" \/>\n<meta name=\"twitter:label1\" content=\"Written by\" \/>\n\t<meta name=\"twitter:data1\" content=\"admin\" \/>\n\t<meta name=\"twitter:label2\" content=\"Est. reading time\" \/>\n\t<meta name=\"twitter:data2\" content=\"2 minutes\" \/>\n<script type=\"application\/ld+json\" class=\"yoast-schema-graph\">{\"@context\":\"https:\/\/schema.org\",\"@graph\":[{\"@type\":\"WebPage\",\"@id\":\"https:\/\/veritasinfo.org\/?p=2152\",\"url\":\"https:\/\/veritasinfo.org\/?p=2152\",\"name\":\"Kurti: BE-ja duhet t\u2019i rris\u00eb fondet, ne t\u2019i p\u00ebrshpejtojm\u00eb reformat -\",\"isPartOf\":{\"@id\":\"https:\/\/veritasinfo.org\/#website\"},\"primaryImageOfPage\":{\"@id\":\"https:\/\/veritasinfo.org\/?p=2152#primaryimage\"},\"image\":{\"@id\":\"https:\/\/veritasinfo.org\/?p=2152#primaryimage\"},\"thumbnailUrl\":\"https:\/\/veritasinfo.org\/wp-content\/uploads\/2025\/07\/IMG_0286.jpeg\",\"datePublished\":\"2025-07-01T14:09:49+00:00\",\"dateModified\":\"2025-07-01T14:11:52+00:00\",\"author\":{\"@id\":\"https:\/\/veritasinfo.org\/#\/schema\/person\/7701f8c088bece422266b100a712374f\"},\"breadcrumb\":{\"@id\":\"https:\/\/veritasinfo.org\/?p=2152#breadcrumb\"},\"inLanguage\":\"en-US\",\"potentialAction\":[{\"@type\":\"ReadAction\",\"target\":[\"https:\/\/veritasinfo.org\/?p=2152\"]}]},{\"@type\":\"ImageObject\",\"inLanguage\":\"en-US\",\"@id\":\"https:\/\/veritasinfo.org\/?p=2152#primaryimage\",\"url\":\"https:\/\/veritasinfo.org\/wp-content\/uploads\/2025\/07\/IMG_0286.jpeg\",\"contentUrl\":\"https:\/\/veritasinfo.org\/wp-content\/uploads\/2025\/07\/IMG_0286.jpeg\",\"width\":1536,\"height\":1024},{\"@type\":\"BreadcrumbList\",\"@id\":\"https:\/\/veritasinfo.org\/?p=2152#breadcrumb\",\"itemListElement\":[{\"@type\":\"ListItem\",\"position\":1,\"name\":\"Home\",\"item\":\"https:\/\/veritasinfo.org\/\"},{\"@type\":\"ListItem\",\"position\":2,\"name\":\"Kurti: BE-ja duhet t\u2019i rris\u00eb fondet, ne t\u2019i p\u00ebrshpejtojm\u00eb reformat\"}]},{\"@type\":\"WebSite\",\"@id\":\"https:\/\/veritasinfo.org\/#website\",\"url\":\"https:\/\/veritasinfo.org\/\",\"name\":\"\",\"description\":\"\",\"potentialAction\":[{\"@type\":\"SearchAction\",\"target\":{\"@type\":\"EntryPoint\",\"urlTemplate\":\"https:\/\/veritasinfo.org\/?s={search_term_string}\"},\"query-input\":{\"@type\":\"PropertyValueSpecification\",\"valueRequired\":true,\"valueName\":\"search_term_string\"}}],\"inLanguage\":\"en-US\"},{\"@type\":\"Person\",\"@id\":\"https:\/\/veritasinfo.org\/#\/schema\/person\/7701f8c088bece422266b100a712374f\",\"name\":\"admin\",\"image\":{\"@type\":\"ImageObject\",\"inLanguage\":\"en-US\",\"@id\":\"https:\/\/veritasinfo.org\/#\/schema\/person\/image\/\",\"url\":\"https:\/\/secure.gravatar.com\/avatar\/ea53aa3bf6c9a12d5fde8ce4deff43fef3885ae33cf60184161a50d6987cfd2f?s=96&d=mm&r=g\",\"contentUrl\":\"https:\/\/secure.gravatar.com\/avatar\/ea53aa3bf6c9a12d5fde8ce4deff43fef3885ae33cf60184161a50d6987cfd2f?s=96&d=mm&r=g\",\"caption\":\"admin\"},\"sameAs\":[\"https:\/\/veritasinfo.org\"],\"url\":\"https:\/\/veritasinfo.org\/?author=1\"}]}<\/script>\n<!-- \/ Yoast SEO plugin. -->","yoast_head_json":{"title":"Kurti: BE-ja duhet t\u2019i rris\u00eb fondet, ne t\u2019i p\u00ebrshpejtojm\u00eb reformat -","robots":{"index":"index","follow":"follow","max-snippet":"max-snippet:-1","max-image-preview":"max-image-preview:large","max-video-preview":"max-video-preview:-1"},"canonical":"https:\/\/veritasinfo.org\/?p=2152","og_locale":"en_US","og_type":"article","og_title":"Kurti: BE-ja duhet t\u2019i rris\u00eb fondet, ne t\u2019i p\u00ebrshpejtojm\u00eb reformat -","og_description":"1 Korrik 2025 Kryeministri n\u00eb detyr\u00eb, Albin Kurti, ka deklaruar n\u00eb Samitin p\u00ebr Planin e Rritjes t\u00eb Bashkimit Evropian se ky plan \u00ebsht\u00eb p\u00ebrgjigja e","og_url":"https:\/\/veritasinfo.org\/?p=2152","article_published_time":"2025-07-01T14:09:49+00:00","article_modified_time":"2025-07-01T14:11:52+00:00","og_image":[{"width":1536,"height":1024,"url":"https:\/\/veritasinfo.org\/wp-content\/uploads\/2025\/07\/IMG_0286.jpeg","type":"image\/jpeg"}],"author":"admin","twitter_card":"summary_large_image","twitter_misc":{"Written by":"admin","Est. reading time":"2 minutes"},"schema":{"@context":"https:\/\/schema.org","@graph":[{"@type":"WebPage","@id":"https:\/\/veritasinfo.org\/?p=2152","url":"https:\/\/veritasinfo.org\/?p=2152","name":"Kurti: BE-ja duhet t\u2019i rris\u00eb fondet, ne t\u2019i p\u00ebrshpejtojm\u00eb reformat -","isPartOf":{"@id":"https:\/\/veritasinfo.org\/#website"},"primaryImageOfPage":{"@id":"https:\/\/veritasinfo.org\/?p=2152#primaryimage"},"image":{"@id":"https:\/\/veritasinfo.org\/?p=2152#primaryimage"},"thumbnailUrl":"https:\/\/veritasinfo.org\/wp-content\/uploads\/2025\/07\/IMG_0286.jpeg","datePublished":"2025-07-01T14:09:49+00:00","dateModified":"2025-07-01T14:11:52+00:00","author":{"@id":"https:\/\/veritasinfo.org\/#\/schema\/person\/7701f8c088bece422266b100a712374f"},"breadcrumb":{"@id":"https:\/\/veritasinfo.org\/?p=2152#breadcrumb"},"inLanguage":"en-US","potentialAction":[{"@type":"ReadAction","target":["https:\/\/veritasinfo.org\/?p=2152"]}]},{"@type":"ImageObject","inLanguage":"en-US","@id":"https:\/\/veritasinfo.org\/?p=2152#primaryimage","url":"https:\/\/veritasinfo.org\/wp-content\/uploads\/2025\/07\/IMG_0286.jpeg","contentUrl":"https:\/\/veritasinfo.org\/wp-content\/uploads\/2025\/07\/IMG_0286.jpeg","width":1536,"height":1024},{"@type":"BreadcrumbList","@id":"https:\/\/veritasinfo.org\/?p=2152#breadcrumb","itemListElement":[{"@type":"ListItem","position":1,"name":"Home","item":"https:\/\/veritasinfo.org\/"},{"@type":"ListItem","position":2,"name":"Kurti: BE-ja duhet t\u2019i rris\u00eb fondet, ne t\u2019i p\u00ebrshpejtojm\u00eb reformat"}]},{"@type":"WebSite","@id":"https:\/\/veritasinfo.org\/#website","url":"https:\/\/veritasinfo.org\/","name":"","description":"","potentialAction":[{"@type":"SearchAction","target":{"@type":"EntryPoint","urlTemplate":"https:\/\/veritasinfo.org\/?s={search_term_string}"},"query-input":{"@type":"PropertyValueSpecification","valueRequired":true,"valueName":"search_term_string"}}],"inLanguage":"en-US"},{"@type":"Person","@id":"https:\/\/veritasinfo.org\/#\/schema\/person\/7701f8c088bece422266b100a712374f","name":"admin","image":{"@type":"ImageObject","inLanguage":"en-US","@id":"https:\/\/veritasinfo.org\/#\/schema\/person\/image\/","url":"https:\/\/secure.gravatar.com\/avatar\/ea53aa3bf6c9a12d5fde8ce4deff43fef3885ae33cf60184161a50d6987cfd2f?s=96&d=mm&r=g","contentUrl":"https:\/\/secure.gravatar.com\/avatar\/ea53aa3bf6c9a12d5fde8ce4deff43fef3885ae33cf60184161a50d6987cfd2f?s=96&d=mm&r=g","caption":"admin"},"sameAs":["https:\/\/veritasinfo.org"],"url":"https:\/\/veritasinfo.org\/?author=1"}]}},"featured_image_urls":{"full":["https:\/\/veritasinfo.org\/wp-content\/uploads\/2025\/07\/IMG_0286.jpeg",1536,1024,false],"thumbnail":["https:\/\/veritasinfo.org\/wp-content\/uploads\/2025\/07\/IMG_0286-150x150.jpeg",150,150,true],"medium":["https:\/\/veritasinfo.org\/wp-content\/uploads\/2025\/07\/IMG_0286-300x200.jpeg",300,200,true],"medium_large":["https:\/\/veritasinfo.org\/wp-content\/uploads\/2025\/07\/IMG_0286-768x512.jpeg",640,427,true],"large":["https:\/\/veritasinfo.org\/wp-content\/uploads\/2025\/07\/IMG_0286-1024x683.jpeg",640,427,true],"1536x1536":["https:\/\/veritasinfo.org\/wp-content\/uploads\/2025\/07\/IMG_0286.jpeg",1536,1024,false],"2048x2048":["https:\/\/veritasinfo.org\/wp-content\/uploads\/2025\/07\/IMG_0286.jpeg",1536,1024,false],"kreeti-slider-full":["https:\/\/veritasinfo.org\/wp-content\/uploads\/2025\/07\/IMG_0286.jpeg",1080,720,false],"kreeti-featured":["https:\/\/veritasinfo.org\/wp-content\/uploads\/2025\/07\/IMG_0286.jpeg",1024,683,false],"kreeti-medium":["https:\/\/veritasinfo.org\/wp-content\/uploads\/2025\/07\/IMG_0286.jpeg",720,480,false],"kreeti-medium-square":["https:\/\/veritasinfo.org\/wp-content\/uploads\/2025\/07\/IMG_0286.jpeg",350,233,false]},"author_info":{"info":["admin"]},"category_info":"<a href=\"https:\/\/veritasinfo.org\/?cat=58\" rel=\"category\">Politik\u00eb<\/a>","tag_info":"Politik\u00eb","comment_count":"0","_links":{"self":[{"href":"https:\/\/veritasinfo.org\/index.php?rest_route=\/wp\/v2\/posts\/2152","targetHints":{"allow":["GET"]}}],"collection":[{"href":"https:\/\/veritasinfo.org\/index.php?rest_route=\/wp\/v2\/posts"}],"about":[{"href":"https:\/\/veritasinfo.org\/index.php?rest_route=\/wp\/v2\/types\/post"}],"author":[{"embeddable":true,"href":"https:\/\/veritasinfo.org\/index.php?rest_route=\/wp\/v2\/users\/1"}],"replies":[{"embeddable":true,"href":"https:\/\/veritasinfo.org\/index.php?rest_route=%2Fwp%2Fv2%2Fcomments&post=2152"}],"version-history":[{"count":2,"href":"https:\/\/veritasinfo.org\/index.php?rest_route=\/wp\/v2\/posts\/2152\/revisions"}],"predecessor-version":[{"id":2157,"href":"https:\/\/veritasinfo.org\/index.php?rest_route=\/wp\/v2\/posts\/2152\/revisions\/2157"}],"wp:featuredmedia":[{"embeddable":true,"href":"https:\/\/veritasinfo.org\/index.php?rest_route=\/wp\/v2\/media\/2154"}],"wp:attachment":[{"href":"https:\/\/veritasinfo.org\/index.php?rest_route=%2Fwp%2Fv2%2Fmedia&parent=2152"}],"wp:term":[{"taxonomy":"category","embeddable":true,"href":"https:\/\/veritasinfo.org\/index.php?rest_route=%2Fwp%2Fv2%2Fcategories&post=2152"},{"taxonomy":"post_tag","embeddable":true,"href":"https:\/\/veritasinfo.org\/index.php?rest_route=%2Fwp%2Fv2%2Ftags&post=2152"}],"curies":[{"name":"wp","href":"https:\/\/api.w.org\/{rel}","templated":true}]}}