{"id":21501,"date":"2025-11-24T08:10:53","date_gmt":"2025-11-24T07:10:53","guid":{"rendered":"https:\/\/veritasinfo.org\/?p=21501"},"modified":"2025-11-24T08:10:53","modified_gmt":"2025-11-24T07:10:53","slug":"gazetari-kroat-ka-prova-vuciq-ka-qene-pjese-e-safari-i-sarajeves","status":"publish","type":"post","link":"https:\/\/veritasinfo.org\/?p=21501","title":{"rendered":"Gazetari kroat: Ka prova, Vu\u00e7iq ka qen\u00eb pjes\u00eb e \u2018Safari i Sarajev\u00ebs\u2019"},"content":{"rendered":"<p>Prishtin\u00eb 24 N\u00ebntor 2025 08:08<\/p>\n<p>Pavar\u00ebsisht mohimit t\u00eb Beogradit zyrtar, nuk mungojn\u00eb z\u00ebrat p\u00ebr zbardhjen e rastit \u201cSafari i Sarajev\u00ebs\u201d dhe shum\u00eb rasteve t\u00eb pazgjidhura t\u00eb krimeve t\u00eb kat\u00ebr luft\u00ebrave q\u00eb i shkaktoi Serbia. Kall\u00ebzimi penal kund\u00ebr Vu\u00e7iqit ng\u00ebrthen m\u00eb vete prova t\u00eb shumta q\u00eb pritet ta ulin at\u00eb n\u00eb bank\u00ebn e t\u00eb akuzuarve. N\u00eb rrethimin q\u00eb zgjati 1425 dit\u00eb, u vran\u00eb m\u00eb shum\u00eb se 1600 f\u00ebmij\u00eb dhe u plagos\u00ebn mbi 14 mij\u00eb t\u00eb tjer\u00eb.<\/p>\n<p>Nj\u00eb kall\u00ebzim penal pran\u00eb prokuroris\u00eb s\u00eb Milanos, kud\u00ebr Aleksand\u00ebr Vu\u00e7iqit, si pjes\u00eb e t\u00eb ashtuquajturit \u201cSafari i Sarajev\u00ebs\u201d, nga gazetari kroat Demagoj Margetiq, pritet t\u2019ia hap\u00eb rrug\u00eb hetuesis\u00eb p\u00ebr t\u00eb v\u00ebn\u00eb drejt\u00ebsin\u00eb n\u00eb vend.<\/p>\n<p>N\u00eb nj\u00eb deklarat\u00eb p\u00ebr RTK-n\u00eb, Margetiq n\u00ebnvizon se ka prova t\u00eb shumta q\u00eb d\u00ebshmon prezenc\u00ebn e Vu\u00e7iqit n\u00eb t\u00eb ashtuquajtur\u00ebn ekspedit\u00eb t\u00eb vdekjes. Nj\u00ebsia paramilitare e Batalionit \u00c7etnik t\u00eb Sarajev\u00ebs s\u00eb Re, t\u00eb komanduar nga Slavko Aleksiq, pjes\u00eb aktive e s\u00eb cil\u00ebs ka qen\u00eb presidenti aktual serb, Aleksand\u00ebr Vu\u00e7iq, dyshohet se ka organizuar \u201cSafari njer\u00ebzore\u201d n\u00eb pozicionin e varrezave hebraike, gjat\u00eb rrethimit t\u00eb Sarajev\u00ebs.<\/p>\n<p>\u201cAleksand\u00ebr Vu\u00e7iq ishte an\u00ebtar i asaj nj\u00ebsie nga viti 1992-1993. Ka qen\u00eb i pranish\u00ebm fizikisht dhe ajo q\u00eb \u00ebsht\u00eb interesante, ai mbante nj\u00eb t\u00eb ashtuquajtur pushk\u00eb \u201cPAP\u201d me sh\u00ebnjest\u00ebr optike, nj\u00eb pushk\u00eb snajper, arm\u00eb e prodhuar nga fabrika \u201cCrvena Zastava\u201d e ish-Jugosllavis\u00eb. Nj\u00eb prov\u00eb tjet\u00ebr e r\u00ebnd\u00ebsishme \u00ebsht\u00eb nj\u00eb deklarat\u00eb e Mirko Blagojeviqit, nj\u00eb komandant ushtarak n\u00eb rajonin e Bosnj\u00eb dhe Hercegovin\u00ebs, ku pohon se n\u00eb vitin 1992 Aleksand\u00ebr Vu\u00e7iq ka ardhur si vullnetar ushtarak, n\u00ebn komand\u00ebn e Slavko Aleksiqit, i pozicionuar te varrezat e hebrenjve\u201d, tha Demagoj Margetiq, gazetar hulumtues.<\/p>\n<p>Sipas Kall\u00ebzimit penal n\u00eb Prokurorin\u00eb e Milanos, thuhet se ekzistonte nj\u00eb \u201clist\u00eb \u00e7mimesh\u201d p\u00ebr t\u00eb ashtuquajturin \u201cSafarin e Sarajev\u00ebs\u201d p\u00ebr t\u00eb huaj t\u00eb pasur, mes tyre amerikan\u00eb, kanadez\u00eb, rus\u00eb dhe italian\u00eb. Gazetari kroat n\u00ebnvizon se n\u00eb nj\u00ebsin\u00eb e Slavko Aleksiqit ka pasur vet\u00ebm dy persona q\u00eb flisnin gjuh\u00eb t\u00eb huaja: Aleksand\u00ebr Vu\u00e7iq dhe Zlatko Novakoviq, t\u00eb cil\u00ebt sh\u00ebrbenin si nd\u00ebrmjet\u00ebs me t\u00eb huajt q\u00eb merrnin pjes\u00eb n\u00eb gjuajtjet ndaj civil\u00ebve.<\/p>\n<p>P\u00ebr k\u00ebt\u00eb, Margetiq thot\u00eb se ka d\u00ebshmi dhe deklarata t\u00eb personave q\u00eb kan\u00eb qen\u00eb n\u00eb at\u00eb nj\u00ebsi.<\/p>\n<p>\u201cAn\u00ebtar\u00ebt e nj\u00ebsis\u00eb s\u00eb Aleksiqit ishin njer\u00ebz primitiv\u00eb, q\u00eb nuk flisnin as gjuh\u00ebn serbe si duhet. Dy t\u00eb vetmit q\u00eb flisnin gjuh\u00eb t\u00eb huaja ishin Aleksand\u00ebr Vu\u00e7iq dhe Zlatko Novakoviq. Zlatko Novakoviq njihej edhe si Zak Novak. Ai kishte ardhur nga Nju-Jorku si vullnetar dhe ishte me Vu\u00e7iqin n\u00eb at\u00eb nj\u00ebsi. Ka madje edhe fotografi t\u00eb Zak Novak. Interesante \u00ebsht\u00eb se Zlatko Novakoviq, sot, n\u00eb koh\u00ebn kur po flasim, \u00ebsht\u00eb po ai Zlatko Novakoviq nga varrezat hebraike. Ai \u00ebsht\u00eb nj\u00eb nga njer\u00ebzit kryesor\u00eb t\u00eb rrethit t\u00eb Vu\u00e7iqit sot n\u00eb Beograd\u201d, tha ai.<\/p>\n<p>Gazetari Margetiq, i cili pret ta shoh\u00eb Aleksand\u00ebr Vuciqin dhe t\u00eb tjet\u00ebr p\u00ebr krime gjat\u00eb luft\u00ebs n\u00eb Bosnj\u00eb, n\u00ebnvizon se ka mjaft prova, duke marr\u00eb p\u00ebr baz\u00eb faktin se ka t\u00eb d\u00ebnuar m\u00eb krime lufte mem\u00eb pak prova sa ekzistojn\u00eb p\u00ebr Vu\u00e7iqin.<\/p>\n","protected":false},"excerpt":{"rendered":"<p>Prishtin\u00eb 24 N\u00ebntor 2025 08:08 Pavar\u00ebsisht mohimit t\u00eb Beogradit zyrtar, nuk mungojn\u00eb z\u00ebrat p\u00ebr zbardhjen e rastit \u201cSafari i Sarajev\u00ebs\u201d dhe shum\u00eb rasteve t\u00eb pazgjidhura<\/p>\n","protected":false},"author":6,"featured_media":21502,"comment_status":"open","ping_status":"open","sticky":false,"template":"","format":"standard","meta":{"footnotes":""},"categories":[58],"tags":[],"class_list":["post-21501","post","type-post","status-publish","format-standard","has-post-thumbnail","hentry","category-politike-sq"],"yoast_head":"<!-- This site is optimized with the Yoast SEO plugin v25.3.1 - https:\/\/yoast.com\/wordpress\/plugins\/seo\/ -->\n<title>Gazetari kroat: Ka prova, Vu\u00e7iq ka qen\u00eb pjes\u00eb e \u2018Safari i Sarajev\u00ebs\u2019 -<\/title>\n<meta name=\"robots\" content=\"index, follow, max-snippet:-1, max-image-preview:large, max-video-preview:-1\" \/>\n<link rel=\"canonical\" href=\"https:\/\/veritasinfo.org\/?p=21501\" \/>\n<meta property=\"og:locale\" content=\"en_US\" \/>\n<meta property=\"og:type\" content=\"article\" \/>\n<meta property=\"og:title\" content=\"Gazetari kroat: Ka prova, Vu\u00e7iq ka qen\u00eb pjes\u00eb e \u2018Safari i Sarajev\u00ebs\u2019 -\" \/>\n<meta property=\"og:description\" content=\"Prishtin\u00eb 24 N\u00ebntor 2025 08:08 Pavar\u00ebsisht mohimit t\u00eb Beogradit zyrtar, nuk mungojn\u00eb z\u00ebrat p\u00ebr zbardhjen e rastit \u201cSafari i Sarajev\u00ebs\u201d dhe shum\u00eb rasteve t\u00eb pazgjidhura\" \/>\n<meta property=\"og:url\" content=\"https:\/\/veritasinfo.org\/?p=21501\" \/>\n<meta property=\"article:published_time\" content=\"2025-11-24T07:10:53+00:00\" \/>\n<meta property=\"og:image\" content=\"https:\/\/veritasinfo.org\/wp-content\/uploads\/2025\/11\/IMG-20251124-WA0000.jpg\" \/>\n\t<meta property=\"og:image:width\" content=\"663\" \/>\n\t<meta property=\"og:image:height\" content=\"486\" \/>\n\t<meta property=\"og:image:type\" content=\"image\/jpeg\" \/>\n<meta name=\"author\" content=\"US5\" \/>\n<meta name=\"twitter:card\" content=\"summary_large_image\" \/>\n<meta name=\"twitter:label1\" content=\"Written by\" \/>\n\t<meta name=\"twitter:data1\" content=\"US5\" \/>\n<script type=\"application\/ld+json\" class=\"yoast-schema-graph\">{\"@context\":\"https:\/\/schema.org\",\"@graph\":[{\"@type\":\"WebPage\",\"@id\":\"https:\/\/veritasinfo.org\/?p=21501\",\"url\":\"https:\/\/veritasinfo.org\/?p=21501\",\"name\":\"Gazetari kroat: Ka prova, Vu\u00e7iq ka qen\u00eb pjes\u00eb e \u2018Safari i Sarajev\u00ebs\u2019 -\",\"isPartOf\":{\"@id\":\"https:\/\/veritasinfo.org\/#website\"},\"primaryImageOfPage\":{\"@id\":\"https:\/\/veritasinfo.org\/?p=21501#primaryimage\"},\"image\":{\"@id\":\"https:\/\/veritasinfo.org\/?p=21501#primaryimage\"},\"thumbnailUrl\":\"https:\/\/veritasinfo.org\/wp-content\/uploads\/2025\/11\/IMG-20251124-WA0000.jpg\",\"datePublished\":\"2025-11-24T07:10:53+00:00\",\"author\":{\"@id\":\"https:\/\/veritasinfo.org\/#\/schema\/person\/bc442336e35414d04494ab8fb45db4c6\"},\"breadcrumb\":{\"@id\":\"https:\/\/veritasinfo.org\/?p=21501#breadcrumb\"},\"inLanguage\":\"en-US\",\"potentialAction\":[{\"@type\":\"ReadAction\",\"target\":[\"https:\/\/veritasinfo.org\/?p=21501\"]}]},{\"@type\":\"ImageObject\",\"inLanguage\":\"en-US\",\"@id\":\"https:\/\/veritasinfo.org\/?p=21501#primaryimage\",\"url\":\"https:\/\/veritasinfo.org\/wp-content\/uploads\/2025\/11\/IMG-20251124-WA0000.jpg\",\"contentUrl\":\"https:\/\/veritasinfo.org\/wp-content\/uploads\/2025\/11\/IMG-20251124-WA0000.jpg\",\"width\":663,\"height\":486},{\"@type\":\"BreadcrumbList\",\"@id\":\"https:\/\/veritasinfo.org\/?p=21501#breadcrumb\",\"itemListElement\":[{\"@type\":\"ListItem\",\"position\":1,\"name\":\"Home\",\"item\":\"https:\/\/veritasinfo.org\/\"},{\"@type\":\"ListItem\",\"position\":2,\"name\":\"Gazetari kroat: Ka prova, Vu\u00e7iq ka qen\u00eb pjes\u00eb e \u2018Safari i Sarajev\u00ebs\u2019\"}]},{\"@type\":\"WebSite\",\"@id\":\"https:\/\/veritasinfo.org\/#website\",\"url\":\"https:\/\/veritasinfo.org\/\",\"name\":\"\",\"description\":\"\",\"potentialAction\":[{\"@type\":\"SearchAction\",\"target\":{\"@type\":\"EntryPoint\",\"urlTemplate\":\"https:\/\/veritasinfo.org\/?s={search_term_string}\"},\"query-input\":{\"@type\":\"PropertyValueSpecification\",\"valueRequired\":true,\"valueName\":\"search_term_string\"}}],\"inLanguage\":\"en-US\"},{\"@type\":\"Person\",\"@id\":\"https:\/\/veritasinfo.org\/#\/schema\/person\/bc442336e35414d04494ab8fb45db4c6\",\"name\":\"US5\",\"image\":{\"@type\":\"ImageObject\",\"inLanguage\":\"en-US\",\"@id\":\"https:\/\/veritasinfo.org\/#\/schema\/person\/image\/\",\"url\":\"https:\/\/secure.gravatar.com\/avatar\/16a61e7272a0c5d001121ebb9e60e925d5816e4ac1e443ed3e640d9a6ae55d0c?s=96&d=mm&r=g\",\"contentUrl\":\"https:\/\/secure.gravatar.com\/avatar\/16a61e7272a0c5d001121ebb9e60e925d5816e4ac1e443ed3e640d9a6ae55d0c?s=96&d=mm&r=g\",\"caption\":\"US5\"},\"url\":\"https:\/\/veritasinfo.org\/?author=6\"}]}<\/script>\n<!-- \/ Yoast SEO plugin. -->","yoast_head_json":{"title":"Gazetari kroat: Ka prova, Vu\u00e7iq ka qen\u00eb pjes\u00eb e \u2018Safari i Sarajev\u00ebs\u2019 -","robots":{"index":"index","follow":"follow","max-snippet":"max-snippet:-1","max-image-preview":"max-image-preview:large","max-video-preview":"max-video-preview:-1"},"canonical":"https:\/\/veritasinfo.org\/?p=21501","og_locale":"en_US","og_type":"article","og_title":"Gazetari kroat: Ka prova, Vu\u00e7iq ka qen\u00eb pjes\u00eb e \u2018Safari i Sarajev\u00ebs\u2019 -","og_description":"Prishtin\u00eb 24 N\u00ebntor 2025 08:08 Pavar\u00ebsisht mohimit t\u00eb Beogradit zyrtar, nuk mungojn\u00eb z\u00ebrat p\u00ebr zbardhjen e rastit \u201cSafari i Sarajev\u00ebs\u201d dhe shum\u00eb rasteve t\u00eb pazgjidhura","og_url":"https:\/\/veritasinfo.org\/?p=21501","article_published_time":"2025-11-24T07:10:53+00:00","og_image":[{"width":663,"height":486,"url":"https:\/\/veritasinfo.org\/wp-content\/uploads\/2025\/11\/IMG-20251124-WA0000.jpg","type":"image\/jpeg"}],"author":"US5","twitter_card":"summary_large_image","twitter_misc":{"Written by":"US5"},"schema":{"@context":"https:\/\/schema.org","@graph":[{"@type":"WebPage","@id":"https:\/\/veritasinfo.org\/?p=21501","url":"https:\/\/veritasinfo.org\/?p=21501","name":"Gazetari kroat: Ka prova, Vu\u00e7iq ka qen\u00eb pjes\u00eb e \u2018Safari i Sarajev\u00ebs\u2019 -","isPartOf":{"@id":"https:\/\/veritasinfo.org\/#website"},"primaryImageOfPage":{"@id":"https:\/\/veritasinfo.org\/?p=21501#primaryimage"},"image":{"@id":"https:\/\/veritasinfo.org\/?p=21501#primaryimage"},"thumbnailUrl":"https:\/\/veritasinfo.org\/wp-content\/uploads\/2025\/11\/IMG-20251124-WA0000.jpg","datePublished":"2025-11-24T07:10:53+00:00","author":{"@id":"https:\/\/veritasinfo.org\/#\/schema\/person\/bc442336e35414d04494ab8fb45db4c6"},"breadcrumb":{"@id":"https:\/\/veritasinfo.org\/?p=21501#breadcrumb"},"inLanguage":"en-US","potentialAction":[{"@type":"ReadAction","target":["https:\/\/veritasinfo.org\/?p=21501"]}]},{"@type":"ImageObject","inLanguage":"en-US","@id":"https:\/\/veritasinfo.org\/?p=21501#primaryimage","url":"https:\/\/veritasinfo.org\/wp-content\/uploads\/2025\/11\/IMG-20251124-WA0000.jpg","contentUrl":"https:\/\/veritasinfo.org\/wp-content\/uploads\/2025\/11\/IMG-20251124-WA0000.jpg","width":663,"height":486},{"@type":"BreadcrumbList","@id":"https:\/\/veritasinfo.org\/?p=21501#breadcrumb","itemListElement":[{"@type":"ListItem","position":1,"name":"Home","item":"https:\/\/veritasinfo.org\/"},{"@type":"ListItem","position":2,"name":"Gazetari kroat: Ka prova, Vu\u00e7iq ka qen\u00eb pjes\u00eb e \u2018Safari i Sarajev\u00ebs\u2019"}]},{"@type":"WebSite","@id":"https:\/\/veritasinfo.org\/#website","url":"https:\/\/veritasinfo.org\/","name":"","description":"","potentialAction":[{"@type":"SearchAction","target":{"@type":"EntryPoint","urlTemplate":"https:\/\/veritasinfo.org\/?s={search_term_string}"},"query-input":{"@type":"PropertyValueSpecification","valueRequired":true,"valueName":"search_term_string"}}],"inLanguage":"en-US"},{"@type":"Person","@id":"https:\/\/veritasinfo.org\/#\/schema\/person\/bc442336e35414d04494ab8fb45db4c6","name":"US5","image":{"@type":"ImageObject","inLanguage":"en-US","@id":"https:\/\/veritasinfo.org\/#\/schema\/person\/image\/","url":"https:\/\/secure.gravatar.com\/avatar\/16a61e7272a0c5d001121ebb9e60e925d5816e4ac1e443ed3e640d9a6ae55d0c?s=96&d=mm&r=g","contentUrl":"https:\/\/secure.gravatar.com\/avatar\/16a61e7272a0c5d001121ebb9e60e925d5816e4ac1e443ed3e640d9a6ae55d0c?s=96&d=mm&r=g","caption":"US5"},"url":"https:\/\/veritasinfo.org\/?author=6"}]}},"featured_image_urls":{"full":["https:\/\/veritasinfo.org\/wp-content\/uploads\/2025\/11\/IMG-20251124-WA0000.jpg",663,486,false],"thumbnail":["https:\/\/veritasinfo.org\/wp-content\/uploads\/2025\/11\/IMG-20251124-WA0000-150x150.jpg",150,150,true],"medium":["https:\/\/veritasinfo.org\/wp-content\/uploads\/2025\/11\/IMG-20251124-WA0000-300x220.jpg",300,220,true],"medium_large":["https:\/\/veritasinfo.org\/wp-content\/uploads\/2025\/11\/IMG-20251124-WA0000.jpg",640,469,false],"large":["https:\/\/veritasinfo.org\/wp-content\/uploads\/2025\/11\/IMG-20251124-WA0000.jpg",640,469,false],"1536x1536":["https:\/\/veritasinfo.org\/wp-content\/uploads\/2025\/11\/IMG-20251124-WA0000.jpg",663,486,false],"2048x2048":["https:\/\/veritasinfo.org\/wp-content\/uploads\/2025\/11\/IMG-20251124-WA0000.jpg",663,486,false],"kreeti-slider-full":["https:\/\/veritasinfo.org\/wp-content\/uploads\/2025\/11\/IMG-20251124-WA0000.jpg",663,486,false],"kreeti-featured":["https:\/\/veritasinfo.org\/wp-content\/uploads\/2025\/11\/IMG-20251124-WA0000.jpg",663,486,false],"kreeti-medium":["https:\/\/veritasinfo.org\/wp-content\/uploads\/2025\/11\/IMG-20251124-WA0000.jpg",663,486,false],"kreeti-medium-square":["https:\/\/veritasinfo.org\/wp-content\/uploads\/2025\/11\/IMG-20251124-WA0000.jpg",350,257,false]},"author_info":{"info":["US5"]},"category_info":"<a href=\"https:\/\/veritasinfo.org\/?cat=58\" rel=\"category\">Politik\u00eb<\/a>","tag_info":"Politik\u00eb","comment_count":"0","_links":{"self":[{"href":"https:\/\/veritasinfo.org\/index.php?rest_route=\/wp\/v2\/posts\/21501","targetHints":{"allow":["GET"]}}],"collection":[{"href":"https:\/\/veritasinfo.org\/index.php?rest_route=\/wp\/v2\/posts"}],"about":[{"href":"https:\/\/veritasinfo.org\/index.php?rest_route=\/wp\/v2\/types\/post"}],"author":[{"embeddable":true,"href":"https:\/\/veritasinfo.org\/index.php?rest_route=\/wp\/v2\/users\/6"}],"replies":[{"embeddable":true,"href":"https:\/\/veritasinfo.org\/index.php?rest_route=%2Fwp%2Fv2%2Fcomments&post=21501"}],"version-history":[{"count":1,"href":"https:\/\/veritasinfo.org\/index.php?rest_route=\/wp\/v2\/posts\/21501\/revisions"}],"predecessor-version":[{"id":21503,"href":"https:\/\/veritasinfo.org\/index.php?rest_route=\/wp\/v2\/posts\/21501\/revisions\/21503"}],"wp:featuredmedia":[{"embeddable":true,"href":"https:\/\/veritasinfo.org\/index.php?rest_route=\/wp\/v2\/media\/21502"}],"wp:attachment":[{"href":"https:\/\/veritasinfo.org\/index.php?rest_route=%2Fwp%2Fv2%2Fmedia&parent=21501"}],"wp:term":[{"taxonomy":"category","embeddable":true,"href":"https:\/\/veritasinfo.org\/index.php?rest_route=%2Fwp%2Fv2%2Fcategories&post=21501"},{"taxonomy":"post_tag","embeddable":true,"href":"https:\/\/veritasinfo.org\/index.php?rest_route=%2Fwp%2Fv2%2Ftags&post=21501"}],"curies":[{"name":"wp","href":"https:\/\/api.w.org\/{rel}","templated":true}]}}