{"id":21490,"date":"2025-11-23T19:23:32","date_gmt":"2025-11-23T18:23:32","guid":{"rendered":"https:\/\/veritasinfo.org\/?p=21490"},"modified":"2025-11-23T19:23:32","modified_gmt":"2025-11-23T18:23:32","slug":"be-ja-i-sugjeron-kosoves-te-kerkoje-bashkepunim-nderkombetar-per-rastin-e-vukashinoviqit","status":"publish","type":"post","link":"https:\/\/veritasinfo.org\/?p=21490","title":{"rendered":"BE-ja i sugjeron Kosov\u00ebs t\u00eb k\u00ebrkoj\u00eb bashk\u00ebpunim nd\u00ebrkomb\u00ebtar p\u00ebr rastin e Vukashinoviqit"},"content":{"rendered":"<p>Prishtin\u00eb, 23 n\u00ebntor 2025 19:23<\/p>\n<p>Prokuroria n\u00eb Mitrovic\u00eb i ka \u00e7uar n\u00eb ekzaminim dy telefona t\u00eb shtetasit Milan Vukashinoviq, q\u00eb u plagos dhe u rr\u00ebmbye n\u00eb territorin e Kosov\u00ebs. Autoritetet kan\u00eb akuzuar Serbin\u00eb p\u00ebr k\u00ebt\u00eb rast, e Bashkimi Evropian ka shprehur q\u00ebndrimin se \u201cautoritetet mund ta v\u00ebn\u00eb n\u00eb funksion mekanizmin e Ndihm\u00ebs s\u00eb Nd\u00ebrsjell\u00eb Juridike q\u00eb leht\u00ebsohet nga BE-ja n\u00eb Kosov\u00eb\u201d. Institucionet e Serbis\u00eb vazhdojn\u00eb t\u00eb heshtin, p\u00ebrfshir\u00eb edhe Klinik\u00ebn n\u00eb Nish ku po trajtohet Vukashinoviq<\/p>\n<p>Bashkimi Evropian (BE) i ka sugjeruar Kosov\u00ebs t\u00eb k\u00ebrkoj\u00eb bashk\u00ebpunim nd\u00ebrkomb\u00ebtar p\u00ebr hetimin e tentimvrasjes dhe rr\u00ebmbimit t\u00eb Milan Vukashinoviqit m\u00eb 1 n\u00ebntor n\u00eb Jellakc\u00eb t\u00eb Leposaviqit.<br \/>\nN\u00eb nj\u00eb p\u00ebrgjigje p\u00ebr KOH\u00cbN, z\u00ebdh\u00ebn\u00ebsi i Zyr\u00ebs s\u00eb BE-s\u00eb n\u00eb Prishtin\u00eb, Nikola Gaon, ka th\u00ebn\u00eb se \u201cautoritetet mund ta v\u00ebn\u00eb n\u00eb funksion mekanizmin e Ndihm\u00ebs s\u00eb Nd\u00ebrsjell\u00eb Juridike q\u00eb leht\u00ebsohet nga BE-ja n\u00eb Kosov\u00eb\u201d.<\/p>\n<p>E n\u00eb misionin evropian p\u00ebr sundimin e ligjit n\u00eb Kosov\u00eb, EULEX ka shprehur gatishm\u00ebrin\u00eb t\u00eb nd\u00ebrmjet\u00ebsoj\u00eb n\u00eb shk\u00ebmbimin e informatave me Ministrin\u00eb e Brendshme t\u00eb Serbis\u00eb.<\/p>\n<p>\u201cEULEX-i po ashtu \u00ebsht\u00eb i gatsh\u00ebm q\u00eb ta mb\u00ebshtes\u00eb hetimin duke shk\u00ebmbyer informacionet policore mes Policis\u00eb s\u00eb Kosov\u00ebs, Interpolit, Europolit, dhe Ministris\u00eb s\u00eb Pun\u00ebve t\u00eb Brendshme, n\u00eb qoft\u00eb se nj\u00eb asistenc\u00eb e till\u00eb i k\u00ebrkohet nga institucionet relevante t\u00eb Kosov\u00ebs q\u00eb e kan\u00eb p\u00ebrgjegj\u00ebsin\u00eb q\u00eb ta hetojn\u00eb rastin n\u00eb m\u00ebnyr\u00eb efikase dhe t\u00eb paanshme\u201d, thuhet n\u00eb p\u00ebrgjigjen e EULEX-it.<\/p>\n<p>N\u00eb Prokurorin\u00eb Themelore n\u00eb Mitrovic\u00eb nuk kan\u00eb treguar n\u00ebse \u00ebsht\u00eb parashtruar nj\u00eb k\u00ebrkes\u00eb e k\u00ebtill\u00eb, por kan\u00eb b\u00ebr\u00eb t\u00eb ditur se kan\u00eb nd\u00ebrmarr\u00eb disa hapa p\u00ebr zbardhjen e rastit.<\/p>\n<p>\u201cDeri tash jan\u00eb intervistuar n\u00ebna dhe nj\u00eb person tjet\u00ebr i af\u00ebrm me viktim\u00ebn. Jan\u00eb gjetur dy (2) telefona t\u00eb viktim\u00ebs, nj\u00eb n\u00eb sht\u00ebpi dhe tjetri n\u00eb vetur\u00ebn e tij, dhe t\u00eb nj\u00ebjtit jan\u00eb d\u00ebrguar p\u00ebr ekzaminim\u201d, thuhet n\u00eb p\u00ebrgjigjen e Prokuroris\u00eb.<\/p>\n<p>Kryeprokurori i Shtetit n\u00eb Serbi e as dy prokurorit\u00eb n\u00eb Prokuple nuk jan\u00eb p\u00ebrgjigjur n\u00eb pyetjet e KOH\u00cbS n\u00ebse po e hetojn\u00eb tentimvrasjen dhe rr\u00ebmbimin e Vukashinoviqit.<\/p>\n<p>P\u00ebrgjigje n\u00eb pyetjen se pse nuk u \u00ebsht\u00eb lejuar familjar\u00ebve ta vizitojn\u00eb at\u00eb, nuk kan\u00eb dh\u00ebn\u00eb as n\u00eb Qendr\u00ebn Klinike n\u00eb Nish, ku po trajtohet Vukashinoviqi.<\/p>\n<p>Avokati i Popullit n\u00eb Serbi, institucion q\u00eb n\u00eb k\u00ebt\u00eb vend njihet si Mbrojt\u00ebsi i Qytetar\u00ebve, nuk ka shprehur interesim p\u00ebr rastin. N\u00eb nj\u00eb p\u00ebrgjigje p\u00ebr KOH\u00cbN, udh\u00ebheq\u00ebsi i k\u00ebtij institucioni, Zoran Pashaliq, \u00ebsht\u00eb arsyetuar se familja e as avokati i Vukashinoviqit nuk kan\u00eb b\u00ebr\u00eb k\u00ebrkes\u00eb p\u00ebr ta vizituar at\u00eb n\u00eb spital.<\/p>\n<p>\u201cInstitucioni i Mbrojt\u00ebsit t\u00eb Qytetar\u00ebve viziton k\u00ebdo q\u00eb personalisht ose n\u00ebp\u00ebrmjet t\u00eb af\u00ebrmve, miqve ose p\u00ebrfaq\u00ebsuesve t\u00eb tyre shpreh nevoj\u00ebn p\u00ebr t\u00eb vizituar nj\u00eb person t\u00eb privuar nga liria. Deri m\u00eb sot un\u00eb nuk kam marr\u00eb nj\u00eb informacion t\u00eb till\u00eb\u201d, thuhet n\u00eb nj\u00eb p\u00ebrgjigje t\u00eb shkruar t\u00eb Pashaliq.<br \/>\nPor avokati i familjes s\u00eb Vukashinoviqit, Ivan Niniq, nuk pajtohet me k\u00ebt\u00eb konstatim. Sipas tij, Mbrojt\u00ebsi i Qytetar\u00ebve n\u00eb Serbi e ka p\u00ebr obligim t\u00eb interesohet n\u00eb baz\u00eb t\u00eb detyr\u00ebs zyrtare.<br \/>\n\u201cVukashinoviq e ka ende plumbin n\u00eb shpin\u00eb. N\u00ebn\u00ebs nuk iu mund\u00ebsua vizita shkaku i gjendjes sh\u00ebndet\u00ebsore t\u00eb Milanit. Ne nuk kemi k\u00ebrkuar mbrojtje dhe mb\u00ebshtetje nga Ombudspersoni, meq\u00eb ai e ka p\u00ebr obligim, n\u00eb baz\u00eb t\u00eb detyr\u00ebs zyrtare q\u00eb t\u00eb reagoj\u00eb n\u00eb m\u00ebnyr\u00eb proaktive dhe ta intervistoj\u00eb at\u00eb\u201d, ka th\u00ebn\u00eb Niniq.<\/p>\n<p>Vukashinoviq u plagos e m\u00eb pas u rr\u00ebmbye n\u00eb territorin e Kosov\u00ebs. Sipas autoriteteve t\u00eb Kosov\u00ebs, k\u00ebt\u00eb veprim e kreu xhandarm\u00ebria e Serbis\u00eb.<\/p>\n<p>Serbia nuk e njeh Kosov\u00ebn dhe nuk bashk\u00ebpunon me t\u00eb as n\u00eb fush\u00ebn e drejt\u00ebsis\u00eb.<\/p>\n<p>Nuk ka bashk\u00ebpunuar as p\u00ebr sulmin terrorist n\u00eb kanalin e \u201cIb\u00ebr-Lepencit\u201d e as p\u00ebr at\u00eb n\u00eb Banjsk\u00eb, kur u vra rreshteri policor, Afrim Bunjaku.<\/p>\n","protected":false},"excerpt":{"rendered":"<p>Prishtin\u00eb, 23 n\u00ebntor 2025 19:23 Prokuroria n\u00eb Mitrovic\u00eb i ka \u00e7uar n\u00eb ekzaminim dy telefona t\u00eb shtetasit Milan Vukashinoviq, q\u00eb u plagos dhe u rr\u00ebmbye<\/p>\n","protected":false},"author":7,"featured_media":21491,"comment_status":"open","ping_status":"open","sticky":false,"template":"","format":"standard","meta":{"footnotes":""},"categories":[58],"tags":[],"class_list":["post-21490","post","type-post","status-publish","format-standard","has-post-thumbnail","hentry","category-politike-sq"],"yoast_head":"<!-- This site is optimized with the Yoast SEO plugin v25.3.1 - https:\/\/yoast.com\/wordpress\/plugins\/seo\/ -->\n<title>BE-ja i sugjeron Kosov\u00ebs t\u00eb k\u00ebrkoj\u00eb bashk\u00ebpunim nd\u00ebrkomb\u00ebtar p\u00ebr rastin e Vukashinoviqit -<\/title>\n<meta name=\"robots\" content=\"index, follow, max-snippet:-1, max-image-preview:large, max-video-preview:-1\" \/>\n<link rel=\"canonical\" href=\"https:\/\/veritasinfo.org\/?p=21490\" \/>\n<meta property=\"og:locale\" content=\"en_US\" \/>\n<meta property=\"og:type\" content=\"article\" \/>\n<meta property=\"og:title\" content=\"BE-ja i sugjeron Kosov\u00ebs t\u00eb k\u00ebrkoj\u00eb bashk\u00ebpunim nd\u00ebrkomb\u00ebtar p\u00ebr rastin e Vukashinoviqit -\" \/>\n<meta property=\"og:description\" content=\"Prishtin\u00eb, 23 n\u00ebntor 2025 19:23 Prokuroria n\u00eb Mitrovic\u00eb i ka \u00e7uar n\u00eb ekzaminim dy telefona t\u00eb shtetasit Milan Vukashinoviq, q\u00eb u plagos dhe u rr\u00ebmbye\" \/>\n<meta property=\"og:url\" content=\"https:\/\/veritasinfo.org\/?p=21490\" \/>\n<meta property=\"article:published_time\" content=\"2025-11-23T18:23:32+00:00\" \/>\n<meta property=\"og:image\" content=\"https:\/\/veritasinfo.org\/wp-content\/uploads\/2025\/11\/Screenshot-2025-11-23-192229.jpg\" \/>\n\t<meta property=\"og:image:width\" content=\"1015\" \/>\n\t<meta property=\"og:image:height\" content=\"668\" \/>\n\t<meta property=\"og:image:type\" content=\"image\/jpeg\" \/>\n<meta name=\"author\" content=\"US6\" \/>\n<meta name=\"twitter:card\" content=\"summary_large_image\" \/>\n<meta name=\"twitter:label1\" content=\"Written by\" \/>\n\t<meta name=\"twitter:data1\" content=\"US6\" \/>\n\t<meta name=\"twitter:label2\" content=\"Est. reading time\" \/>\n\t<meta name=\"twitter:data2\" content=\"3 minutes\" \/>\n<script type=\"application\/ld+json\" class=\"yoast-schema-graph\">{\"@context\":\"https:\/\/schema.org\",\"@graph\":[{\"@type\":\"WebPage\",\"@id\":\"https:\/\/veritasinfo.org\/?p=21490\",\"url\":\"https:\/\/veritasinfo.org\/?p=21490\",\"name\":\"BE-ja i sugjeron Kosov\u00ebs t\u00eb k\u00ebrkoj\u00eb bashk\u00ebpunim nd\u00ebrkomb\u00ebtar p\u00ebr rastin e Vukashinoviqit -\",\"isPartOf\":{\"@id\":\"https:\/\/veritasinfo.org\/#website\"},\"primaryImageOfPage\":{\"@id\":\"https:\/\/veritasinfo.org\/?p=21490#primaryimage\"},\"image\":{\"@id\":\"https:\/\/veritasinfo.org\/?p=21490#primaryimage\"},\"thumbnailUrl\":\"https:\/\/veritasinfo.org\/wp-content\/uploads\/2025\/11\/Screenshot-2025-11-23-192229.jpg\",\"datePublished\":\"2025-11-23T18:23:32+00:00\",\"author\":{\"@id\":\"https:\/\/veritasinfo.org\/#\/schema\/person\/fe199eede04c3937362892b7444747cc\"},\"breadcrumb\":{\"@id\":\"https:\/\/veritasinfo.org\/?p=21490#breadcrumb\"},\"inLanguage\":\"en-US\",\"potentialAction\":[{\"@type\":\"ReadAction\",\"target\":[\"https:\/\/veritasinfo.org\/?p=21490\"]}]},{\"@type\":\"ImageObject\",\"inLanguage\":\"en-US\",\"@id\":\"https:\/\/veritasinfo.org\/?p=21490#primaryimage\",\"url\":\"https:\/\/veritasinfo.org\/wp-content\/uploads\/2025\/11\/Screenshot-2025-11-23-192229.jpg\",\"contentUrl\":\"https:\/\/veritasinfo.org\/wp-content\/uploads\/2025\/11\/Screenshot-2025-11-23-192229.jpg\",\"width\":1015,\"height\":668},{\"@type\":\"BreadcrumbList\",\"@id\":\"https:\/\/veritasinfo.org\/?p=21490#breadcrumb\",\"itemListElement\":[{\"@type\":\"ListItem\",\"position\":1,\"name\":\"Home\",\"item\":\"https:\/\/veritasinfo.org\/\"},{\"@type\":\"ListItem\",\"position\":2,\"name\":\"BE-ja i sugjeron Kosov\u00ebs t\u00eb k\u00ebrkoj\u00eb bashk\u00ebpunim nd\u00ebrkomb\u00ebtar p\u00ebr rastin e Vukashinoviqit\"}]},{\"@type\":\"WebSite\",\"@id\":\"https:\/\/veritasinfo.org\/#website\",\"url\":\"https:\/\/veritasinfo.org\/\",\"name\":\"\",\"description\":\"\",\"potentialAction\":[{\"@type\":\"SearchAction\",\"target\":{\"@type\":\"EntryPoint\",\"urlTemplate\":\"https:\/\/veritasinfo.org\/?s={search_term_string}\"},\"query-input\":{\"@type\":\"PropertyValueSpecification\",\"valueRequired\":true,\"valueName\":\"search_term_string\"}}],\"inLanguage\":\"en-US\"},{\"@type\":\"Person\",\"@id\":\"https:\/\/veritasinfo.org\/#\/schema\/person\/fe199eede04c3937362892b7444747cc\",\"name\":\"US6\",\"image\":{\"@type\":\"ImageObject\",\"inLanguage\":\"en-US\",\"@id\":\"https:\/\/veritasinfo.org\/#\/schema\/person\/image\/\",\"url\":\"https:\/\/secure.gravatar.com\/avatar\/cb16c3c31c9d23b9b8c705964598220b3014e42ff51eb540ff23cefa3ae8c15f?s=96&d=mm&r=g\",\"contentUrl\":\"https:\/\/secure.gravatar.com\/avatar\/cb16c3c31c9d23b9b8c705964598220b3014e42ff51eb540ff23cefa3ae8c15f?s=96&d=mm&r=g\",\"caption\":\"US6\"},\"url\":\"https:\/\/veritasinfo.org\/?author=7\"}]}<\/script>\n<!-- \/ Yoast SEO plugin. -->","yoast_head_json":{"title":"BE-ja i sugjeron Kosov\u00ebs t\u00eb k\u00ebrkoj\u00eb bashk\u00ebpunim nd\u00ebrkomb\u00ebtar p\u00ebr rastin e Vukashinoviqit -","robots":{"index":"index","follow":"follow","max-snippet":"max-snippet:-1","max-image-preview":"max-image-preview:large","max-video-preview":"max-video-preview:-1"},"canonical":"https:\/\/veritasinfo.org\/?p=21490","og_locale":"en_US","og_type":"article","og_title":"BE-ja i sugjeron Kosov\u00ebs t\u00eb k\u00ebrkoj\u00eb bashk\u00ebpunim nd\u00ebrkomb\u00ebtar p\u00ebr rastin e Vukashinoviqit -","og_description":"Prishtin\u00eb, 23 n\u00ebntor 2025 19:23 Prokuroria n\u00eb Mitrovic\u00eb i ka \u00e7uar n\u00eb ekzaminim dy telefona t\u00eb shtetasit Milan Vukashinoviq, q\u00eb u plagos dhe u rr\u00ebmbye","og_url":"https:\/\/veritasinfo.org\/?p=21490","article_published_time":"2025-11-23T18:23:32+00:00","og_image":[{"width":1015,"height":668,"url":"https:\/\/veritasinfo.org\/wp-content\/uploads\/2025\/11\/Screenshot-2025-11-23-192229.jpg","type":"image\/jpeg"}],"author":"US6","twitter_card":"summary_large_image","twitter_misc":{"Written by":"US6","Est. reading time":"3 minutes"},"schema":{"@context":"https:\/\/schema.org","@graph":[{"@type":"WebPage","@id":"https:\/\/veritasinfo.org\/?p=21490","url":"https:\/\/veritasinfo.org\/?p=21490","name":"BE-ja i sugjeron Kosov\u00ebs t\u00eb k\u00ebrkoj\u00eb bashk\u00ebpunim nd\u00ebrkomb\u00ebtar p\u00ebr rastin e Vukashinoviqit -","isPartOf":{"@id":"https:\/\/veritasinfo.org\/#website"},"primaryImageOfPage":{"@id":"https:\/\/veritasinfo.org\/?p=21490#primaryimage"},"image":{"@id":"https:\/\/veritasinfo.org\/?p=21490#primaryimage"},"thumbnailUrl":"https:\/\/veritasinfo.org\/wp-content\/uploads\/2025\/11\/Screenshot-2025-11-23-192229.jpg","datePublished":"2025-11-23T18:23:32+00:00","author":{"@id":"https:\/\/veritasinfo.org\/#\/schema\/person\/fe199eede04c3937362892b7444747cc"},"breadcrumb":{"@id":"https:\/\/veritasinfo.org\/?p=21490#breadcrumb"},"inLanguage":"en-US","potentialAction":[{"@type":"ReadAction","target":["https:\/\/veritasinfo.org\/?p=21490"]}]},{"@type":"ImageObject","inLanguage":"en-US","@id":"https:\/\/veritasinfo.org\/?p=21490#primaryimage","url":"https:\/\/veritasinfo.org\/wp-content\/uploads\/2025\/11\/Screenshot-2025-11-23-192229.jpg","contentUrl":"https:\/\/veritasinfo.org\/wp-content\/uploads\/2025\/11\/Screenshot-2025-11-23-192229.jpg","width":1015,"height":668},{"@type":"BreadcrumbList","@id":"https:\/\/veritasinfo.org\/?p=21490#breadcrumb","itemListElement":[{"@type":"ListItem","position":1,"name":"Home","item":"https:\/\/veritasinfo.org\/"},{"@type":"ListItem","position":2,"name":"BE-ja i sugjeron Kosov\u00ebs t\u00eb k\u00ebrkoj\u00eb bashk\u00ebpunim nd\u00ebrkomb\u00ebtar p\u00ebr rastin e Vukashinoviqit"}]},{"@type":"WebSite","@id":"https:\/\/veritasinfo.org\/#website","url":"https:\/\/veritasinfo.org\/","name":"","description":"","potentialAction":[{"@type":"SearchAction","target":{"@type":"EntryPoint","urlTemplate":"https:\/\/veritasinfo.org\/?s={search_term_string}"},"query-input":{"@type":"PropertyValueSpecification","valueRequired":true,"valueName":"search_term_string"}}],"inLanguage":"en-US"},{"@type":"Person","@id":"https:\/\/veritasinfo.org\/#\/schema\/person\/fe199eede04c3937362892b7444747cc","name":"US6","image":{"@type":"ImageObject","inLanguage":"en-US","@id":"https:\/\/veritasinfo.org\/#\/schema\/person\/image\/","url":"https:\/\/secure.gravatar.com\/avatar\/cb16c3c31c9d23b9b8c705964598220b3014e42ff51eb540ff23cefa3ae8c15f?s=96&d=mm&r=g","contentUrl":"https:\/\/secure.gravatar.com\/avatar\/cb16c3c31c9d23b9b8c705964598220b3014e42ff51eb540ff23cefa3ae8c15f?s=96&d=mm&r=g","caption":"US6"},"url":"https:\/\/veritasinfo.org\/?author=7"}]}},"featured_image_urls":{"full":["https:\/\/veritasinfo.org\/wp-content\/uploads\/2025\/11\/Screenshot-2025-11-23-192229.jpg",1015,668,false],"thumbnail":["https:\/\/veritasinfo.org\/wp-content\/uploads\/2025\/11\/Screenshot-2025-11-23-192229-150x150.jpg",150,150,true],"medium":["https:\/\/veritasinfo.org\/wp-content\/uploads\/2025\/11\/Screenshot-2025-11-23-192229-300x197.jpg",300,197,true],"medium_large":["https:\/\/veritasinfo.org\/wp-content\/uploads\/2025\/11\/Screenshot-2025-11-23-192229-768x505.jpg",640,421,true],"large":["https:\/\/veritasinfo.org\/wp-content\/uploads\/2025\/11\/Screenshot-2025-11-23-192229.jpg",640,421,false],"1536x1536":["https:\/\/veritasinfo.org\/wp-content\/uploads\/2025\/11\/Screenshot-2025-11-23-192229.jpg",1015,668,false],"2048x2048":["https:\/\/veritasinfo.org\/wp-content\/uploads\/2025\/11\/Screenshot-2025-11-23-192229.jpg",1015,668,false],"kreeti-slider-full":["https:\/\/veritasinfo.org\/wp-content\/uploads\/2025\/11\/Screenshot-2025-11-23-192229.jpg",1015,668,false],"kreeti-featured":["https:\/\/veritasinfo.org\/wp-content\/uploads\/2025\/11\/Screenshot-2025-11-23-192229.jpg",1015,668,false],"kreeti-medium":["https:\/\/veritasinfo.org\/wp-content\/uploads\/2025\/11\/Screenshot-2025-11-23-192229.jpg",720,474,false],"kreeti-medium-square":["https:\/\/veritasinfo.org\/wp-content\/uploads\/2025\/11\/Screenshot-2025-11-23-192229.jpg",350,230,false]},"author_info":{"info":["US6"]},"category_info":"<a href=\"https:\/\/veritasinfo.org\/?cat=58\" rel=\"category\">Politik\u00eb<\/a>","tag_info":"Politik\u00eb","comment_count":"0","_links":{"self":[{"href":"https:\/\/veritasinfo.org\/index.php?rest_route=\/wp\/v2\/posts\/21490","targetHints":{"allow":["GET"]}}],"collection":[{"href":"https:\/\/veritasinfo.org\/index.php?rest_route=\/wp\/v2\/posts"}],"about":[{"href":"https:\/\/veritasinfo.org\/index.php?rest_route=\/wp\/v2\/types\/post"}],"author":[{"embeddable":true,"href":"https:\/\/veritasinfo.org\/index.php?rest_route=\/wp\/v2\/users\/7"}],"replies":[{"embeddable":true,"href":"https:\/\/veritasinfo.org\/index.php?rest_route=%2Fwp%2Fv2%2Fcomments&post=21490"}],"version-history":[{"count":1,"href":"https:\/\/veritasinfo.org\/index.php?rest_route=\/wp\/v2\/posts\/21490\/revisions"}],"predecessor-version":[{"id":21492,"href":"https:\/\/veritasinfo.org\/index.php?rest_route=\/wp\/v2\/posts\/21490\/revisions\/21492"}],"wp:featuredmedia":[{"embeddable":true,"href":"https:\/\/veritasinfo.org\/index.php?rest_route=\/wp\/v2\/media\/21491"}],"wp:attachment":[{"href":"https:\/\/veritasinfo.org\/index.php?rest_route=%2Fwp%2Fv2%2Fmedia&parent=21490"}],"wp:term":[{"taxonomy":"category","embeddable":true,"href":"https:\/\/veritasinfo.org\/index.php?rest_route=%2Fwp%2Fv2%2Fcategories&post=21490"},{"taxonomy":"post_tag","embeddable":true,"href":"https:\/\/veritasinfo.org\/index.php?rest_route=%2Fwp%2Fv2%2Ftags&post=21490"}],"curies":[{"name":"wp","href":"https:\/\/api.w.org\/{rel}","templated":true}]}}