{"id":2146,"date":"2025-07-01T14:36:33","date_gmt":"2025-07-01T12:36:33","guid":{"rendered":"https:\/\/veritasinfo.org\/?p=2146"},"modified":"2025-07-01T14:36:33","modified_gmt":"2025-07-01T12:36:33","slug":"ujesjellesi-mitrovica-anulon-konkursin-e-meparshem-dhe-hap-te-ri-per-84-vende-pune-ne-veri-aplikimet-deri-me-21-korrik","status":"publish","type":"post","link":"https:\/\/veritasinfo.org\/?p=2146","title":{"rendered":"Uj\u00ebsjell\u00ebsi &#8220;Mitrovica&#8221; anulon konkursin e m\u00ebparsh\u00ebm dhe hap t\u00eb ri p\u00ebr 84 vende pune n\u00eb veri \u2013 aplikimet deri m\u00eb 21 korrik"},"content":{"rendered":"<p>Uj\u00ebsjell\u00ebsi Rajonal &#8220;Mitrovica&#8221; ka anuluar konkursin e shpallur m\u00eb 19 maj p\u00ebr pun\u00ebsim n\u00eb Mitrovic\u00ebn e Veriut, Zve\u00e7an dhe Zubin Potok dhe sot ka hapur nj\u00eb konkurs t\u00eb ri \u2013 k\u00ebsaj here p\u00ebr gjithsej 84 vende pune n\u00eb 19 profile t\u00eb ndryshme. Konkursi \u00ebsht\u00eb i hapur nga data 1 deri m\u00eb 21 korrik. Kushtet kan\u00eb mbetur t\u00eb nj\u00ebjta, nd\u00ebrsa p\u00ebrpar\u00ebsi kan\u00eb kandidat\u00ebt q\u00eb flasin gjuh\u00ebn serbe.<\/p>\n<p>Konkursi i m\u00ebparsh\u00ebm \u00ebsht\u00eb anuluar p\u00ebr shkak t\u00eb interesimit t\u00eb ul\u00ebt nga komuniteti serb. Konkursi i ri p\u00ebrfshin m\u00eb shum\u00eb pozita dhe num\u00ebr m\u00eb t\u00eb madh t\u00eb vendeve t\u00eb pun\u00ebs, me q\u00ebllim t\u00eb rritjes s\u00eb pjes\u00ebmarrjes dhe p\u00ebrfaq\u00ebsimit t\u00eb barabart\u00eb t\u00eb banor\u00ebve lokal\u00eb.<\/p>\n<p>Pozitat q\u00eb k\u00ebrkohen p\u00ebrfshijn\u00eb: pastrues\/e, roje, ark\u00ebtar\u00eb, shefa t\u00eb mir\u00ebmbajtjes s\u00eb rrjetit t\u00eb ujit dhe kanalizimit, pun\u00ebtor\u00eb fizik\u00eb, pun\u00ebtor\u00eb p\u00ebr mir\u00ebmbajtjen e kanalizimit, shofer\u00eb me kategori C, hidraulik\u00eb, ekskavatorist\u00eb, inxhinier\u00eb t\u00eb hidroteknik\u00ebs, dispe\u00e7er\u00eb, teknik\u00eb p\u00ebr dozimin, tornitor\u00eb\/teknik\u00eb makinerik\u00eb, laborant\u00eb, udh\u00ebheq\u00ebs t\u00eb sh\u00ebrbimeve t\u00eb matjes dhe pages\u00ebs, si dhe kontrollor\u00eb.<\/p>\n<p>Kandidat\u00ebt e interesuar mund t\u00eb gjejn\u00eb formularin e aplikimit n\u00eb faqen zyrtare t\u00eb nd\u00ebrmarrjes. Aplikimi b\u00ebhet n\u00eb m\u00ebnyr\u00eb elektronike, nd\u00ebrsa dokumentacioni i nevojsh\u00ebm (CV, diploma p\u00ebrkat\u00ebse, v\u00ebrtetim q\u00eb personi nuk \u00ebsht\u00eb n\u00ebn hetim \u2013 jo m\u00eb i vjet\u00ebr se 6 muaj, d\u00ebshmi p\u00ebr p\u00ebrvoj\u00eb pune, kopje e let\u00ebrnjoftimit t\u00eb Kosov\u00ebs) duhet t\u00eb d\u00ebrgohet i skanuar ose n\u00eb format PDF n\u00eb email adres\u00ebn: burimet.njerzore1@kru-mitrovica.com.<\/p>\n<p>T\u00eb gjitha detajet rreth kushteve t\u00eb aplikimit jan\u00eb t\u00eb publikuara n\u00eb uebfaqen zyrtare t\u00eb Uj\u00ebsjell\u00ebsit Rajonal \u201cMitrovica\u201d.<\/p>\n<p>&nbsp;<\/p>\n<p>&nbsp;<\/p>\n","protected":false},"excerpt":{"rendered":"<p>Uj\u00ebsjell\u00ebsi Rajonal &#8220;Mitrovica&#8221; ka anuluar konkursin e shpallur m\u00eb 19 maj p\u00ebr pun\u00ebsim n\u00eb Mitrovic\u00ebn e Veriut, Zve\u00e7an dhe Zubin Potok dhe sot ka hapur<\/p>\n","protected":false},"author":1,"featured_media":2148,"comment_status":"open","ping_status":"open","sticky":false,"template":"","format":"standard","meta":{"footnotes":""},"categories":[60],"tags":[],"class_list":["post-2146","post","type-post","status-publish","format-standard","has-post-thumbnail","hentry","category-shoqerore-sq"],"yoast_head":"<!-- This site is optimized with the Yoast SEO plugin v25.3.1 - https:\/\/yoast.com\/wordpress\/plugins\/seo\/ -->\n<title>Uj\u00ebsjell\u00ebsi &quot;Mitrovica&quot; anulon konkursin e m\u00ebparsh\u00ebm dhe hap t\u00eb ri p\u00ebr 84 vende pune n\u00eb veri \u2013 aplikimet deri m\u00eb 21 korrik -<\/title>\n<meta name=\"robots\" content=\"index, follow, max-snippet:-1, max-image-preview:large, max-video-preview:-1\" \/>\n<link rel=\"canonical\" href=\"https:\/\/veritasinfo.org\/?p=2146\" \/>\n<meta property=\"og:locale\" content=\"en_US\" \/>\n<meta property=\"og:type\" content=\"article\" \/>\n<meta property=\"og:title\" content=\"Uj\u00ebsjell\u00ebsi &quot;Mitrovica&quot; anulon konkursin e m\u00ebparsh\u00ebm dhe hap t\u00eb ri p\u00ebr 84 vende pune n\u00eb veri \u2013 aplikimet deri m\u00eb 21 korrik -\" \/>\n<meta property=\"og:description\" content=\"Uj\u00ebsjell\u00ebsi Rajonal &#8220;Mitrovica&#8221; ka anuluar konkursin e shpallur m\u00eb 19 maj p\u00ebr pun\u00ebsim n\u00eb Mitrovic\u00ebn e Veriut, Zve\u00e7an dhe Zubin Potok dhe sot ka hapur\" \/>\n<meta property=\"og:url\" content=\"https:\/\/veritasinfo.org\/?p=2146\" \/>\n<meta property=\"article:published_time\" content=\"2025-07-01T12:36:33+00:00\" \/>\n<meta property=\"og:image\" content=\"https:\/\/veritasinfo.org\/wp-content\/uploads\/2025\/07\/kru_mitrovica.jpg\" \/>\n\t<meta property=\"og:image:width\" content=\"850\" \/>\n\t<meta property=\"og:image:height\" content=\"425\" \/>\n\t<meta property=\"og:image:type\" content=\"image\/jpeg\" \/>\n<meta name=\"author\" content=\"admin\" \/>\n<meta name=\"twitter:card\" content=\"summary_large_image\" \/>\n<meta name=\"twitter:label1\" content=\"Written by\" \/>\n\t<meta name=\"twitter:data1\" content=\"admin\" \/>\n\t<meta name=\"twitter:label2\" content=\"Est. reading time\" \/>\n\t<meta name=\"twitter:data2\" content=\"2 minutes\" \/>\n<script type=\"application\/ld+json\" class=\"yoast-schema-graph\">{\"@context\":\"https:\/\/schema.org\",\"@graph\":[{\"@type\":\"WebPage\",\"@id\":\"https:\/\/veritasinfo.org\/?p=2146\",\"url\":\"https:\/\/veritasinfo.org\/?p=2146\",\"name\":\"Uj\u00ebsjell\u00ebsi \\\"Mitrovica\\\" anulon konkursin e m\u00ebparsh\u00ebm dhe hap t\u00eb ri p\u00ebr 84 vende pune n\u00eb veri \u2013 aplikimet deri m\u00eb 21 korrik -\",\"isPartOf\":{\"@id\":\"https:\/\/veritasinfo.org\/#website\"},\"primaryImageOfPage\":{\"@id\":\"https:\/\/veritasinfo.org\/?p=2146#primaryimage\"},\"image\":{\"@id\":\"https:\/\/veritasinfo.org\/?p=2146#primaryimage\"},\"thumbnailUrl\":\"https:\/\/veritasinfo.org\/wp-content\/uploads\/2025\/07\/kru_mitrovica.jpg\",\"datePublished\":\"2025-07-01T12:36:33+00:00\",\"author\":{\"@id\":\"https:\/\/veritasinfo.org\/#\/schema\/person\/7701f8c088bece422266b100a712374f\"},\"breadcrumb\":{\"@id\":\"https:\/\/veritasinfo.org\/?p=2146#breadcrumb\"},\"inLanguage\":\"en-US\",\"potentialAction\":[{\"@type\":\"ReadAction\",\"target\":[\"https:\/\/veritasinfo.org\/?p=2146\"]}]},{\"@type\":\"ImageObject\",\"inLanguage\":\"en-US\",\"@id\":\"https:\/\/veritasinfo.org\/?p=2146#primaryimage\",\"url\":\"https:\/\/veritasinfo.org\/wp-content\/uploads\/2025\/07\/kru_mitrovica.jpg\",\"contentUrl\":\"https:\/\/veritasinfo.org\/wp-content\/uploads\/2025\/07\/kru_mitrovica.jpg\",\"width\":850,\"height\":425},{\"@type\":\"BreadcrumbList\",\"@id\":\"https:\/\/veritasinfo.org\/?p=2146#breadcrumb\",\"itemListElement\":[{\"@type\":\"ListItem\",\"position\":1,\"name\":\"Home\",\"item\":\"https:\/\/veritasinfo.org\/\"},{\"@type\":\"ListItem\",\"position\":2,\"name\":\"Uj\u00ebsjell\u00ebsi &#8220;Mitrovica&#8221; anulon konkursin e m\u00ebparsh\u00ebm dhe hap t\u00eb ri p\u00ebr 84 vende pune n\u00eb veri \u2013 aplikimet deri m\u00eb 21 korrik\"}]},{\"@type\":\"WebSite\",\"@id\":\"https:\/\/veritasinfo.org\/#website\",\"url\":\"https:\/\/veritasinfo.org\/\",\"name\":\"\",\"description\":\"\",\"potentialAction\":[{\"@type\":\"SearchAction\",\"target\":{\"@type\":\"EntryPoint\",\"urlTemplate\":\"https:\/\/veritasinfo.org\/?s={search_term_string}\"},\"query-input\":{\"@type\":\"PropertyValueSpecification\",\"valueRequired\":true,\"valueName\":\"search_term_string\"}}],\"inLanguage\":\"en-US\"},{\"@type\":\"Person\",\"@id\":\"https:\/\/veritasinfo.org\/#\/schema\/person\/7701f8c088bece422266b100a712374f\",\"name\":\"admin\",\"image\":{\"@type\":\"ImageObject\",\"inLanguage\":\"en-US\",\"@id\":\"https:\/\/veritasinfo.org\/#\/schema\/person\/image\/\",\"url\":\"https:\/\/secure.gravatar.com\/avatar\/ea53aa3bf6c9a12d5fde8ce4deff43fef3885ae33cf60184161a50d6987cfd2f?s=96&d=mm&r=g\",\"contentUrl\":\"https:\/\/secure.gravatar.com\/avatar\/ea53aa3bf6c9a12d5fde8ce4deff43fef3885ae33cf60184161a50d6987cfd2f?s=96&d=mm&r=g\",\"caption\":\"admin\"},\"sameAs\":[\"https:\/\/veritasinfo.org\"],\"url\":\"https:\/\/veritasinfo.org\/?author=1\"}]}<\/script>\n<!-- \/ Yoast SEO plugin. -->","yoast_head_json":{"title":"Uj\u00ebsjell\u00ebsi \"Mitrovica\" anulon konkursin e m\u00ebparsh\u00ebm dhe hap t\u00eb ri p\u00ebr 84 vende pune n\u00eb veri \u2013 aplikimet deri m\u00eb 21 korrik -","robots":{"index":"index","follow":"follow","max-snippet":"max-snippet:-1","max-image-preview":"max-image-preview:large","max-video-preview":"max-video-preview:-1"},"canonical":"https:\/\/veritasinfo.org\/?p=2146","og_locale":"en_US","og_type":"article","og_title":"Uj\u00ebsjell\u00ebsi \"Mitrovica\" anulon konkursin e m\u00ebparsh\u00ebm dhe hap t\u00eb ri p\u00ebr 84 vende pune n\u00eb veri \u2013 aplikimet deri m\u00eb 21 korrik -","og_description":"Uj\u00ebsjell\u00ebsi Rajonal &#8220;Mitrovica&#8221; ka anuluar konkursin e shpallur m\u00eb 19 maj p\u00ebr pun\u00ebsim n\u00eb Mitrovic\u00ebn e Veriut, Zve\u00e7an dhe Zubin Potok dhe sot ka hapur","og_url":"https:\/\/veritasinfo.org\/?p=2146","article_published_time":"2025-07-01T12:36:33+00:00","og_image":[{"width":850,"height":425,"url":"https:\/\/veritasinfo.org\/wp-content\/uploads\/2025\/07\/kru_mitrovica.jpg","type":"image\/jpeg"}],"author":"admin","twitter_card":"summary_large_image","twitter_misc":{"Written by":"admin","Est. reading time":"2 minutes"},"schema":{"@context":"https:\/\/schema.org","@graph":[{"@type":"WebPage","@id":"https:\/\/veritasinfo.org\/?p=2146","url":"https:\/\/veritasinfo.org\/?p=2146","name":"Uj\u00ebsjell\u00ebsi \"Mitrovica\" anulon konkursin e m\u00ebparsh\u00ebm dhe hap t\u00eb ri p\u00ebr 84 vende pune n\u00eb veri \u2013 aplikimet deri m\u00eb 21 korrik -","isPartOf":{"@id":"https:\/\/veritasinfo.org\/#website"},"primaryImageOfPage":{"@id":"https:\/\/veritasinfo.org\/?p=2146#primaryimage"},"image":{"@id":"https:\/\/veritasinfo.org\/?p=2146#primaryimage"},"thumbnailUrl":"https:\/\/veritasinfo.org\/wp-content\/uploads\/2025\/07\/kru_mitrovica.jpg","datePublished":"2025-07-01T12:36:33+00:00","author":{"@id":"https:\/\/veritasinfo.org\/#\/schema\/person\/7701f8c088bece422266b100a712374f"},"breadcrumb":{"@id":"https:\/\/veritasinfo.org\/?p=2146#breadcrumb"},"inLanguage":"en-US","potentialAction":[{"@type":"ReadAction","target":["https:\/\/veritasinfo.org\/?p=2146"]}]},{"@type":"ImageObject","inLanguage":"en-US","@id":"https:\/\/veritasinfo.org\/?p=2146#primaryimage","url":"https:\/\/veritasinfo.org\/wp-content\/uploads\/2025\/07\/kru_mitrovica.jpg","contentUrl":"https:\/\/veritasinfo.org\/wp-content\/uploads\/2025\/07\/kru_mitrovica.jpg","width":850,"height":425},{"@type":"BreadcrumbList","@id":"https:\/\/veritasinfo.org\/?p=2146#breadcrumb","itemListElement":[{"@type":"ListItem","position":1,"name":"Home","item":"https:\/\/veritasinfo.org\/"},{"@type":"ListItem","position":2,"name":"Uj\u00ebsjell\u00ebsi &#8220;Mitrovica&#8221; anulon konkursin e m\u00ebparsh\u00ebm dhe hap t\u00eb ri p\u00ebr 84 vende pune n\u00eb veri \u2013 aplikimet deri m\u00eb 21 korrik"}]},{"@type":"WebSite","@id":"https:\/\/veritasinfo.org\/#website","url":"https:\/\/veritasinfo.org\/","name":"","description":"","potentialAction":[{"@type":"SearchAction","target":{"@type":"EntryPoint","urlTemplate":"https:\/\/veritasinfo.org\/?s={search_term_string}"},"query-input":{"@type":"PropertyValueSpecification","valueRequired":true,"valueName":"search_term_string"}}],"inLanguage":"en-US"},{"@type":"Person","@id":"https:\/\/veritasinfo.org\/#\/schema\/person\/7701f8c088bece422266b100a712374f","name":"admin","image":{"@type":"ImageObject","inLanguage":"en-US","@id":"https:\/\/veritasinfo.org\/#\/schema\/person\/image\/","url":"https:\/\/secure.gravatar.com\/avatar\/ea53aa3bf6c9a12d5fde8ce4deff43fef3885ae33cf60184161a50d6987cfd2f?s=96&d=mm&r=g","contentUrl":"https:\/\/secure.gravatar.com\/avatar\/ea53aa3bf6c9a12d5fde8ce4deff43fef3885ae33cf60184161a50d6987cfd2f?s=96&d=mm&r=g","caption":"admin"},"sameAs":["https:\/\/veritasinfo.org"],"url":"https:\/\/veritasinfo.org\/?author=1"}]}},"featured_image_urls":{"full":["https:\/\/veritasinfo.org\/wp-content\/uploads\/2025\/07\/kru_mitrovica.jpg",850,425,false],"thumbnail":["https:\/\/veritasinfo.org\/wp-content\/uploads\/2025\/07\/kru_mitrovica-150x150.jpg",150,150,true],"medium":["https:\/\/veritasinfo.org\/wp-content\/uploads\/2025\/07\/kru_mitrovica-300x150.jpg",300,150,true],"medium_large":["https:\/\/veritasinfo.org\/wp-content\/uploads\/2025\/07\/kru_mitrovica-768x384.jpg",640,320,true],"large":["https:\/\/veritasinfo.org\/wp-content\/uploads\/2025\/07\/kru_mitrovica.jpg",640,320,false],"1536x1536":["https:\/\/veritasinfo.org\/wp-content\/uploads\/2025\/07\/kru_mitrovica.jpg",850,425,false],"2048x2048":["https:\/\/veritasinfo.org\/wp-content\/uploads\/2025\/07\/kru_mitrovica.jpg",850,425,false],"kreeti-slider-full":["https:\/\/veritasinfo.org\/wp-content\/uploads\/2025\/07\/kru_mitrovica.jpg",850,425,false],"kreeti-featured":["https:\/\/veritasinfo.org\/wp-content\/uploads\/2025\/07\/kru_mitrovica.jpg",850,425,false],"kreeti-medium":["https:\/\/veritasinfo.org\/wp-content\/uploads\/2025\/07\/kru_mitrovica.jpg",720,360,false],"kreeti-medium-square":["https:\/\/veritasinfo.org\/wp-content\/uploads\/2025\/07\/kru_mitrovica.jpg",350,175,false]},"author_info":{"info":["admin"]},"category_info":"<a href=\"https:\/\/veritasinfo.org\/?cat=60\" rel=\"category\">Shoq\u00ebrore<\/a>","tag_info":"Shoq\u00ebrore","comment_count":"0","_links":{"self":[{"href":"https:\/\/veritasinfo.org\/index.php?rest_route=\/wp\/v2\/posts\/2146","targetHints":{"allow":["GET"]}}],"collection":[{"href":"https:\/\/veritasinfo.org\/index.php?rest_route=\/wp\/v2\/posts"}],"about":[{"href":"https:\/\/veritasinfo.org\/index.php?rest_route=\/wp\/v2\/types\/post"}],"author":[{"embeddable":true,"href":"https:\/\/veritasinfo.org\/index.php?rest_route=\/wp\/v2\/users\/1"}],"replies":[{"embeddable":true,"href":"https:\/\/veritasinfo.org\/index.php?rest_route=%2Fwp%2Fv2%2Fcomments&post=2146"}],"version-history":[{"count":1,"href":"https:\/\/veritasinfo.org\/index.php?rest_route=\/wp\/v2\/posts\/2146\/revisions"}],"predecessor-version":[{"id":2149,"href":"https:\/\/veritasinfo.org\/index.php?rest_route=\/wp\/v2\/posts\/2146\/revisions\/2149"}],"wp:featuredmedia":[{"embeddable":true,"href":"https:\/\/veritasinfo.org\/index.php?rest_route=\/wp\/v2\/media\/2148"}],"wp:attachment":[{"href":"https:\/\/veritasinfo.org\/index.php?rest_route=%2Fwp%2Fv2%2Fmedia&parent=2146"}],"wp:term":[{"taxonomy":"category","embeddable":true,"href":"https:\/\/veritasinfo.org\/index.php?rest_route=%2Fwp%2Fv2%2Fcategories&post=2146"},{"taxonomy":"post_tag","embeddable":true,"href":"https:\/\/veritasinfo.org\/index.php?rest_route=%2Fwp%2Fv2%2Ftags&post=2146"}],"curies":[{"name":"wp","href":"https:\/\/api.w.org\/{rel}","templated":true}]}}