{"id":21458,"date":"2025-11-23T11:10:16","date_gmt":"2025-11-23T10:10:16","guid":{"rendered":"https:\/\/veritasinfo.org\/?p=21458"},"modified":"2025-11-23T11:10:16","modified_gmt":"2025-11-23T10:10:16","slug":"gjyqi-i-ish-krereve-te-uck-se-shkon-drejt-perfundimit-deshmite-e-mbrojtjes-theksojne-mungesen-e-hierarkise-komanduese","status":"publish","type":"post","link":"https:\/\/veritasinfo.org\/?p=21458","title":{"rendered":"Gjyqi i ish-krer\u00ebve t\u00eb U\u00c7K-s\u00eb shkon drejt p\u00ebrfundimit, d\u00ebshmit\u00eb e mbrojtjes theksojn\u00eb munges\u00ebn e hierarkis\u00eb komanduese"},"content":{"rendered":"<p>Prishtin\u00eb, 23 n\u00ebntor 2025 11:09<\/p>\n<p>Gjyqi ndaj ish-krer\u00ebve t\u00eb U\u00c7K-s\u00eb \u2013 Hashim Tha\u00e7i, Kadri Veseli, Jakup Krasniqi dhe Rexhep Selimi \u2013 n\u00eb Dhomat e Specializuara n\u00eb Hag\u00eb, po hyn n\u00eb faz\u00ebn p\u00ebrfundimtare pasi d\u00ebshmit\u00eb e t\u00eb gjith\u00eb d\u00ebshmitar\u00ebve kan\u00eb p\u00ebrfunduar.<\/p>\n<p>Avokati Ardian Bajraktari n\u00eb nj\u00eb intervist\u00eb p\u00ebr Ekonomia Online tha se procesi po i afrohet epilogut dhe se d\u00ebshmitar\u00ebt e mbrojtjes kan\u00eb qen\u00eb \u201cjasht\u00ebzakonisht kredibil e relevant\u00eb\u201d, duke theksuar se nuk \u00ebsht\u00eb argumentuar ekzistimi i nj\u00eb strukture komanduese t\u00eb U\u00c7K-s\u00eb q\u00eb do ta mb\u00ebshteste akuz\u00ebn p\u00ebr p\u00ebrgjegj\u00ebsi komanduese.<\/p>\n<p>\u201cTash m\u00eb po shkojm\u00eb drejt fundit t\u00eb k\u00ebtij procesi t\u00eb st\u00ebrzgjatur, ajo \u00e7ka n\u00eb fakt kemi par\u00eb me theks t\u00eb ve\u00e7ant\u00eb nga mesi i shtatorit e k\u00ebndej kemi par\u00eb d\u00ebshmitar\u00eb jasht\u00ebzakonisht kredibil dhe t\u00eb besuesh\u00ebm dhe shum\u00eb relevant p\u00ebr procesin. Tashme po shkojm\u00eb drejt fundit t\u00eb k\u00ebtij procesi i cili natyrisht besojm\u00eb q\u00eb do t\u00eb marr epilog n\u00eb pjes\u00ebn e par\u00eb t\u00eb vitit t\u00eb ardhsh\u00ebm se paku k\u00ebshtu e p\u00ebrcaktojn\u00eb dispozitat e rregullores s\u00eb procedur\u00ebs dhe t\u00eb provave\u201d, tha ai.<\/p>\n<p>Ai theksoi se gjat\u00eb gjith\u00eb procesit nuk \u00ebsht\u00eb arritur t\u00eb argumentohet ekzistenca e nj\u00eb strukture dhe hierarkie komanduese q\u00eb do t\u00eb mb\u00ebshteste akuzat ndaj kat\u00ebrshe s\u00eb U\u00c7K-s\u00eb.<\/p>\n<p>\u201cMbi baz\u00ebn e asaj q\u00eb kemi par\u00eb n\u00eb bindjen time nuk \u00ebsht\u00eb arritur q\u00eb t\u00eb argumentohet ekzistimi i struktur\u00ebs dhe hierarkis\u00eb si dhe zinxhir\u00ebt komandues si dhe mund\u00ebsia e ushtrimit efektiv t\u00eb kontrollit si dy prej elementeve baz\u00eb t\u00eb p\u00ebrcaktuara me instrumente nd\u00ebrkomb\u00ebtare q\u00eb t\u00eb mund t\u00eb vendoset p\u00ebrgjegj\u00ebsia komanduese n\u00eb raport me kat\u00ebrshe e\u00a0U\u00c7K\u00a0e cila \u00ebsht\u00eb ballafaquar me k\u00ebto akuza prandaj p\u00ebrher\u00eb po flasim n\u00ebse ka drejt\u00ebsi fundi i epilogut un\u00eb besoj q\u00eb do t\u00eb jet\u00eb pozitiv, do t\u00eb jet\u00eb rikonfirmues, dhe do t\u00eb konfirmohet se\u00a0U\u00c7K\u00a0nuk ka pasur q\u00ebllim t\u00eb kryej krime, nuk ka pasur nj\u00eb struktur\u00eb edhe hierarki t\u00eb mir\u00ebfillte komanduese, dhe se synimi dhe q\u00ebllimi i vet\u00ebm ka qen\u00eb \u00e7lirimi i vendit n\u00eb koordinimi t\u00eb vazhduesh\u00ebm me aleat\u00ebt me theks t\u00eb ve\u00e7ant\u00eb me SHBA-t\u00eb. D\u00ebshmit\u00eb e d\u00ebshmitareve filluar nga i pari deri tek i fundit i mbrojtjes, pavar\u00ebsisht q\u00eb kan\u00eb qen\u00eb t\u00eb pakt\u00eb n\u00eb num\u00ebr, mir\u00ebpo kan\u00eb qen\u00eb jasht\u00ebzakonisht t\u00eb besuesh\u00ebm kredibil dhe protagonist t\u00eb ngjarjeve q\u00eb i b\u00ebjn\u00eb d\u00ebshmitar okular t\u00eb ngjarjeve dhe e kan\u00eb paraqitur t\u00eb v\u00ebrtet\u00ebn n\u00eb raport me luft\u00ebn raport me\u00a0U\u00c7K-n\u00eb dhe n\u00eb raport me gjendjen e v\u00ebshtir\u00eb dhe t\u00eb r\u00ebnd\u00eb e kaotike pas luft\u00ebs\u201d, tha ai.<\/p>\n<p>Bajraktari shtoi se d\u00ebshmit\u00eb e mbrojtjes nuk jan\u00eb thjesht d\u00ebshmi t\u00eb individ\u00ebve, por jan\u00eb t\u00eb mb\u00ebshtetura nga dokumente, materiale dhe raporte t\u00eb ndryshme q\u00eb p\u00ebrforcojn\u00eb bindjen e mbrojtjes mbi munges\u00ebn e nj\u00eb hierarkie t\u00eb qart\u00eb dhe t\u00eb mund\u00ebsis\u00eb p\u00ebr kontroll efektiv.<\/p>\n<p>\u201cSa i p\u00ebrket \u00e7\u00ebshtjes s\u00eb d\u00ebshmitareve t\u00eb ftuar nga ana e mbrojtjes, p\u00ebrve\u00e7 q\u00eb kan\u00eb qen\u00eb kredibil t\u00eb besuar dhe shum\u00eb relevant, d\u00ebshmit\u00eb e tyre, deklarimet e tyre, n\u00eb shumic\u00ebn e rasteve jan\u00eb shoq\u00ebruar edhe me dokumente, edhe me materiale edhe me raporte t\u00eb ndryshme \u00e7ka n\u00eb fakt nuk e b\u00ebn\u00eb thjesht\u00eb vet\u00ebm d\u00ebshmia t\u00eb nj\u00eb d\u00ebshmitari, mir\u00ebpo e p\u00ebrforcon pik\u00ebpamjen e tij sa i p\u00ebrket \u00e7\u00ebshtjes s\u00eb ngecjes s\u00eb zinxhirit komandues sa i p\u00ebrket \u00e7\u00ebshtjes s\u00eb munges\u00ebs s\u00eb nj\u00eb hierarkie, dhe mund\u00ebsis\u00eb s\u00eb ushtrimit t\u00eb kontrollit\u00a0\u00e7ka n\u00eb bindje time n\u00eb mas\u00eb t\u00eb konsiderueshme t\u00eb zbardhjes s\u00eb k\u00ebsaj t\u00eb v\u00ebrtet\u00eb i kan\u00eb kontribuar Shtet e Bashkuara t\u00eb Amerik\u00ebs me deklasifikimin e nj\u00eb numri t\u00eb konsideruesh\u00ebm t\u00eb dokumenteve bazuar n\u00eb faktin q\u00eb tash m\u00eb ka kaluar nj\u00eb periudh\u00eb relativisht e gjat\u00eb kohore nga momenti i p\u00ebrfundimit t\u00eb luft\u00ebs n\u00eb vendin ton\u00eb\u201d, tha ai.<\/p>\n<p>Trupi Gjykues i Dhomave t\u00eb Specializuara n\u00eb Hag\u00eb l\u00ebshoi nj\u00eb num\u00ebr t\u00eb afateve dhe urdhrave n\u00eb lidhje me p\u00ebrmbylljen e paraqitjes s\u00eb argumenteve prej Mbrojtjes dhe fazat e mbetura t\u00eb procesit.<\/p>\n<p>Krahas aspekteve t\u00eb tjera, Trupi Gjykues udh\u00ebzoi ekipet e Mbrojtjes s\u00eb Tha\u00e7it dhe Krasniqit q\u00eb t\u00eb p\u00ebrmbyllin zyrtarisht paraqitjen e argumenteve prej tyre deri m\u00eb 2 dhjetor 2025, ose n\u00eb dit\u00ebn e par\u00eb t\u00eb pun\u00ebs pas l\u00ebshimit t\u00eb vendimit t\u00eb fundit prej Trupit Gjykues mbi k\u00ebrkesat e mbetura p\u00ebr pranimin e provave, cilado data jet\u00eb m\u00eb e hershme.<\/p>\n<p>Sipas njoftimit t\u00eb l\u00ebshuar nga DhSK, sa i p\u00ebrket dosjeve gjyq\u00ebsore p\u00ebrfundimtare dhe deklarat\u00ebs p\u00ebr pasojat e krimeve t\u00eb pretenduara n\u00eb viktimat pjes\u00ebmarr\u00ebse, \u201cTrupi Gjykues miratoi pjes\u00ebrisht k\u00ebrkes\u00ebn e pal\u00ebve p\u00ebr zgjatje afati dhe urdh\u00ebroi q\u00eb k\u00ebto parashtrime t\u00eb dor\u00ebzohen deri m\u00eb 19 janar 2026, vijuar nga deklaratat p\u00ebrmbyll\u00ebse, q\u00eb jan\u00eb planifikuar p\u00ebr t\u2019u paraqitur nga 9 deri 13 shkurt 2026\u201d.<\/p>\n<p>\u201cTrupi Gjykues shtyu p\u00ebr nj\u00eb faz\u00eb m\u00eb t\u00eb vonshme vendimin mbi modalitetet e procesit t\u00eb mundsh\u00ebm t\u00eb zhd\u00ebmtimit. Ai gjithashtu hodhi posht\u00eb k\u00ebrkes\u00ebn e Mbrojtjes p\u00ebr procedur\u00eb t\u00eb ve\u00e7ant\u00eb t\u00eb p\u00ebrcaktimit t\u00eb d\u00ebnimit, duke konfirmuar se \u00e7do p\u00ebrcaktim i d\u00ebnimit, n\u00eb rast se \u00ebsht\u00eb i zbatuesh\u00ebm, do t\u00eb shqyrtohet me Aktgjykimin, dhe duke urdh\u00ebruar pal\u00ebt q\u00eb t\u00eb p\u00ebrfshijn\u00eb \u00e7do parashtrim lidhur me p\u00ebrcaktimin e d\u00ebnimit n\u00eb dosjet gjyq\u00ebsore p\u00ebrfundimtare t\u00eb tyre\u201d, u tha n\u00eb njoftimin e Dhomave t\u00eb Specializuara t\u00eb Kosov\u00ebs n\u00eb Hag\u00eb.<\/p>\n<p>T\u00eb mart\u00ebn e 18 n\u00ebntorit 2025 ka d\u00ebshmuar d\u00ebshmitari i fundit i mbrojtjes s\u00eb Hashim Tha\u00e7it n\u00eb rastin ku ai s\u00eb bashku me Kadri Veselin, Rexhep Selimin dhe Jakup Krasniqin, po akuzohen p\u00ebr krime lufte dhe krime kund\u00ebr njer\u00ebzimit. D\u00ebshmitari i fundit i mbrojtjes ishte gjenerai \u00cbesley Clark.<\/p>\n<p>Mbrojtja ka filluar me paraqitjen e provave t\u00eb saj m\u00eb 15 shtator 2025, ku p\u00ebr tri dit\u00eb me radh\u00eb u d\u00ebgjua ish-ndihm\u00ebsi i sekretarit amerikan t\u00eb shtetit, James Rubin.<\/p>\n<p>Nd\u00ebrsa, pas tij u thirr ish-k\u00ebshilltari ligjor i delegacionit shqiptar n\u00eb Rambuje, Paul \u00cbilliams. Kurse, ish-k\u00ebshilltari politik i komandantit t\u00eb lart\u00eb t\u00eb NATO-s, \u00cbesley Clark, John Ste\u00ebart Duncan filloi d\u00ebshmin\u00eb m\u00eb 22 shtator dhe e mbaroi m\u00eb 23 shtator 2025.<\/p>\n<p>Kurse, m\u00eb 30 shtator nisi d\u00ebshmin\u00eb James Peter Covey, ish-z\u00ebvend\u00ebs i p\u00ebrfaq\u00ebsuesit t\u00eb OKB-s\u00eb n\u00eb Kosov\u00eb, Bernard Kouchner. Covey e p\u00ebrfundoi d\u00ebshmin\u00eb m\u00eb 2 tetor.<\/p>\n<p>M\u00eb pas, ish-diplomati amerikan Christopher Hill filloi d\u00ebshmin\u00eb m\u00eb 10 n\u00ebntor 2025 dhe vazhdoi edhe m\u00eb 11 n\u00ebntor 2025 dhe 12 n\u00ebntor 2025. E ish-k\u00ebshilltari politik i \u00cbesley Clark, Michael Durkee d\u00ebshmoi m\u00eb 12 dhe 13 n\u00ebntor 2025.<\/p>\n<p>N\u00eb mb\u00ebshtetje t\u00eb ish-krer\u00ebve t\u00eb U\u00c7K-s\u00eb t\u00eb cil\u00ebt po gjykohen n\u00eb Hag\u00eb jan\u00eb mbajtur kat\u00ebr protesta n\u00eb Prishtin\u00eb, Hag\u00eb, Tiran\u00eb dhe Strasburg.<\/p>\n<p>M\u00eb 3 prill 2023 nisi gjykimi ndaj kat\u00ebr ish-krer\u00ebve t\u00eb Ushtris\u00eb \u00c7lirimtare t\u00eb Kosov\u00ebs, q\u00eb akuzohen nga Dhomat e Specializuara dhe Zyra e Prokurorit t\u00eb Specializuar n\u00eb Hag\u00eb p\u00ebr krime lufte dhe krime kund\u00ebr njer\u00ebzimit.<\/p>\n<p>&nbsp;<\/p>\n","protected":false},"excerpt":{"rendered":"<p>Prishtin\u00eb, 23 n\u00ebntor 2025 11:09 Gjyqi ndaj ish-krer\u00ebve t\u00eb U\u00c7K-s\u00eb \u2013 Hashim Tha\u00e7i, Kadri Veseli, Jakup Krasniqi dhe Rexhep Selimi \u2013 n\u00eb Dhomat e Specializuara<\/p>\n","protected":false},"author":7,"featured_media":21459,"comment_status":"open","ping_status":"open","sticky":false,"template":"","format":"standard","meta":{"footnotes":""},"categories":[60],"tags":[],"class_list":["post-21458","post","type-post","status-publish","format-standard","has-post-thumbnail","hentry","category-shoqerore-sq"],"yoast_head":"<!-- This site is optimized with the Yoast SEO plugin v25.3.1 - https:\/\/yoast.com\/wordpress\/plugins\/seo\/ -->\n<title>Gjyqi i ish-krer\u00ebve t\u00eb U\u00c7K-s\u00eb shkon drejt p\u00ebrfundimit, d\u00ebshmit\u00eb e mbrojtjes theksojn\u00eb munges\u00ebn e hierarkis\u00eb komanduese -<\/title>\n<meta name=\"robots\" content=\"index, follow, max-snippet:-1, max-image-preview:large, max-video-preview:-1\" \/>\n<link rel=\"canonical\" href=\"https:\/\/veritasinfo.org\/?p=21458\" \/>\n<meta property=\"og:locale\" content=\"en_US\" \/>\n<meta property=\"og:type\" content=\"article\" \/>\n<meta property=\"og:title\" content=\"Gjyqi i ish-krer\u00ebve t\u00eb U\u00c7K-s\u00eb shkon drejt p\u00ebrfundimit, d\u00ebshmit\u00eb e mbrojtjes theksojn\u00eb munges\u00ebn e hierarkis\u00eb komanduese -\" \/>\n<meta property=\"og:description\" content=\"Prishtin\u00eb, 23 n\u00ebntor 2025 11:09 Gjyqi ndaj ish-krer\u00ebve t\u00eb U\u00c7K-s\u00eb \u2013 Hashim Tha\u00e7i, Kadri Veseli, Jakup Krasniqi dhe Rexhep Selimi \u2013 n\u00eb Dhomat e Specializuara\" \/>\n<meta property=\"og:url\" content=\"https:\/\/veritasinfo.org\/?p=21458\" \/>\n<meta property=\"article:published_time\" content=\"2025-11-23T10:10:16+00:00\" \/>\n<meta property=\"og:image\" content=\"https:\/\/veritasinfo.org\/wp-content\/uploads\/2025\/11\/ardian2.jpg\" \/>\n\t<meta property=\"og:image:width\" content=\"2048\" \/>\n\t<meta property=\"og:image:height\" content=\"1535\" \/>\n\t<meta property=\"og:image:type\" content=\"image\/jpeg\" \/>\n<meta name=\"author\" content=\"US6\" \/>\n<meta name=\"twitter:card\" content=\"summary_large_image\" \/>\n<meta name=\"twitter:label1\" content=\"Written by\" \/>\n\t<meta name=\"twitter:data1\" content=\"US6\" \/>\n\t<meta name=\"twitter:label2\" content=\"Est. reading time\" \/>\n\t<meta name=\"twitter:data2\" content=\"5 minutes\" \/>\n<script type=\"application\/ld+json\" class=\"yoast-schema-graph\">{\"@context\":\"https:\/\/schema.org\",\"@graph\":[{\"@type\":\"WebPage\",\"@id\":\"https:\/\/veritasinfo.org\/?p=21458\",\"url\":\"https:\/\/veritasinfo.org\/?p=21458\",\"name\":\"Gjyqi i ish-krer\u00ebve t\u00eb U\u00c7K-s\u00eb shkon drejt p\u00ebrfundimit, d\u00ebshmit\u00eb e mbrojtjes theksojn\u00eb munges\u00ebn e hierarkis\u00eb komanduese -\",\"isPartOf\":{\"@id\":\"https:\/\/veritasinfo.org\/#website\"},\"primaryImageOfPage\":{\"@id\":\"https:\/\/veritasinfo.org\/?p=21458#primaryimage\"},\"image\":{\"@id\":\"https:\/\/veritasinfo.org\/?p=21458#primaryimage\"},\"thumbnailUrl\":\"https:\/\/veritasinfo.org\/wp-content\/uploads\/2025\/11\/ardian2.jpg\",\"datePublished\":\"2025-11-23T10:10:16+00:00\",\"author\":{\"@id\":\"https:\/\/veritasinfo.org\/#\/schema\/person\/fe199eede04c3937362892b7444747cc\"},\"breadcrumb\":{\"@id\":\"https:\/\/veritasinfo.org\/?p=21458#breadcrumb\"},\"inLanguage\":\"en-US\",\"potentialAction\":[{\"@type\":\"ReadAction\",\"target\":[\"https:\/\/veritasinfo.org\/?p=21458\"]}]},{\"@type\":\"ImageObject\",\"inLanguage\":\"en-US\",\"@id\":\"https:\/\/veritasinfo.org\/?p=21458#primaryimage\",\"url\":\"https:\/\/veritasinfo.org\/wp-content\/uploads\/2025\/11\/ardian2.jpg\",\"contentUrl\":\"https:\/\/veritasinfo.org\/wp-content\/uploads\/2025\/11\/ardian2.jpg\",\"width\":2048,\"height\":1535},{\"@type\":\"BreadcrumbList\",\"@id\":\"https:\/\/veritasinfo.org\/?p=21458#breadcrumb\",\"itemListElement\":[{\"@type\":\"ListItem\",\"position\":1,\"name\":\"Home\",\"item\":\"https:\/\/veritasinfo.org\/\"},{\"@type\":\"ListItem\",\"position\":2,\"name\":\"Gjyqi i ish-krer\u00ebve t\u00eb U\u00c7K-s\u00eb shkon drejt p\u00ebrfundimit, d\u00ebshmit\u00eb e mbrojtjes theksojn\u00eb munges\u00ebn e hierarkis\u00eb komanduese\"}]},{\"@type\":\"WebSite\",\"@id\":\"https:\/\/veritasinfo.org\/#website\",\"url\":\"https:\/\/veritasinfo.org\/\",\"name\":\"\",\"description\":\"\",\"potentialAction\":[{\"@type\":\"SearchAction\",\"target\":{\"@type\":\"EntryPoint\",\"urlTemplate\":\"https:\/\/veritasinfo.org\/?s={search_term_string}\"},\"query-input\":{\"@type\":\"PropertyValueSpecification\",\"valueRequired\":true,\"valueName\":\"search_term_string\"}}],\"inLanguage\":\"en-US\"},{\"@type\":\"Person\",\"@id\":\"https:\/\/veritasinfo.org\/#\/schema\/person\/fe199eede04c3937362892b7444747cc\",\"name\":\"US6\",\"image\":{\"@type\":\"ImageObject\",\"inLanguage\":\"en-US\",\"@id\":\"https:\/\/veritasinfo.org\/#\/schema\/person\/image\/\",\"url\":\"https:\/\/secure.gravatar.com\/avatar\/cb16c3c31c9d23b9b8c705964598220b3014e42ff51eb540ff23cefa3ae8c15f?s=96&d=mm&r=g\",\"contentUrl\":\"https:\/\/secure.gravatar.com\/avatar\/cb16c3c31c9d23b9b8c705964598220b3014e42ff51eb540ff23cefa3ae8c15f?s=96&d=mm&r=g\",\"caption\":\"US6\"},\"url\":\"https:\/\/veritasinfo.org\/?author=7\"}]}<\/script>\n<!-- \/ Yoast SEO plugin. -->","yoast_head_json":{"title":"Gjyqi i ish-krer\u00ebve t\u00eb U\u00c7K-s\u00eb shkon drejt p\u00ebrfundimit, d\u00ebshmit\u00eb e mbrojtjes theksojn\u00eb munges\u00ebn e hierarkis\u00eb komanduese -","robots":{"index":"index","follow":"follow","max-snippet":"max-snippet:-1","max-image-preview":"max-image-preview:large","max-video-preview":"max-video-preview:-1"},"canonical":"https:\/\/veritasinfo.org\/?p=21458","og_locale":"en_US","og_type":"article","og_title":"Gjyqi i ish-krer\u00ebve t\u00eb U\u00c7K-s\u00eb shkon drejt p\u00ebrfundimit, d\u00ebshmit\u00eb e mbrojtjes theksojn\u00eb munges\u00ebn e hierarkis\u00eb komanduese -","og_description":"Prishtin\u00eb, 23 n\u00ebntor 2025 11:09 Gjyqi ndaj ish-krer\u00ebve t\u00eb U\u00c7K-s\u00eb \u2013 Hashim Tha\u00e7i, Kadri Veseli, Jakup Krasniqi dhe Rexhep Selimi \u2013 n\u00eb Dhomat e Specializuara","og_url":"https:\/\/veritasinfo.org\/?p=21458","article_published_time":"2025-11-23T10:10:16+00:00","og_image":[{"width":2048,"height":1535,"url":"https:\/\/veritasinfo.org\/wp-content\/uploads\/2025\/11\/ardian2.jpg","type":"image\/jpeg"}],"author":"US6","twitter_card":"summary_large_image","twitter_misc":{"Written by":"US6","Est. reading time":"5 minutes"},"schema":{"@context":"https:\/\/schema.org","@graph":[{"@type":"WebPage","@id":"https:\/\/veritasinfo.org\/?p=21458","url":"https:\/\/veritasinfo.org\/?p=21458","name":"Gjyqi i ish-krer\u00ebve t\u00eb U\u00c7K-s\u00eb shkon drejt p\u00ebrfundimit, d\u00ebshmit\u00eb e mbrojtjes theksojn\u00eb munges\u00ebn e hierarkis\u00eb komanduese -","isPartOf":{"@id":"https:\/\/veritasinfo.org\/#website"},"primaryImageOfPage":{"@id":"https:\/\/veritasinfo.org\/?p=21458#primaryimage"},"image":{"@id":"https:\/\/veritasinfo.org\/?p=21458#primaryimage"},"thumbnailUrl":"https:\/\/veritasinfo.org\/wp-content\/uploads\/2025\/11\/ardian2.jpg","datePublished":"2025-11-23T10:10:16+00:00","author":{"@id":"https:\/\/veritasinfo.org\/#\/schema\/person\/fe199eede04c3937362892b7444747cc"},"breadcrumb":{"@id":"https:\/\/veritasinfo.org\/?p=21458#breadcrumb"},"inLanguage":"en-US","potentialAction":[{"@type":"ReadAction","target":["https:\/\/veritasinfo.org\/?p=21458"]}]},{"@type":"ImageObject","inLanguage":"en-US","@id":"https:\/\/veritasinfo.org\/?p=21458#primaryimage","url":"https:\/\/veritasinfo.org\/wp-content\/uploads\/2025\/11\/ardian2.jpg","contentUrl":"https:\/\/veritasinfo.org\/wp-content\/uploads\/2025\/11\/ardian2.jpg","width":2048,"height":1535},{"@type":"BreadcrumbList","@id":"https:\/\/veritasinfo.org\/?p=21458#breadcrumb","itemListElement":[{"@type":"ListItem","position":1,"name":"Home","item":"https:\/\/veritasinfo.org\/"},{"@type":"ListItem","position":2,"name":"Gjyqi i ish-krer\u00ebve t\u00eb U\u00c7K-s\u00eb shkon drejt p\u00ebrfundimit, d\u00ebshmit\u00eb e mbrojtjes theksojn\u00eb munges\u00ebn e hierarkis\u00eb komanduese"}]},{"@type":"WebSite","@id":"https:\/\/veritasinfo.org\/#website","url":"https:\/\/veritasinfo.org\/","name":"","description":"","potentialAction":[{"@type":"SearchAction","target":{"@type":"EntryPoint","urlTemplate":"https:\/\/veritasinfo.org\/?s={search_term_string}"},"query-input":{"@type":"PropertyValueSpecification","valueRequired":true,"valueName":"search_term_string"}}],"inLanguage":"en-US"},{"@type":"Person","@id":"https:\/\/veritasinfo.org\/#\/schema\/person\/fe199eede04c3937362892b7444747cc","name":"US6","image":{"@type":"ImageObject","inLanguage":"en-US","@id":"https:\/\/veritasinfo.org\/#\/schema\/person\/image\/","url":"https:\/\/secure.gravatar.com\/avatar\/cb16c3c31c9d23b9b8c705964598220b3014e42ff51eb540ff23cefa3ae8c15f?s=96&d=mm&r=g","contentUrl":"https:\/\/secure.gravatar.com\/avatar\/cb16c3c31c9d23b9b8c705964598220b3014e42ff51eb540ff23cefa3ae8c15f?s=96&d=mm&r=g","caption":"US6"},"url":"https:\/\/veritasinfo.org\/?author=7"}]}},"featured_image_urls":{"full":["https:\/\/veritasinfo.org\/wp-content\/uploads\/2025\/11\/ardian2.jpg",2048,1535,false],"thumbnail":["https:\/\/veritasinfo.org\/wp-content\/uploads\/2025\/11\/ardian2-150x150.jpg",150,150,true],"medium":["https:\/\/veritasinfo.org\/wp-content\/uploads\/2025\/11\/ardian2-300x225.jpg",300,225,true],"medium_large":["https:\/\/veritasinfo.org\/wp-content\/uploads\/2025\/11\/ardian2-768x576.jpg",640,480,true],"large":["https:\/\/veritasinfo.org\/wp-content\/uploads\/2025\/11\/ardian2-1024x768.jpg",640,480,true],"1536x1536":["https:\/\/veritasinfo.org\/wp-content\/uploads\/2025\/11\/ardian2-1536x1151.jpg",1536,1151,true],"2048x2048":["https:\/\/veritasinfo.org\/wp-content\/uploads\/2025\/11\/ardian2.jpg",2048,1535,false],"kreeti-slider-full":["https:\/\/veritasinfo.org\/wp-content\/uploads\/2025\/11\/ardian2.jpg",961,720,false],"kreeti-featured":["https:\/\/veritasinfo.org\/wp-content\/uploads\/2025\/11\/ardian2.jpg",1024,768,false],"kreeti-medium":["https:\/\/veritasinfo.org\/wp-content\/uploads\/2025\/11\/ardian2.jpg",707,530,false],"kreeti-medium-square":["https:\/\/veritasinfo.org\/wp-content\/uploads\/2025\/11\/ardian2.jpg",350,262,false]},"author_info":{"info":["US6"]},"category_info":"<a href=\"https:\/\/veritasinfo.org\/?cat=60\" rel=\"category\">Shoq\u00ebrore<\/a>","tag_info":"Shoq\u00ebrore","comment_count":"0","_links":{"self":[{"href":"https:\/\/veritasinfo.org\/index.php?rest_route=\/wp\/v2\/posts\/21458","targetHints":{"allow":["GET"]}}],"collection":[{"href":"https:\/\/veritasinfo.org\/index.php?rest_route=\/wp\/v2\/posts"}],"about":[{"href":"https:\/\/veritasinfo.org\/index.php?rest_route=\/wp\/v2\/types\/post"}],"author":[{"embeddable":true,"href":"https:\/\/veritasinfo.org\/index.php?rest_route=\/wp\/v2\/users\/7"}],"replies":[{"embeddable":true,"href":"https:\/\/veritasinfo.org\/index.php?rest_route=%2Fwp%2Fv2%2Fcomments&post=21458"}],"version-history":[{"count":1,"href":"https:\/\/veritasinfo.org\/index.php?rest_route=\/wp\/v2\/posts\/21458\/revisions"}],"predecessor-version":[{"id":21460,"href":"https:\/\/veritasinfo.org\/index.php?rest_route=\/wp\/v2\/posts\/21458\/revisions\/21460"}],"wp:featuredmedia":[{"embeddable":true,"href":"https:\/\/veritasinfo.org\/index.php?rest_route=\/wp\/v2\/media\/21459"}],"wp:attachment":[{"href":"https:\/\/veritasinfo.org\/index.php?rest_route=%2Fwp%2Fv2%2Fmedia&parent=21458"}],"wp:term":[{"taxonomy":"category","embeddable":true,"href":"https:\/\/veritasinfo.org\/index.php?rest_route=%2Fwp%2Fv2%2Fcategories&post=21458"},{"taxonomy":"post_tag","embeddable":true,"href":"https:\/\/veritasinfo.org\/index.php?rest_route=%2Fwp%2Fv2%2Ftags&post=21458"}],"curies":[{"name":"wp","href":"https:\/\/api.w.org\/{rel}","templated":true}]}}