{"id":21443,"date":"2025-11-23T09:28:40","date_gmt":"2025-11-23T08:28:40","guid":{"rendered":"https:\/\/veritasinfo.org\/?p=21443"},"modified":"2025-11-23T09:28:40","modified_gmt":"2025-11-23T08:28:40","slug":"komuna-e-mitrovices-se-veriut-nenshkruan-bashkepunim-nderkomunal-me-qytetin-amerikan-wylie-ne-teksas","status":"publish","type":"post","link":"https:\/\/veritasinfo.org\/?p=21443","title":{"rendered":"Komuna e Mitrovic\u00ebs s\u00eb Veriut n\u00ebnshkruan bashk\u00ebpunim nd\u00ebrkomunal me qytetin amerikan Wylie n\u00eb Teksas"},"content":{"rendered":"<p>Mitrovic\u00eb e Veriut, 23 n\u00ebntor 2025 09:28<\/p>\n<p>Mitrovica e Veriut s\u00eb shpejti do t\u00eb vendos\u00eb nj\u00eb lidhje t\u00eb re nd\u00ebrkomb\u00ebtare \u2014 k\u00ebsaj radhe me Komun\u00ebn Wylie nga shteti amerikan i Teksasit. Propozimi p\u00ebr n\u00ebnshkrimin e bashk\u00ebpunimit nd\u00ebrkomunal, t\u00eb cilin kryetari i komun\u00ebs ia ka d\u00ebrguar Kuvendit Komunal, parashikon krijimin e nj\u00eb bashk\u00ebpunimi formal, institucional dhe zhvillimor me k\u00ebt\u00eb qytet teksa\u00adsian q\u00eb po rritet me shpejt\u00ebsi.<\/p>\n<p>Sipas propoozimit t\u00eb kryetarit t\u00eb Komun\u00ebs s\u00eb Mitrovic\u00ebs s\u00eb Veriut, Erden Atiq, q\u00ebllimi \u00ebsht\u00eb forcimi i marr\u00ebdh\u00ebnieve partnere, shk\u00ebmbimi i p\u00ebrvojave n\u00eb fushat e vet\u00ebqeverisjes lokale, projekteve zhvillimore, arsimit, kultur\u00ebs, digjitalizimit dhe ekonomis\u00eb. Pritet q\u00eb bashk\u00ebpunimi t\u00eb realizohet p\u00ebrmes iniciativave t\u00eb p\u00ebrbashk\u00ebta, vizitave zyrtare dhe shk\u00ebmbimit t\u00eb ekspert\u00ebve.<\/p>\n<p>N\u00eb vendim thuhet se kryetari i komun\u00ebs dhe administrata komunale do t\u00eb jen\u00eb p\u00ebrgjegj\u00ebs p\u00ebr zbatimin e aktiviteteve t\u00eb dakorduara, nd\u00ebrsa bashk\u00ebpunimi hyn n\u00eb fuqi pas konfirmimit t\u00eb ligjshm\u00ebris\u00eb nga Ministria e Administrimit t\u00eb Pushtetit Lokal.<\/p>\n<p>Ky hap paraqet p\u00ebrpjekjen e Mitrovic\u00ebs s\u00eb Veriut p\u00ebr t\u00eb nd\u00ebrtuar lidhje t\u00eb reja nd\u00ebrkomb\u00ebtare dhe p\u00ebr t\u2019u hapur drejt partneriteteve jasht\u00eb rajonit, gj\u00eb q\u00eb mund t\u00eb kontribuoj\u00eb n\u00eb mund\u00ebsi zhvillimore dhe projekte t\u00eb reja n\u00eb vitet e ardhshme.<\/p>\n","protected":false},"excerpt":{"rendered":"<p>Mitrovic\u00eb e Veriut, 23 n\u00ebntor 2025 09:28 Mitrovica e Veriut s\u00eb shpejti do t\u00eb vendos\u00eb nj\u00eb lidhje t\u00eb re nd\u00ebrkomb\u00ebtare \u2014 k\u00ebsaj radhe me Komun\u00ebn<\/p>\n","protected":false},"author":7,"featured_media":21444,"comment_status":"open","ping_status":"open","sticky":false,"template":"","format":"standard","meta":{"footnotes":""},"categories":[52],"tags":[],"class_list":["post-21443","post","type-post","status-publish","format-standard","has-post-thumbnail","hentry","category-komunat-sq"],"yoast_head":"<!-- This site is optimized with the Yoast SEO plugin v25.3.1 - https:\/\/yoast.com\/wordpress\/plugins\/seo\/ -->\n<title>Komuna e Mitrovic\u00ebs s\u00eb Veriut n\u00ebnshkruan bashk\u00ebpunim nd\u00ebrkomunal me qytetin amerikan Wylie n\u00eb Teksas -<\/title>\n<meta name=\"robots\" content=\"index, follow, max-snippet:-1, max-image-preview:large, max-video-preview:-1\" \/>\n<link rel=\"canonical\" href=\"https:\/\/veritasinfo.org\/?p=21443\" \/>\n<meta property=\"og:locale\" content=\"en_US\" \/>\n<meta property=\"og:type\" content=\"article\" \/>\n<meta property=\"og:title\" content=\"Komuna e Mitrovic\u00ebs s\u00eb Veriut n\u00ebnshkruan bashk\u00ebpunim nd\u00ebrkomunal me qytetin amerikan Wylie n\u00eb Teksas -\" \/>\n<meta property=\"og:description\" content=\"Mitrovic\u00eb e Veriut, 23 n\u00ebntor 2025 09:28 Mitrovica e Veriut s\u00eb shpejti do t\u00eb vendos\u00eb nj\u00eb lidhje t\u00eb re nd\u00ebrkomb\u00ebtare \u2014 k\u00ebsaj radhe me Komun\u00ebn\" \/>\n<meta property=\"og:url\" content=\"https:\/\/veritasinfo.org\/?p=21443\" \/>\n<meta property=\"article:published_time\" content=\"2025-11-23T08:28:40+00:00\" \/>\n<meta property=\"og:image\" content=\"https:\/\/veritasinfo.org\/wp-content\/uploads\/2025\/11\/komuna-e-mitrovices-se-verit.png\" \/>\n\t<meta property=\"og:image:width\" content=\"850\" \/>\n\t<meta property=\"og:image:height\" content=\"454\" \/>\n\t<meta property=\"og:image:type\" content=\"image\/png\" \/>\n<meta name=\"author\" content=\"US6\" \/>\n<meta name=\"twitter:card\" content=\"summary_large_image\" \/>\n<meta name=\"twitter:label1\" content=\"Written by\" \/>\n\t<meta name=\"twitter:data1\" content=\"US6\" \/>\n\t<meta name=\"twitter:label2\" content=\"Est. reading time\" \/>\n\t<meta name=\"twitter:data2\" content=\"2 minutes\" \/>\n<script type=\"application\/ld+json\" class=\"yoast-schema-graph\">{\"@context\":\"https:\/\/schema.org\",\"@graph\":[{\"@type\":\"WebPage\",\"@id\":\"https:\/\/veritasinfo.org\/?p=21443\",\"url\":\"https:\/\/veritasinfo.org\/?p=21443\",\"name\":\"Komuna e Mitrovic\u00ebs s\u00eb Veriut n\u00ebnshkruan bashk\u00ebpunim nd\u00ebrkomunal me qytetin amerikan Wylie n\u00eb Teksas -\",\"isPartOf\":{\"@id\":\"https:\/\/veritasinfo.org\/#website\"},\"primaryImageOfPage\":{\"@id\":\"https:\/\/veritasinfo.org\/?p=21443#primaryimage\"},\"image\":{\"@id\":\"https:\/\/veritasinfo.org\/?p=21443#primaryimage\"},\"thumbnailUrl\":\"https:\/\/veritasinfo.org\/wp-content\/uploads\/2025\/11\/komuna-e-mitrovices-se-verit.png\",\"datePublished\":\"2025-11-23T08:28:40+00:00\",\"author\":{\"@id\":\"https:\/\/veritasinfo.org\/#\/schema\/person\/fe199eede04c3937362892b7444747cc\"},\"breadcrumb\":{\"@id\":\"https:\/\/veritasinfo.org\/?p=21443#breadcrumb\"},\"inLanguage\":\"en-US\",\"potentialAction\":[{\"@type\":\"ReadAction\",\"target\":[\"https:\/\/veritasinfo.org\/?p=21443\"]}]},{\"@type\":\"ImageObject\",\"inLanguage\":\"en-US\",\"@id\":\"https:\/\/veritasinfo.org\/?p=21443#primaryimage\",\"url\":\"https:\/\/veritasinfo.org\/wp-content\/uploads\/2025\/11\/komuna-e-mitrovices-se-verit.png\",\"contentUrl\":\"https:\/\/veritasinfo.org\/wp-content\/uploads\/2025\/11\/komuna-e-mitrovices-se-verit.png\",\"width\":850,\"height\":454},{\"@type\":\"BreadcrumbList\",\"@id\":\"https:\/\/veritasinfo.org\/?p=21443#breadcrumb\",\"itemListElement\":[{\"@type\":\"ListItem\",\"position\":1,\"name\":\"Home\",\"item\":\"https:\/\/veritasinfo.org\/\"},{\"@type\":\"ListItem\",\"position\":2,\"name\":\"Komuna e Mitrovic\u00ebs s\u00eb Veriut n\u00ebnshkruan bashk\u00ebpunim nd\u00ebrkomunal me qytetin amerikan Wylie n\u00eb Teksas\"}]},{\"@type\":\"WebSite\",\"@id\":\"https:\/\/veritasinfo.org\/#website\",\"url\":\"https:\/\/veritasinfo.org\/\",\"name\":\"\",\"description\":\"\",\"potentialAction\":[{\"@type\":\"SearchAction\",\"target\":{\"@type\":\"EntryPoint\",\"urlTemplate\":\"https:\/\/veritasinfo.org\/?s={search_term_string}\"},\"query-input\":{\"@type\":\"PropertyValueSpecification\",\"valueRequired\":true,\"valueName\":\"search_term_string\"}}],\"inLanguage\":\"en-US\"},{\"@type\":\"Person\",\"@id\":\"https:\/\/veritasinfo.org\/#\/schema\/person\/fe199eede04c3937362892b7444747cc\",\"name\":\"US6\",\"image\":{\"@type\":\"ImageObject\",\"inLanguage\":\"en-US\",\"@id\":\"https:\/\/veritasinfo.org\/#\/schema\/person\/image\/\",\"url\":\"https:\/\/secure.gravatar.com\/avatar\/cb16c3c31c9d23b9b8c705964598220b3014e42ff51eb540ff23cefa3ae8c15f?s=96&d=mm&r=g\",\"contentUrl\":\"https:\/\/secure.gravatar.com\/avatar\/cb16c3c31c9d23b9b8c705964598220b3014e42ff51eb540ff23cefa3ae8c15f?s=96&d=mm&r=g\",\"caption\":\"US6\"},\"url\":\"https:\/\/veritasinfo.org\/?author=7\"}]}<\/script>\n<!-- \/ Yoast SEO plugin. -->","yoast_head_json":{"title":"Komuna e Mitrovic\u00ebs s\u00eb Veriut n\u00ebnshkruan bashk\u00ebpunim nd\u00ebrkomunal me qytetin amerikan Wylie n\u00eb Teksas -","robots":{"index":"index","follow":"follow","max-snippet":"max-snippet:-1","max-image-preview":"max-image-preview:large","max-video-preview":"max-video-preview:-1"},"canonical":"https:\/\/veritasinfo.org\/?p=21443","og_locale":"en_US","og_type":"article","og_title":"Komuna e Mitrovic\u00ebs s\u00eb Veriut n\u00ebnshkruan bashk\u00ebpunim nd\u00ebrkomunal me qytetin amerikan Wylie n\u00eb Teksas -","og_description":"Mitrovic\u00eb e Veriut, 23 n\u00ebntor 2025 09:28 Mitrovica e Veriut s\u00eb shpejti do t\u00eb vendos\u00eb nj\u00eb lidhje t\u00eb re nd\u00ebrkomb\u00ebtare \u2014 k\u00ebsaj radhe me Komun\u00ebn","og_url":"https:\/\/veritasinfo.org\/?p=21443","article_published_time":"2025-11-23T08:28:40+00:00","og_image":[{"width":850,"height":454,"url":"https:\/\/veritasinfo.org\/wp-content\/uploads\/2025\/11\/komuna-e-mitrovices-se-verit.png","type":"image\/png"}],"author":"US6","twitter_card":"summary_large_image","twitter_misc":{"Written by":"US6","Est. reading time":"2 minutes"},"schema":{"@context":"https:\/\/schema.org","@graph":[{"@type":"WebPage","@id":"https:\/\/veritasinfo.org\/?p=21443","url":"https:\/\/veritasinfo.org\/?p=21443","name":"Komuna e Mitrovic\u00ebs s\u00eb Veriut n\u00ebnshkruan bashk\u00ebpunim nd\u00ebrkomunal me qytetin amerikan Wylie n\u00eb Teksas -","isPartOf":{"@id":"https:\/\/veritasinfo.org\/#website"},"primaryImageOfPage":{"@id":"https:\/\/veritasinfo.org\/?p=21443#primaryimage"},"image":{"@id":"https:\/\/veritasinfo.org\/?p=21443#primaryimage"},"thumbnailUrl":"https:\/\/veritasinfo.org\/wp-content\/uploads\/2025\/11\/komuna-e-mitrovices-se-verit.png","datePublished":"2025-11-23T08:28:40+00:00","author":{"@id":"https:\/\/veritasinfo.org\/#\/schema\/person\/fe199eede04c3937362892b7444747cc"},"breadcrumb":{"@id":"https:\/\/veritasinfo.org\/?p=21443#breadcrumb"},"inLanguage":"en-US","potentialAction":[{"@type":"ReadAction","target":["https:\/\/veritasinfo.org\/?p=21443"]}]},{"@type":"ImageObject","inLanguage":"en-US","@id":"https:\/\/veritasinfo.org\/?p=21443#primaryimage","url":"https:\/\/veritasinfo.org\/wp-content\/uploads\/2025\/11\/komuna-e-mitrovices-se-verit.png","contentUrl":"https:\/\/veritasinfo.org\/wp-content\/uploads\/2025\/11\/komuna-e-mitrovices-se-verit.png","width":850,"height":454},{"@type":"BreadcrumbList","@id":"https:\/\/veritasinfo.org\/?p=21443#breadcrumb","itemListElement":[{"@type":"ListItem","position":1,"name":"Home","item":"https:\/\/veritasinfo.org\/"},{"@type":"ListItem","position":2,"name":"Komuna e Mitrovic\u00ebs s\u00eb Veriut n\u00ebnshkruan bashk\u00ebpunim nd\u00ebrkomunal me qytetin amerikan Wylie n\u00eb Teksas"}]},{"@type":"WebSite","@id":"https:\/\/veritasinfo.org\/#website","url":"https:\/\/veritasinfo.org\/","name":"","description":"","potentialAction":[{"@type":"SearchAction","target":{"@type":"EntryPoint","urlTemplate":"https:\/\/veritasinfo.org\/?s={search_term_string}"},"query-input":{"@type":"PropertyValueSpecification","valueRequired":true,"valueName":"search_term_string"}}],"inLanguage":"en-US"},{"@type":"Person","@id":"https:\/\/veritasinfo.org\/#\/schema\/person\/fe199eede04c3937362892b7444747cc","name":"US6","image":{"@type":"ImageObject","inLanguage":"en-US","@id":"https:\/\/veritasinfo.org\/#\/schema\/person\/image\/","url":"https:\/\/secure.gravatar.com\/avatar\/cb16c3c31c9d23b9b8c705964598220b3014e42ff51eb540ff23cefa3ae8c15f?s=96&d=mm&r=g","contentUrl":"https:\/\/secure.gravatar.com\/avatar\/cb16c3c31c9d23b9b8c705964598220b3014e42ff51eb540ff23cefa3ae8c15f?s=96&d=mm&r=g","caption":"US6"},"url":"https:\/\/veritasinfo.org\/?author=7"}]}},"featured_image_urls":{"full":["https:\/\/veritasinfo.org\/wp-content\/uploads\/2025\/11\/komuna-e-mitrovices-se-verit.png",850,454,false],"thumbnail":["https:\/\/veritasinfo.org\/wp-content\/uploads\/2025\/11\/komuna-e-mitrovices-se-verit-150x150.png",150,150,true],"medium":["https:\/\/veritasinfo.org\/wp-content\/uploads\/2025\/11\/komuna-e-mitrovices-se-verit-300x160.png",300,160,true],"medium_large":["https:\/\/veritasinfo.org\/wp-content\/uploads\/2025\/11\/komuna-e-mitrovices-se-verit-768x410.png",640,342,true],"large":["https:\/\/veritasinfo.org\/wp-content\/uploads\/2025\/11\/komuna-e-mitrovices-se-verit.png",640,342,false],"1536x1536":["https:\/\/veritasinfo.org\/wp-content\/uploads\/2025\/11\/komuna-e-mitrovices-se-verit.png",850,454,false],"2048x2048":["https:\/\/veritasinfo.org\/wp-content\/uploads\/2025\/11\/komuna-e-mitrovices-se-verit.png",850,454,false],"kreeti-slider-full":["https:\/\/veritasinfo.org\/wp-content\/uploads\/2025\/11\/komuna-e-mitrovices-se-verit.png",850,454,false],"kreeti-featured":["https:\/\/veritasinfo.org\/wp-content\/uploads\/2025\/11\/komuna-e-mitrovices-se-verit.png",850,454,false],"kreeti-medium":["https:\/\/veritasinfo.org\/wp-content\/uploads\/2025\/11\/komuna-e-mitrovices-se-verit.png",720,385,false],"kreeti-medium-square":["https:\/\/veritasinfo.org\/wp-content\/uploads\/2025\/11\/komuna-e-mitrovices-se-verit.png",350,187,false]},"author_info":{"info":["US6"]},"category_info":"<a href=\"https:\/\/veritasinfo.org\/?cat=52\" rel=\"category\">Komunat<\/a>","tag_info":"Komunat","comment_count":"0","_links":{"self":[{"href":"https:\/\/veritasinfo.org\/index.php?rest_route=\/wp\/v2\/posts\/21443","targetHints":{"allow":["GET"]}}],"collection":[{"href":"https:\/\/veritasinfo.org\/index.php?rest_route=\/wp\/v2\/posts"}],"about":[{"href":"https:\/\/veritasinfo.org\/index.php?rest_route=\/wp\/v2\/types\/post"}],"author":[{"embeddable":true,"href":"https:\/\/veritasinfo.org\/index.php?rest_route=\/wp\/v2\/users\/7"}],"replies":[{"embeddable":true,"href":"https:\/\/veritasinfo.org\/index.php?rest_route=%2Fwp%2Fv2%2Fcomments&post=21443"}],"version-history":[{"count":1,"href":"https:\/\/veritasinfo.org\/index.php?rest_route=\/wp\/v2\/posts\/21443\/revisions"}],"predecessor-version":[{"id":21445,"href":"https:\/\/veritasinfo.org\/index.php?rest_route=\/wp\/v2\/posts\/21443\/revisions\/21445"}],"wp:featuredmedia":[{"embeddable":true,"href":"https:\/\/veritasinfo.org\/index.php?rest_route=\/wp\/v2\/media\/21444"}],"wp:attachment":[{"href":"https:\/\/veritasinfo.org\/index.php?rest_route=%2Fwp%2Fv2%2Fmedia&parent=21443"}],"wp:term":[{"taxonomy":"category","embeddable":true,"href":"https:\/\/veritasinfo.org\/index.php?rest_route=%2Fwp%2Fv2%2Fcategories&post=21443"},{"taxonomy":"post_tag","embeddable":true,"href":"https:\/\/veritasinfo.org\/index.php?rest_route=%2Fwp%2Fv2%2Ftags&post=21443"}],"curies":[{"name":"wp","href":"https:\/\/api.w.org\/{rel}","templated":true}]}}