{"id":21410,"date":"2025-11-22T18:11:31","date_gmt":"2025-11-22T17:11:31","guid":{"rendered":"https:\/\/veritasinfo.org\/?p=21410"},"modified":"2025-11-22T18:11:31","modified_gmt":"2025-11-22T17:11:31","slug":"maqedonci-raketat-kundertank-javelin-arrijne-gjate-vitit-te-ardhshem","status":"publish","type":"post","link":"https:\/\/veritasinfo.org\/?p=21410","title":{"rendered":"Maqedonci: Raketat kund\u00ebrtank \u201cJavelin\u201d arrijn\u00eb gjat\u00eb vitit t\u00eb ardhsh\u00ebm"},"content":{"rendered":"<p>Prishtin\u00eb, 22 n\u00ebntor 2025 18:10<\/p>\n<p>Ministri n\u00eb detyr\u00eb i Mbrojtjes, Ejup Maqedonci, ka deklaruar se nj\u00eb pjes\u00eb e raketave kund\u00ebrtank \u201cJavelin\u201d, t\u00eb blera n\u00eb Shtetet e Bashkuara t\u00eb Amerik\u00ebs, pritet t\u00eb arrijn\u00eb n\u00eb Kosov\u00eb gjat\u00eb vitit t\u00eb ardhsh\u00ebm.<\/p>\n<p>\u201cMarr\u00ebveshjet p\u00ebr blerje nuk p\u00ebrfshijn\u00eb vet\u00ebm raketat Javelin. Ne kemi b\u00ebr\u00eb dhe po b\u00ebjm\u00eb blerje t\u00eb shumta t\u00eb sistemeve t\u00eb armatimit nga SHBA-ja dhe nga shtete t\u00eb tjera. Aktualisht jemi n\u00eb periudh\u00ebn e p\u00ebrcaktimit t\u00eb afateve t\u00eb arritjes dhe jemi n\u00eb pritje t\u00eb konfirmimit. Po diskutojm\u00eb q\u00eb t\u2019i kemi sa m\u00eb her\u00ebt. Mendoj se viti 2026 do t\u00eb jet\u00eb koha kur patjet\u00ebr do t\u00eb kemi nj\u00eb sasi, por bashk\u00eb me komandantin e FSK-s\u00eb po p\u00ebrpiqemi t\u2019i sjellim edhe brenda k\u00ebtij viti. Javelin \u00ebsht\u00eb nj\u00eb nga sistemet m\u00eb t\u00eb mira anti-tank, por nuk \u00ebsht\u00eb i vetmi q\u00eb kemi n\u00eb FSK\u201d, ka th\u00ebn\u00eb Maqedonci.<\/p>\n<p>Ministri kishte konfirmuar m\u00eb 11 janar 2024 se Kosova ka d\u00ebrguar k\u00ebrkes\u00eb zyrtare n\u00eb SHBA p\u00ebr blerjen e sistemit raketor kund\u00ebrtank \u201cJavelin\u201d.<\/p>\n<p>Raketat \u201cJavelin\u201d jan\u00eb zhvilluar p\u00ebr ushtrin\u00eb dhe trupat detare amerikane dhe u d\u00ebshmuan jasht\u00ebzakonisht efikase n\u00eb luft\u00ebn e Ukrain\u00ebs kund\u00ebr agresionit rus. Ky sistem prodhohet nga kompanit\u00eb amerikane Lockheed Martin dhe Raytheon Technologies.<\/p>\n<p>Sipas t\u00eb dh\u00ebnave t\u00eb publikuara nga Lockheed Martin, \u201cJavelin\u201d \u00ebsht\u00eb nj\u00eb sistem preciz dhe i l\u00ebvizsh\u00ebm kund\u00ebrtank, q\u00eb mund t\u00eb p\u00ebrdoret nga nj\u00eb ushtar i vet\u00ebm duke e mbajtur mbi supe, ose t\u00eb montohet n\u00eb automjete ushtarake. K\u00ebto raketa vler\u00ebsohen se jan\u00eb t\u00eb afta t\u00eb neutralizojn\u00eb t\u00eb gjitha llojet e forcave t\u00eb blinduara t\u00eb njohura deri m\u00eb sot, si edhe objektiva t\u00eb buta apo t\u00eb parregullta n\u00eb terren.<\/p>\n<p>&nbsp;<\/p>\n","protected":false},"excerpt":{"rendered":"<p>Prishtin\u00eb, 22 n\u00ebntor 2025 18:10 Ministri n\u00eb detyr\u00eb i Mbrojtjes, Ejup Maqedonci, ka deklaruar se nj\u00eb pjes\u00eb e raketave kund\u00ebrtank \u201cJavelin\u201d, t\u00eb blera n\u00eb Shtetet<\/p>\n","protected":false},"author":7,"featured_media":21411,"comment_status":"open","ping_status":"open","sticky":false,"template":"","format":"standard","meta":{"footnotes":""},"categories":[58],"tags":[],"class_list":["post-21410","post","type-post","status-publish","format-standard","has-post-thumbnail","hentry","category-politike-sq"],"yoast_head":"<!-- This site is optimized with the Yoast SEO plugin v25.3.1 - https:\/\/yoast.com\/wordpress\/plugins\/seo\/ -->\n<title>Maqedonci: Raketat kund\u00ebrtank \u201cJavelin\u201d arrijn\u00eb gjat\u00eb vitit t\u00eb ardhsh\u00ebm -<\/title>\n<meta name=\"robots\" content=\"index, follow, max-snippet:-1, max-image-preview:large, max-video-preview:-1\" \/>\n<link rel=\"canonical\" href=\"https:\/\/veritasinfo.org\/?p=21410\" \/>\n<meta property=\"og:locale\" content=\"en_US\" \/>\n<meta property=\"og:type\" content=\"article\" \/>\n<meta property=\"og:title\" content=\"Maqedonci: Raketat kund\u00ebrtank \u201cJavelin\u201d arrijn\u00eb gjat\u00eb vitit t\u00eb ardhsh\u00ebm -\" \/>\n<meta property=\"og:description\" content=\"Prishtin\u00eb, 22 n\u00ebntor 2025 18:10 Ministri n\u00eb detyr\u00eb i Mbrojtjes, Ejup Maqedonci, ka deklaruar se nj\u00eb pjes\u00eb e raketave kund\u00ebrtank \u201cJavelin\u201d, t\u00eb blera n\u00eb Shtetet\" \/>\n<meta property=\"og:url\" content=\"https:\/\/veritasinfo.org\/?p=21410\" \/>\n<meta property=\"article:published_time\" content=\"2025-11-22T17:11:31+00:00\" \/>\n<meta property=\"og:image\" content=\"https:\/\/veritasinfo.org\/wp-content\/uploads\/2025\/11\/574365025_122278349948011792_5271075174917711877_n.jpg\" \/>\n\t<meta property=\"og:image:width\" content=\"2048\" \/>\n\t<meta property=\"og:image:height\" content=\"1366\" \/>\n\t<meta property=\"og:image:type\" content=\"image\/jpeg\" \/>\n<meta name=\"author\" content=\"US6\" \/>\n<meta name=\"twitter:card\" content=\"summary_large_image\" \/>\n<meta name=\"twitter:label1\" content=\"Written by\" \/>\n\t<meta name=\"twitter:data1\" content=\"US6\" \/>\n\t<meta name=\"twitter:label2\" content=\"Est. reading time\" \/>\n\t<meta name=\"twitter:data2\" content=\"2 minutes\" \/>\n<script type=\"application\/ld+json\" class=\"yoast-schema-graph\">{\"@context\":\"https:\/\/schema.org\",\"@graph\":[{\"@type\":\"WebPage\",\"@id\":\"https:\/\/veritasinfo.org\/?p=21410\",\"url\":\"https:\/\/veritasinfo.org\/?p=21410\",\"name\":\"Maqedonci: Raketat kund\u00ebrtank \u201cJavelin\u201d arrijn\u00eb gjat\u00eb vitit t\u00eb ardhsh\u00ebm -\",\"isPartOf\":{\"@id\":\"https:\/\/veritasinfo.org\/#website\"},\"primaryImageOfPage\":{\"@id\":\"https:\/\/veritasinfo.org\/?p=21410#primaryimage\"},\"image\":{\"@id\":\"https:\/\/veritasinfo.org\/?p=21410#primaryimage\"},\"thumbnailUrl\":\"https:\/\/veritasinfo.org\/wp-content\/uploads\/2025\/11\/574365025_122278349948011792_5271075174917711877_n.jpg\",\"datePublished\":\"2025-11-22T17:11:31+00:00\",\"author\":{\"@id\":\"https:\/\/veritasinfo.org\/#\/schema\/person\/fe199eede04c3937362892b7444747cc\"},\"breadcrumb\":{\"@id\":\"https:\/\/veritasinfo.org\/?p=21410#breadcrumb\"},\"inLanguage\":\"en-US\",\"potentialAction\":[{\"@type\":\"ReadAction\",\"target\":[\"https:\/\/veritasinfo.org\/?p=21410\"]}]},{\"@type\":\"ImageObject\",\"inLanguage\":\"en-US\",\"@id\":\"https:\/\/veritasinfo.org\/?p=21410#primaryimage\",\"url\":\"https:\/\/veritasinfo.org\/wp-content\/uploads\/2025\/11\/574365025_122278349948011792_5271075174917711877_n.jpg\",\"contentUrl\":\"https:\/\/veritasinfo.org\/wp-content\/uploads\/2025\/11\/574365025_122278349948011792_5271075174917711877_n.jpg\",\"width\":2048,\"height\":1366},{\"@type\":\"BreadcrumbList\",\"@id\":\"https:\/\/veritasinfo.org\/?p=21410#breadcrumb\",\"itemListElement\":[{\"@type\":\"ListItem\",\"position\":1,\"name\":\"Home\",\"item\":\"https:\/\/veritasinfo.org\/\"},{\"@type\":\"ListItem\",\"position\":2,\"name\":\"Maqedonci: Raketat kund\u00ebrtank \u201cJavelin\u201d arrijn\u00eb gjat\u00eb vitit t\u00eb ardhsh\u00ebm\"}]},{\"@type\":\"WebSite\",\"@id\":\"https:\/\/veritasinfo.org\/#website\",\"url\":\"https:\/\/veritasinfo.org\/\",\"name\":\"\",\"description\":\"\",\"potentialAction\":[{\"@type\":\"SearchAction\",\"target\":{\"@type\":\"EntryPoint\",\"urlTemplate\":\"https:\/\/veritasinfo.org\/?s={search_term_string}\"},\"query-input\":{\"@type\":\"PropertyValueSpecification\",\"valueRequired\":true,\"valueName\":\"search_term_string\"}}],\"inLanguage\":\"en-US\"},{\"@type\":\"Person\",\"@id\":\"https:\/\/veritasinfo.org\/#\/schema\/person\/fe199eede04c3937362892b7444747cc\",\"name\":\"US6\",\"image\":{\"@type\":\"ImageObject\",\"inLanguage\":\"en-US\",\"@id\":\"https:\/\/veritasinfo.org\/#\/schema\/person\/image\/\",\"url\":\"https:\/\/secure.gravatar.com\/avatar\/cb16c3c31c9d23b9b8c705964598220b3014e42ff51eb540ff23cefa3ae8c15f?s=96&d=mm&r=g\",\"contentUrl\":\"https:\/\/secure.gravatar.com\/avatar\/cb16c3c31c9d23b9b8c705964598220b3014e42ff51eb540ff23cefa3ae8c15f?s=96&d=mm&r=g\",\"caption\":\"US6\"},\"url\":\"https:\/\/veritasinfo.org\/?author=7\"}]}<\/script>\n<!-- \/ Yoast SEO plugin. -->","yoast_head_json":{"title":"Maqedonci: Raketat kund\u00ebrtank \u201cJavelin\u201d arrijn\u00eb gjat\u00eb vitit t\u00eb ardhsh\u00ebm -","robots":{"index":"index","follow":"follow","max-snippet":"max-snippet:-1","max-image-preview":"max-image-preview:large","max-video-preview":"max-video-preview:-1"},"canonical":"https:\/\/veritasinfo.org\/?p=21410","og_locale":"en_US","og_type":"article","og_title":"Maqedonci: Raketat kund\u00ebrtank \u201cJavelin\u201d arrijn\u00eb gjat\u00eb vitit t\u00eb ardhsh\u00ebm -","og_description":"Prishtin\u00eb, 22 n\u00ebntor 2025 18:10 Ministri n\u00eb detyr\u00eb i Mbrojtjes, Ejup Maqedonci, ka deklaruar se nj\u00eb pjes\u00eb e raketave kund\u00ebrtank \u201cJavelin\u201d, t\u00eb blera n\u00eb Shtetet","og_url":"https:\/\/veritasinfo.org\/?p=21410","article_published_time":"2025-11-22T17:11:31+00:00","og_image":[{"width":2048,"height":1366,"url":"https:\/\/veritasinfo.org\/wp-content\/uploads\/2025\/11\/574365025_122278349948011792_5271075174917711877_n.jpg","type":"image\/jpeg"}],"author":"US6","twitter_card":"summary_large_image","twitter_misc":{"Written by":"US6","Est. reading time":"2 minutes"},"schema":{"@context":"https:\/\/schema.org","@graph":[{"@type":"WebPage","@id":"https:\/\/veritasinfo.org\/?p=21410","url":"https:\/\/veritasinfo.org\/?p=21410","name":"Maqedonci: Raketat kund\u00ebrtank \u201cJavelin\u201d arrijn\u00eb gjat\u00eb vitit t\u00eb ardhsh\u00ebm -","isPartOf":{"@id":"https:\/\/veritasinfo.org\/#website"},"primaryImageOfPage":{"@id":"https:\/\/veritasinfo.org\/?p=21410#primaryimage"},"image":{"@id":"https:\/\/veritasinfo.org\/?p=21410#primaryimage"},"thumbnailUrl":"https:\/\/veritasinfo.org\/wp-content\/uploads\/2025\/11\/574365025_122278349948011792_5271075174917711877_n.jpg","datePublished":"2025-11-22T17:11:31+00:00","author":{"@id":"https:\/\/veritasinfo.org\/#\/schema\/person\/fe199eede04c3937362892b7444747cc"},"breadcrumb":{"@id":"https:\/\/veritasinfo.org\/?p=21410#breadcrumb"},"inLanguage":"en-US","potentialAction":[{"@type":"ReadAction","target":["https:\/\/veritasinfo.org\/?p=21410"]}]},{"@type":"ImageObject","inLanguage":"en-US","@id":"https:\/\/veritasinfo.org\/?p=21410#primaryimage","url":"https:\/\/veritasinfo.org\/wp-content\/uploads\/2025\/11\/574365025_122278349948011792_5271075174917711877_n.jpg","contentUrl":"https:\/\/veritasinfo.org\/wp-content\/uploads\/2025\/11\/574365025_122278349948011792_5271075174917711877_n.jpg","width":2048,"height":1366},{"@type":"BreadcrumbList","@id":"https:\/\/veritasinfo.org\/?p=21410#breadcrumb","itemListElement":[{"@type":"ListItem","position":1,"name":"Home","item":"https:\/\/veritasinfo.org\/"},{"@type":"ListItem","position":2,"name":"Maqedonci: Raketat kund\u00ebrtank \u201cJavelin\u201d arrijn\u00eb gjat\u00eb vitit t\u00eb ardhsh\u00ebm"}]},{"@type":"WebSite","@id":"https:\/\/veritasinfo.org\/#website","url":"https:\/\/veritasinfo.org\/","name":"","description":"","potentialAction":[{"@type":"SearchAction","target":{"@type":"EntryPoint","urlTemplate":"https:\/\/veritasinfo.org\/?s={search_term_string}"},"query-input":{"@type":"PropertyValueSpecification","valueRequired":true,"valueName":"search_term_string"}}],"inLanguage":"en-US"},{"@type":"Person","@id":"https:\/\/veritasinfo.org\/#\/schema\/person\/fe199eede04c3937362892b7444747cc","name":"US6","image":{"@type":"ImageObject","inLanguage":"en-US","@id":"https:\/\/veritasinfo.org\/#\/schema\/person\/image\/","url":"https:\/\/secure.gravatar.com\/avatar\/cb16c3c31c9d23b9b8c705964598220b3014e42ff51eb540ff23cefa3ae8c15f?s=96&d=mm&r=g","contentUrl":"https:\/\/secure.gravatar.com\/avatar\/cb16c3c31c9d23b9b8c705964598220b3014e42ff51eb540ff23cefa3ae8c15f?s=96&d=mm&r=g","caption":"US6"},"url":"https:\/\/veritasinfo.org\/?author=7"}]}},"featured_image_urls":{"full":["https:\/\/veritasinfo.org\/wp-content\/uploads\/2025\/11\/574365025_122278349948011792_5271075174917711877_n.jpg",2048,1366,false],"thumbnail":["https:\/\/veritasinfo.org\/wp-content\/uploads\/2025\/11\/574365025_122278349948011792_5271075174917711877_n-150x150.jpg",150,150,true],"medium":["https:\/\/veritasinfo.org\/wp-content\/uploads\/2025\/11\/574365025_122278349948011792_5271075174917711877_n-300x200.jpg",300,200,true],"medium_large":["https:\/\/veritasinfo.org\/wp-content\/uploads\/2025\/11\/574365025_122278349948011792_5271075174917711877_n-768x512.jpg",640,427,true],"large":["https:\/\/veritasinfo.org\/wp-content\/uploads\/2025\/11\/574365025_122278349948011792_5271075174917711877_n-1024x683.jpg",640,427,true],"1536x1536":["https:\/\/veritasinfo.org\/wp-content\/uploads\/2025\/11\/574365025_122278349948011792_5271075174917711877_n-1536x1025.jpg",1536,1025,true],"2048x2048":["https:\/\/veritasinfo.org\/wp-content\/uploads\/2025\/11\/574365025_122278349948011792_5271075174917711877_n.jpg",2048,1366,false],"kreeti-slider-full":["https:\/\/veritasinfo.org\/wp-content\/uploads\/2025\/11\/574365025_122278349948011792_5271075174917711877_n.jpg",1079,720,false],"kreeti-featured":["https:\/\/veritasinfo.org\/wp-content\/uploads\/2025\/11\/574365025_122278349948011792_5271075174917711877_n.jpg",1024,683,false],"kreeti-medium":["https:\/\/veritasinfo.org\/wp-content\/uploads\/2025\/11\/574365025_122278349948011792_5271075174917711877_n.jpg",720,480,false],"kreeti-medium-square":["https:\/\/veritasinfo.org\/wp-content\/uploads\/2025\/11\/574365025_122278349948011792_5271075174917711877_n.jpg",350,233,false]},"author_info":{"info":["US6"]},"category_info":"<a href=\"https:\/\/veritasinfo.org\/?cat=58\" rel=\"category\">Politik\u00eb<\/a>","tag_info":"Politik\u00eb","comment_count":"0","_links":{"self":[{"href":"https:\/\/veritasinfo.org\/index.php?rest_route=\/wp\/v2\/posts\/21410","targetHints":{"allow":["GET"]}}],"collection":[{"href":"https:\/\/veritasinfo.org\/index.php?rest_route=\/wp\/v2\/posts"}],"about":[{"href":"https:\/\/veritasinfo.org\/index.php?rest_route=\/wp\/v2\/types\/post"}],"author":[{"embeddable":true,"href":"https:\/\/veritasinfo.org\/index.php?rest_route=\/wp\/v2\/users\/7"}],"replies":[{"embeddable":true,"href":"https:\/\/veritasinfo.org\/index.php?rest_route=%2Fwp%2Fv2%2Fcomments&post=21410"}],"version-history":[{"count":1,"href":"https:\/\/veritasinfo.org\/index.php?rest_route=\/wp\/v2\/posts\/21410\/revisions"}],"predecessor-version":[{"id":21412,"href":"https:\/\/veritasinfo.org\/index.php?rest_route=\/wp\/v2\/posts\/21410\/revisions\/21412"}],"wp:featuredmedia":[{"embeddable":true,"href":"https:\/\/veritasinfo.org\/index.php?rest_route=\/wp\/v2\/media\/21411"}],"wp:attachment":[{"href":"https:\/\/veritasinfo.org\/index.php?rest_route=%2Fwp%2Fv2%2Fmedia&parent=21410"}],"wp:term":[{"taxonomy":"category","embeddable":true,"href":"https:\/\/veritasinfo.org\/index.php?rest_route=%2Fwp%2Fv2%2Fcategories&post=21410"},{"taxonomy":"post_tag","embeddable":true,"href":"https:\/\/veritasinfo.org\/index.php?rest_route=%2Fwp%2Fv2%2Ftags&post=21410"}],"curies":[{"name":"wp","href":"https:\/\/api.w.org\/{rel}","templated":true}]}}