{"id":21377,"date":"2025-11-22T13:11:30","date_gmt":"2025-11-22T12:11:30","guid":{"rendered":"https:\/\/veritasinfo.org\/?p=21377"},"modified":"2025-11-22T13:12:39","modified_gmt":"2025-11-22T12:12:39","slug":"mickovski-kongresi-i-manastirit-akt-historik-dhe-evropian-i-shqiptareve","status":"publish","type":"post","link":"https:\/\/veritasinfo.org\/?p=21377","title":{"rendered":"Mickovski: Kongresi i Manastirit, akt historik dhe evropian i shqiptar\u00ebve"},"content":{"rendered":"<p>Prishtin\u00eb 22 N\u00ebntor 2025. 13:10<\/p>\n<p>Me nj\u00eb  seanc\u00eb solemne, Qeveria e Maqedonis\u00eb s\u00eb Veriut sh\u00ebnoi sot  117 vjetorin  e mbajtjes s\u00eb Kongresit t\u00eb Alfabetit t\u00eb gjuh\u00ebs shqipe. Kryeministri Hristian Mickovski e cil\u00ebsoi k\u00ebt\u00eb dit\u00eb si  nj\u00eb simbol t\u00eb fort\u00eb historik dhe kulturor.<\/p>\n<p>&#8220;N\u00eb Kongresin e vitit 1908, intelektual\u00ebt shqiptar\u00eb b\u00ebn\u00eb nj\u00eb hap t\u00eb madh drejt krijimit t\u00eb nj\u00eb alfabeti t\u00eb unifikuar, themel i kohezionit gjuh\u00ebsor dhe kulturor t\u00eb shqiptar\u00ebve. Ishte nj\u00eb akt me r\u00ebnd\u00ebsi t\u00eb thell\u00eb evropiane, nj\u00eb akt modernizimi t\u00eb arsimit dhe hapjeje. N\u00eb nj\u00eb periudh\u00eb kur Ballkani po p\u00ebrballej me sfida t\u00eb m\u00ebdha, Kongresi i Manastirit tregoi se fuqia e nj\u00eb shoq\u00ebrie buron nga njohuria, gjuha dhe besimi n\u00eb t\u00eb ardhmen\u201d, ka th\u00ebn\u00eb kryeministri i Maqedonis\u00eb s\u00eb Veriut, Hristian Mickovski<\/p>\n<p>Z\u00ebvend\u00ebskryeministri Arben Fetai n\u00eb fjal\u00ebn e tij tha se, Kongresi i Manastirit mbetet nj\u00eb nga ngjarjet m\u00eb t\u00eb r\u00ebnd\u00ebsishme p\u00ebr zhvillimin arsimor dhe kulturor t\u00eb vendit.<\/p>\n<p>&#8220;Kjo dit\u00eb sh\u00ebnon nj\u00eb moment t\u00eb r\u00ebnd\u00ebsish\u00ebm n\u00eb zhvillimin arsimor dhe kulturor t\u00eb vendit ton\u00eb. Ajo na kujton se gjuha e standartizuar nuk \u00ebsht\u00eb vet\u00ebm mjek komunikimi, por nj\u00eb hap i domosdosh\u00ebm drejt modernizimit t\u00eb shoq\u00ebris\u00eb dhe nd\u00ebrtimit t\u00eb institucioneve funksionale&#8221;, ka th\u00ebn\u00eb Arben Fetai, z\u00ebvend\u00ebskryeminist\u00ebr i Maqedonis\u00eb s\u00eb Veriut.<\/p>\n<p>Urimet e tyre p\u00ebr Dit\u00ebn e Kongresit t\u00eb Alfabetit shqip, kan\u00eb p\u00ebrcjell edhe udh\u00ebheq\u00ebsit tjer\u00eb shtet\u00ebror dhe politik n\u00eb Maqedonin\u00eb e Veriut.<\/p>\n<p>Kongresi p\u00ebr unifikimin e Alfabetit shqip u zhvillua prej 14 deri m\u00eb 22 n\u00ebntor t\u00eb vitit 1908.  Me vota unanime Kongresi vendosi t\u00eb lihet m\u00ebnjan\u00eb alfabeti i  Stambollit dhe q\u00eb gjuha shqipe t\u00eb shkruhet vet\u00ebm me alfabetin latin me 36 shkronja, t\u00eb cilin e p\u00ebrdorim edhe sot.<\/p>\n","protected":false},"excerpt":{"rendered":"<p>Prishtin\u00eb 22 N\u00ebntor 2025. 13:10 Me nj\u00eb seanc\u00eb solemne, Qeveria e Maqedonis\u00eb s\u00eb Veriut sh\u00ebnoi sot 117 vjetorin e mbajtjes s\u00eb Kongresit t\u00eb Alfabetit t\u00eb<\/p>\n","protected":false},"author":6,"featured_media":21378,"comment_status":"open","ping_status":"open","sticky":false,"template":"","format":"standard","meta":{"footnotes":""},"categories":[58],"tags":[],"class_list":["post-21377","post","type-post","status-publish","format-standard","has-post-thumbnail","hentry","category-politike-sq"],"yoast_head":"<!-- This site is optimized with the Yoast SEO plugin v25.3.1 - https:\/\/yoast.com\/wordpress\/plugins\/seo\/ -->\n<title>Mickovski: Kongresi i Manastirit, akt historik dhe evropian i shqiptar\u00ebve -<\/title>\n<meta name=\"robots\" content=\"index, follow, max-snippet:-1, max-image-preview:large, max-video-preview:-1\" \/>\n<link rel=\"canonical\" href=\"https:\/\/veritasinfo.org\/?p=21377\" \/>\n<meta property=\"og:locale\" content=\"en_US\" \/>\n<meta property=\"og:type\" content=\"article\" \/>\n<meta property=\"og:title\" content=\"Mickovski: Kongresi i Manastirit, akt historik dhe evropian i shqiptar\u00ebve -\" \/>\n<meta property=\"og:description\" content=\"Prishtin\u00eb 22 N\u00ebntor 2025. 13:10 Me nj\u00eb seanc\u00eb solemne, Qeveria e Maqedonis\u00eb s\u00eb Veriut sh\u00ebnoi sot 117 vjetorin e mbajtjes s\u00eb Kongresit t\u00eb Alfabetit t\u00eb\" \/>\n<meta property=\"og:url\" content=\"https:\/\/veritasinfo.org\/?p=21377\" \/>\n<meta property=\"article:published_time\" content=\"2025-11-22T12:11:30+00:00\" \/>\n<meta property=\"article:modified_time\" content=\"2025-11-22T12:12:39+00:00\" \/>\n<meta property=\"og:image\" content=\"https:\/\/veritasinfo.org\/wp-content\/uploads\/2025\/11\/710202-zow5REhX2C.jpg\" \/>\n\t<meta property=\"og:image:width\" content=\"780\" \/>\n\t<meta property=\"og:image:height\" content=\"500\" \/>\n\t<meta property=\"og:image:type\" content=\"image\/jpeg\" \/>\n<meta name=\"author\" content=\"US5\" \/>\n<meta name=\"twitter:card\" content=\"summary_large_image\" \/>\n<meta name=\"twitter:label1\" content=\"Written by\" \/>\n\t<meta name=\"twitter:data1\" content=\"US5\" \/>\n\t<meta name=\"twitter:label2\" content=\"Est. reading time\" \/>\n\t<meta name=\"twitter:data2\" content=\"2 minutes\" \/>\n<script type=\"application\/ld+json\" class=\"yoast-schema-graph\">{\"@context\":\"https:\/\/schema.org\",\"@graph\":[{\"@type\":\"WebPage\",\"@id\":\"https:\/\/veritasinfo.org\/?p=21377\",\"url\":\"https:\/\/veritasinfo.org\/?p=21377\",\"name\":\"Mickovski: Kongresi i Manastirit, akt historik dhe evropian i shqiptar\u00ebve -\",\"isPartOf\":{\"@id\":\"https:\/\/veritasinfo.org\/#website\"},\"primaryImageOfPage\":{\"@id\":\"https:\/\/veritasinfo.org\/?p=21377#primaryimage\"},\"image\":{\"@id\":\"https:\/\/veritasinfo.org\/?p=21377#primaryimage\"},\"thumbnailUrl\":\"https:\/\/veritasinfo.org\/wp-content\/uploads\/2025\/11\/710202-zow5REhX2C.jpg\",\"datePublished\":\"2025-11-22T12:11:30+00:00\",\"dateModified\":\"2025-11-22T12:12:39+00:00\",\"author\":{\"@id\":\"https:\/\/veritasinfo.org\/#\/schema\/person\/bc442336e35414d04494ab8fb45db4c6\"},\"breadcrumb\":{\"@id\":\"https:\/\/veritasinfo.org\/?p=21377#breadcrumb\"},\"inLanguage\":\"en-US\",\"potentialAction\":[{\"@type\":\"ReadAction\",\"target\":[\"https:\/\/veritasinfo.org\/?p=21377\"]}]},{\"@type\":\"ImageObject\",\"inLanguage\":\"en-US\",\"@id\":\"https:\/\/veritasinfo.org\/?p=21377#primaryimage\",\"url\":\"https:\/\/veritasinfo.org\/wp-content\/uploads\/2025\/11\/710202-zow5REhX2C.jpg\",\"contentUrl\":\"https:\/\/veritasinfo.org\/wp-content\/uploads\/2025\/11\/710202-zow5REhX2C.jpg\",\"width\":780,\"height\":500},{\"@type\":\"BreadcrumbList\",\"@id\":\"https:\/\/veritasinfo.org\/?p=21377#breadcrumb\",\"itemListElement\":[{\"@type\":\"ListItem\",\"position\":1,\"name\":\"Home\",\"item\":\"https:\/\/veritasinfo.org\/\"},{\"@type\":\"ListItem\",\"position\":2,\"name\":\"Mickovski: Kongresi i Manastirit, akt historik dhe evropian i shqiptar\u00ebve\"}]},{\"@type\":\"WebSite\",\"@id\":\"https:\/\/veritasinfo.org\/#website\",\"url\":\"https:\/\/veritasinfo.org\/\",\"name\":\"\",\"description\":\"\",\"potentialAction\":[{\"@type\":\"SearchAction\",\"target\":{\"@type\":\"EntryPoint\",\"urlTemplate\":\"https:\/\/veritasinfo.org\/?s={search_term_string}\"},\"query-input\":{\"@type\":\"PropertyValueSpecification\",\"valueRequired\":true,\"valueName\":\"search_term_string\"}}],\"inLanguage\":\"en-US\"},{\"@type\":\"Person\",\"@id\":\"https:\/\/veritasinfo.org\/#\/schema\/person\/bc442336e35414d04494ab8fb45db4c6\",\"name\":\"US5\",\"image\":{\"@type\":\"ImageObject\",\"inLanguage\":\"en-US\",\"@id\":\"https:\/\/veritasinfo.org\/#\/schema\/person\/image\/\",\"url\":\"https:\/\/secure.gravatar.com\/avatar\/16a61e7272a0c5d001121ebb9e60e925d5816e4ac1e443ed3e640d9a6ae55d0c?s=96&d=mm&r=g\",\"contentUrl\":\"https:\/\/secure.gravatar.com\/avatar\/16a61e7272a0c5d001121ebb9e60e925d5816e4ac1e443ed3e640d9a6ae55d0c?s=96&d=mm&r=g\",\"caption\":\"US5\"},\"url\":\"https:\/\/veritasinfo.org\/?author=6\"}]}<\/script>\n<!-- \/ Yoast SEO plugin. -->","yoast_head_json":{"title":"Mickovski: Kongresi i Manastirit, akt historik dhe evropian i shqiptar\u00ebve -","robots":{"index":"index","follow":"follow","max-snippet":"max-snippet:-1","max-image-preview":"max-image-preview:large","max-video-preview":"max-video-preview:-1"},"canonical":"https:\/\/veritasinfo.org\/?p=21377","og_locale":"en_US","og_type":"article","og_title":"Mickovski: Kongresi i Manastirit, akt historik dhe evropian i shqiptar\u00ebve -","og_description":"Prishtin\u00eb 22 N\u00ebntor 2025. 13:10 Me nj\u00eb seanc\u00eb solemne, Qeveria e Maqedonis\u00eb s\u00eb Veriut sh\u00ebnoi sot 117 vjetorin e mbajtjes s\u00eb Kongresit t\u00eb Alfabetit t\u00eb","og_url":"https:\/\/veritasinfo.org\/?p=21377","article_published_time":"2025-11-22T12:11:30+00:00","article_modified_time":"2025-11-22T12:12:39+00:00","og_image":[{"width":780,"height":500,"url":"https:\/\/veritasinfo.org\/wp-content\/uploads\/2025\/11\/710202-zow5REhX2C.jpg","type":"image\/jpeg"}],"author":"US5","twitter_card":"summary_large_image","twitter_misc":{"Written by":"US5","Est. reading time":"2 minutes"},"schema":{"@context":"https:\/\/schema.org","@graph":[{"@type":"WebPage","@id":"https:\/\/veritasinfo.org\/?p=21377","url":"https:\/\/veritasinfo.org\/?p=21377","name":"Mickovski: Kongresi i Manastirit, akt historik dhe evropian i shqiptar\u00ebve -","isPartOf":{"@id":"https:\/\/veritasinfo.org\/#website"},"primaryImageOfPage":{"@id":"https:\/\/veritasinfo.org\/?p=21377#primaryimage"},"image":{"@id":"https:\/\/veritasinfo.org\/?p=21377#primaryimage"},"thumbnailUrl":"https:\/\/veritasinfo.org\/wp-content\/uploads\/2025\/11\/710202-zow5REhX2C.jpg","datePublished":"2025-11-22T12:11:30+00:00","dateModified":"2025-11-22T12:12:39+00:00","author":{"@id":"https:\/\/veritasinfo.org\/#\/schema\/person\/bc442336e35414d04494ab8fb45db4c6"},"breadcrumb":{"@id":"https:\/\/veritasinfo.org\/?p=21377#breadcrumb"},"inLanguage":"en-US","potentialAction":[{"@type":"ReadAction","target":["https:\/\/veritasinfo.org\/?p=21377"]}]},{"@type":"ImageObject","inLanguage":"en-US","@id":"https:\/\/veritasinfo.org\/?p=21377#primaryimage","url":"https:\/\/veritasinfo.org\/wp-content\/uploads\/2025\/11\/710202-zow5REhX2C.jpg","contentUrl":"https:\/\/veritasinfo.org\/wp-content\/uploads\/2025\/11\/710202-zow5REhX2C.jpg","width":780,"height":500},{"@type":"BreadcrumbList","@id":"https:\/\/veritasinfo.org\/?p=21377#breadcrumb","itemListElement":[{"@type":"ListItem","position":1,"name":"Home","item":"https:\/\/veritasinfo.org\/"},{"@type":"ListItem","position":2,"name":"Mickovski: Kongresi i Manastirit, akt historik dhe evropian i shqiptar\u00ebve"}]},{"@type":"WebSite","@id":"https:\/\/veritasinfo.org\/#website","url":"https:\/\/veritasinfo.org\/","name":"","description":"","potentialAction":[{"@type":"SearchAction","target":{"@type":"EntryPoint","urlTemplate":"https:\/\/veritasinfo.org\/?s={search_term_string}"},"query-input":{"@type":"PropertyValueSpecification","valueRequired":true,"valueName":"search_term_string"}}],"inLanguage":"en-US"},{"@type":"Person","@id":"https:\/\/veritasinfo.org\/#\/schema\/person\/bc442336e35414d04494ab8fb45db4c6","name":"US5","image":{"@type":"ImageObject","inLanguage":"en-US","@id":"https:\/\/veritasinfo.org\/#\/schema\/person\/image\/","url":"https:\/\/secure.gravatar.com\/avatar\/16a61e7272a0c5d001121ebb9e60e925d5816e4ac1e443ed3e640d9a6ae55d0c?s=96&d=mm&r=g","contentUrl":"https:\/\/secure.gravatar.com\/avatar\/16a61e7272a0c5d001121ebb9e60e925d5816e4ac1e443ed3e640d9a6ae55d0c?s=96&d=mm&r=g","caption":"US5"},"url":"https:\/\/veritasinfo.org\/?author=6"}]}},"featured_image_urls":{"full":["https:\/\/veritasinfo.org\/wp-content\/uploads\/2025\/11\/710202-zow5REhX2C.jpg",780,500,false],"thumbnail":["https:\/\/veritasinfo.org\/wp-content\/uploads\/2025\/11\/710202-zow5REhX2C-150x150.jpg",150,150,true],"medium":["https:\/\/veritasinfo.org\/wp-content\/uploads\/2025\/11\/710202-zow5REhX2C-300x192.jpg",300,192,true],"medium_large":["https:\/\/veritasinfo.org\/wp-content\/uploads\/2025\/11\/710202-zow5REhX2C-768x492.jpg",640,410,true],"large":["https:\/\/veritasinfo.org\/wp-content\/uploads\/2025\/11\/710202-zow5REhX2C.jpg",640,410,false],"1536x1536":["https:\/\/veritasinfo.org\/wp-content\/uploads\/2025\/11\/710202-zow5REhX2C.jpg",780,500,false],"2048x2048":["https:\/\/veritasinfo.org\/wp-content\/uploads\/2025\/11\/710202-zow5REhX2C.jpg",780,500,false],"kreeti-slider-full":["https:\/\/veritasinfo.org\/wp-content\/uploads\/2025\/11\/710202-zow5REhX2C.jpg",780,500,false],"kreeti-featured":["https:\/\/veritasinfo.org\/wp-content\/uploads\/2025\/11\/710202-zow5REhX2C.jpg",780,500,false],"kreeti-medium":["https:\/\/veritasinfo.org\/wp-content\/uploads\/2025\/11\/710202-zow5REhX2C.jpg",720,462,false],"kreeti-medium-square":["https:\/\/veritasinfo.org\/wp-content\/uploads\/2025\/11\/710202-zow5REhX2C.jpg",350,224,false]},"author_info":{"info":["US5"]},"category_info":"<a href=\"https:\/\/veritasinfo.org\/?cat=58\" rel=\"category\">Politik\u00eb<\/a>","tag_info":"Politik\u00eb","comment_count":"0","_links":{"self":[{"href":"https:\/\/veritasinfo.org\/index.php?rest_route=\/wp\/v2\/posts\/21377","targetHints":{"allow":["GET"]}}],"collection":[{"href":"https:\/\/veritasinfo.org\/index.php?rest_route=\/wp\/v2\/posts"}],"about":[{"href":"https:\/\/veritasinfo.org\/index.php?rest_route=\/wp\/v2\/types\/post"}],"author":[{"embeddable":true,"href":"https:\/\/veritasinfo.org\/index.php?rest_route=\/wp\/v2\/users\/6"}],"replies":[{"embeddable":true,"href":"https:\/\/veritasinfo.org\/index.php?rest_route=%2Fwp%2Fv2%2Fcomments&post=21377"}],"version-history":[{"count":1,"href":"https:\/\/veritasinfo.org\/index.php?rest_route=\/wp\/v2\/posts\/21377\/revisions"}],"predecessor-version":[{"id":21379,"href":"https:\/\/veritasinfo.org\/index.php?rest_route=\/wp\/v2\/posts\/21377\/revisions\/21379"}],"wp:featuredmedia":[{"embeddable":true,"href":"https:\/\/veritasinfo.org\/index.php?rest_route=\/wp\/v2\/media\/21378"}],"wp:attachment":[{"href":"https:\/\/veritasinfo.org\/index.php?rest_route=%2Fwp%2Fv2%2Fmedia&parent=21377"}],"wp:term":[{"taxonomy":"category","embeddable":true,"href":"https:\/\/veritasinfo.org\/index.php?rest_route=%2Fwp%2Fv2%2Fcategories&post=21377"},{"taxonomy":"post_tag","embeddable":true,"href":"https:\/\/veritasinfo.org\/index.php?rest_route=%2Fwp%2Fv2%2Ftags&post=21377"}],"curies":[{"name":"wp","href":"https:\/\/api.w.org\/{rel}","templated":true}]}}