{"id":21371,"date":"2025-11-22T12:34:04","date_gmt":"2025-11-22T11:34:04","guid":{"rendered":"https:\/\/veritasinfo.org\/?p=21371"},"modified":"2025-11-22T12:34:04","modified_gmt":"2025-11-22T11:34:04","slug":"lirimi-i-arbnor-spahiut-mpjd-akuzon-serbine-per-paraburgim-politik","status":"publish","type":"post","link":"https:\/\/veritasinfo.org\/?p=21371","title":{"rendered":"Lirimi i Arbnor Spahiut, MPJD akuzon Serbin\u00eb p\u00ebr paraburgim politik"},"content":{"rendered":"<p>Prishtin\u00eb 22 N\u00ebntor 2025 12:32<\/p>\n<p>Shtetasi i Republik\u00ebs s\u00eb Kosov\u00ebs, Arbnor Spahiu, \u00ebsht\u00eb liruar nga paraburgimi n\u00eb Serbi, ku ishte mbajtur p\u00ebr nj\u00eb periudh\u00eb t\u00eb zgjatur n\u00ebn akuza p\u00ebr \u201cvrasje t\u00eb r\u00ebnd\u00eb\u201d, t\u00eb lidhura me ngjarjet n\u00eb Banjsk\u00eb n\u00eb vitin 2023<\/p>\n<p>Lajmin e ka konfirmuar Ministria e Pun\u00ebve t\u00eb Jashtme dhe Diaspor\u00ebs (MPJD), p\u00ebrmes informatave t\u00eb marra nga Zyra Nd\u00ebrlidh\u00ebse e Kosov\u00ebs n\u00eb Serbi.<\/p>\n<p>Sipas MPJD-s\u00eb, Spahiu ishte mbajtur n\u00eb paraburgim mbi akuza t\u00eb pabazuara dhe t\u00eb motivuara politikisht. Ministria thekson se nga dita e arrestimit, institucionet e Kosov\u00ebs, p\u00ebrfshir\u00eb Zyr\u00ebn Nd\u00ebrlidh\u00ebse, kan\u00eb ndjekur nga af\u00ebr rastin, duke ofruar mb\u00ebshtetjen e domosdoshme dhe duke k\u00ebrkuar respektimin e t\u00eb drejtave t\u00eb tij themelore dhe standardeve nd\u00ebrkomb\u00ebtare t\u00eb drejt\u00ebsis\u00eb.<\/p>\n<p>\u201cAkuzat e ngritura nga autoritetet e Serbis\u00eb kan\u00eb qen\u00eb t\u00eb motivuara politikisht dhe pa prova\u201d, thuhet n\u00eb komunikat\u00ebn e MPJD-s\u00eb, e cila shton se paraburgimi i zgjatur i Spahiut ka shkelur t\u00eb drejt\u00ebn p\u00ebr proces t\u00eb rregullt dhe trajtim t\u00eb drejt\u00eb.<\/p>\n<p>Sipas ministris\u00eb, lirimi i Spahiut d\u00ebshmon se pretendimet e Serbis\u00eb nuk kan\u00eb qen\u00eb t\u00eb q\u00ebndrueshme dhe se p\u00ebrdorimi i sistemit t\u00eb drejt\u00ebsis\u00eb p\u00ebr presion politik ndaj qytetar\u00ebve t\u00eb Kosov\u00ebs \u00ebsht\u00eb praktik\u00eb q\u00eb duhet t\u00eb marr\u00eb fund.<\/p>\n<p>MPJD ka fal\u00ebnderuar institucionet vendore dhe nd\u00ebrkomb\u00ebtare q\u00eb kan\u00eb kontribuar n\u00eb trajtimin e drejt\u00eb t\u00eb rastit, duke theksuar angazhimin e saj t\u00eb vazhduesh\u00ebm p\u00ebr mbrojtjen e qytetar\u00ebve t\u00eb Kosov\u00ebs kudo q\u00eb ndodhen.<\/p>\n","protected":false},"excerpt":{"rendered":"<p>Prishtin\u00eb 22 N\u00ebntor 2025 12:32 Shtetasi i Republik\u00ebs s\u00eb Kosov\u00ebs, Arbnor Spahiu, \u00ebsht\u00eb liruar nga paraburgimi n\u00eb Serbi, ku ishte mbajtur p\u00ebr nj\u00eb periudh\u00eb t\u00eb<\/p>\n","protected":false},"author":6,"featured_media":21372,"comment_status":"open","ping_status":"open","sticky":false,"template":"","format":"standard","meta":{"footnotes":""},"categories":[58],"tags":[],"class_list":["post-21371","post","type-post","status-publish","format-standard","has-post-thumbnail","hentry","category-politike-sq"],"yoast_head":"<!-- This site is optimized with the Yoast SEO plugin v25.3.1 - https:\/\/yoast.com\/wordpress\/plugins\/seo\/ -->\n<title>Lirimi i Arbnor Spahiut, MPJD akuzon Serbin\u00eb p\u00ebr paraburgim politik -<\/title>\n<meta name=\"robots\" content=\"index, follow, max-snippet:-1, max-image-preview:large, max-video-preview:-1\" \/>\n<link rel=\"canonical\" href=\"https:\/\/veritasinfo.org\/?p=21371\" \/>\n<meta property=\"og:locale\" content=\"en_US\" \/>\n<meta property=\"og:type\" content=\"article\" \/>\n<meta property=\"og:title\" content=\"Lirimi i Arbnor Spahiut, MPJD akuzon Serbin\u00eb p\u00ebr paraburgim politik -\" \/>\n<meta property=\"og:description\" content=\"Prishtin\u00eb 22 N\u00ebntor 2025 12:32 Shtetasi i Republik\u00ebs s\u00eb Kosov\u00ebs, Arbnor Spahiu, \u00ebsht\u00eb liruar nga paraburgimi n\u00eb Serbi, ku ishte mbajtur p\u00ebr nj\u00eb periudh\u00eb t\u00eb\" \/>\n<meta property=\"og:url\" content=\"https:\/\/veritasinfo.org\/?p=21371\" \/>\n<meta property=\"article:published_time\" content=\"2025-11-22T11:34:04+00:00\" \/>\n<meta property=\"og:image\" content=\"https:\/\/veritasinfo.org\/wp-content\/uploads\/2025\/11\/IMG_20251122_123301.jpg\" \/>\n\t<meta property=\"og:image:width\" content=\"507\" \/>\n\t<meta property=\"og:image:height\" content=\"477\" \/>\n\t<meta property=\"og:image:type\" content=\"image\/jpeg\" \/>\n<meta name=\"author\" content=\"US5\" \/>\n<meta name=\"twitter:card\" content=\"summary_large_image\" \/>\n<meta name=\"twitter:label1\" content=\"Written by\" \/>\n\t<meta name=\"twitter:data1\" content=\"US5\" \/>\n\t<meta name=\"twitter:label2\" content=\"Est. reading time\" \/>\n\t<meta name=\"twitter:data2\" content=\"1 minute\" \/>\n<script type=\"application\/ld+json\" class=\"yoast-schema-graph\">{\"@context\":\"https:\/\/schema.org\",\"@graph\":[{\"@type\":\"WebPage\",\"@id\":\"https:\/\/veritasinfo.org\/?p=21371\",\"url\":\"https:\/\/veritasinfo.org\/?p=21371\",\"name\":\"Lirimi i Arbnor Spahiut, MPJD akuzon Serbin\u00eb p\u00ebr paraburgim politik -\",\"isPartOf\":{\"@id\":\"https:\/\/veritasinfo.org\/#website\"},\"primaryImageOfPage\":{\"@id\":\"https:\/\/veritasinfo.org\/?p=21371#primaryimage\"},\"image\":{\"@id\":\"https:\/\/veritasinfo.org\/?p=21371#primaryimage\"},\"thumbnailUrl\":\"https:\/\/veritasinfo.org\/wp-content\/uploads\/2025\/11\/IMG_20251122_123301.jpg\",\"datePublished\":\"2025-11-22T11:34:04+00:00\",\"author\":{\"@id\":\"https:\/\/veritasinfo.org\/#\/schema\/person\/bc442336e35414d04494ab8fb45db4c6\"},\"breadcrumb\":{\"@id\":\"https:\/\/veritasinfo.org\/?p=21371#breadcrumb\"},\"inLanguage\":\"en-US\",\"potentialAction\":[{\"@type\":\"ReadAction\",\"target\":[\"https:\/\/veritasinfo.org\/?p=21371\"]}]},{\"@type\":\"ImageObject\",\"inLanguage\":\"en-US\",\"@id\":\"https:\/\/veritasinfo.org\/?p=21371#primaryimage\",\"url\":\"https:\/\/veritasinfo.org\/wp-content\/uploads\/2025\/11\/IMG_20251122_123301.jpg\",\"contentUrl\":\"https:\/\/veritasinfo.org\/wp-content\/uploads\/2025\/11\/IMG_20251122_123301.jpg\",\"width\":507,\"height\":477},{\"@type\":\"BreadcrumbList\",\"@id\":\"https:\/\/veritasinfo.org\/?p=21371#breadcrumb\",\"itemListElement\":[{\"@type\":\"ListItem\",\"position\":1,\"name\":\"Home\",\"item\":\"https:\/\/veritasinfo.org\/\"},{\"@type\":\"ListItem\",\"position\":2,\"name\":\"Lirimi i Arbnor Spahiut, MPJD akuzon Serbin\u00eb p\u00ebr paraburgim politik\"}]},{\"@type\":\"WebSite\",\"@id\":\"https:\/\/veritasinfo.org\/#website\",\"url\":\"https:\/\/veritasinfo.org\/\",\"name\":\"\",\"description\":\"\",\"potentialAction\":[{\"@type\":\"SearchAction\",\"target\":{\"@type\":\"EntryPoint\",\"urlTemplate\":\"https:\/\/veritasinfo.org\/?s={search_term_string}\"},\"query-input\":{\"@type\":\"PropertyValueSpecification\",\"valueRequired\":true,\"valueName\":\"search_term_string\"}}],\"inLanguage\":\"en-US\"},{\"@type\":\"Person\",\"@id\":\"https:\/\/veritasinfo.org\/#\/schema\/person\/bc442336e35414d04494ab8fb45db4c6\",\"name\":\"US5\",\"image\":{\"@type\":\"ImageObject\",\"inLanguage\":\"en-US\",\"@id\":\"https:\/\/veritasinfo.org\/#\/schema\/person\/image\/\",\"url\":\"https:\/\/secure.gravatar.com\/avatar\/16a61e7272a0c5d001121ebb9e60e925d5816e4ac1e443ed3e640d9a6ae55d0c?s=96&d=mm&r=g\",\"contentUrl\":\"https:\/\/secure.gravatar.com\/avatar\/16a61e7272a0c5d001121ebb9e60e925d5816e4ac1e443ed3e640d9a6ae55d0c?s=96&d=mm&r=g\",\"caption\":\"US5\"},\"url\":\"https:\/\/veritasinfo.org\/?author=6\"}]}<\/script>\n<!-- \/ Yoast SEO plugin. -->","yoast_head_json":{"title":"Lirimi i Arbnor Spahiut, MPJD akuzon Serbin\u00eb p\u00ebr paraburgim politik -","robots":{"index":"index","follow":"follow","max-snippet":"max-snippet:-1","max-image-preview":"max-image-preview:large","max-video-preview":"max-video-preview:-1"},"canonical":"https:\/\/veritasinfo.org\/?p=21371","og_locale":"en_US","og_type":"article","og_title":"Lirimi i Arbnor Spahiut, MPJD akuzon Serbin\u00eb p\u00ebr paraburgim politik -","og_description":"Prishtin\u00eb 22 N\u00ebntor 2025 12:32 Shtetasi i Republik\u00ebs s\u00eb Kosov\u00ebs, Arbnor Spahiu, \u00ebsht\u00eb liruar nga paraburgimi n\u00eb Serbi, ku ishte mbajtur p\u00ebr nj\u00eb periudh\u00eb t\u00eb","og_url":"https:\/\/veritasinfo.org\/?p=21371","article_published_time":"2025-11-22T11:34:04+00:00","og_image":[{"width":507,"height":477,"url":"https:\/\/veritasinfo.org\/wp-content\/uploads\/2025\/11\/IMG_20251122_123301.jpg","type":"image\/jpeg"}],"author":"US5","twitter_card":"summary_large_image","twitter_misc":{"Written by":"US5","Est. reading time":"1 minute"},"schema":{"@context":"https:\/\/schema.org","@graph":[{"@type":"WebPage","@id":"https:\/\/veritasinfo.org\/?p=21371","url":"https:\/\/veritasinfo.org\/?p=21371","name":"Lirimi i Arbnor Spahiut, MPJD akuzon Serbin\u00eb p\u00ebr paraburgim politik -","isPartOf":{"@id":"https:\/\/veritasinfo.org\/#website"},"primaryImageOfPage":{"@id":"https:\/\/veritasinfo.org\/?p=21371#primaryimage"},"image":{"@id":"https:\/\/veritasinfo.org\/?p=21371#primaryimage"},"thumbnailUrl":"https:\/\/veritasinfo.org\/wp-content\/uploads\/2025\/11\/IMG_20251122_123301.jpg","datePublished":"2025-11-22T11:34:04+00:00","author":{"@id":"https:\/\/veritasinfo.org\/#\/schema\/person\/bc442336e35414d04494ab8fb45db4c6"},"breadcrumb":{"@id":"https:\/\/veritasinfo.org\/?p=21371#breadcrumb"},"inLanguage":"en-US","potentialAction":[{"@type":"ReadAction","target":["https:\/\/veritasinfo.org\/?p=21371"]}]},{"@type":"ImageObject","inLanguage":"en-US","@id":"https:\/\/veritasinfo.org\/?p=21371#primaryimage","url":"https:\/\/veritasinfo.org\/wp-content\/uploads\/2025\/11\/IMG_20251122_123301.jpg","contentUrl":"https:\/\/veritasinfo.org\/wp-content\/uploads\/2025\/11\/IMG_20251122_123301.jpg","width":507,"height":477},{"@type":"BreadcrumbList","@id":"https:\/\/veritasinfo.org\/?p=21371#breadcrumb","itemListElement":[{"@type":"ListItem","position":1,"name":"Home","item":"https:\/\/veritasinfo.org\/"},{"@type":"ListItem","position":2,"name":"Lirimi i Arbnor Spahiut, MPJD akuzon Serbin\u00eb p\u00ebr paraburgim politik"}]},{"@type":"WebSite","@id":"https:\/\/veritasinfo.org\/#website","url":"https:\/\/veritasinfo.org\/","name":"","description":"","potentialAction":[{"@type":"SearchAction","target":{"@type":"EntryPoint","urlTemplate":"https:\/\/veritasinfo.org\/?s={search_term_string}"},"query-input":{"@type":"PropertyValueSpecification","valueRequired":true,"valueName":"search_term_string"}}],"inLanguage":"en-US"},{"@type":"Person","@id":"https:\/\/veritasinfo.org\/#\/schema\/person\/bc442336e35414d04494ab8fb45db4c6","name":"US5","image":{"@type":"ImageObject","inLanguage":"en-US","@id":"https:\/\/veritasinfo.org\/#\/schema\/person\/image\/","url":"https:\/\/secure.gravatar.com\/avatar\/16a61e7272a0c5d001121ebb9e60e925d5816e4ac1e443ed3e640d9a6ae55d0c?s=96&d=mm&r=g","contentUrl":"https:\/\/secure.gravatar.com\/avatar\/16a61e7272a0c5d001121ebb9e60e925d5816e4ac1e443ed3e640d9a6ae55d0c?s=96&d=mm&r=g","caption":"US5"},"url":"https:\/\/veritasinfo.org\/?author=6"}]}},"featured_image_urls":{"full":["https:\/\/veritasinfo.org\/wp-content\/uploads\/2025\/11\/IMG_20251122_123301.jpg",507,477,false],"thumbnail":["https:\/\/veritasinfo.org\/wp-content\/uploads\/2025\/11\/IMG_20251122_123301-150x150.jpg",150,150,true],"medium":["https:\/\/veritasinfo.org\/wp-content\/uploads\/2025\/11\/IMG_20251122_123301-300x282.jpg",300,282,true],"medium_large":["https:\/\/veritasinfo.org\/wp-content\/uploads\/2025\/11\/IMG_20251122_123301.jpg",507,477,false],"large":["https:\/\/veritasinfo.org\/wp-content\/uploads\/2025\/11\/IMG_20251122_123301.jpg",507,477,false],"1536x1536":["https:\/\/veritasinfo.org\/wp-content\/uploads\/2025\/11\/IMG_20251122_123301.jpg",507,477,false],"2048x2048":["https:\/\/veritasinfo.org\/wp-content\/uploads\/2025\/11\/IMG_20251122_123301.jpg",507,477,false],"kreeti-slider-full":["https:\/\/veritasinfo.org\/wp-content\/uploads\/2025\/11\/IMG_20251122_123301.jpg",507,477,false],"kreeti-featured":["https:\/\/veritasinfo.org\/wp-content\/uploads\/2025\/11\/IMG_20251122_123301.jpg",507,477,false],"kreeti-medium":["https:\/\/veritasinfo.org\/wp-content\/uploads\/2025\/11\/IMG_20251122_123301.jpg",507,477,false],"kreeti-medium-square":["https:\/\/veritasinfo.org\/wp-content\/uploads\/2025\/11\/IMG_20251122_123301.jpg",350,329,false]},"author_info":{"info":["US5"]},"category_info":"<a href=\"https:\/\/veritasinfo.org\/?cat=58\" rel=\"category\">Politik\u00eb<\/a>","tag_info":"Politik\u00eb","comment_count":"0","_links":{"self":[{"href":"https:\/\/veritasinfo.org\/index.php?rest_route=\/wp\/v2\/posts\/21371","targetHints":{"allow":["GET"]}}],"collection":[{"href":"https:\/\/veritasinfo.org\/index.php?rest_route=\/wp\/v2\/posts"}],"about":[{"href":"https:\/\/veritasinfo.org\/index.php?rest_route=\/wp\/v2\/types\/post"}],"author":[{"embeddable":true,"href":"https:\/\/veritasinfo.org\/index.php?rest_route=\/wp\/v2\/users\/6"}],"replies":[{"embeddable":true,"href":"https:\/\/veritasinfo.org\/index.php?rest_route=%2Fwp%2Fv2%2Fcomments&post=21371"}],"version-history":[{"count":1,"href":"https:\/\/veritasinfo.org\/index.php?rest_route=\/wp\/v2\/posts\/21371\/revisions"}],"predecessor-version":[{"id":21373,"href":"https:\/\/veritasinfo.org\/index.php?rest_route=\/wp\/v2\/posts\/21371\/revisions\/21373"}],"wp:featuredmedia":[{"embeddable":true,"href":"https:\/\/veritasinfo.org\/index.php?rest_route=\/wp\/v2\/media\/21372"}],"wp:attachment":[{"href":"https:\/\/veritasinfo.org\/index.php?rest_route=%2Fwp%2Fv2%2Fmedia&parent=21371"}],"wp:term":[{"taxonomy":"category","embeddable":true,"href":"https:\/\/veritasinfo.org\/index.php?rest_route=%2Fwp%2Fv2%2Fcategories&post=21371"},{"taxonomy":"post_tag","embeddable":true,"href":"https:\/\/veritasinfo.org\/index.php?rest_route=%2Fwp%2Fv2%2Ftags&post=21371"}],"curies":[{"name":"wp","href":"https:\/\/api.w.org\/{rel}","templated":true}]}}