{"id":2136,"date":"2025-07-01T11:55:26","date_gmt":"2025-07-01T09:55:26","guid":{"rendered":"https:\/\/veritasinfo.org\/?p=2136"},"modified":"2025-07-01T11:55:26","modified_gmt":"2025-07-01T09:55:26","slug":"nga-ora-1730-pritet-te-nise-puna-per-ndertimin-e-dy-urave-mbi-iber-ne-mitrovice","status":"publish","type":"post","link":"https:\/\/veritasinfo.org\/?p=2136","title":{"rendered":"Nga ora 17:30 pritet t\u00eb nis\u00eb puna p\u00ebr nd\u00ebrtimin e dy urave mbi Ib\u00ebr n\u00eb Mitrovic\u00eb"},"content":{"rendered":"<p style=\"padding-left: 40px;\">Mitrovic\u00eb Jugore, 01 Korrik 2025<\/p>\n<p>Sot pasdite pritet t\u00eb nis\u00eb puna p\u00ebr nd\u00ebrtimin e dy urave mbi Ib\u00ebr, t\u00eb cilat parashihen t\u00eb b\u00ebhen paralelisht me at\u00eb kryesoren, ka m\u00ebsuar Gazeta Express.<\/p>\n<p>Plani p\u00ebr k\u00ebto ura erdhi menj\u00ebher\u00eb pas themelimit t\u00eb Bordit t\u00eb P\u00ebrbashk\u00ebt mes Mitrovic\u00ebs s\u00eb Jugut dhe Mitrovic\u00ebs s\u00eb Veriut. Themelimi i k\u00ebtij bordi u p\u00ebrkrah nga Qeveria n\u00eb detyr\u00eb e Albin Kurtit.<\/p>\n<p>M\u00eb pas L\u00ebvizja Vet\u00ebvendosje publikoi projektin p\u00ebr nd\u00ebrtimin e dy urave t\u00eb reja mbi lumin Ib\u00ebr q\u00eb lidhin jugun dhe veriun e Mitrovic\u00ebs.<\/p>\n<p>\u201cKy projekt do t\u00eb leht\u00ebsoj\u00eb qarkullimin e qytetar\u00ebve dhe do t\u00eb sh\u00ebrbejn\u00eb si infrastruktur\u00eb p\u00ebr komunikim, integrim dhe zhvillim nd\u00ebrmjet dy pjes\u00ebve t\u00eb qytetit\u201d, tha partia e Kurtit.<\/p>\n<div class=\"mandeta-ad mandeta-ad-tag_inarticle2\">\n<div><\/div>\n<\/div>\n<p>N\u00eb reagim t\u00eb k\u00ebtij lajmi, Bashkimi Europian n\u00eb nj\u00eb p\u00ebrgjigje p\u00ebr Gazet\u00ebn Express tha se as s\u2019\u00ebsht\u00eb n\u00eb dijeni as s\u2019\u00ebsht\u00eb i p\u00ebrfshir\u00eb n\u00eb projekt<\/p>\n<p>Bashkimi Europian tha se \u00e7do vendim p\u00ebr nd\u00ebrtim lidhur me k\u00ebt\u00eb ur\u00eb duhet t\u00eb b\u00ebhet me kujdes dhe duke p\u00ebrfshir\u00eb komunitetet.<\/p>\n<p>\u201cBE-ja as nuk \u00ebsht\u00eb n\u00eb dijeni dhe as e p\u00ebrfshir\u00eb n\u00eb k\u00ebt\u00eb projekt. \u00c7do vendim p\u00ebr nd\u00ebrtimin e infrastruktur\u00ebs mbi lumin Ib\u00ebr duhet t\u00eb merret me kujdes dhe n\u00eb m\u00ebnyr\u00eb gjith\u00ebp\u00ebrfshir\u00ebse duke p\u00ebrfshir\u00eb plot\u00ebsisht t\u00eb gjitha komunitetet e prekura\u201d, ka th\u00ebn\u00eb nj\u00eb z\u00ebdh\u00ebn\u00ebsi i BE-s\u00eb p\u00ebr Express.<\/p>\n<p>Po ashtu, Bashkimi Europian disa dit\u00eb m\u00eb pas ka konfirmuar se jan\u00eb duke kryer nj\u00eb vler\u00ebsim rutin\u00eb t\u00eb struktur\u00ebs s\u00eb Ur\u00ebs s\u00eb Ibrit dhe duke b\u00ebr\u00eb nj\u00eb studim t\u00eb planit urban n\u00eb hap\u00ebsirat rreth Ur\u00ebs marr\u00eb parasysh koh\u00ebn q\u00eb ka kaluar q\u00eb nga finalizimi i revitalizimit t\u00eb Ur\u00ebs.<\/p>\n<p>P\u00ebr k\u00ebto testime, nj\u00eb z\u00ebdh\u00ebn\u00ebs i BE-s\u00eb i ka th\u00ebn\u00eb Gazet\u00ebs Express se institucionet e Kosov\u00ebs kan\u00eb qen\u00eb n\u00eb dijeni.<\/p>\n<p>\u201cAutoritetet e Kosov\u00ebs jan\u00eb informuar si\u00e7 duhet paraprakisht\u201d, ka th\u00ebn\u00eb nj\u00eb z\u00ebdh\u00ebn\u00ebs i BE-s\u00eb p\u00ebr Express.<\/p>\n<p>Ky vler\u00ebsim p\u00ebr struktur\u00ebn e Ur\u00ebs s\u00eb Ibrit, thot\u00eb ky z\u00ebdh\u00ebn\u00ebs i BE-s\u00eb, nuk sinjalizon ndryshimin e status-quos sa i p\u00ebrket Ur\u00ebs s\u00eb Ibrit, por ka p\u00ebr q\u00ebllim t\u00eb siguroj\u00eb q\u00eb \u00e7far\u00ebdo vendimi lidhur me t\u00eb ardhmen e Ur\u00ebs t\u00eb jet\u00eb i bazuar n\u00eb t\u00eb dh\u00ebna t\u00eb sakta.<\/p>\n<p>\u201cKy vler\u00ebsim nuk sinjalizon ndonj\u00eb ndryshim n\u00eb status quo-n\u00eb, por synon t\u00eb siguroj\u00eb q\u00eb \u00e7do vendim n\u00eb lidhje me t\u00eb ardhmen e ur\u00ebs t\u00eb bazohet n\u00eb t\u00eb dh\u00ebna teknike t\u00eb azhurnuara, t\u00eb sakta dhe objektive\u201d, ka shtuar tutje p\u00ebr Express ky z\u00ebdh\u00ebn\u00ebs i Bashkimit Evropian.<\/p>\n<p>Lidhur me t\u00eb ardhmen e Ur\u00ebs s\u00eb Ibrit nga Brukseli thon\u00eb se BE \u00ebsht\u00eb duke u koordinuar ngusht\u00eb me partner\u00ebt e saj dhe\u00a0 kan\u00eb k\u00ebrkuar nga institucionet e Kosov\u00ebs t\u00eb p\u00ebrmbahen nga \u00e7far\u00ebdo vendimi i pakoordinuar, p\u00ebrfshir\u00eb edhe synimin p\u00ebr nd\u00ebrtimin e dy urave t\u00eb reja ngjitur me Ur\u00ebn kryesore.<\/p>\n","protected":false},"excerpt":{"rendered":"<p>Mitrovic\u00eb Jugore, 01 Korrik 2025 Sot pasdite pritet t\u00eb nis\u00eb puna p\u00ebr nd\u00ebrtimin e dy urave mbi Ib\u00ebr, t\u00eb cilat parashihen t\u00eb b\u00ebhen paralelisht me<\/p>\n","protected":false},"author":1,"featured_media":2137,"comment_status":"open","ping_status":"open","sticky":false,"template":"","format":"standard","meta":{"footnotes":""},"categories":[52],"tags":[],"class_list":["post-2136","post","type-post","status-publish","format-standard","has-post-thumbnail","hentry","category-komunat-sq"],"yoast_head":"<!-- This site is optimized with the Yoast SEO plugin v25.3.1 - https:\/\/yoast.com\/wordpress\/plugins\/seo\/ -->\n<title>Nga ora 17:30 pritet t\u00eb nis\u00eb puna p\u00ebr nd\u00ebrtimin e dy urave mbi Ib\u00ebr n\u00eb Mitrovic\u00eb -<\/title>\n<meta name=\"robots\" content=\"index, follow, max-snippet:-1, max-image-preview:large, max-video-preview:-1\" \/>\n<link rel=\"canonical\" href=\"https:\/\/veritasinfo.org\/?p=2136\" \/>\n<meta property=\"og:locale\" content=\"en_US\" \/>\n<meta property=\"og:type\" content=\"article\" \/>\n<meta property=\"og:title\" content=\"Nga ora 17:30 pritet t\u00eb nis\u00eb puna p\u00ebr nd\u00ebrtimin e dy urave mbi Ib\u00ebr n\u00eb Mitrovic\u00eb -\" \/>\n<meta property=\"og:description\" content=\"Mitrovic\u00eb Jugore, 01 Korrik 2025 Sot pasdite pritet t\u00eb nis\u00eb puna p\u00ebr nd\u00ebrtimin e dy urave mbi Ib\u00ebr, t\u00eb cilat parashihen t\u00eb b\u00ebhen paralelisht me\" \/>\n<meta property=\"og:url\" content=\"https:\/\/veritasinfo.org\/?p=2136\" \/>\n<meta property=\"article:published_time\" content=\"2025-07-01T09:55:26+00:00\" \/>\n<meta property=\"og:image\" content=\"https:\/\/veritasinfo.org\/wp-content\/uploads\/2025\/07\/IMG_1641.jpeg\" \/>\n\t<meta property=\"og:image:width\" content=\"600\" \/>\n\t<meta property=\"og:image:height\" content=\"360\" \/>\n\t<meta property=\"og:image:type\" content=\"image\/jpeg\" \/>\n<meta name=\"author\" content=\"admin\" \/>\n<meta name=\"twitter:card\" content=\"summary_large_image\" \/>\n<meta name=\"twitter:label1\" content=\"Written by\" \/>\n\t<meta name=\"twitter:data1\" content=\"admin\" \/>\n\t<meta name=\"twitter:label2\" content=\"Est. reading time\" \/>\n\t<meta name=\"twitter:data2\" content=\"3 minutes\" \/>\n<script type=\"application\/ld+json\" class=\"yoast-schema-graph\">{\"@context\":\"https:\/\/schema.org\",\"@graph\":[{\"@type\":\"WebPage\",\"@id\":\"https:\/\/veritasinfo.org\/?p=2136\",\"url\":\"https:\/\/veritasinfo.org\/?p=2136\",\"name\":\"Nga ora 17:30 pritet t\u00eb nis\u00eb puna p\u00ebr nd\u00ebrtimin e dy urave mbi Ib\u00ebr n\u00eb Mitrovic\u00eb -\",\"isPartOf\":{\"@id\":\"https:\/\/veritasinfo.org\/#website\"},\"primaryImageOfPage\":{\"@id\":\"https:\/\/veritasinfo.org\/?p=2136#primaryimage\"},\"image\":{\"@id\":\"https:\/\/veritasinfo.org\/?p=2136#primaryimage\"},\"thumbnailUrl\":\"https:\/\/veritasinfo.org\/wp-content\/uploads\/2025\/07\/IMG_1641.jpeg\",\"datePublished\":\"2025-07-01T09:55:26+00:00\",\"author\":{\"@id\":\"https:\/\/veritasinfo.org\/#\/schema\/person\/7701f8c088bece422266b100a712374f\"},\"breadcrumb\":{\"@id\":\"https:\/\/veritasinfo.org\/?p=2136#breadcrumb\"},\"inLanguage\":\"en-US\",\"potentialAction\":[{\"@type\":\"ReadAction\",\"target\":[\"https:\/\/veritasinfo.org\/?p=2136\"]}]},{\"@type\":\"ImageObject\",\"inLanguage\":\"en-US\",\"@id\":\"https:\/\/veritasinfo.org\/?p=2136#primaryimage\",\"url\":\"https:\/\/veritasinfo.org\/wp-content\/uploads\/2025\/07\/IMG_1641.jpeg\",\"contentUrl\":\"https:\/\/veritasinfo.org\/wp-content\/uploads\/2025\/07\/IMG_1641.jpeg\",\"width\":600,\"height\":360},{\"@type\":\"BreadcrumbList\",\"@id\":\"https:\/\/veritasinfo.org\/?p=2136#breadcrumb\",\"itemListElement\":[{\"@type\":\"ListItem\",\"position\":1,\"name\":\"Home\",\"item\":\"https:\/\/veritasinfo.org\/\"},{\"@type\":\"ListItem\",\"position\":2,\"name\":\"Nga ora 17:30 pritet t\u00eb nis\u00eb puna p\u00ebr nd\u00ebrtimin e dy urave mbi Ib\u00ebr n\u00eb Mitrovic\u00eb\"}]},{\"@type\":\"WebSite\",\"@id\":\"https:\/\/veritasinfo.org\/#website\",\"url\":\"https:\/\/veritasinfo.org\/\",\"name\":\"\",\"description\":\"\",\"potentialAction\":[{\"@type\":\"SearchAction\",\"target\":{\"@type\":\"EntryPoint\",\"urlTemplate\":\"https:\/\/veritasinfo.org\/?s={search_term_string}\"},\"query-input\":{\"@type\":\"PropertyValueSpecification\",\"valueRequired\":true,\"valueName\":\"search_term_string\"}}],\"inLanguage\":\"en-US\"},{\"@type\":\"Person\",\"@id\":\"https:\/\/veritasinfo.org\/#\/schema\/person\/7701f8c088bece422266b100a712374f\",\"name\":\"admin\",\"image\":{\"@type\":\"ImageObject\",\"inLanguage\":\"en-US\",\"@id\":\"https:\/\/veritasinfo.org\/#\/schema\/person\/image\/\",\"url\":\"https:\/\/secure.gravatar.com\/avatar\/ea53aa3bf6c9a12d5fde8ce4deff43fef3885ae33cf60184161a50d6987cfd2f?s=96&d=mm&r=g\",\"contentUrl\":\"https:\/\/secure.gravatar.com\/avatar\/ea53aa3bf6c9a12d5fde8ce4deff43fef3885ae33cf60184161a50d6987cfd2f?s=96&d=mm&r=g\",\"caption\":\"admin\"},\"sameAs\":[\"https:\/\/veritasinfo.org\"],\"url\":\"https:\/\/veritasinfo.org\/?author=1\"}]}<\/script>\n<!-- \/ Yoast SEO plugin. -->","yoast_head_json":{"title":"Nga ora 17:30 pritet t\u00eb nis\u00eb puna p\u00ebr nd\u00ebrtimin e dy urave mbi Ib\u00ebr n\u00eb Mitrovic\u00eb -","robots":{"index":"index","follow":"follow","max-snippet":"max-snippet:-1","max-image-preview":"max-image-preview:large","max-video-preview":"max-video-preview:-1"},"canonical":"https:\/\/veritasinfo.org\/?p=2136","og_locale":"en_US","og_type":"article","og_title":"Nga ora 17:30 pritet t\u00eb nis\u00eb puna p\u00ebr nd\u00ebrtimin e dy urave mbi Ib\u00ebr n\u00eb Mitrovic\u00eb -","og_description":"Mitrovic\u00eb Jugore, 01 Korrik 2025 Sot pasdite pritet t\u00eb nis\u00eb puna p\u00ebr nd\u00ebrtimin e dy urave mbi Ib\u00ebr, t\u00eb cilat parashihen t\u00eb b\u00ebhen paralelisht me","og_url":"https:\/\/veritasinfo.org\/?p=2136","article_published_time":"2025-07-01T09:55:26+00:00","og_image":[{"width":600,"height":360,"url":"https:\/\/veritasinfo.org\/wp-content\/uploads\/2025\/07\/IMG_1641.jpeg","type":"image\/jpeg"}],"author":"admin","twitter_card":"summary_large_image","twitter_misc":{"Written by":"admin","Est. reading time":"3 minutes"},"schema":{"@context":"https:\/\/schema.org","@graph":[{"@type":"WebPage","@id":"https:\/\/veritasinfo.org\/?p=2136","url":"https:\/\/veritasinfo.org\/?p=2136","name":"Nga ora 17:30 pritet t\u00eb nis\u00eb puna p\u00ebr nd\u00ebrtimin e dy urave mbi Ib\u00ebr n\u00eb Mitrovic\u00eb -","isPartOf":{"@id":"https:\/\/veritasinfo.org\/#website"},"primaryImageOfPage":{"@id":"https:\/\/veritasinfo.org\/?p=2136#primaryimage"},"image":{"@id":"https:\/\/veritasinfo.org\/?p=2136#primaryimage"},"thumbnailUrl":"https:\/\/veritasinfo.org\/wp-content\/uploads\/2025\/07\/IMG_1641.jpeg","datePublished":"2025-07-01T09:55:26+00:00","author":{"@id":"https:\/\/veritasinfo.org\/#\/schema\/person\/7701f8c088bece422266b100a712374f"},"breadcrumb":{"@id":"https:\/\/veritasinfo.org\/?p=2136#breadcrumb"},"inLanguage":"en-US","potentialAction":[{"@type":"ReadAction","target":["https:\/\/veritasinfo.org\/?p=2136"]}]},{"@type":"ImageObject","inLanguage":"en-US","@id":"https:\/\/veritasinfo.org\/?p=2136#primaryimage","url":"https:\/\/veritasinfo.org\/wp-content\/uploads\/2025\/07\/IMG_1641.jpeg","contentUrl":"https:\/\/veritasinfo.org\/wp-content\/uploads\/2025\/07\/IMG_1641.jpeg","width":600,"height":360},{"@type":"BreadcrumbList","@id":"https:\/\/veritasinfo.org\/?p=2136#breadcrumb","itemListElement":[{"@type":"ListItem","position":1,"name":"Home","item":"https:\/\/veritasinfo.org\/"},{"@type":"ListItem","position":2,"name":"Nga ora 17:30 pritet t\u00eb nis\u00eb puna p\u00ebr nd\u00ebrtimin e dy urave mbi Ib\u00ebr n\u00eb Mitrovic\u00eb"}]},{"@type":"WebSite","@id":"https:\/\/veritasinfo.org\/#website","url":"https:\/\/veritasinfo.org\/","name":"","description":"","potentialAction":[{"@type":"SearchAction","target":{"@type":"EntryPoint","urlTemplate":"https:\/\/veritasinfo.org\/?s={search_term_string}"},"query-input":{"@type":"PropertyValueSpecification","valueRequired":true,"valueName":"search_term_string"}}],"inLanguage":"en-US"},{"@type":"Person","@id":"https:\/\/veritasinfo.org\/#\/schema\/person\/7701f8c088bece422266b100a712374f","name":"admin","image":{"@type":"ImageObject","inLanguage":"en-US","@id":"https:\/\/veritasinfo.org\/#\/schema\/person\/image\/","url":"https:\/\/secure.gravatar.com\/avatar\/ea53aa3bf6c9a12d5fde8ce4deff43fef3885ae33cf60184161a50d6987cfd2f?s=96&d=mm&r=g","contentUrl":"https:\/\/secure.gravatar.com\/avatar\/ea53aa3bf6c9a12d5fde8ce4deff43fef3885ae33cf60184161a50d6987cfd2f?s=96&d=mm&r=g","caption":"admin"},"sameAs":["https:\/\/veritasinfo.org"],"url":"https:\/\/veritasinfo.org\/?author=1"}]}},"featured_image_urls":{"full":["https:\/\/veritasinfo.org\/wp-content\/uploads\/2025\/07\/IMG_1641.jpeg",600,360,false],"thumbnail":["https:\/\/veritasinfo.org\/wp-content\/uploads\/2025\/07\/IMG_1641-150x150.jpeg",150,150,true],"medium":["https:\/\/veritasinfo.org\/wp-content\/uploads\/2025\/07\/IMG_1641-300x180.jpeg",300,180,true],"medium_large":["https:\/\/veritasinfo.org\/wp-content\/uploads\/2025\/07\/IMG_1641.jpeg",600,360,false],"large":["https:\/\/veritasinfo.org\/wp-content\/uploads\/2025\/07\/IMG_1641.jpeg",600,360,false],"1536x1536":["https:\/\/veritasinfo.org\/wp-content\/uploads\/2025\/07\/IMG_1641.jpeg",600,360,false],"2048x2048":["https:\/\/veritasinfo.org\/wp-content\/uploads\/2025\/07\/IMG_1641.jpeg",600,360,false],"kreeti-slider-full":["https:\/\/veritasinfo.org\/wp-content\/uploads\/2025\/07\/IMG_1641.jpeg",600,360,false],"kreeti-featured":["https:\/\/veritasinfo.org\/wp-content\/uploads\/2025\/07\/IMG_1641.jpeg",600,360,false],"kreeti-medium":["https:\/\/veritasinfo.org\/wp-content\/uploads\/2025\/07\/IMG_1641.jpeg",600,360,false],"kreeti-medium-square":["https:\/\/veritasinfo.org\/wp-content\/uploads\/2025\/07\/IMG_1641.jpeg",350,210,false]},"author_info":{"info":["admin"]},"category_info":"<a href=\"https:\/\/veritasinfo.org\/?cat=52\" rel=\"category\">Komunat<\/a>","tag_info":"Komunat","comment_count":"0","_links":{"self":[{"href":"https:\/\/veritasinfo.org\/index.php?rest_route=\/wp\/v2\/posts\/2136","targetHints":{"allow":["GET"]}}],"collection":[{"href":"https:\/\/veritasinfo.org\/index.php?rest_route=\/wp\/v2\/posts"}],"about":[{"href":"https:\/\/veritasinfo.org\/index.php?rest_route=\/wp\/v2\/types\/post"}],"author":[{"embeddable":true,"href":"https:\/\/veritasinfo.org\/index.php?rest_route=\/wp\/v2\/users\/1"}],"replies":[{"embeddable":true,"href":"https:\/\/veritasinfo.org\/index.php?rest_route=%2Fwp%2Fv2%2Fcomments&post=2136"}],"version-history":[{"count":1,"href":"https:\/\/veritasinfo.org\/index.php?rest_route=\/wp\/v2\/posts\/2136\/revisions"}],"predecessor-version":[{"id":2138,"href":"https:\/\/veritasinfo.org\/index.php?rest_route=\/wp\/v2\/posts\/2136\/revisions\/2138"}],"wp:featuredmedia":[{"embeddable":true,"href":"https:\/\/veritasinfo.org\/index.php?rest_route=\/wp\/v2\/media\/2137"}],"wp:attachment":[{"href":"https:\/\/veritasinfo.org\/index.php?rest_route=%2Fwp%2Fv2%2Fmedia&parent=2136"}],"wp:term":[{"taxonomy":"category","embeddable":true,"href":"https:\/\/veritasinfo.org\/index.php?rest_route=%2Fwp%2Fv2%2Fcategories&post=2136"},{"taxonomy":"post_tag","embeddable":true,"href":"https:\/\/veritasinfo.org\/index.php?rest_route=%2Fwp%2Fv2%2Ftags&post=2136"}],"curies":[{"name":"wp","href":"https:\/\/api.w.org\/{rel}","templated":true}]}}