{"id":21355,"date":"2025-11-22T08:15:06","date_gmt":"2025-11-22T07:15:06","guid":{"rendered":"https:\/\/veritasinfo.org\/?p=21355"},"modified":"2025-11-22T08:15:06","modified_gmt":"2025-11-22T07:15:06","slug":"ne-shkurt-deklaratat-permbyllese-ne-rastin-ndaj-ish-krereve-te-uck-se","status":"publish","type":"post","link":"https:\/\/veritasinfo.org\/?p=21355","title":{"rendered":"N\u00eb shkurt deklaratat p\u00ebrmbyll\u00ebse n\u00eb rastin ndaj ish-krer\u00ebve t\u00eb U\u00c7K-s\u00eb"},"content":{"rendered":"<p>Prishtin\u00eb, 22 n\u00ebntor 2025 08:14<\/p>\n<p>N\u00eb gjykimin ndaj ish-krer\u00ebve t\u00eb U\u00c7K-s\u00eb, Hashim Tha\u00e7it, Kadri Veselit, Rexhep Selimit dhe Jakup Kransiqit \u00ebsht\u00eb vendosur q\u00eb n\u00eb shkurt t\u00eb jepet deklarata p\u00ebrmbyll\u00ebse e pal\u00ebve n\u00eb k\u00ebt\u00eb rast. Sipas vendimit t\u00eb trupit gjykues, nga 9 deri m\u00eb 13 shkurt 2026 planifikohet q\u00eb t\u00eb jepen deklaratat p\u00ebrmbyll\u00ebse.<\/p>\n<p>Nd\u00ebrsa, mbyllja zyrtare e provave t\u00eb mbrojtjes do t\u00eb b\u00ebhet deri me 2 dhjetor 2025 ose n\u00eb dit\u00ebn e par\u00eb t\u00eb pun\u00ebs pas l\u00ebshimit t\u00eb vendimit t\u00eb fundit prej Trupit Gjykues mbi k\u00ebrkesat e mbetura p\u00ebr pranimin e provave, cilado data jet\u00eb m\u00eb e hershme.<\/p>\n<p>Nd\u00ebrsa, dosjet gjyq\u00ebsore p\u00ebrfundimtare si dhe deklaratat p\u00ebr pasojat e krimeve t\u00eb pretenduara ndaj viktimave pjes\u00ebmarr\u00ebse do t\u00eb dor\u00ebzohen deri me 19 janar 2026.<\/p>\n<p>Kurse, \u00ebsht\u00eb hedhur posht\u00eb k\u00ebrkesa e Mbrojtjes p\u00ebr procedur\u00eb t\u00eb ve\u00e7ant\u00eb t\u00eb p\u00ebrcaktimit t\u00eb d\u00ebnimit, duke konfirmuar se \u00e7do p\u00ebrcaktim i d\u00ebnimit, n\u00eb rast se \u00ebsht\u00eb i zbatuesh\u00ebm, do t\u00eb shqyrtohet me aktgjykimin, dhe duke urdh\u00ebruar pal\u00ebt q\u00eb t\u00eb p\u00ebrfshijn\u00eb \u00e7do parashtrim lidhur me p\u00ebrcaktimin e d\u00ebnimit n\u00eb dosjet gjyq\u00ebsore p\u00ebrfundimtare t\u00eb tyre.<\/p>\n<p>Mbrojtja ka filluar me paraqitjen e provave t\u00eb saj m\u00eb\u00a015 shtator 2025, ku p\u00ebr tri dit\u00eb me radh\u00eb u d\u00ebgjua ish-ndihm\u00ebsi i sekretarit amerikan t\u00eb shtetit, James Rubin.<\/p>\n<p>Nd\u00ebrsa, pas tij u thirr\u00a0ish-k\u00ebshilltari ligjor i delegacionit shqiptar n\u00eb Rambuje, Paul \u00cbilliams. Kurse, ish-k\u00ebshilltari politik i komandantit t\u00eb lart\u00eb t\u00eb NATO-s, Wesley Clark, John Ste\u00ebart Duncan filloi d\u00ebshmin\u00eb m\u00eb\u00a022 shtator\u00a0dhe e mbaroi m\u00eb\u00a023 shtator 2025.<\/p>\n<p>Kurse, m\u00eb\u00a030 shtator\u00a0nisi d\u00ebshmin\u00eb James Peter Covey, ish-z\u00ebvend\u00ebs i p\u00ebrfaq\u00ebsuesit t\u00eb OKB-s\u00eb n\u00eb Kosov\u00eb, Bernard Kouchner. Covey e p\u00ebrfundoi d\u00ebshmin\u00eb m\u00eb\u00a02 tetor.<\/p>\n<p>M\u00eb pas, ish-diplomati amerikan Christopher Hill filloi d\u00ebshmin\u00eb m\u00eb\u00a010 n\u00ebntor\u00a02025 dhe vazhdoi edhe m\u00eb\u00a011 n\u00ebntor 2025\u00a0dhe\u00a012 n\u00ebntor 2025. E ish-k\u00ebshilltari politik i \u00cbesley Clark, Michael Durkee d\u00ebshmoi m\u00eb\u00a012\u00a0dhe\u00a013 n\u00ebntor 2025. Nd\u00ebrsa, m\u00eb\u00a017 n\u00ebntor\u00a0e filloi d\u00ebshmin\u00eb \u00cbesley Clark i cili e p\u00ebrfundoi m\u00eb pas m\u00eb\u00a018 n\u00ebntor 2025.<\/p>\n<p>N\u00eb mb\u00ebshtetje t\u00eb ish-krer\u00ebve t\u00eb U\u00c7K-s\u00eb t\u00eb cil\u00ebt po gjykohen n\u00eb Hag\u00eb jan\u00eb mbajtur kat\u00ebr protesta n\u00eb\u00a0Prishtin\u00eb,\u00a0Hag\u00eb,\u00a0Tiran\u00eb\u00a0dhe\u00a0Strasburg.<\/p>\n<p>DhSK-ja kishte b\u00ebr\u00eb t\u00eb ditur se\u00a014 n\u00ebntori 2025\u00a0\u00ebsht\u00eb caktuar si dat\u00eb p\u00ebr p\u00ebrfundimin e \u00e7\u00ebshtjes s\u00eb mbrojtjes n\u00eb k\u00ebt\u00eb rast, kurse parashtresat p\u00ebrfundimtare t\u00eb procesit dhe deklaratat mbi ndikimin e krimeve t\u00eb pretenduara tek viktimave q\u00eb marrin pjes\u00eb n\u00eb procedur\u00eb planifikohen t\u00eb paraqiten deri m\u00eb 22 dhjetor 2025<\/p>\n<p>Nd\u00ebrkoh\u00eb, m\u00eb 15 prill 2025, Prokuroria ka njoftuar se ka p\u00ebrfunduar paraqitjen e provave n\u00eb k\u00ebt\u00eb rast.<\/p>\n<p>Nd\u00ebrsa, mbrojtja kishte b\u00ebr\u00eb k\u00ebrkes\u00eb sipas Rregull\u00ebs 130, e cila parasheh k\u00ebrkes\u00ebn p\u00ebr rr\u00ebzimin e ndonj\u00eb akuze apo akuzave n\u00eb t\u00ebr\u00ebsi n\u00eb aktakuz\u00eb. Vendimi mbi k\u00ebt\u00eb k\u00ebrkes\u00eb ishte\u00a0marr\u00eb m\u00eb 16 korrik 2025. Sipas kryetarit t\u00eb trupit gjykues, Charles Smith III, ajo q\u00eb kishte k\u00ebrkuar mbrojtja ishte mosmb\u00ebshtetja n\u00eb pretendime p\u00ebr krime lufte q\u00eb kan\u00eb t\u00eb b\u00ebjn\u00eb me incidente q\u00eb kan\u00eb ndodhur para majit t\u00eb 1998-\u00ebs dhe pas 20 qershorit t\u00eb 1999-\u00ebs.<\/p>\n<p>\u201cTrupi gjykues v\u00ebren se incidentet dhe ngjarjet q\u00eb kan\u00eb ndodhur n\u00eb koh\u00ebn q\u00eb kund\u00ebrshtohen prej mbrojtjes nuk jan\u00eb akuza brenda kuptimit t\u00eb Rregull\u00ebs 130\u201d, tha kryetari i trupit gjykues, Charles Smith III.<\/p>\n<p>Si rrjedhoj\u00eb, ishte rr\u00ebzuar ky mocion me arsyetimin se trupi gjykues s\u2019e ka autoritetin p\u00ebr t\u00eb rr\u00ebzuar materiale q\u00eb p\u00ebrb\u00ebjn\u00eb akuzat q\u00eb kan\u00eb t\u00eb b\u00ebjn\u00eb me shkaqe kohore. Nd\u00ebrsa, po t\u00eb nj\u00ebjt\u00ebn dit\u00eb, mbrojtja e viktimave kishte paraqitur provat e veta duke thirrur dy d\u00ebshmitare eksperte p\u00ebr t\u00eb d\u00ebshmuar nj\u00ebkoh\u00ebsisht.<\/p>\n<p>P\u00ebrve\u00e7 q\u00eb d\u00ebshmuan m\u00eb 16 korrik 2025, d\u00ebshmia e k\u00ebtyre dy d\u00ebshmitareve vazhdoi edhe\u00a0m\u00eb 17 korrik 2025, duke p\u00ebrfunduar k\u00ebshtu edhe marrja e d\u00ebshmive t\u00eb d\u00ebshmitar\u00ebve t\u00eb mbrojtjes s\u00eb viktimave.<\/p>\n<p>Zyra e Prokurorit t\u00eb Specializuar, m\u00eb 30 shtator 2022 ka dor\u00ebzuar aktakuz\u00ebn e konfirmuar t\u00eb ndryshuar ndaj Hashim Tha\u00e7it, Kadri Veselit, Jakup Krasniqit dhe Rexhep\u00a0Selimit, e cila p\u00ebrb\u00ebhet nga dhjet\u00eb pika me akuza, ku k\u00ebta t\u00eb fundit ngarkohen p\u00ebr krime lufte e krime kund\u00ebr njer\u00ebzimit.<\/p>\n<p>M\u00eb 29 prill 2022, Zyra e Prokurorit t\u00eb Specializuar kishte dor\u00ebzuar nj\u00eb aktakuz\u00eb t\u00eb ndryshuar ndaj Hashim Tha\u00e7it, Kadri Veselit, Rexhep Selimit e Jakup Krasniqit, ku pretendohet se kat\u00ebr t\u00eb akuzuarit kan\u00eb kryer krime lufte edhe n\u00eb\u00a0Gjilan,\u00a0Budakov\u00eb\u00a0e\u00a0Semetisht\u00eb.<\/p>\n<p>M\u00eb 9 n\u00ebntor t\u00eb vitit 2020, n\u00eb paraqitjet e tyre t\u00eb para,\u00a0Jakup Krasniqi\u00a0e\u00a0Hashim Tha\u00e7i\u00a0jan\u00eb deklaruar t\u00eb pafajsh\u00ebm p\u00ebr akuzat q\u00eb u vihen n\u00eb barr\u00eb. Nj\u00ebjt\u00eb \u00ebsht\u00eb deklaruar edhe Veseli n\u00eb paraqitjen e tij m\u00eb 10 n\u00ebntor, sikurse edhe\u00a0Rexhep\u00a0Selimi\u00a0m\u00eb 11 n\u00ebntor.<\/p>\n<p>Aktakuza ndaj Hashim Tha\u00e7it, Kadri Veselit, Rexhep Selimit dhe Jakup Krasniqit \u00ebsht\u00eb konfirmuar m\u00eb 26 tetor 2020.<\/p>\n<p>&nbsp;<\/p>\n","protected":false},"excerpt":{"rendered":"<p>Prishtin\u00eb, 22 n\u00ebntor 2025 08:14 N\u00eb gjykimin ndaj ish-krer\u00ebve t\u00eb U\u00c7K-s\u00eb, Hashim Tha\u00e7it, Kadri Veselit, Rexhep Selimit dhe Jakup Kransiqit \u00ebsht\u00eb vendosur q\u00eb n\u00eb shkurt<\/p>\n","protected":false},"author":7,"featured_media":21356,"comment_status":"open","ping_status":"open","sticky":false,"template":"","format":"standard","meta":{"footnotes":""},"categories":[60],"tags":[],"class_list":["post-21355","post","type-post","status-publish","format-standard","has-post-thumbnail","hentry","category-shoqerore-sq"],"yoast_head":"<!-- This site is optimized with the Yoast SEO plugin v25.3.1 - https:\/\/yoast.com\/wordpress\/plugins\/seo\/ -->\n<title>N\u00eb shkurt deklaratat p\u00ebrmbyll\u00ebse n\u00eb rastin ndaj ish-krer\u00ebve t\u00eb U\u00c7K-s\u00eb -<\/title>\n<meta name=\"robots\" content=\"index, follow, max-snippet:-1, max-image-preview:large, max-video-preview:-1\" \/>\n<link rel=\"canonical\" href=\"https:\/\/veritasinfo.org\/?p=21355\" \/>\n<meta property=\"og:locale\" content=\"en_US\" \/>\n<meta property=\"og:type\" content=\"article\" \/>\n<meta property=\"og:title\" content=\"N\u00eb shkurt deklaratat p\u00ebrmbyll\u00ebse n\u00eb rastin ndaj ish-krer\u00ebve t\u00eb U\u00c7K-s\u00eb -\" \/>\n<meta property=\"og:description\" content=\"Prishtin\u00eb, 22 n\u00ebntor 2025 08:14 N\u00eb gjykimin ndaj ish-krer\u00ebve t\u00eb U\u00c7K-s\u00eb, Hashim Tha\u00e7it, Kadri Veselit, Rexhep Selimit dhe Jakup Kransiqit \u00ebsht\u00eb vendosur q\u00eb n\u00eb shkurt\" \/>\n<meta property=\"og:url\" content=\"https:\/\/veritasinfo.org\/?p=21355\" \/>\n<meta property=\"article:published_time\" content=\"2025-11-22T07:15:06+00:00\" \/>\n<meta property=\"og:image\" content=\"https:\/\/veritasinfo.org\/wp-content\/uploads\/2025\/11\/auto_Hashim_Thaqi-hage1642428662.jpg\" \/>\n\t<meta property=\"og:image:width\" content=\"850\" \/>\n\t<meta property=\"og:image:height\" content=\"478\" \/>\n\t<meta property=\"og:image:type\" content=\"image\/jpeg\" \/>\n<meta name=\"author\" content=\"US6\" \/>\n<meta name=\"twitter:card\" content=\"summary_large_image\" \/>\n<meta name=\"twitter:label1\" content=\"Written by\" \/>\n\t<meta name=\"twitter:data1\" content=\"US6\" \/>\n\t<meta name=\"twitter:label2\" content=\"Est. reading time\" \/>\n\t<meta name=\"twitter:data2\" content=\"4 minutes\" \/>\n<script type=\"application\/ld+json\" class=\"yoast-schema-graph\">{\"@context\":\"https:\/\/schema.org\",\"@graph\":[{\"@type\":\"WebPage\",\"@id\":\"https:\/\/veritasinfo.org\/?p=21355\",\"url\":\"https:\/\/veritasinfo.org\/?p=21355\",\"name\":\"N\u00eb shkurt deklaratat p\u00ebrmbyll\u00ebse n\u00eb rastin ndaj ish-krer\u00ebve t\u00eb U\u00c7K-s\u00eb -\",\"isPartOf\":{\"@id\":\"https:\/\/veritasinfo.org\/#website\"},\"primaryImageOfPage\":{\"@id\":\"https:\/\/veritasinfo.org\/?p=21355#primaryimage\"},\"image\":{\"@id\":\"https:\/\/veritasinfo.org\/?p=21355#primaryimage\"},\"thumbnailUrl\":\"https:\/\/veritasinfo.org\/wp-content\/uploads\/2025\/11\/auto_Hashim_Thaqi-hage1642428662.jpg\",\"datePublished\":\"2025-11-22T07:15:06+00:00\",\"author\":{\"@id\":\"https:\/\/veritasinfo.org\/#\/schema\/person\/fe199eede04c3937362892b7444747cc\"},\"breadcrumb\":{\"@id\":\"https:\/\/veritasinfo.org\/?p=21355#breadcrumb\"},\"inLanguage\":\"en-US\",\"potentialAction\":[{\"@type\":\"ReadAction\",\"target\":[\"https:\/\/veritasinfo.org\/?p=21355\"]}]},{\"@type\":\"ImageObject\",\"inLanguage\":\"en-US\",\"@id\":\"https:\/\/veritasinfo.org\/?p=21355#primaryimage\",\"url\":\"https:\/\/veritasinfo.org\/wp-content\/uploads\/2025\/11\/auto_Hashim_Thaqi-hage1642428662.jpg\",\"contentUrl\":\"https:\/\/veritasinfo.org\/wp-content\/uploads\/2025\/11\/auto_Hashim_Thaqi-hage1642428662.jpg\",\"width\":850,\"height\":478},{\"@type\":\"BreadcrumbList\",\"@id\":\"https:\/\/veritasinfo.org\/?p=21355#breadcrumb\",\"itemListElement\":[{\"@type\":\"ListItem\",\"position\":1,\"name\":\"Home\",\"item\":\"https:\/\/veritasinfo.org\/\"},{\"@type\":\"ListItem\",\"position\":2,\"name\":\"N\u00eb shkurt deklaratat p\u00ebrmbyll\u00ebse n\u00eb rastin ndaj ish-krer\u00ebve t\u00eb U\u00c7K-s\u00eb\"}]},{\"@type\":\"WebSite\",\"@id\":\"https:\/\/veritasinfo.org\/#website\",\"url\":\"https:\/\/veritasinfo.org\/\",\"name\":\"\",\"description\":\"\",\"potentialAction\":[{\"@type\":\"SearchAction\",\"target\":{\"@type\":\"EntryPoint\",\"urlTemplate\":\"https:\/\/veritasinfo.org\/?s={search_term_string}\"},\"query-input\":{\"@type\":\"PropertyValueSpecification\",\"valueRequired\":true,\"valueName\":\"search_term_string\"}}],\"inLanguage\":\"en-US\"},{\"@type\":\"Person\",\"@id\":\"https:\/\/veritasinfo.org\/#\/schema\/person\/fe199eede04c3937362892b7444747cc\",\"name\":\"US6\",\"image\":{\"@type\":\"ImageObject\",\"inLanguage\":\"en-US\",\"@id\":\"https:\/\/veritasinfo.org\/#\/schema\/person\/image\/\",\"url\":\"https:\/\/secure.gravatar.com\/avatar\/cb16c3c31c9d23b9b8c705964598220b3014e42ff51eb540ff23cefa3ae8c15f?s=96&d=mm&r=g\",\"contentUrl\":\"https:\/\/secure.gravatar.com\/avatar\/cb16c3c31c9d23b9b8c705964598220b3014e42ff51eb540ff23cefa3ae8c15f?s=96&d=mm&r=g\",\"caption\":\"US6\"},\"url\":\"https:\/\/veritasinfo.org\/?author=7\"}]}<\/script>\n<!-- \/ Yoast SEO plugin. -->","yoast_head_json":{"title":"N\u00eb shkurt deklaratat p\u00ebrmbyll\u00ebse n\u00eb rastin ndaj ish-krer\u00ebve t\u00eb U\u00c7K-s\u00eb -","robots":{"index":"index","follow":"follow","max-snippet":"max-snippet:-1","max-image-preview":"max-image-preview:large","max-video-preview":"max-video-preview:-1"},"canonical":"https:\/\/veritasinfo.org\/?p=21355","og_locale":"en_US","og_type":"article","og_title":"N\u00eb shkurt deklaratat p\u00ebrmbyll\u00ebse n\u00eb rastin ndaj ish-krer\u00ebve t\u00eb U\u00c7K-s\u00eb -","og_description":"Prishtin\u00eb, 22 n\u00ebntor 2025 08:14 N\u00eb gjykimin ndaj ish-krer\u00ebve t\u00eb U\u00c7K-s\u00eb, Hashim Tha\u00e7it, Kadri Veselit, Rexhep Selimit dhe Jakup Kransiqit \u00ebsht\u00eb vendosur q\u00eb n\u00eb shkurt","og_url":"https:\/\/veritasinfo.org\/?p=21355","article_published_time":"2025-11-22T07:15:06+00:00","og_image":[{"width":850,"height":478,"url":"https:\/\/veritasinfo.org\/wp-content\/uploads\/2025\/11\/auto_Hashim_Thaqi-hage1642428662.jpg","type":"image\/jpeg"}],"author":"US6","twitter_card":"summary_large_image","twitter_misc":{"Written by":"US6","Est. reading time":"4 minutes"},"schema":{"@context":"https:\/\/schema.org","@graph":[{"@type":"WebPage","@id":"https:\/\/veritasinfo.org\/?p=21355","url":"https:\/\/veritasinfo.org\/?p=21355","name":"N\u00eb shkurt deklaratat p\u00ebrmbyll\u00ebse n\u00eb rastin ndaj ish-krer\u00ebve t\u00eb U\u00c7K-s\u00eb -","isPartOf":{"@id":"https:\/\/veritasinfo.org\/#website"},"primaryImageOfPage":{"@id":"https:\/\/veritasinfo.org\/?p=21355#primaryimage"},"image":{"@id":"https:\/\/veritasinfo.org\/?p=21355#primaryimage"},"thumbnailUrl":"https:\/\/veritasinfo.org\/wp-content\/uploads\/2025\/11\/auto_Hashim_Thaqi-hage1642428662.jpg","datePublished":"2025-11-22T07:15:06+00:00","author":{"@id":"https:\/\/veritasinfo.org\/#\/schema\/person\/fe199eede04c3937362892b7444747cc"},"breadcrumb":{"@id":"https:\/\/veritasinfo.org\/?p=21355#breadcrumb"},"inLanguage":"en-US","potentialAction":[{"@type":"ReadAction","target":["https:\/\/veritasinfo.org\/?p=21355"]}]},{"@type":"ImageObject","inLanguage":"en-US","@id":"https:\/\/veritasinfo.org\/?p=21355#primaryimage","url":"https:\/\/veritasinfo.org\/wp-content\/uploads\/2025\/11\/auto_Hashim_Thaqi-hage1642428662.jpg","contentUrl":"https:\/\/veritasinfo.org\/wp-content\/uploads\/2025\/11\/auto_Hashim_Thaqi-hage1642428662.jpg","width":850,"height":478},{"@type":"BreadcrumbList","@id":"https:\/\/veritasinfo.org\/?p=21355#breadcrumb","itemListElement":[{"@type":"ListItem","position":1,"name":"Home","item":"https:\/\/veritasinfo.org\/"},{"@type":"ListItem","position":2,"name":"N\u00eb shkurt deklaratat p\u00ebrmbyll\u00ebse n\u00eb rastin ndaj ish-krer\u00ebve t\u00eb U\u00c7K-s\u00eb"}]},{"@type":"WebSite","@id":"https:\/\/veritasinfo.org\/#website","url":"https:\/\/veritasinfo.org\/","name":"","description":"","potentialAction":[{"@type":"SearchAction","target":{"@type":"EntryPoint","urlTemplate":"https:\/\/veritasinfo.org\/?s={search_term_string}"},"query-input":{"@type":"PropertyValueSpecification","valueRequired":true,"valueName":"search_term_string"}}],"inLanguage":"en-US"},{"@type":"Person","@id":"https:\/\/veritasinfo.org\/#\/schema\/person\/fe199eede04c3937362892b7444747cc","name":"US6","image":{"@type":"ImageObject","inLanguage":"en-US","@id":"https:\/\/veritasinfo.org\/#\/schema\/person\/image\/","url":"https:\/\/secure.gravatar.com\/avatar\/cb16c3c31c9d23b9b8c705964598220b3014e42ff51eb540ff23cefa3ae8c15f?s=96&d=mm&r=g","contentUrl":"https:\/\/secure.gravatar.com\/avatar\/cb16c3c31c9d23b9b8c705964598220b3014e42ff51eb540ff23cefa3ae8c15f?s=96&d=mm&r=g","caption":"US6"},"url":"https:\/\/veritasinfo.org\/?author=7"}]}},"featured_image_urls":{"full":["https:\/\/veritasinfo.org\/wp-content\/uploads\/2025\/11\/auto_Hashim_Thaqi-hage1642428662.jpg",850,478,false],"thumbnail":["https:\/\/veritasinfo.org\/wp-content\/uploads\/2025\/11\/auto_Hashim_Thaqi-hage1642428662-150x150.jpg",150,150,true],"medium":["https:\/\/veritasinfo.org\/wp-content\/uploads\/2025\/11\/auto_Hashim_Thaqi-hage1642428662-300x169.jpg",300,169,true],"medium_large":["https:\/\/veritasinfo.org\/wp-content\/uploads\/2025\/11\/auto_Hashim_Thaqi-hage1642428662-768x432.jpg",640,360,true],"large":["https:\/\/veritasinfo.org\/wp-content\/uploads\/2025\/11\/auto_Hashim_Thaqi-hage1642428662.jpg",640,360,false],"1536x1536":["https:\/\/veritasinfo.org\/wp-content\/uploads\/2025\/11\/auto_Hashim_Thaqi-hage1642428662.jpg",850,478,false],"2048x2048":["https:\/\/veritasinfo.org\/wp-content\/uploads\/2025\/11\/auto_Hashim_Thaqi-hage1642428662.jpg",850,478,false],"kreeti-slider-full":["https:\/\/veritasinfo.org\/wp-content\/uploads\/2025\/11\/auto_Hashim_Thaqi-hage1642428662.jpg",850,478,false],"kreeti-featured":["https:\/\/veritasinfo.org\/wp-content\/uploads\/2025\/11\/auto_Hashim_Thaqi-hage1642428662.jpg",850,478,false],"kreeti-medium":["https:\/\/veritasinfo.org\/wp-content\/uploads\/2025\/11\/auto_Hashim_Thaqi-hage1642428662.jpg",720,405,false],"kreeti-medium-square":["https:\/\/veritasinfo.org\/wp-content\/uploads\/2025\/11\/auto_Hashim_Thaqi-hage1642428662.jpg",350,197,false]},"author_info":{"info":["US6"]},"category_info":"<a href=\"https:\/\/veritasinfo.org\/?cat=60\" rel=\"category\">Shoq\u00ebrore<\/a>","tag_info":"Shoq\u00ebrore","comment_count":"0","_links":{"self":[{"href":"https:\/\/veritasinfo.org\/index.php?rest_route=\/wp\/v2\/posts\/21355","targetHints":{"allow":["GET"]}}],"collection":[{"href":"https:\/\/veritasinfo.org\/index.php?rest_route=\/wp\/v2\/posts"}],"about":[{"href":"https:\/\/veritasinfo.org\/index.php?rest_route=\/wp\/v2\/types\/post"}],"author":[{"embeddable":true,"href":"https:\/\/veritasinfo.org\/index.php?rest_route=\/wp\/v2\/users\/7"}],"replies":[{"embeddable":true,"href":"https:\/\/veritasinfo.org\/index.php?rest_route=%2Fwp%2Fv2%2Fcomments&post=21355"}],"version-history":[{"count":1,"href":"https:\/\/veritasinfo.org\/index.php?rest_route=\/wp\/v2\/posts\/21355\/revisions"}],"predecessor-version":[{"id":21358,"href":"https:\/\/veritasinfo.org\/index.php?rest_route=\/wp\/v2\/posts\/21355\/revisions\/21358"}],"wp:featuredmedia":[{"embeddable":true,"href":"https:\/\/veritasinfo.org\/index.php?rest_route=\/wp\/v2\/media\/21356"}],"wp:attachment":[{"href":"https:\/\/veritasinfo.org\/index.php?rest_route=%2Fwp%2Fv2%2Fmedia&parent=21355"}],"wp:term":[{"taxonomy":"category","embeddable":true,"href":"https:\/\/veritasinfo.org\/index.php?rest_route=%2Fwp%2Fv2%2Fcategories&post=21355"},{"taxonomy":"post_tag","embeddable":true,"href":"https:\/\/veritasinfo.org\/index.php?rest_route=%2Fwp%2Fv2%2Ftags&post=21355"}],"curies":[{"name":"wp","href":"https:\/\/api.w.org\/{rel}","templated":true}]}}