{"id":21351,"date":"2025-11-22T08:13:21","date_gmt":"2025-11-22T07:13:21","guid":{"rendered":"https:\/\/veritasinfo.org\/?p=21351"},"modified":"2025-11-22T08:13:21","modified_gmt":"2025-11-22T07:13:21","slug":"shenohet-dita-e-alfabetit-te-gjuhes-shqipe","status":"publish","type":"post","link":"https:\/\/veritasinfo.org\/?p=21351","title":{"rendered":"Sh\u00ebnohet Dita e Alfabetit t\u00eb Gjuh\u00ebs Shqipe"},"content":{"rendered":"<p>Prishtin\u00eb 22 N\u00ebntor 2025  08:12.<br \/>\nSot \u00ebsht\u00eb Dita e Alfabetit Shqip, i cili u unifikua 117 vjet m\u00eb par\u00eb n\u00eb Kongresin e Manastirit. Kjo fest\u00eb \u00ebsht\u00eb paralajm\u00ebruar t\u00eb jet\u00eb tradicionale dhe sa m\u00eb shum\u00eb t\u00eb marr\u00eb jehon\u00eb n\u00eb mbar\u00eb trevat shqiptare.<\/p>\n<p>Kongresi i Manastirit u zhvillua mes 14-22 n\u00ebntorit t\u00eb vitit 1908. N\u00eb t\u00eb mor\u00ebn pjes\u00eb 50 delegat\u00eb nga 26 qytete t\u00eb ndryshme, klube dhe shoqata. N\u00eb k\u00ebt\u00eb Kongres u miratua vendimi q\u00eb t\u00eb pranohet alfabeti latin me disa ndryshime t\u00eb shkronjave duke i adaptuar ato p\u00ebr gjuh\u00ebn shqipe.<\/p>\n<p>N\u00eb Manastir, n\u00eb at\u00eb koh\u00eb, kan\u00eb marr\u00eb pjes\u00eb intelektual\u00eb shqiptar\u00eb nga t\u00eb gjitha trojet shqiptare, pasi qyteti ka qen\u00eb qend\u00ebr e konsujve dhe ishte m\u00eb i sigurt p\u00ebr mbar\u00ebvajtjen e k\u00ebtij procesi t\u00eb r\u00ebnd\u00ebsish\u00ebm komb\u00ebtar.<\/p>\n<p>Kryetar i Kongresit u zgjodh Mithat Frash\u00ebri, kurse n\u00ebnkryetar\u00eb ishin Luigj Gurakuqi dhe Gjergji Qiriazi, nd\u00ebrsa motra e tij Parashqevi Qiriazi, ishte gruaja e vetme n\u00eb k\u00ebt\u00eb Kongres.<\/p>\n<p>Sipas numrit dhe r\u00ebnd\u00ebsis\u00eb s\u00eb pjes\u00ebmarr\u00ebsve, Kongresi i Manastirit ka qen\u00eb ngjarja m\u00eb e r\u00ebnd\u00ebsishme e popullit shqiptar n\u00eb fillimet e shekullit 20, ku si rezultat i k\u00ebsaj pune m\u00eb 28 N\u00ebntor 1912 u shpall edhe Pavar\u00ebsia e Shqip\u00ebris\u00eb.<\/p>\n<p>P\u00ebr shqiptar\u00ebt e Maqedonis\u00eb kjo dit\u00eb \u00ebsht\u00eb dit\u00eb feste dhe nuk punohet, nd\u00ebrsa n\u00eb Manastir funksionon Muzeu i Alfabetit t\u00eb Gjuh\u00ebs Shqipe, n\u00eb t\u00eb cilin gjenden rreth 56 fotografi t\u00eb pjes\u00ebmarr\u00ebsve dhe 230 dokumente n\u00eb form\u00eb digjitale dhe n\u00eb let\u00ebr.<\/p>\n","protected":false},"excerpt":{"rendered":"<p>Prishtin\u00eb 22 N\u00ebntor 2025 08:12. Sot \u00ebsht\u00eb Dita e Alfabetit Shqip, i cili u unifikua 117 vjet m\u00eb par\u00eb n\u00eb Kongresin e Manastirit. Kjo fest\u00eb<\/p>\n","protected":false},"author":6,"featured_media":21352,"comment_status":"open","ping_status":"open","sticky":false,"template":"","format":"standard","meta":{"footnotes":""},"categories":[54],"tags":[],"class_list":["post-21351","post","type-post","status-publish","format-standard","has-post-thumbnail","hentry","category-kulture-sq"],"yoast_head":"<!-- This site is optimized with the Yoast SEO plugin v25.3.1 - https:\/\/yoast.com\/wordpress\/plugins\/seo\/ -->\n<title>Sh\u00ebnohet Dita e Alfabetit t\u00eb Gjuh\u00ebs Shqipe -<\/title>\n<meta name=\"robots\" content=\"index, follow, max-snippet:-1, max-image-preview:large, max-video-preview:-1\" \/>\n<link rel=\"canonical\" href=\"https:\/\/veritasinfo.org\/?p=21351\" \/>\n<meta property=\"og:locale\" content=\"en_US\" \/>\n<meta property=\"og:type\" content=\"article\" \/>\n<meta property=\"og:title\" content=\"Sh\u00ebnohet Dita e Alfabetit t\u00eb Gjuh\u00ebs Shqipe -\" \/>\n<meta property=\"og:description\" content=\"Prishtin\u00eb 22 N\u00ebntor 2025 08:12. Sot \u00ebsht\u00eb Dita e Alfabetit Shqip, i cili u unifikua 117 vjet m\u00eb par\u00eb n\u00eb Kongresin e Manastirit. Kjo fest\u00eb\" \/>\n<meta property=\"og:url\" content=\"https:\/\/veritasinfo.org\/?p=21351\" \/>\n<meta property=\"article:published_time\" content=\"2025-11-22T07:13:21+00:00\" \/>\n<meta property=\"og:image\" content=\"https:\/\/veritasinfo.org\/wp-content\/uploads\/2025\/11\/710182-UzRSao1bLb.jpg\" \/>\n\t<meta property=\"og:image:width\" content=\"780\" \/>\n\t<meta property=\"og:image:height\" content=\"500\" \/>\n\t<meta property=\"og:image:type\" content=\"image\/jpeg\" \/>\n<meta name=\"author\" content=\"US5\" \/>\n<meta name=\"twitter:card\" content=\"summary_large_image\" \/>\n<meta name=\"twitter:label1\" content=\"Written by\" \/>\n\t<meta name=\"twitter:data1\" content=\"US5\" \/>\n\t<meta name=\"twitter:label2\" content=\"Est. reading time\" \/>\n\t<meta name=\"twitter:data2\" content=\"1 minute\" \/>\n<script type=\"application\/ld+json\" class=\"yoast-schema-graph\">{\"@context\":\"https:\/\/schema.org\",\"@graph\":[{\"@type\":\"WebPage\",\"@id\":\"https:\/\/veritasinfo.org\/?p=21351\",\"url\":\"https:\/\/veritasinfo.org\/?p=21351\",\"name\":\"Sh\u00ebnohet Dita e Alfabetit t\u00eb Gjuh\u00ebs Shqipe -\",\"isPartOf\":{\"@id\":\"https:\/\/veritasinfo.org\/#website\"},\"primaryImageOfPage\":{\"@id\":\"https:\/\/veritasinfo.org\/?p=21351#primaryimage\"},\"image\":{\"@id\":\"https:\/\/veritasinfo.org\/?p=21351#primaryimage\"},\"thumbnailUrl\":\"https:\/\/veritasinfo.org\/wp-content\/uploads\/2025\/11\/710182-UzRSao1bLb.jpg\",\"datePublished\":\"2025-11-22T07:13:21+00:00\",\"author\":{\"@id\":\"https:\/\/veritasinfo.org\/#\/schema\/person\/bc442336e35414d04494ab8fb45db4c6\"},\"breadcrumb\":{\"@id\":\"https:\/\/veritasinfo.org\/?p=21351#breadcrumb\"},\"inLanguage\":\"en-US\",\"potentialAction\":[{\"@type\":\"ReadAction\",\"target\":[\"https:\/\/veritasinfo.org\/?p=21351\"]}]},{\"@type\":\"ImageObject\",\"inLanguage\":\"en-US\",\"@id\":\"https:\/\/veritasinfo.org\/?p=21351#primaryimage\",\"url\":\"https:\/\/veritasinfo.org\/wp-content\/uploads\/2025\/11\/710182-UzRSao1bLb.jpg\",\"contentUrl\":\"https:\/\/veritasinfo.org\/wp-content\/uploads\/2025\/11\/710182-UzRSao1bLb.jpg\",\"width\":780,\"height\":500},{\"@type\":\"BreadcrumbList\",\"@id\":\"https:\/\/veritasinfo.org\/?p=21351#breadcrumb\",\"itemListElement\":[{\"@type\":\"ListItem\",\"position\":1,\"name\":\"Home\",\"item\":\"https:\/\/veritasinfo.org\/\"},{\"@type\":\"ListItem\",\"position\":2,\"name\":\"Sh\u00ebnohet Dita e Alfabetit t\u00eb Gjuh\u00ebs Shqipe\"}]},{\"@type\":\"WebSite\",\"@id\":\"https:\/\/veritasinfo.org\/#website\",\"url\":\"https:\/\/veritasinfo.org\/\",\"name\":\"\",\"description\":\"\",\"potentialAction\":[{\"@type\":\"SearchAction\",\"target\":{\"@type\":\"EntryPoint\",\"urlTemplate\":\"https:\/\/veritasinfo.org\/?s={search_term_string}\"},\"query-input\":{\"@type\":\"PropertyValueSpecification\",\"valueRequired\":true,\"valueName\":\"search_term_string\"}}],\"inLanguage\":\"en-US\"},{\"@type\":\"Person\",\"@id\":\"https:\/\/veritasinfo.org\/#\/schema\/person\/bc442336e35414d04494ab8fb45db4c6\",\"name\":\"US5\",\"image\":{\"@type\":\"ImageObject\",\"inLanguage\":\"en-US\",\"@id\":\"https:\/\/veritasinfo.org\/#\/schema\/person\/image\/\",\"url\":\"https:\/\/secure.gravatar.com\/avatar\/16a61e7272a0c5d001121ebb9e60e925d5816e4ac1e443ed3e640d9a6ae55d0c?s=96&d=mm&r=g\",\"contentUrl\":\"https:\/\/secure.gravatar.com\/avatar\/16a61e7272a0c5d001121ebb9e60e925d5816e4ac1e443ed3e640d9a6ae55d0c?s=96&d=mm&r=g\",\"caption\":\"US5\"},\"url\":\"https:\/\/veritasinfo.org\/?author=6\"}]}<\/script>\n<!-- \/ Yoast SEO plugin. -->","yoast_head_json":{"title":"Sh\u00ebnohet Dita e Alfabetit t\u00eb Gjuh\u00ebs Shqipe -","robots":{"index":"index","follow":"follow","max-snippet":"max-snippet:-1","max-image-preview":"max-image-preview:large","max-video-preview":"max-video-preview:-1"},"canonical":"https:\/\/veritasinfo.org\/?p=21351","og_locale":"en_US","og_type":"article","og_title":"Sh\u00ebnohet Dita e Alfabetit t\u00eb Gjuh\u00ebs Shqipe -","og_description":"Prishtin\u00eb 22 N\u00ebntor 2025 08:12. Sot \u00ebsht\u00eb Dita e Alfabetit Shqip, i cili u unifikua 117 vjet m\u00eb par\u00eb n\u00eb Kongresin e Manastirit. Kjo fest\u00eb","og_url":"https:\/\/veritasinfo.org\/?p=21351","article_published_time":"2025-11-22T07:13:21+00:00","og_image":[{"width":780,"height":500,"url":"https:\/\/veritasinfo.org\/wp-content\/uploads\/2025\/11\/710182-UzRSao1bLb.jpg","type":"image\/jpeg"}],"author":"US5","twitter_card":"summary_large_image","twitter_misc":{"Written by":"US5","Est. reading time":"1 minute"},"schema":{"@context":"https:\/\/schema.org","@graph":[{"@type":"WebPage","@id":"https:\/\/veritasinfo.org\/?p=21351","url":"https:\/\/veritasinfo.org\/?p=21351","name":"Sh\u00ebnohet Dita e Alfabetit t\u00eb Gjuh\u00ebs Shqipe -","isPartOf":{"@id":"https:\/\/veritasinfo.org\/#website"},"primaryImageOfPage":{"@id":"https:\/\/veritasinfo.org\/?p=21351#primaryimage"},"image":{"@id":"https:\/\/veritasinfo.org\/?p=21351#primaryimage"},"thumbnailUrl":"https:\/\/veritasinfo.org\/wp-content\/uploads\/2025\/11\/710182-UzRSao1bLb.jpg","datePublished":"2025-11-22T07:13:21+00:00","author":{"@id":"https:\/\/veritasinfo.org\/#\/schema\/person\/bc442336e35414d04494ab8fb45db4c6"},"breadcrumb":{"@id":"https:\/\/veritasinfo.org\/?p=21351#breadcrumb"},"inLanguage":"en-US","potentialAction":[{"@type":"ReadAction","target":["https:\/\/veritasinfo.org\/?p=21351"]}]},{"@type":"ImageObject","inLanguage":"en-US","@id":"https:\/\/veritasinfo.org\/?p=21351#primaryimage","url":"https:\/\/veritasinfo.org\/wp-content\/uploads\/2025\/11\/710182-UzRSao1bLb.jpg","contentUrl":"https:\/\/veritasinfo.org\/wp-content\/uploads\/2025\/11\/710182-UzRSao1bLb.jpg","width":780,"height":500},{"@type":"BreadcrumbList","@id":"https:\/\/veritasinfo.org\/?p=21351#breadcrumb","itemListElement":[{"@type":"ListItem","position":1,"name":"Home","item":"https:\/\/veritasinfo.org\/"},{"@type":"ListItem","position":2,"name":"Sh\u00ebnohet Dita e Alfabetit t\u00eb Gjuh\u00ebs Shqipe"}]},{"@type":"WebSite","@id":"https:\/\/veritasinfo.org\/#website","url":"https:\/\/veritasinfo.org\/","name":"","description":"","potentialAction":[{"@type":"SearchAction","target":{"@type":"EntryPoint","urlTemplate":"https:\/\/veritasinfo.org\/?s={search_term_string}"},"query-input":{"@type":"PropertyValueSpecification","valueRequired":true,"valueName":"search_term_string"}}],"inLanguage":"en-US"},{"@type":"Person","@id":"https:\/\/veritasinfo.org\/#\/schema\/person\/bc442336e35414d04494ab8fb45db4c6","name":"US5","image":{"@type":"ImageObject","inLanguage":"en-US","@id":"https:\/\/veritasinfo.org\/#\/schema\/person\/image\/","url":"https:\/\/secure.gravatar.com\/avatar\/16a61e7272a0c5d001121ebb9e60e925d5816e4ac1e443ed3e640d9a6ae55d0c?s=96&d=mm&r=g","contentUrl":"https:\/\/secure.gravatar.com\/avatar\/16a61e7272a0c5d001121ebb9e60e925d5816e4ac1e443ed3e640d9a6ae55d0c?s=96&d=mm&r=g","caption":"US5"},"url":"https:\/\/veritasinfo.org\/?author=6"}]}},"featured_image_urls":{"full":["https:\/\/veritasinfo.org\/wp-content\/uploads\/2025\/11\/710182-UzRSao1bLb.jpg",780,500,false],"thumbnail":["https:\/\/veritasinfo.org\/wp-content\/uploads\/2025\/11\/710182-UzRSao1bLb-150x150.jpg",150,150,true],"medium":["https:\/\/veritasinfo.org\/wp-content\/uploads\/2025\/11\/710182-UzRSao1bLb-300x192.jpg",300,192,true],"medium_large":["https:\/\/veritasinfo.org\/wp-content\/uploads\/2025\/11\/710182-UzRSao1bLb-768x492.jpg",640,410,true],"large":["https:\/\/veritasinfo.org\/wp-content\/uploads\/2025\/11\/710182-UzRSao1bLb.jpg",640,410,false],"1536x1536":["https:\/\/veritasinfo.org\/wp-content\/uploads\/2025\/11\/710182-UzRSao1bLb.jpg",780,500,false],"2048x2048":["https:\/\/veritasinfo.org\/wp-content\/uploads\/2025\/11\/710182-UzRSao1bLb.jpg",780,500,false],"kreeti-slider-full":["https:\/\/veritasinfo.org\/wp-content\/uploads\/2025\/11\/710182-UzRSao1bLb.jpg",780,500,false],"kreeti-featured":["https:\/\/veritasinfo.org\/wp-content\/uploads\/2025\/11\/710182-UzRSao1bLb.jpg",780,500,false],"kreeti-medium":["https:\/\/veritasinfo.org\/wp-content\/uploads\/2025\/11\/710182-UzRSao1bLb.jpg",720,462,false],"kreeti-medium-square":["https:\/\/veritasinfo.org\/wp-content\/uploads\/2025\/11\/710182-UzRSao1bLb.jpg",350,224,false]},"author_info":{"info":["US5"]},"category_info":"<a href=\"https:\/\/veritasinfo.org\/?cat=54\" rel=\"category\">Kultur\u00eb<\/a>","tag_info":"Kultur\u00eb","comment_count":"0","_links":{"self":[{"href":"https:\/\/veritasinfo.org\/index.php?rest_route=\/wp\/v2\/posts\/21351","targetHints":{"allow":["GET"]}}],"collection":[{"href":"https:\/\/veritasinfo.org\/index.php?rest_route=\/wp\/v2\/posts"}],"about":[{"href":"https:\/\/veritasinfo.org\/index.php?rest_route=\/wp\/v2\/types\/post"}],"author":[{"embeddable":true,"href":"https:\/\/veritasinfo.org\/index.php?rest_route=\/wp\/v2\/users\/6"}],"replies":[{"embeddable":true,"href":"https:\/\/veritasinfo.org\/index.php?rest_route=%2Fwp%2Fv2%2Fcomments&post=21351"}],"version-history":[{"count":1,"href":"https:\/\/veritasinfo.org\/index.php?rest_route=\/wp\/v2\/posts\/21351\/revisions"}],"predecessor-version":[{"id":21353,"href":"https:\/\/veritasinfo.org\/index.php?rest_route=\/wp\/v2\/posts\/21351\/revisions\/21353"}],"wp:featuredmedia":[{"embeddable":true,"href":"https:\/\/veritasinfo.org\/index.php?rest_route=\/wp\/v2\/media\/21352"}],"wp:attachment":[{"href":"https:\/\/veritasinfo.org\/index.php?rest_route=%2Fwp%2Fv2%2Fmedia&parent=21351"}],"wp:term":[{"taxonomy":"category","embeddable":true,"href":"https:\/\/veritasinfo.org\/index.php?rest_route=%2Fwp%2Fv2%2Fcategories&post=21351"},{"taxonomy":"post_tag","embeddable":true,"href":"https:\/\/veritasinfo.org\/index.php?rest_route=%2Fwp%2Fv2%2Ftags&post=21351"}],"curies":[{"name":"wp","href":"https:\/\/api.w.org\/{rel}","templated":true}]}}