{"id":21338,"date":"2025-11-22T07:42:44","date_gmt":"2025-11-22T06:42:44","guid":{"rendered":"https:\/\/veritasinfo.org\/?p=21338"},"modified":"2025-11-22T07:42:44","modified_gmt":"2025-11-22T06:42:44","slug":"lirohet-ish-polici-arbnor-spahiu-nga-burgu-i-serbise","status":"publish","type":"post","link":"https:\/\/veritasinfo.org\/?p=21338","title":{"rendered":"Lirohet ish-polici Arbnor Spahiu nga burgu i Serbis\u00eb"},"content":{"rendered":"<p>Prishtin\u00eb, 22 n\u00ebntor 2025 07:42<\/p>\n<p>Ish-zyrtari policor i Kosov\u00ebs, Arbnor Spahiu, i cili ishte arrestuar muaj m\u00eb par\u00eb nga autoritetet serbe, \u00ebsht\u00eb liruar sot dhe tashm\u00eb ka arritur n\u00eb Republik\u00ebn e Kosov\u00ebs.<\/p>\n<p>Lajmin e ka b\u00ebr\u00eb t\u00eb ditur avokati Arianit Koci si dhe familjar\u00ebt e Arbnorit.<\/p>\n<p>\u201cSot, pas muajsh t\u00eb gjat\u00eb ankthi, pas nj\u00eb padrejt\u00ebsie t\u00eb r\u00ebnd\u00eb &#8211; Arbnor Spahiu \u00ebsht\u00eb i lir\u00eb. E kam th\u00ebn\u00eb q\u00eb n\u00eb dit\u00ebn e par\u00eb: do t\u00eb kthehet. Nuk ishe leht\u00eb, por ia dol\u00ebm\u201d, ka shkruar Koci.<\/p>\n<p>E lirimin e tij e ka konfirmuar edhe familjari i tij, Shk\u00eblzen Spahiu p\u00ebrmes nj\u00eb postimi n\u00eb rrjetet sociale. \u201cArbnor Spahiu sapo ka shkelur tok\u00ebn e Republik\u00ebs s\u00eb Kosov\u00ebs. Ju fal\u00ebnderojm\u00eb n\u00eb em\u00ebr t\u00eb familjes p\u00ebr p\u00ebrkrahjen q\u00eb na keni dh\u00ebn\u00eb n\u00eb k\u00ebto dit\u00eb t\u00eb v\u00ebshtira. Arbnori \u00ebsht\u00eb mir\u00eb me sh\u00ebndet. Urojm\u00eb q\u00eb ky t\u00eb jet\u00eb rasti i fundit p\u00ebr shtetasit tan\u00eb\u201d, ka shkruar ai.<\/p>\n<p>Spahiu u arrestua n\u00eb qershor t\u00eb k\u00ebtij viti nga policia serbe n\u00eb pik\u00ebn kufitare nd\u00ebrmjet Hungaris\u00eb dhe Serbis\u00eb p\u00ebr kinse kryerje\u00a0t\u00eb\u00a0vepr\u00ebs penale \u201cvrasje e r\u00ebnd\u00eb\u201d, n\u00eb fshatin Banjsk\u00eb t\u00eb Zve\u00e7anit.<\/p>\n","protected":false},"excerpt":{"rendered":"<p>Prishtin\u00eb, 22 n\u00ebntor 2025 07:42 Ish-zyrtari policor i Kosov\u00ebs, Arbnor Spahiu, i cili ishte arrestuar muaj m\u00eb par\u00eb nga autoritetet serbe, \u00ebsht\u00eb liruar sot dhe<\/p>\n","protected":false},"author":7,"featured_media":21339,"comment_status":"open","ping_status":"open","sticky":false,"template":"","format":"standard","meta":{"footnotes":""},"categories":[58],"tags":[],"class_list":["post-21338","post","type-post","status-publish","format-standard","has-post-thumbnail","hentry","category-politike-sq"],"yoast_head":"<!-- This site is optimized with the Yoast SEO plugin v25.3.1 - https:\/\/yoast.com\/wordpress\/plugins\/seo\/ -->\n<title>Lirohet ish-polici Arbnor Spahiu nga burgu i Serbis\u00eb -<\/title>\n<meta name=\"robots\" content=\"index, follow, max-snippet:-1, max-image-preview:large, max-video-preview:-1\" \/>\n<link rel=\"canonical\" href=\"https:\/\/veritasinfo.org\/?p=21338\" \/>\n<meta property=\"og:locale\" content=\"en_US\" \/>\n<meta property=\"og:type\" content=\"article\" \/>\n<meta property=\"og:title\" content=\"Lirohet ish-polici Arbnor Spahiu nga burgu i Serbis\u00eb -\" \/>\n<meta property=\"og:description\" content=\"Prishtin\u00eb, 22 n\u00ebntor 2025 07:42 Ish-zyrtari policor i Kosov\u00ebs, Arbnor Spahiu, i cili ishte arrestuar muaj m\u00eb par\u00eb nga autoritetet serbe, \u00ebsht\u00eb liruar sot dhe\" \/>\n<meta property=\"og:url\" content=\"https:\/\/veritasinfo.org\/?p=21338\" \/>\n<meta property=\"article:published_time\" content=\"2025-11-22T06:42:44+00:00\" \/>\n<meta property=\"og:image\" content=\"https:\/\/veritasinfo.org\/wp-content\/uploads\/2025\/11\/710179-iZR5r9lUBw.jpg\" \/>\n\t<meta property=\"og:image:width\" content=\"780\" \/>\n\t<meta property=\"og:image:height\" content=\"500\" \/>\n\t<meta property=\"og:image:type\" content=\"image\/jpeg\" \/>\n<meta name=\"author\" content=\"US6\" \/>\n<meta name=\"twitter:card\" content=\"summary_large_image\" \/>\n<meta name=\"twitter:label1\" content=\"Written by\" \/>\n\t<meta name=\"twitter:data1\" content=\"US6\" \/>\n\t<meta name=\"twitter:label2\" content=\"Est. reading time\" \/>\n\t<meta name=\"twitter:data2\" content=\"1 minute\" \/>\n<script type=\"application\/ld+json\" class=\"yoast-schema-graph\">{\"@context\":\"https:\/\/schema.org\",\"@graph\":[{\"@type\":\"WebPage\",\"@id\":\"https:\/\/veritasinfo.org\/?p=21338\",\"url\":\"https:\/\/veritasinfo.org\/?p=21338\",\"name\":\"Lirohet ish-polici Arbnor Spahiu nga burgu i Serbis\u00eb -\",\"isPartOf\":{\"@id\":\"https:\/\/veritasinfo.org\/#website\"},\"primaryImageOfPage\":{\"@id\":\"https:\/\/veritasinfo.org\/?p=21338#primaryimage\"},\"image\":{\"@id\":\"https:\/\/veritasinfo.org\/?p=21338#primaryimage\"},\"thumbnailUrl\":\"https:\/\/veritasinfo.org\/wp-content\/uploads\/2025\/11\/710179-iZR5r9lUBw.jpg\",\"datePublished\":\"2025-11-22T06:42:44+00:00\",\"author\":{\"@id\":\"https:\/\/veritasinfo.org\/#\/schema\/person\/fe199eede04c3937362892b7444747cc\"},\"breadcrumb\":{\"@id\":\"https:\/\/veritasinfo.org\/?p=21338#breadcrumb\"},\"inLanguage\":\"en-US\",\"potentialAction\":[{\"@type\":\"ReadAction\",\"target\":[\"https:\/\/veritasinfo.org\/?p=21338\"]}]},{\"@type\":\"ImageObject\",\"inLanguage\":\"en-US\",\"@id\":\"https:\/\/veritasinfo.org\/?p=21338#primaryimage\",\"url\":\"https:\/\/veritasinfo.org\/wp-content\/uploads\/2025\/11\/710179-iZR5r9lUBw.jpg\",\"contentUrl\":\"https:\/\/veritasinfo.org\/wp-content\/uploads\/2025\/11\/710179-iZR5r9lUBw.jpg\",\"width\":780,\"height\":500},{\"@type\":\"BreadcrumbList\",\"@id\":\"https:\/\/veritasinfo.org\/?p=21338#breadcrumb\",\"itemListElement\":[{\"@type\":\"ListItem\",\"position\":1,\"name\":\"Home\",\"item\":\"https:\/\/veritasinfo.org\/\"},{\"@type\":\"ListItem\",\"position\":2,\"name\":\"Lirohet ish-polici Arbnor Spahiu nga burgu i Serbis\u00eb\"}]},{\"@type\":\"WebSite\",\"@id\":\"https:\/\/veritasinfo.org\/#website\",\"url\":\"https:\/\/veritasinfo.org\/\",\"name\":\"\",\"description\":\"\",\"potentialAction\":[{\"@type\":\"SearchAction\",\"target\":{\"@type\":\"EntryPoint\",\"urlTemplate\":\"https:\/\/veritasinfo.org\/?s={search_term_string}\"},\"query-input\":{\"@type\":\"PropertyValueSpecification\",\"valueRequired\":true,\"valueName\":\"search_term_string\"}}],\"inLanguage\":\"en-US\"},{\"@type\":\"Person\",\"@id\":\"https:\/\/veritasinfo.org\/#\/schema\/person\/fe199eede04c3937362892b7444747cc\",\"name\":\"US6\",\"image\":{\"@type\":\"ImageObject\",\"inLanguage\":\"en-US\",\"@id\":\"https:\/\/veritasinfo.org\/#\/schema\/person\/image\/\",\"url\":\"https:\/\/secure.gravatar.com\/avatar\/cb16c3c31c9d23b9b8c705964598220b3014e42ff51eb540ff23cefa3ae8c15f?s=96&d=mm&r=g\",\"contentUrl\":\"https:\/\/secure.gravatar.com\/avatar\/cb16c3c31c9d23b9b8c705964598220b3014e42ff51eb540ff23cefa3ae8c15f?s=96&d=mm&r=g\",\"caption\":\"US6\"},\"url\":\"https:\/\/veritasinfo.org\/?author=7\"}]}<\/script>\n<!-- \/ Yoast SEO plugin. -->","yoast_head_json":{"title":"Lirohet ish-polici Arbnor Spahiu nga burgu i Serbis\u00eb -","robots":{"index":"index","follow":"follow","max-snippet":"max-snippet:-1","max-image-preview":"max-image-preview:large","max-video-preview":"max-video-preview:-1"},"canonical":"https:\/\/veritasinfo.org\/?p=21338","og_locale":"en_US","og_type":"article","og_title":"Lirohet ish-polici Arbnor Spahiu nga burgu i Serbis\u00eb -","og_description":"Prishtin\u00eb, 22 n\u00ebntor 2025 07:42 Ish-zyrtari policor i Kosov\u00ebs, Arbnor Spahiu, i cili ishte arrestuar muaj m\u00eb par\u00eb nga autoritetet serbe, \u00ebsht\u00eb liruar sot dhe","og_url":"https:\/\/veritasinfo.org\/?p=21338","article_published_time":"2025-11-22T06:42:44+00:00","og_image":[{"width":780,"height":500,"url":"https:\/\/veritasinfo.org\/wp-content\/uploads\/2025\/11\/710179-iZR5r9lUBw.jpg","type":"image\/jpeg"}],"author":"US6","twitter_card":"summary_large_image","twitter_misc":{"Written by":"US6","Est. reading time":"1 minute"},"schema":{"@context":"https:\/\/schema.org","@graph":[{"@type":"WebPage","@id":"https:\/\/veritasinfo.org\/?p=21338","url":"https:\/\/veritasinfo.org\/?p=21338","name":"Lirohet ish-polici Arbnor Spahiu nga burgu i Serbis\u00eb -","isPartOf":{"@id":"https:\/\/veritasinfo.org\/#website"},"primaryImageOfPage":{"@id":"https:\/\/veritasinfo.org\/?p=21338#primaryimage"},"image":{"@id":"https:\/\/veritasinfo.org\/?p=21338#primaryimage"},"thumbnailUrl":"https:\/\/veritasinfo.org\/wp-content\/uploads\/2025\/11\/710179-iZR5r9lUBw.jpg","datePublished":"2025-11-22T06:42:44+00:00","author":{"@id":"https:\/\/veritasinfo.org\/#\/schema\/person\/fe199eede04c3937362892b7444747cc"},"breadcrumb":{"@id":"https:\/\/veritasinfo.org\/?p=21338#breadcrumb"},"inLanguage":"en-US","potentialAction":[{"@type":"ReadAction","target":["https:\/\/veritasinfo.org\/?p=21338"]}]},{"@type":"ImageObject","inLanguage":"en-US","@id":"https:\/\/veritasinfo.org\/?p=21338#primaryimage","url":"https:\/\/veritasinfo.org\/wp-content\/uploads\/2025\/11\/710179-iZR5r9lUBw.jpg","contentUrl":"https:\/\/veritasinfo.org\/wp-content\/uploads\/2025\/11\/710179-iZR5r9lUBw.jpg","width":780,"height":500},{"@type":"BreadcrumbList","@id":"https:\/\/veritasinfo.org\/?p=21338#breadcrumb","itemListElement":[{"@type":"ListItem","position":1,"name":"Home","item":"https:\/\/veritasinfo.org\/"},{"@type":"ListItem","position":2,"name":"Lirohet ish-polici Arbnor Spahiu nga burgu i Serbis\u00eb"}]},{"@type":"WebSite","@id":"https:\/\/veritasinfo.org\/#website","url":"https:\/\/veritasinfo.org\/","name":"","description":"","potentialAction":[{"@type":"SearchAction","target":{"@type":"EntryPoint","urlTemplate":"https:\/\/veritasinfo.org\/?s={search_term_string}"},"query-input":{"@type":"PropertyValueSpecification","valueRequired":true,"valueName":"search_term_string"}}],"inLanguage":"en-US"},{"@type":"Person","@id":"https:\/\/veritasinfo.org\/#\/schema\/person\/fe199eede04c3937362892b7444747cc","name":"US6","image":{"@type":"ImageObject","inLanguage":"en-US","@id":"https:\/\/veritasinfo.org\/#\/schema\/person\/image\/","url":"https:\/\/secure.gravatar.com\/avatar\/cb16c3c31c9d23b9b8c705964598220b3014e42ff51eb540ff23cefa3ae8c15f?s=96&d=mm&r=g","contentUrl":"https:\/\/secure.gravatar.com\/avatar\/cb16c3c31c9d23b9b8c705964598220b3014e42ff51eb540ff23cefa3ae8c15f?s=96&d=mm&r=g","caption":"US6"},"url":"https:\/\/veritasinfo.org\/?author=7"}]}},"featured_image_urls":{"full":["https:\/\/veritasinfo.org\/wp-content\/uploads\/2025\/11\/710179-iZR5r9lUBw.jpg",780,500,false],"thumbnail":["https:\/\/veritasinfo.org\/wp-content\/uploads\/2025\/11\/710179-iZR5r9lUBw-150x150.jpg",150,150,true],"medium":["https:\/\/veritasinfo.org\/wp-content\/uploads\/2025\/11\/710179-iZR5r9lUBw-300x192.jpg",300,192,true],"medium_large":["https:\/\/veritasinfo.org\/wp-content\/uploads\/2025\/11\/710179-iZR5r9lUBw-768x492.jpg",640,410,true],"large":["https:\/\/veritasinfo.org\/wp-content\/uploads\/2025\/11\/710179-iZR5r9lUBw.jpg",640,410,false],"1536x1536":["https:\/\/veritasinfo.org\/wp-content\/uploads\/2025\/11\/710179-iZR5r9lUBw.jpg",780,500,false],"2048x2048":["https:\/\/veritasinfo.org\/wp-content\/uploads\/2025\/11\/710179-iZR5r9lUBw.jpg",780,500,false],"kreeti-slider-full":["https:\/\/veritasinfo.org\/wp-content\/uploads\/2025\/11\/710179-iZR5r9lUBw.jpg",780,500,false],"kreeti-featured":["https:\/\/veritasinfo.org\/wp-content\/uploads\/2025\/11\/710179-iZR5r9lUBw.jpg",780,500,false],"kreeti-medium":["https:\/\/veritasinfo.org\/wp-content\/uploads\/2025\/11\/710179-iZR5r9lUBw.jpg",720,462,false],"kreeti-medium-square":["https:\/\/veritasinfo.org\/wp-content\/uploads\/2025\/11\/710179-iZR5r9lUBw.jpg",350,224,false]},"author_info":{"info":["US6"]},"category_info":"<a href=\"https:\/\/veritasinfo.org\/?cat=58\" rel=\"category\">Politik\u00eb<\/a>","tag_info":"Politik\u00eb","comment_count":"0","_links":{"self":[{"href":"https:\/\/veritasinfo.org\/index.php?rest_route=\/wp\/v2\/posts\/21338","targetHints":{"allow":["GET"]}}],"collection":[{"href":"https:\/\/veritasinfo.org\/index.php?rest_route=\/wp\/v2\/posts"}],"about":[{"href":"https:\/\/veritasinfo.org\/index.php?rest_route=\/wp\/v2\/types\/post"}],"author":[{"embeddable":true,"href":"https:\/\/veritasinfo.org\/index.php?rest_route=\/wp\/v2\/users\/7"}],"replies":[{"embeddable":true,"href":"https:\/\/veritasinfo.org\/index.php?rest_route=%2Fwp%2Fv2%2Fcomments&post=21338"}],"version-history":[{"count":1,"href":"https:\/\/veritasinfo.org\/index.php?rest_route=\/wp\/v2\/posts\/21338\/revisions"}],"predecessor-version":[{"id":21340,"href":"https:\/\/veritasinfo.org\/index.php?rest_route=\/wp\/v2\/posts\/21338\/revisions\/21340"}],"wp:featuredmedia":[{"embeddable":true,"href":"https:\/\/veritasinfo.org\/index.php?rest_route=\/wp\/v2\/media\/21339"}],"wp:attachment":[{"href":"https:\/\/veritasinfo.org\/index.php?rest_route=%2Fwp%2Fv2%2Fmedia&parent=21338"}],"wp:term":[{"taxonomy":"category","embeddable":true,"href":"https:\/\/veritasinfo.org\/index.php?rest_route=%2Fwp%2Fv2%2Fcategories&post=21338"},{"taxonomy":"post_tag","embeddable":true,"href":"https:\/\/veritasinfo.org\/index.php?rest_route=%2Fwp%2Fv2%2Ftags&post=21338"}],"curies":[{"name":"wp","href":"https:\/\/api.w.org\/{rel}","templated":true}]}}