{"id":21310,"date":"2025-11-21T20:19:18","date_gmt":"2025-11-21T19:19:18","guid":{"rendered":"https:\/\/veritasinfo.org\/?p=21310"},"modified":"2025-11-21T20:19:18","modified_gmt":"2025-11-21T19:19:18","slug":"26-vjetori-i-shkk-se-institucioni-konsiderohet-shtylle-e-sistemit-te-drejtesise-ne-kosove","status":"publish","type":"post","link":"https:\/\/veritasinfo.org\/?p=21310","title":{"rendered":"26-vjetori i SHKK-s\u00eb \u2013 Institucioni konsiderohet shtyll\u00eb e sistemit t\u00eb drejt\u00ebsis\u00eb n\u00eb Kosov\u00eb"},"content":{"rendered":"<p>Prishtin\u00eb, 21 n\u00ebntor 2025 20:19<\/p>\n<p>Drejtues institucionesh, p\u00ebrfaq\u00ebsues nd\u00ebrkomb\u00ebtar\u00eb dhe t\u00eb ftuar t\u00eb tjer\u00eb, vler\u00ebsuan pun\u00ebn dhe transformimin e Sh\u00ebrbimit Korrektues nd\u00ebr vite.<\/p>\n<p>Presidentja e vendit Vjosa Osmani, theksoi r\u00ebnd\u00ebsin\u00eb q\u00eb ka Sh\u00ebrbimi Korrektues n\u00eb nj\u00eb shtet demokratik, duke th\u00ebn\u00eb se roli i tij shkon edhe p\u00ebrtej ekzekutimit t\u00eb d\u00ebnimeve.<\/p>\n<p>\u201cN\u00eb k\u00ebto 26 vite SHKK ka d\u00ebshmuar se drejt\u00ebsia nuk kufizohet vet\u00ebm me d\u00ebnim, drejt\u00ebsi \u00ebsht\u00eb p\u00ebrgjegj\u00ebsi \u00ebsht\u00eb nd\u00ebrtim dhe \u00ebsht\u00eb besim. Ju zyrtar\u00ebt e k\u00ebtij sh\u00ebrbimi \u00e7do dit\u00eb punoni n\u00eb nj\u00eb mjedis sfidues ku k\u00ebrkohet vigjilenc\u00eb e lart\u00eb, stabiliteti emocional dhe profesionaliz\u00ebm i pal\u00ebkundur. Ky \u00ebsht\u00eb nj\u00eb profesion q\u00eb k\u00ebrkon zem\u00ebr dhe humaniz\u00ebm. Fal pun\u00ebs suaj t\u00eb mb\u00ebshtetur n\u00eb mekanizmat e drejt\u00ebsis\u00eb sot kemi nj\u00eb sistem korrektues q\u00eb fokusohet jo vet\u00ebm n\u00eb ruajtjen e rendit por edhe t\u00eb rehabilitimit dhe edukimi dhe rintegrimin e personave t\u00eb d\u00ebnuar\u201d, deklaroi Osmani.<\/p>\n<p>Edhe\u00a0 drejtori i \u00a0p\u00ebrgjithsh\u00ebm i Sh\u00ebrbimit Korrektues t\u00eb Kosov\u00ebs, Ismail Dibrani foli p\u00ebr arritjet n\u00eb fush\u00ebn e siguris\u00eb dhe rehabilitimit.<\/p>\n<p>\u201cKemi arritur af\u00ebr 600 raste t\u00eb parandalimit t\u00eb kontraband\u00ebs num\u00ebr ky i regjistruar p\u00ebr her\u00eb t\u00eb par\u00eb n\u00eb historin\u00eb e themelimit t\u00eb sh\u00ebrbimit korrektues. Ky \u00ebsht\u00eb nj\u00eb tregues i qart\u00eb se siguria n\u00eb institucionet tona \u00ebsht\u00eb ngritur n\u00eb nj\u00eb nivel shum\u00eb t\u00eb lart\u00eb. Vet\u00ebm gjat\u00eb periudh\u00ebs s\u00eb fundit n\u00eb programet rehabilituese ne kemi p\u00ebrfshir\u00eb 1800 t\u00eb burgosur, krahasuar \u00a0me periudh\u00ebn e kaluar q\u00eb nga themelimi i SHKK ishin vet\u00ebm 500 t\u00eb burgosur. Sot p\u00ebr her\u00eb t\u00eb par\u00eb n\u00eb institucionet tona kemi nj\u00eb list\u00eb t\u00eb pritjeve si rezultat i interesimit t\u00eb madh t\u00eb burgosurve p\u00ebr tu p\u00ebrfshir\u00eb n\u00eb k\u00ebto programe\u201d.<\/p>\n<p>Edhe sipas ushtruesit t\u00eb Detyr\u00ebs s\u00eb Ministrit t\u00eb Drejt\u00ebsis\u00eb, Blerim Sallahu, SHKK ka treguar profesionaliz\u00ebm t\u00eb lart\u00eb e t\u00eb pal\u00ebkundur.<\/p>\n<p>\u201cJemi t\u00eb inkurajuar t\u00eb jemi k\u00ebtu p\u00ebr t\u00eb nd\u00ebrtuar nj\u00eb institucion q\u00eb bart mbi supe nj\u00eb mision delikat t\u00eb domosdoshme p\u00ebr shtetin ligjor, SHKK. Nj\u00eb institucione q\u00eb \u00e7do dit\u00eb punon p\u00ebr sigurin\u00eb publike, respektimin e ligjit dhe nj\u00eb drejt\u00ebsi q\u00eb trajton me dinjitet \u00e7do njeri. Gjat\u00eb k\u00ebtyre viteve SHKK ka d\u00ebshmuar profesionaliz\u00ebm t\u00eb lart\u00eb, integritet t\u00eb pal\u00ebkundur dhe aft\u00ebsi transformuese\u201d, deklaroi Sallahu.<\/p>\n<p>N\u00eb k\u00ebt\u00eb ceremoni i pranish\u00ebm ishte edhe shefi i Misionit EULEX, Giovanni Pietro Barbano,\u00a0 ku theksoi bashk\u00ebpunimin e gjat\u00eb me SHKK-n\u00eb.<\/p>\n<p>\u201cEULEX ka punuar ngusht\u00eb me Sh\u00ebrbimin Korrektues t\u00eb Kosov\u00ebs q\u00eb nga viti 2008 kur \u00ebsht\u00eb themeluar\u00a0 dhe ne jemi krenar\u00eb ta p\u00ebrkujtojm\u00eb\u00a0 bashk\u00eb k\u00ebt\u00eb dit\u00eb sot. P\u00ebrkushtimi juaj ka qen\u00eb thelb\u00ebsor n\u00eb avancimin e standardeve, n\u00eb forcimin e institucioneve si dhe n\u00eb mbrojtjen e vlerave t\u00eb p\u00ebrbashk\u00ebta. Nga viti 2008 deri m\u00eb 2018, korrektuesit dhe ekspert\u00ebt e\u00a0 EULEX-it kan\u00eb treguar p\u00ebrgjegj\u00ebsi ekzekutive, krah p\u00ebr krah me shum\u00eb prej jush . EULEX ka ofruar edhe k\u00ebshilla se si t\u00eb menaxhohet me\u00a0 t\u00eb burgosurit me profil t\u00eb lart\u00eb dhe t\u00eb radikalizuar. Q\u00ebllimi yn\u00eb \u00ebsht\u00eb t\u00eb forcojm\u00eb rrug\u00ebt e rehabilitimit dhe rintegrimit p\u00ebr t\u00eb gjith\u00eb t\u00eb burgosurit pa dallim\u201d, tha Barbano.<\/p>\n<p>E sipas ambasadorit t\u00eb OSBE-s\u00eb n\u00eb Kosov\u00ebs, puna q\u00eb ka b\u00ebr\u00eb Sh\u00ebrbimi Korrektues flet vet\u00eb.<\/p>\n<p>\u201cSot ne po festojm\u00eb p\u00ebrkushtimin dhe profesionalizmin e grave dhe burrave q\u00eb e kan\u00eb form\u00ebsuar Sh\u00ebrbimin Korrektues t\u00eb Kosov\u00ebs. Gjat\u00eb k\u00ebtyre 26 viteve, sh\u00ebrbimi juaj p\u00ebr k\u00ebt\u00eb institucion ka evoluar n\u00eb nj\u00eb\u00a0 shtyll\u00eb ky\u00e7e t\u00eb sistemit t\u00eb drejt\u00ebsis\u00eb n\u00eb Kosov\u00eb, duke b\u00ebr\u00eb avancime n\u00eb trajtimin me dinjitet t\u00eb burgosurve dhe duke ofruar mund\u00ebsi p\u00ebr rehabilitim dhe riintregrim t\u00eb tyre. Arritjet e juaja flasin vet\u00eb\u201d, deklaroi ambasadori i OSBE-s\u00eb, Gerard Gruk.<\/p>\n<p>E se ky institucion ka arritur shum\u00eb e theksoi edhe Paulin Rajta drejtor i policis\u00eb s\u00eb burgjeve n\u00eb Shqip\u00ebri, duke th\u00ebn\u00eb se SHKK \u00ebsht\u00eb model n\u00eb t\u00eb gjith\u00eb rajonin.<\/p>\n<p>\u201cFestimi i 26 vjetorit t\u00eb krijimit t\u00eb Sh\u00ebrbimit Korrektues t\u00eb Kosov\u00ebs nuk \u00ebsht\u00eb thjesht\u00eb p\u00ebrkujtim i nj\u00eb dit\u00eb se kur \u00ebsht\u00eb krijuar. Po me siguri \u00ebsht\u00eb nj\u00eb histori suksesi dhe \u00ebsht\u00eb nj\u00eb d\u00ebshmi se si duke punuar me p\u00ebrkushtim dhe vizion nj\u00eb institucion mund t\u00eb b\u00ebhet shembull, model p\u00ebr t\u00eb gjith\u00eb rajonin\u201d, deklaroi Rajta.<\/p>\n<p>N\u00eb sh\u00ebnimin e k\u00ebtij \u00e7erekshekulli t\u00eb SHKK-s\u00eb u b\u00eb edhe prezantimi i dokumentarit dedikuar k\u00ebtij institucioni.<\/p>\n<p>Kurse krejt n\u00eb fund t\u00eb k\u00ebsaj ceremonie u ndan\u00eb edhe \u00a0mir\u00ebnjohje.<\/p>\n","protected":false},"excerpt":{"rendered":"<p>Prishtin\u00eb, 21 n\u00ebntor 2025 20:19 Drejtues institucionesh, p\u00ebrfaq\u00ebsues nd\u00ebrkomb\u00ebtar\u00eb dhe t\u00eb ftuar t\u00eb tjer\u00eb, vler\u00ebsuan pun\u00ebn dhe transformimin e Sh\u00ebrbimit Korrektues nd\u00ebr vite. Presidentja e<\/p>\n","protected":false},"author":7,"featured_media":21311,"comment_status":"open","ping_status":"open","sticky":false,"template":"","format":"standard","meta":{"footnotes":""},"categories":[60],"tags":[],"class_list":["post-21310","post","type-post","status-publish","format-standard","has-post-thumbnail","hentry","category-shoqerore-sq"],"yoast_head":"<!-- This site is optimized with the Yoast SEO plugin v25.3.1 - https:\/\/yoast.com\/wordpress\/plugins\/seo\/ -->\n<title>26-vjetori i SHKK-s\u00eb \u2013 Institucioni konsiderohet shtyll\u00eb e sistemit t\u00eb drejt\u00ebsis\u00eb n\u00eb Kosov\u00eb -<\/title>\n<meta name=\"robots\" content=\"index, follow, max-snippet:-1, max-image-preview:large, max-video-preview:-1\" \/>\n<link rel=\"canonical\" href=\"https:\/\/veritasinfo.org\/?p=21310\" \/>\n<meta property=\"og:locale\" content=\"en_US\" \/>\n<meta property=\"og:type\" content=\"article\" \/>\n<meta property=\"og:title\" content=\"26-vjetori i SHKK-s\u00eb \u2013 Institucioni konsiderohet shtyll\u00eb e sistemit t\u00eb drejt\u00ebsis\u00eb n\u00eb Kosov\u00eb -\" \/>\n<meta property=\"og:description\" content=\"Prishtin\u00eb, 21 n\u00ebntor 2025 20:19 Drejtues institucionesh, p\u00ebrfaq\u00ebsues nd\u00ebrkomb\u00ebtar\u00eb dhe t\u00eb ftuar t\u00eb tjer\u00eb, vler\u00ebsuan pun\u00ebn dhe transformimin e Sh\u00ebrbimit Korrektues nd\u00ebr vite. Presidentja e\" \/>\n<meta property=\"og:url\" content=\"https:\/\/veritasinfo.org\/?p=21310\" \/>\n<meta property=\"article:published_time\" content=\"2025-11-21T19:19:18+00:00\" \/>\n<meta property=\"og:image\" content=\"https:\/\/veritasinfo.org\/wp-content\/uploads\/2025\/11\/Foto-3-850x407-1.jpg\" \/>\n\t<meta property=\"og:image:width\" content=\"850\" \/>\n\t<meta property=\"og:image:height\" content=\"407\" \/>\n\t<meta property=\"og:image:type\" content=\"image\/jpeg\" \/>\n<meta name=\"author\" content=\"US6\" \/>\n<meta name=\"twitter:card\" content=\"summary_large_image\" \/>\n<meta name=\"twitter:label1\" content=\"Written by\" \/>\n\t<meta name=\"twitter:data1\" content=\"US6\" \/>\n\t<meta name=\"twitter:label2\" content=\"Est. reading time\" \/>\n\t<meta name=\"twitter:data2\" content=\"3 minutes\" \/>\n<script type=\"application\/ld+json\" class=\"yoast-schema-graph\">{\"@context\":\"https:\/\/schema.org\",\"@graph\":[{\"@type\":\"WebPage\",\"@id\":\"https:\/\/veritasinfo.org\/?p=21310\",\"url\":\"https:\/\/veritasinfo.org\/?p=21310\",\"name\":\"26-vjetori i SHKK-s\u00eb \u2013 Institucioni konsiderohet shtyll\u00eb e sistemit t\u00eb drejt\u00ebsis\u00eb n\u00eb Kosov\u00eb -\",\"isPartOf\":{\"@id\":\"https:\/\/veritasinfo.org\/#website\"},\"primaryImageOfPage\":{\"@id\":\"https:\/\/veritasinfo.org\/?p=21310#primaryimage\"},\"image\":{\"@id\":\"https:\/\/veritasinfo.org\/?p=21310#primaryimage\"},\"thumbnailUrl\":\"https:\/\/veritasinfo.org\/wp-content\/uploads\/2025\/11\/Foto-3-850x407-1.jpg\",\"datePublished\":\"2025-11-21T19:19:18+00:00\",\"author\":{\"@id\":\"https:\/\/veritasinfo.org\/#\/schema\/person\/fe199eede04c3937362892b7444747cc\"},\"breadcrumb\":{\"@id\":\"https:\/\/veritasinfo.org\/?p=21310#breadcrumb\"},\"inLanguage\":\"en-US\",\"potentialAction\":[{\"@type\":\"ReadAction\",\"target\":[\"https:\/\/veritasinfo.org\/?p=21310\"]}]},{\"@type\":\"ImageObject\",\"inLanguage\":\"en-US\",\"@id\":\"https:\/\/veritasinfo.org\/?p=21310#primaryimage\",\"url\":\"https:\/\/veritasinfo.org\/wp-content\/uploads\/2025\/11\/Foto-3-850x407-1.jpg\",\"contentUrl\":\"https:\/\/veritasinfo.org\/wp-content\/uploads\/2025\/11\/Foto-3-850x407-1.jpg\",\"width\":850,\"height\":407},{\"@type\":\"BreadcrumbList\",\"@id\":\"https:\/\/veritasinfo.org\/?p=21310#breadcrumb\",\"itemListElement\":[{\"@type\":\"ListItem\",\"position\":1,\"name\":\"Home\",\"item\":\"https:\/\/veritasinfo.org\/\"},{\"@type\":\"ListItem\",\"position\":2,\"name\":\"26-vjetori i SHKK-s\u00eb \u2013 Institucioni konsiderohet shtyll\u00eb e sistemit t\u00eb drejt\u00ebsis\u00eb n\u00eb Kosov\u00eb\"}]},{\"@type\":\"WebSite\",\"@id\":\"https:\/\/veritasinfo.org\/#website\",\"url\":\"https:\/\/veritasinfo.org\/\",\"name\":\"\",\"description\":\"\",\"potentialAction\":[{\"@type\":\"SearchAction\",\"target\":{\"@type\":\"EntryPoint\",\"urlTemplate\":\"https:\/\/veritasinfo.org\/?s={search_term_string}\"},\"query-input\":{\"@type\":\"PropertyValueSpecification\",\"valueRequired\":true,\"valueName\":\"search_term_string\"}}],\"inLanguage\":\"en-US\"},{\"@type\":\"Person\",\"@id\":\"https:\/\/veritasinfo.org\/#\/schema\/person\/fe199eede04c3937362892b7444747cc\",\"name\":\"US6\",\"image\":{\"@type\":\"ImageObject\",\"inLanguage\":\"en-US\",\"@id\":\"https:\/\/veritasinfo.org\/#\/schema\/person\/image\/\",\"url\":\"https:\/\/secure.gravatar.com\/avatar\/cb16c3c31c9d23b9b8c705964598220b3014e42ff51eb540ff23cefa3ae8c15f?s=96&d=mm&r=g\",\"contentUrl\":\"https:\/\/secure.gravatar.com\/avatar\/cb16c3c31c9d23b9b8c705964598220b3014e42ff51eb540ff23cefa3ae8c15f?s=96&d=mm&r=g\",\"caption\":\"US6\"},\"url\":\"https:\/\/veritasinfo.org\/?author=7\"}]}<\/script>\n<!-- \/ Yoast SEO plugin. -->","yoast_head_json":{"title":"26-vjetori i SHKK-s\u00eb \u2013 Institucioni konsiderohet shtyll\u00eb e sistemit t\u00eb drejt\u00ebsis\u00eb n\u00eb Kosov\u00eb -","robots":{"index":"index","follow":"follow","max-snippet":"max-snippet:-1","max-image-preview":"max-image-preview:large","max-video-preview":"max-video-preview:-1"},"canonical":"https:\/\/veritasinfo.org\/?p=21310","og_locale":"en_US","og_type":"article","og_title":"26-vjetori i SHKK-s\u00eb \u2013 Institucioni konsiderohet shtyll\u00eb e sistemit t\u00eb drejt\u00ebsis\u00eb n\u00eb Kosov\u00eb -","og_description":"Prishtin\u00eb, 21 n\u00ebntor 2025 20:19 Drejtues institucionesh, p\u00ebrfaq\u00ebsues nd\u00ebrkomb\u00ebtar\u00eb dhe t\u00eb ftuar t\u00eb tjer\u00eb, vler\u00ebsuan pun\u00ebn dhe transformimin e Sh\u00ebrbimit Korrektues nd\u00ebr vite. Presidentja e","og_url":"https:\/\/veritasinfo.org\/?p=21310","article_published_time":"2025-11-21T19:19:18+00:00","og_image":[{"width":850,"height":407,"url":"https:\/\/veritasinfo.org\/wp-content\/uploads\/2025\/11\/Foto-3-850x407-1.jpg","type":"image\/jpeg"}],"author":"US6","twitter_card":"summary_large_image","twitter_misc":{"Written by":"US6","Est. reading time":"3 minutes"},"schema":{"@context":"https:\/\/schema.org","@graph":[{"@type":"WebPage","@id":"https:\/\/veritasinfo.org\/?p=21310","url":"https:\/\/veritasinfo.org\/?p=21310","name":"26-vjetori i SHKK-s\u00eb \u2013 Institucioni konsiderohet shtyll\u00eb e sistemit t\u00eb drejt\u00ebsis\u00eb n\u00eb Kosov\u00eb -","isPartOf":{"@id":"https:\/\/veritasinfo.org\/#website"},"primaryImageOfPage":{"@id":"https:\/\/veritasinfo.org\/?p=21310#primaryimage"},"image":{"@id":"https:\/\/veritasinfo.org\/?p=21310#primaryimage"},"thumbnailUrl":"https:\/\/veritasinfo.org\/wp-content\/uploads\/2025\/11\/Foto-3-850x407-1.jpg","datePublished":"2025-11-21T19:19:18+00:00","author":{"@id":"https:\/\/veritasinfo.org\/#\/schema\/person\/fe199eede04c3937362892b7444747cc"},"breadcrumb":{"@id":"https:\/\/veritasinfo.org\/?p=21310#breadcrumb"},"inLanguage":"en-US","potentialAction":[{"@type":"ReadAction","target":["https:\/\/veritasinfo.org\/?p=21310"]}]},{"@type":"ImageObject","inLanguage":"en-US","@id":"https:\/\/veritasinfo.org\/?p=21310#primaryimage","url":"https:\/\/veritasinfo.org\/wp-content\/uploads\/2025\/11\/Foto-3-850x407-1.jpg","contentUrl":"https:\/\/veritasinfo.org\/wp-content\/uploads\/2025\/11\/Foto-3-850x407-1.jpg","width":850,"height":407},{"@type":"BreadcrumbList","@id":"https:\/\/veritasinfo.org\/?p=21310#breadcrumb","itemListElement":[{"@type":"ListItem","position":1,"name":"Home","item":"https:\/\/veritasinfo.org\/"},{"@type":"ListItem","position":2,"name":"26-vjetori i SHKK-s\u00eb \u2013 Institucioni konsiderohet shtyll\u00eb e sistemit t\u00eb drejt\u00ebsis\u00eb n\u00eb Kosov\u00eb"}]},{"@type":"WebSite","@id":"https:\/\/veritasinfo.org\/#website","url":"https:\/\/veritasinfo.org\/","name":"","description":"","potentialAction":[{"@type":"SearchAction","target":{"@type":"EntryPoint","urlTemplate":"https:\/\/veritasinfo.org\/?s={search_term_string}"},"query-input":{"@type":"PropertyValueSpecification","valueRequired":true,"valueName":"search_term_string"}}],"inLanguage":"en-US"},{"@type":"Person","@id":"https:\/\/veritasinfo.org\/#\/schema\/person\/fe199eede04c3937362892b7444747cc","name":"US6","image":{"@type":"ImageObject","inLanguage":"en-US","@id":"https:\/\/veritasinfo.org\/#\/schema\/person\/image\/","url":"https:\/\/secure.gravatar.com\/avatar\/cb16c3c31c9d23b9b8c705964598220b3014e42ff51eb540ff23cefa3ae8c15f?s=96&d=mm&r=g","contentUrl":"https:\/\/secure.gravatar.com\/avatar\/cb16c3c31c9d23b9b8c705964598220b3014e42ff51eb540ff23cefa3ae8c15f?s=96&d=mm&r=g","caption":"US6"},"url":"https:\/\/veritasinfo.org\/?author=7"}]}},"featured_image_urls":{"full":["https:\/\/veritasinfo.org\/wp-content\/uploads\/2025\/11\/Foto-3-850x407-1.jpg",850,407,false],"thumbnail":["https:\/\/veritasinfo.org\/wp-content\/uploads\/2025\/11\/Foto-3-850x407-1-150x150.jpg",150,150,true],"medium":["https:\/\/veritasinfo.org\/wp-content\/uploads\/2025\/11\/Foto-3-850x407-1-300x144.jpg",300,144,true],"medium_large":["https:\/\/veritasinfo.org\/wp-content\/uploads\/2025\/11\/Foto-3-850x407-1-768x368.jpg",640,307,true],"large":["https:\/\/veritasinfo.org\/wp-content\/uploads\/2025\/11\/Foto-3-850x407-1.jpg",640,306,false],"1536x1536":["https:\/\/veritasinfo.org\/wp-content\/uploads\/2025\/11\/Foto-3-850x407-1.jpg",850,407,false],"2048x2048":["https:\/\/veritasinfo.org\/wp-content\/uploads\/2025\/11\/Foto-3-850x407-1.jpg",850,407,false],"kreeti-slider-full":["https:\/\/veritasinfo.org\/wp-content\/uploads\/2025\/11\/Foto-3-850x407-1.jpg",850,407,false],"kreeti-featured":["https:\/\/veritasinfo.org\/wp-content\/uploads\/2025\/11\/Foto-3-850x407-1.jpg",850,407,false],"kreeti-medium":["https:\/\/veritasinfo.org\/wp-content\/uploads\/2025\/11\/Foto-3-850x407-1.jpg",720,345,false],"kreeti-medium-square":["https:\/\/veritasinfo.org\/wp-content\/uploads\/2025\/11\/Foto-3-850x407-1.jpg",350,168,false]},"author_info":{"info":["US6"]},"category_info":"<a href=\"https:\/\/veritasinfo.org\/?cat=60\" rel=\"category\">Shoq\u00ebrore<\/a>","tag_info":"Shoq\u00ebrore","comment_count":"0","_links":{"self":[{"href":"https:\/\/veritasinfo.org\/index.php?rest_route=\/wp\/v2\/posts\/21310","targetHints":{"allow":["GET"]}}],"collection":[{"href":"https:\/\/veritasinfo.org\/index.php?rest_route=\/wp\/v2\/posts"}],"about":[{"href":"https:\/\/veritasinfo.org\/index.php?rest_route=\/wp\/v2\/types\/post"}],"author":[{"embeddable":true,"href":"https:\/\/veritasinfo.org\/index.php?rest_route=\/wp\/v2\/users\/7"}],"replies":[{"embeddable":true,"href":"https:\/\/veritasinfo.org\/index.php?rest_route=%2Fwp%2Fv2%2Fcomments&post=21310"}],"version-history":[{"count":1,"href":"https:\/\/veritasinfo.org\/index.php?rest_route=\/wp\/v2\/posts\/21310\/revisions"}],"predecessor-version":[{"id":21312,"href":"https:\/\/veritasinfo.org\/index.php?rest_route=\/wp\/v2\/posts\/21310\/revisions\/21312"}],"wp:featuredmedia":[{"embeddable":true,"href":"https:\/\/veritasinfo.org\/index.php?rest_route=\/wp\/v2\/media\/21311"}],"wp:attachment":[{"href":"https:\/\/veritasinfo.org\/index.php?rest_route=%2Fwp%2Fv2%2Fmedia&parent=21310"}],"wp:term":[{"taxonomy":"category","embeddable":true,"href":"https:\/\/veritasinfo.org\/index.php?rest_route=%2Fwp%2Fv2%2Fcategories&post=21310"},{"taxonomy":"post_tag","embeddable":true,"href":"https:\/\/veritasinfo.org\/index.php?rest_route=%2Fwp%2Fv2%2Ftags&post=21310"}],"curies":[{"name":"wp","href":"https:\/\/api.w.org\/{rel}","templated":true}]}}