{"id":2131,"date":"2025-07-01T10:47:22","date_gmt":"2025-07-01T08:47:22","guid":{"rendered":"https:\/\/veritasinfo.org\/?p=2131"},"modified":"2025-07-01T10:47:43","modified_gmt":"2025-07-01T08:47:43","slug":"nderpritet-seanca-gjyqesore-ndaj-sladan-trajkoviq-it","status":"publish","type":"post","link":"https:\/\/veritasinfo.org\/?p=2131","title":{"rendered":"Nd\u00ebrpritet seanca gjyq\u00ebsore ndaj Sladan Trajkoviq-it"},"content":{"rendered":"<p>Prishtin\u00eb, 01 Korrik 2025<\/p>\n<p><strong>P\u00ebr shkak se mbrojt\u00ebsit e rinj t\u00eb t\u00eb akuzuarit Sladan Trajkoviq, avokat\u00ebt Bogdan Llaziq dhe Zhivoje Vukanoviq k\u00ebrkuan koh\u00eb p\u00ebr analizim t\u00eb l\u00ebnd\u00ebs pasi q\u00eb jan\u00eb angazhuar para dy dit\u00ebsh si avokat\u00eb, \u00ebsht\u00eb nd\u00ebrprer\u00eb seanca e s\u00eb mart\u00ebs n\u00eb Gjykat\u00ebn Themelore n\u00eb Prishtin\u00eb n\u00eb gjykimin p\u00ebr krime lufte ndaj Trajkoviq.<\/strong><\/p>\n<p><a href=\"https:\/\/betimiperdrejtesi.com\/deshton-seanca-ndaj-sladan-trajkoviq-qe-akuzohet-per-krime-lufte\/\">Avokat\u00ebt Dejan Vasiq dhe Jelena Krivokapiq kishin revokuar autorimzin e tyre si mbrojt\u00ebs t\u00eb Trajkoviq, <\/a>raporton \u201c<strong>Betimi p\u00ebr Drejt\u00ebsi<\/strong>\u201c.<\/p>\n<p>N\u00eb k\u00ebt\u00eb seanc\u00eb, gjykat\u00ebsi i rastit, Ngadhnjim Arrni tha se brenda dy jav\u00ebsh mbrojtja e t\u00eb akuzuarit Trajkoviq duhet q\u00eb me shkrim t\u00eb njoftoj\u00eb Gjykat\u00ebn n\u00ebse kan\u00eb propozime p\u00ebr d\u00ebgjim t\u00eb d\u00ebshmitar\u00ebve.<\/p>\n<p>N\u00eb an\u00ebn tjet\u00ebr, i akuzuari Trajkoviq k\u00ebrkoi q\u00eb t\u2019i z\u00ebvend\u00ebsohet masa e paraburgimit me at\u00eb t\u00eb arrestit sht\u00ebpiak apo dor\u00ebzani, propozim t\u00eb cilin prokurorja Fikrije Fejzullahu e kund\u00ebrshtoi, e gjykat\u00ebsi Ngadhnjim Arrni njoftoi se mbetet n\u00eb fuqi masa e paraburgimit.<\/p>\n<p>Gjykata aprovoi k\u00ebrkes\u00ebn e mbrojtjes, andaj seanca u nd\u00ebrpre.<\/p>\n<p>Ndryshe, Prokuroria Speciale e Republik\u00ebs s\u00eb Kosov\u00ebs (PSRK), m\u00eb 12 korrik 2023 ka ngritur aktakuz\u00eb kund\u00ebr Sladan Trajkoviq i cili akuzohet p\u00ebr krime lufte kund\u00ebr popullat\u00ebs civile.<\/p>\n<p>Sipas aktakuz\u00ebs, Trajkoviq po akuzohet se gjat\u00eb koh\u00ebs s\u00eb luft\u00ebs n\u00eb Kosov\u00eb, n\u00eb periudh\u00ebn kohore 1998-1999 n\u00eb fshatin Reznik, Komuna e Vushtrris\u00eb dhe n\u00eb fshatrat p\u00ebrreth k\u00ebsaj komune, individualisht dhe n\u00eb bashk\u00ebkryerje me personat tjer\u00eb, ka kontribuar n\u00eb vrasje, bastisje, rrahje, maltretime, arrestime, tortura, trajtim n\u00eb m\u00ebnyr\u00eb \u00e7\u2018njer\u00ebzore, mbajtja n\u00eb kushte skllav\u00ebrie, d\u00ebbimin dhe dep\u00ebrtimin e mij\u00ebrave civil\u00ebve shqiptar\u00eb si dhe masat e pla\u00e7kitjes, djegies dhe shkat\u00ebrrimit t\u00eb sht\u00ebpive t\u00eb popullsis\u00eb civile shqiptare q\u00eb nuk kan\u00eb marr\u00eb pjes\u00eb drejtp\u00ebrdrejt n\u00eb konflikt.<\/p>\n<p>Me k\u00ebto veprime, Trajkoviq akuzohet se n\u00eb bashk\u00ebkryerje me pjes\u00ebtar\u00eb t\u00eb tjer\u00eb t\u00eb panjohur t\u00eb nj\u00ebsis\u00eb s\u00eb Policis\u00eb Serbe dhe personave tjer\u00eb t\u00eb armatosur dhe t\u00eb uniformuar ka kryer vepr\u00ebn penale \u201cKrimet e luft\u00ebs kund\u00ebr popullat\u00ebs civile\u201d, e parapar\u00eb dhe e d\u00ebnueshme sipas nenit 142 dhe 22 t\u00eb Ligjit Penal t\u00eb ish-Republik\u00ebs Socialiste Federative t\u00eb Jugosllavis\u00eb aktualisht i inkriminuar si krime kund\u00ebr njer\u00ebzimit nga neni 143, paragrafi 1, n\u00ebnparagrafi 1.4, 1.6 dhe 1.7 lidhur me nenin 31 t\u00eb Kodit Penal t\u00eb Republik\u00ebs s\u00eb Kosov\u00ebs.<\/p>\n","protected":false},"excerpt":{"rendered":"<p>Prishtin\u00eb, 01 Korrik 2025 P\u00ebr shkak se mbrojt\u00ebsit e rinj t\u00eb t\u00eb akuzuarit Sladan Trajkoviq, avokat\u00ebt Bogdan Llaziq dhe Zhivoje Vukanoviq k\u00ebrkuan koh\u00eb p\u00ebr analizim<\/p>\n","protected":false},"author":1,"featured_media":2132,"comment_status":"open","ping_status":"open","sticky":false,"template":"","format":"standard","meta":{"footnotes":""},"categories":[60],"tags":[],"class_list":["post-2131","post","type-post","status-publish","format-standard","has-post-thumbnail","hentry","category-shoqerore-sq"],"yoast_head":"<!-- This site is optimized with the Yoast SEO plugin v25.3.1 - https:\/\/yoast.com\/wordpress\/plugins\/seo\/ -->\n<title>Nd\u00ebrpritet seanca gjyq\u00ebsore ndaj Sladan Trajkoviq-it -<\/title>\n<meta name=\"robots\" content=\"index, follow, max-snippet:-1, max-image-preview:large, max-video-preview:-1\" \/>\n<link rel=\"canonical\" href=\"https:\/\/veritasinfo.org\/?p=2131\" \/>\n<meta property=\"og:locale\" content=\"en_US\" \/>\n<meta property=\"og:type\" content=\"article\" \/>\n<meta property=\"og:title\" content=\"Nd\u00ebrpritet seanca gjyq\u00ebsore ndaj Sladan Trajkoviq-it -\" \/>\n<meta property=\"og:description\" content=\"Prishtin\u00eb, 01 Korrik 2025 P\u00ebr shkak se mbrojt\u00ebsit e rinj t\u00eb t\u00eb akuzuarit Sladan Trajkoviq, avokat\u00ebt Bogdan Llaziq dhe Zhivoje Vukanoviq k\u00ebrkuan koh\u00eb p\u00ebr analizim\" \/>\n<meta property=\"og:url\" content=\"https:\/\/veritasinfo.org\/?p=2131\" \/>\n<meta property=\"article:published_time\" content=\"2025-07-01T08:47:22+00:00\" \/>\n<meta property=\"article:modified_time\" content=\"2025-07-01T08:47:43+00:00\" \/>\n<meta property=\"og:image\" content=\"https:\/\/veritasinfo.org\/wp-content\/uploads\/2025\/07\/IMG_1640.jpeg\" \/>\n\t<meta property=\"og:image:width\" content=\"750\" \/>\n\t<meta property=\"og:image:height\" content=\"430\" \/>\n\t<meta property=\"og:image:type\" content=\"image\/jpeg\" \/>\n<meta name=\"author\" content=\"admin\" \/>\n<meta name=\"twitter:card\" content=\"summary_large_image\" \/>\n<meta name=\"twitter:label1\" content=\"Written by\" \/>\n\t<meta name=\"twitter:data1\" content=\"admin\" \/>\n\t<meta name=\"twitter:label2\" content=\"Est. reading time\" \/>\n\t<meta name=\"twitter:data2\" content=\"2 minutes\" \/>\n<script type=\"application\/ld+json\" class=\"yoast-schema-graph\">{\"@context\":\"https:\/\/schema.org\",\"@graph\":[{\"@type\":\"WebPage\",\"@id\":\"https:\/\/veritasinfo.org\/?p=2131\",\"url\":\"https:\/\/veritasinfo.org\/?p=2131\",\"name\":\"Nd\u00ebrpritet seanca gjyq\u00ebsore ndaj Sladan Trajkoviq-it -\",\"isPartOf\":{\"@id\":\"https:\/\/veritasinfo.org\/#website\"},\"primaryImageOfPage\":{\"@id\":\"https:\/\/veritasinfo.org\/?p=2131#primaryimage\"},\"image\":{\"@id\":\"https:\/\/veritasinfo.org\/?p=2131#primaryimage\"},\"thumbnailUrl\":\"https:\/\/veritasinfo.org\/wp-content\/uploads\/2025\/07\/IMG_1640.jpeg\",\"datePublished\":\"2025-07-01T08:47:22+00:00\",\"dateModified\":\"2025-07-01T08:47:43+00:00\",\"author\":{\"@id\":\"https:\/\/veritasinfo.org\/#\/schema\/person\/7701f8c088bece422266b100a712374f\"},\"breadcrumb\":{\"@id\":\"https:\/\/veritasinfo.org\/?p=2131#breadcrumb\"},\"inLanguage\":\"en-US\",\"potentialAction\":[{\"@type\":\"ReadAction\",\"target\":[\"https:\/\/veritasinfo.org\/?p=2131\"]}]},{\"@type\":\"ImageObject\",\"inLanguage\":\"en-US\",\"@id\":\"https:\/\/veritasinfo.org\/?p=2131#primaryimage\",\"url\":\"https:\/\/veritasinfo.org\/wp-content\/uploads\/2025\/07\/IMG_1640.jpeg\",\"contentUrl\":\"https:\/\/veritasinfo.org\/wp-content\/uploads\/2025\/07\/IMG_1640.jpeg\",\"width\":750,\"height\":430},{\"@type\":\"BreadcrumbList\",\"@id\":\"https:\/\/veritasinfo.org\/?p=2131#breadcrumb\",\"itemListElement\":[{\"@type\":\"ListItem\",\"position\":1,\"name\":\"Home\",\"item\":\"https:\/\/veritasinfo.org\/\"},{\"@type\":\"ListItem\",\"position\":2,\"name\":\"Nd\u00ebrpritet seanca gjyq\u00ebsore ndaj Sladan Trajkoviq-it\"}]},{\"@type\":\"WebSite\",\"@id\":\"https:\/\/veritasinfo.org\/#website\",\"url\":\"https:\/\/veritasinfo.org\/\",\"name\":\"\",\"description\":\"\",\"potentialAction\":[{\"@type\":\"SearchAction\",\"target\":{\"@type\":\"EntryPoint\",\"urlTemplate\":\"https:\/\/veritasinfo.org\/?s={search_term_string}\"},\"query-input\":{\"@type\":\"PropertyValueSpecification\",\"valueRequired\":true,\"valueName\":\"search_term_string\"}}],\"inLanguage\":\"en-US\"},{\"@type\":\"Person\",\"@id\":\"https:\/\/veritasinfo.org\/#\/schema\/person\/7701f8c088bece422266b100a712374f\",\"name\":\"admin\",\"image\":{\"@type\":\"ImageObject\",\"inLanguage\":\"en-US\",\"@id\":\"https:\/\/veritasinfo.org\/#\/schema\/person\/image\/\",\"url\":\"https:\/\/secure.gravatar.com\/avatar\/ea53aa3bf6c9a12d5fde8ce4deff43fef3885ae33cf60184161a50d6987cfd2f?s=96&d=mm&r=g\",\"contentUrl\":\"https:\/\/secure.gravatar.com\/avatar\/ea53aa3bf6c9a12d5fde8ce4deff43fef3885ae33cf60184161a50d6987cfd2f?s=96&d=mm&r=g\",\"caption\":\"admin\"},\"sameAs\":[\"https:\/\/veritasinfo.org\"],\"url\":\"https:\/\/veritasinfo.org\/?author=1\"}]}<\/script>\n<!-- \/ Yoast SEO plugin. -->","yoast_head_json":{"title":"Nd\u00ebrpritet seanca gjyq\u00ebsore ndaj Sladan Trajkoviq-it -","robots":{"index":"index","follow":"follow","max-snippet":"max-snippet:-1","max-image-preview":"max-image-preview:large","max-video-preview":"max-video-preview:-1"},"canonical":"https:\/\/veritasinfo.org\/?p=2131","og_locale":"en_US","og_type":"article","og_title":"Nd\u00ebrpritet seanca gjyq\u00ebsore ndaj Sladan Trajkoviq-it -","og_description":"Prishtin\u00eb, 01 Korrik 2025 P\u00ebr shkak se mbrojt\u00ebsit e rinj t\u00eb t\u00eb akuzuarit Sladan Trajkoviq, avokat\u00ebt Bogdan Llaziq dhe Zhivoje Vukanoviq k\u00ebrkuan koh\u00eb p\u00ebr analizim","og_url":"https:\/\/veritasinfo.org\/?p=2131","article_published_time":"2025-07-01T08:47:22+00:00","article_modified_time":"2025-07-01T08:47:43+00:00","og_image":[{"width":750,"height":430,"url":"https:\/\/veritasinfo.org\/wp-content\/uploads\/2025\/07\/IMG_1640.jpeg","type":"image\/jpeg"}],"author":"admin","twitter_card":"summary_large_image","twitter_misc":{"Written by":"admin","Est. reading time":"2 minutes"},"schema":{"@context":"https:\/\/schema.org","@graph":[{"@type":"WebPage","@id":"https:\/\/veritasinfo.org\/?p=2131","url":"https:\/\/veritasinfo.org\/?p=2131","name":"Nd\u00ebrpritet seanca gjyq\u00ebsore ndaj Sladan Trajkoviq-it -","isPartOf":{"@id":"https:\/\/veritasinfo.org\/#website"},"primaryImageOfPage":{"@id":"https:\/\/veritasinfo.org\/?p=2131#primaryimage"},"image":{"@id":"https:\/\/veritasinfo.org\/?p=2131#primaryimage"},"thumbnailUrl":"https:\/\/veritasinfo.org\/wp-content\/uploads\/2025\/07\/IMG_1640.jpeg","datePublished":"2025-07-01T08:47:22+00:00","dateModified":"2025-07-01T08:47:43+00:00","author":{"@id":"https:\/\/veritasinfo.org\/#\/schema\/person\/7701f8c088bece422266b100a712374f"},"breadcrumb":{"@id":"https:\/\/veritasinfo.org\/?p=2131#breadcrumb"},"inLanguage":"en-US","potentialAction":[{"@type":"ReadAction","target":["https:\/\/veritasinfo.org\/?p=2131"]}]},{"@type":"ImageObject","inLanguage":"en-US","@id":"https:\/\/veritasinfo.org\/?p=2131#primaryimage","url":"https:\/\/veritasinfo.org\/wp-content\/uploads\/2025\/07\/IMG_1640.jpeg","contentUrl":"https:\/\/veritasinfo.org\/wp-content\/uploads\/2025\/07\/IMG_1640.jpeg","width":750,"height":430},{"@type":"BreadcrumbList","@id":"https:\/\/veritasinfo.org\/?p=2131#breadcrumb","itemListElement":[{"@type":"ListItem","position":1,"name":"Home","item":"https:\/\/veritasinfo.org\/"},{"@type":"ListItem","position":2,"name":"Nd\u00ebrpritet seanca gjyq\u00ebsore ndaj Sladan Trajkoviq-it"}]},{"@type":"WebSite","@id":"https:\/\/veritasinfo.org\/#website","url":"https:\/\/veritasinfo.org\/","name":"","description":"","potentialAction":[{"@type":"SearchAction","target":{"@type":"EntryPoint","urlTemplate":"https:\/\/veritasinfo.org\/?s={search_term_string}"},"query-input":{"@type":"PropertyValueSpecification","valueRequired":true,"valueName":"search_term_string"}}],"inLanguage":"en-US"},{"@type":"Person","@id":"https:\/\/veritasinfo.org\/#\/schema\/person\/7701f8c088bece422266b100a712374f","name":"admin","image":{"@type":"ImageObject","inLanguage":"en-US","@id":"https:\/\/veritasinfo.org\/#\/schema\/person\/image\/","url":"https:\/\/secure.gravatar.com\/avatar\/ea53aa3bf6c9a12d5fde8ce4deff43fef3885ae33cf60184161a50d6987cfd2f?s=96&d=mm&r=g","contentUrl":"https:\/\/secure.gravatar.com\/avatar\/ea53aa3bf6c9a12d5fde8ce4deff43fef3885ae33cf60184161a50d6987cfd2f?s=96&d=mm&r=g","caption":"admin"},"sameAs":["https:\/\/veritasinfo.org"],"url":"https:\/\/veritasinfo.org\/?author=1"}]}},"featured_image_urls":{"full":["https:\/\/veritasinfo.org\/wp-content\/uploads\/2025\/07\/IMG_1640.jpeg",750,430,false],"thumbnail":["https:\/\/veritasinfo.org\/wp-content\/uploads\/2025\/07\/IMG_1640-150x150.jpeg",150,150,true],"medium":["https:\/\/veritasinfo.org\/wp-content\/uploads\/2025\/07\/IMG_1640-300x172.jpeg",300,172,true],"medium_large":["https:\/\/veritasinfo.org\/wp-content\/uploads\/2025\/07\/IMG_1640.jpeg",640,367,false],"large":["https:\/\/veritasinfo.org\/wp-content\/uploads\/2025\/07\/IMG_1640.jpeg",640,367,false],"1536x1536":["https:\/\/veritasinfo.org\/wp-content\/uploads\/2025\/07\/IMG_1640.jpeg",750,430,false],"2048x2048":["https:\/\/veritasinfo.org\/wp-content\/uploads\/2025\/07\/IMG_1640.jpeg",750,430,false],"kreeti-slider-full":["https:\/\/veritasinfo.org\/wp-content\/uploads\/2025\/07\/IMG_1640.jpeg",750,430,false],"kreeti-featured":["https:\/\/veritasinfo.org\/wp-content\/uploads\/2025\/07\/IMG_1640.jpeg",750,430,false],"kreeti-medium":["https:\/\/veritasinfo.org\/wp-content\/uploads\/2025\/07\/IMG_1640.jpeg",720,413,false],"kreeti-medium-square":["https:\/\/veritasinfo.org\/wp-content\/uploads\/2025\/07\/IMG_1640.jpeg",350,201,false]},"author_info":{"info":["admin"]},"category_info":"<a href=\"https:\/\/veritasinfo.org\/?cat=60\" rel=\"category\">Shoq\u00ebrore<\/a>","tag_info":"Shoq\u00ebrore","comment_count":"0","_links":{"self":[{"href":"https:\/\/veritasinfo.org\/index.php?rest_route=\/wp\/v2\/posts\/2131","targetHints":{"allow":["GET"]}}],"collection":[{"href":"https:\/\/veritasinfo.org\/index.php?rest_route=\/wp\/v2\/posts"}],"about":[{"href":"https:\/\/veritasinfo.org\/index.php?rest_route=\/wp\/v2\/types\/post"}],"author":[{"embeddable":true,"href":"https:\/\/veritasinfo.org\/index.php?rest_route=\/wp\/v2\/users\/1"}],"replies":[{"embeddable":true,"href":"https:\/\/veritasinfo.org\/index.php?rest_route=%2Fwp%2Fv2%2Fcomments&post=2131"}],"version-history":[{"count":1,"href":"https:\/\/veritasinfo.org\/index.php?rest_route=\/wp\/v2\/posts\/2131\/revisions"}],"predecessor-version":[{"id":2133,"href":"https:\/\/veritasinfo.org\/index.php?rest_route=\/wp\/v2\/posts\/2131\/revisions\/2133"}],"wp:featuredmedia":[{"embeddable":true,"href":"https:\/\/veritasinfo.org\/index.php?rest_route=\/wp\/v2\/media\/2132"}],"wp:attachment":[{"href":"https:\/\/veritasinfo.org\/index.php?rest_route=%2Fwp%2Fv2%2Fmedia&parent=2131"}],"wp:term":[{"taxonomy":"category","embeddable":true,"href":"https:\/\/veritasinfo.org\/index.php?rest_route=%2Fwp%2Fv2%2Fcategories&post=2131"},{"taxonomy":"post_tag","embeddable":true,"href":"https:\/\/veritasinfo.org\/index.php?rest_route=%2Fwp%2Fv2%2Ftags&post=2131"}],"curies":[{"name":"wp","href":"https:\/\/api.w.org\/{rel}","templated":true}]}}