{"id":21295,"date":"2025-11-21T16:34:00","date_gmt":"2025-11-21T15:34:00","guid":{"rendered":"https:\/\/veritasinfo.org\/?p=21295"},"modified":"2025-11-21T16:34:00","modified_gmt":"2025-11-21T15:34:00","slug":"prokuroria-ngre-aktakuze-ndaj-te-dyshuarit-per-per-sulm-ndaj-pjesetareve-te-kfor-it-ne-zvecan","status":"publish","type":"post","link":"https:\/\/veritasinfo.org\/?p=21295","title":{"rendered":"Prokuroria ngre aktakuz\u00eb ndaj t\u00eb dyshuarit p\u00ebr p\u00ebr sulm ndaj pjes\u00ebtar\u00ebve t\u00eb KFOR-it n\u00eb Zve\u00e7an"},"content":{"rendered":"<p>Prishtin\u00eb 21 N\u00ebntor 2025 16:33<\/p>\n<p>Prokuroria Speciale ka ngritur aktakuz\u00eb ndaj nj\u00eb t\u00eb dyshuari, L.M, p\u00ebr sulm ndaj ushtar\u00ebve t\u00eb KFOR-it n\u00eb Zve\u00e7an.<\/p>\n<p>L.M po akuzohet nga Prokuroria Speciale p\u00ebr dy vepra penale: \u201cSulm ndaj personit zyrtar dhe \u201cPjes\u00ebmarrja n\u00eb turm\u00eb q\u00eb kryen vep\u00ebr penale dhe huliganizmi\u201d.<\/p>\n<p>Ai akuzohet se m\u00eb 29 maj t\u00eb vitit 2023 n\u00eb bashk\u00ebkryerje me t\u00eb pandehur t\u00eb tjer\u00eb, p\u00ebrmes p\u00ebrdorimit t\u00eb dhun\u00ebs, kan\u00eb sulmuar dhe seriozisht i kan\u00eb kanosur ushtar\u00ebt e misionit paqeruajt\u00ebs t\u00eb KFOR-it.<\/p>\n<p>Sipas aktakuz\u00ebs, nga dhuna e ushtruar ishin shkaktuar d\u00ebme materiale t\u00eb konsiderueshme n\u00eb automjetet e KFOR-it dhe t\u00eb Policis\u00eb s\u00eb Kosov\u00ebs.<\/p>\n","protected":false},"excerpt":{"rendered":"<p>Prishtin\u00eb 21 N\u00ebntor 2025 16:33 Prokuroria Speciale ka ngritur aktakuz\u00eb ndaj nj\u00eb t\u00eb dyshuari, L.M, p\u00ebr sulm ndaj ushtar\u00ebve t\u00eb KFOR-it n\u00eb Zve\u00e7an. L.M po<\/p>\n","protected":false},"author":6,"featured_media":21296,"comment_status":"open","ping_status":"open","sticky":false,"template":"","format":"standard","meta":{"footnotes":""},"categories":[58],"tags":[],"class_list":["post-21295","post","type-post","status-publish","format-standard","has-post-thumbnail","hentry","category-politike-sq"],"yoast_head":"<!-- This site is optimized with the Yoast SEO plugin v25.3.1 - https:\/\/yoast.com\/wordpress\/plugins\/seo\/ -->\n<title>Prokuroria ngre aktakuz\u00eb ndaj t\u00eb dyshuarit p\u00ebr p\u00ebr sulm ndaj pjes\u00ebtar\u00ebve t\u00eb KFOR-it n\u00eb Zve\u00e7an -<\/title>\n<meta name=\"robots\" content=\"index, follow, max-snippet:-1, max-image-preview:large, max-video-preview:-1\" \/>\n<link rel=\"canonical\" href=\"https:\/\/veritasinfo.org\/?p=21295\" \/>\n<meta property=\"og:locale\" content=\"en_US\" \/>\n<meta property=\"og:type\" content=\"article\" \/>\n<meta property=\"og:title\" content=\"Prokuroria ngre aktakuz\u00eb ndaj t\u00eb dyshuarit p\u00ebr p\u00ebr sulm ndaj pjes\u00ebtar\u00ebve t\u00eb KFOR-it n\u00eb Zve\u00e7an -\" \/>\n<meta property=\"og:description\" content=\"Prishtin\u00eb 21 N\u00ebntor 2025 16:33 Prokuroria Speciale ka ngritur aktakuz\u00eb ndaj nj\u00eb t\u00eb dyshuari, L.M, p\u00ebr sulm ndaj ushtar\u00ebve t\u00eb KFOR-it n\u00eb Zve\u00e7an. L.M po\" \/>\n<meta property=\"og:url\" content=\"https:\/\/veritasinfo.org\/?p=21295\" \/>\n<meta property=\"article:published_time\" content=\"2025-11-21T15:34:00+00:00\" \/>\n<meta property=\"og:image\" content=\"https:\/\/veritasinfo.org\/wp-content\/uploads\/2025\/11\/66.jpg\" \/>\n\t<meta property=\"og:image:width\" content=\"621\" \/>\n\t<meta property=\"og:image:height\" content=\"394\" \/>\n\t<meta property=\"og:image:type\" content=\"image\/jpeg\" \/>\n<meta name=\"author\" content=\"US5\" \/>\n<meta name=\"twitter:card\" content=\"summary_large_image\" \/>\n<meta name=\"twitter:label1\" content=\"Written by\" \/>\n\t<meta name=\"twitter:data1\" content=\"US5\" \/>\n\t<meta name=\"twitter:label2\" content=\"Est. reading time\" \/>\n\t<meta name=\"twitter:data2\" content=\"1 minute\" \/>\n<script type=\"application\/ld+json\" class=\"yoast-schema-graph\">{\"@context\":\"https:\/\/schema.org\",\"@graph\":[{\"@type\":\"WebPage\",\"@id\":\"https:\/\/veritasinfo.org\/?p=21295\",\"url\":\"https:\/\/veritasinfo.org\/?p=21295\",\"name\":\"Prokuroria ngre aktakuz\u00eb ndaj t\u00eb dyshuarit p\u00ebr p\u00ebr sulm ndaj pjes\u00ebtar\u00ebve t\u00eb KFOR-it n\u00eb Zve\u00e7an -\",\"isPartOf\":{\"@id\":\"https:\/\/veritasinfo.org\/#website\"},\"primaryImageOfPage\":{\"@id\":\"https:\/\/veritasinfo.org\/?p=21295#primaryimage\"},\"image\":{\"@id\":\"https:\/\/veritasinfo.org\/?p=21295#primaryimage\"},\"thumbnailUrl\":\"https:\/\/veritasinfo.org\/wp-content\/uploads\/2025\/11\/66.jpg\",\"datePublished\":\"2025-11-21T15:34:00+00:00\",\"author\":{\"@id\":\"https:\/\/veritasinfo.org\/#\/schema\/person\/bc442336e35414d04494ab8fb45db4c6\"},\"breadcrumb\":{\"@id\":\"https:\/\/veritasinfo.org\/?p=21295#breadcrumb\"},\"inLanguage\":\"en-US\",\"potentialAction\":[{\"@type\":\"ReadAction\",\"target\":[\"https:\/\/veritasinfo.org\/?p=21295\"]}]},{\"@type\":\"ImageObject\",\"inLanguage\":\"en-US\",\"@id\":\"https:\/\/veritasinfo.org\/?p=21295#primaryimage\",\"url\":\"https:\/\/veritasinfo.org\/wp-content\/uploads\/2025\/11\/66.jpg\",\"contentUrl\":\"https:\/\/veritasinfo.org\/wp-content\/uploads\/2025\/11\/66.jpg\",\"width\":621,\"height\":394},{\"@type\":\"BreadcrumbList\",\"@id\":\"https:\/\/veritasinfo.org\/?p=21295#breadcrumb\",\"itemListElement\":[{\"@type\":\"ListItem\",\"position\":1,\"name\":\"Home\",\"item\":\"https:\/\/veritasinfo.org\/\"},{\"@type\":\"ListItem\",\"position\":2,\"name\":\"Prokuroria ngre aktakuz\u00eb ndaj t\u00eb dyshuarit p\u00ebr p\u00ebr sulm ndaj pjes\u00ebtar\u00ebve t\u00eb KFOR-it n\u00eb Zve\u00e7an\"}]},{\"@type\":\"WebSite\",\"@id\":\"https:\/\/veritasinfo.org\/#website\",\"url\":\"https:\/\/veritasinfo.org\/\",\"name\":\"\",\"description\":\"\",\"potentialAction\":[{\"@type\":\"SearchAction\",\"target\":{\"@type\":\"EntryPoint\",\"urlTemplate\":\"https:\/\/veritasinfo.org\/?s={search_term_string}\"},\"query-input\":{\"@type\":\"PropertyValueSpecification\",\"valueRequired\":true,\"valueName\":\"search_term_string\"}}],\"inLanguage\":\"en-US\"},{\"@type\":\"Person\",\"@id\":\"https:\/\/veritasinfo.org\/#\/schema\/person\/bc442336e35414d04494ab8fb45db4c6\",\"name\":\"US5\",\"image\":{\"@type\":\"ImageObject\",\"inLanguage\":\"en-US\",\"@id\":\"https:\/\/veritasinfo.org\/#\/schema\/person\/image\/\",\"url\":\"https:\/\/secure.gravatar.com\/avatar\/16a61e7272a0c5d001121ebb9e60e925d5816e4ac1e443ed3e640d9a6ae55d0c?s=96&d=mm&r=g\",\"contentUrl\":\"https:\/\/secure.gravatar.com\/avatar\/16a61e7272a0c5d001121ebb9e60e925d5816e4ac1e443ed3e640d9a6ae55d0c?s=96&d=mm&r=g\",\"caption\":\"US5\"},\"url\":\"https:\/\/veritasinfo.org\/?author=6\"}]}<\/script>\n<!-- \/ Yoast SEO plugin. -->","yoast_head_json":{"title":"Prokuroria ngre aktakuz\u00eb ndaj t\u00eb dyshuarit p\u00ebr p\u00ebr sulm ndaj pjes\u00ebtar\u00ebve t\u00eb KFOR-it n\u00eb Zve\u00e7an -","robots":{"index":"index","follow":"follow","max-snippet":"max-snippet:-1","max-image-preview":"max-image-preview:large","max-video-preview":"max-video-preview:-1"},"canonical":"https:\/\/veritasinfo.org\/?p=21295","og_locale":"en_US","og_type":"article","og_title":"Prokuroria ngre aktakuz\u00eb ndaj t\u00eb dyshuarit p\u00ebr p\u00ebr sulm ndaj pjes\u00ebtar\u00ebve t\u00eb KFOR-it n\u00eb Zve\u00e7an -","og_description":"Prishtin\u00eb 21 N\u00ebntor 2025 16:33 Prokuroria Speciale ka ngritur aktakuz\u00eb ndaj nj\u00eb t\u00eb dyshuari, L.M, p\u00ebr sulm ndaj ushtar\u00ebve t\u00eb KFOR-it n\u00eb Zve\u00e7an. L.M po","og_url":"https:\/\/veritasinfo.org\/?p=21295","article_published_time":"2025-11-21T15:34:00+00:00","og_image":[{"width":621,"height":394,"url":"https:\/\/veritasinfo.org\/wp-content\/uploads\/2025\/11\/66.jpg","type":"image\/jpeg"}],"author":"US5","twitter_card":"summary_large_image","twitter_misc":{"Written by":"US5","Est. reading time":"1 minute"},"schema":{"@context":"https:\/\/schema.org","@graph":[{"@type":"WebPage","@id":"https:\/\/veritasinfo.org\/?p=21295","url":"https:\/\/veritasinfo.org\/?p=21295","name":"Prokuroria ngre aktakuz\u00eb ndaj t\u00eb dyshuarit p\u00ebr p\u00ebr sulm ndaj pjes\u00ebtar\u00ebve t\u00eb KFOR-it n\u00eb Zve\u00e7an -","isPartOf":{"@id":"https:\/\/veritasinfo.org\/#website"},"primaryImageOfPage":{"@id":"https:\/\/veritasinfo.org\/?p=21295#primaryimage"},"image":{"@id":"https:\/\/veritasinfo.org\/?p=21295#primaryimage"},"thumbnailUrl":"https:\/\/veritasinfo.org\/wp-content\/uploads\/2025\/11\/66.jpg","datePublished":"2025-11-21T15:34:00+00:00","author":{"@id":"https:\/\/veritasinfo.org\/#\/schema\/person\/bc442336e35414d04494ab8fb45db4c6"},"breadcrumb":{"@id":"https:\/\/veritasinfo.org\/?p=21295#breadcrumb"},"inLanguage":"en-US","potentialAction":[{"@type":"ReadAction","target":["https:\/\/veritasinfo.org\/?p=21295"]}]},{"@type":"ImageObject","inLanguage":"en-US","@id":"https:\/\/veritasinfo.org\/?p=21295#primaryimage","url":"https:\/\/veritasinfo.org\/wp-content\/uploads\/2025\/11\/66.jpg","contentUrl":"https:\/\/veritasinfo.org\/wp-content\/uploads\/2025\/11\/66.jpg","width":621,"height":394},{"@type":"BreadcrumbList","@id":"https:\/\/veritasinfo.org\/?p=21295#breadcrumb","itemListElement":[{"@type":"ListItem","position":1,"name":"Home","item":"https:\/\/veritasinfo.org\/"},{"@type":"ListItem","position":2,"name":"Prokuroria ngre aktakuz\u00eb ndaj t\u00eb dyshuarit p\u00ebr p\u00ebr sulm ndaj pjes\u00ebtar\u00ebve t\u00eb KFOR-it n\u00eb Zve\u00e7an"}]},{"@type":"WebSite","@id":"https:\/\/veritasinfo.org\/#website","url":"https:\/\/veritasinfo.org\/","name":"","description":"","potentialAction":[{"@type":"SearchAction","target":{"@type":"EntryPoint","urlTemplate":"https:\/\/veritasinfo.org\/?s={search_term_string}"},"query-input":{"@type":"PropertyValueSpecification","valueRequired":true,"valueName":"search_term_string"}}],"inLanguage":"en-US"},{"@type":"Person","@id":"https:\/\/veritasinfo.org\/#\/schema\/person\/bc442336e35414d04494ab8fb45db4c6","name":"US5","image":{"@type":"ImageObject","inLanguage":"en-US","@id":"https:\/\/veritasinfo.org\/#\/schema\/person\/image\/","url":"https:\/\/secure.gravatar.com\/avatar\/16a61e7272a0c5d001121ebb9e60e925d5816e4ac1e443ed3e640d9a6ae55d0c?s=96&d=mm&r=g","contentUrl":"https:\/\/secure.gravatar.com\/avatar\/16a61e7272a0c5d001121ebb9e60e925d5816e4ac1e443ed3e640d9a6ae55d0c?s=96&d=mm&r=g","caption":"US5"},"url":"https:\/\/veritasinfo.org\/?author=6"}]}},"featured_image_urls":{"full":["https:\/\/veritasinfo.org\/wp-content\/uploads\/2025\/11\/66.jpg",621,394,false],"thumbnail":["https:\/\/veritasinfo.org\/wp-content\/uploads\/2025\/11\/66-150x150.jpg",150,150,true],"medium":["https:\/\/veritasinfo.org\/wp-content\/uploads\/2025\/11\/66-300x190.jpg",300,190,true],"medium_large":["https:\/\/veritasinfo.org\/wp-content\/uploads\/2025\/11\/66.jpg",621,394,false],"large":["https:\/\/veritasinfo.org\/wp-content\/uploads\/2025\/11\/66.jpg",621,394,false],"1536x1536":["https:\/\/veritasinfo.org\/wp-content\/uploads\/2025\/11\/66.jpg",621,394,false],"2048x2048":["https:\/\/veritasinfo.org\/wp-content\/uploads\/2025\/11\/66.jpg",621,394,false],"kreeti-slider-full":["https:\/\/veritasinfo.org\/wp-content\/uploads\/2025\/11\/66.jpg",621,394,false],"kreeti-featured":["https:\/\/veritasinfo.org\/wp-content\/uploads\/2025\/11\/66.jpg",621,394,false],"kreeti-medium":["https:\/\/veritasinfo.org\/wp-content\/uploads\/2025\/11\/66.jpg",621,394,false],"kreeti-medium-square":["https:\/\/veritasinfo.org\/wp-content\/uploads\/2025\/11\/66.jpg",350,222,false]},"author_info":{"info":["US5"]},"category_info":"<a href=\"https:\/\/veritasinfo.org\/?cat=58\" rel=\"category\">Politik\u00eb<\/a>","tag_info":"Politik\u00eb","comment_count":"0","_links":{"self":[{"href":"https:\/\/veritasinfo.org\/index.php?rest_route=\/wp\/v2\/posts\/21295","targetHints":{"allow":["GET"]}}],"collection":[{"href":"https:\/\/veritasinfo.org\/index.php?rest_route=\/wp\/v2\/posts"}],"about":[{"href":"https:\/\/veritasinfo.org\/index.php?rest_route=\/wp\/v2\/types\/post"}],"author":[{"embeddable":true,"href":"https:\/\/veritasinfo.org\/index.php?rest_route=\/wp\/v2\/users\/6"}],"replies":[{"embeddable":true,"href":"https:\/\/veritasinfo.org\/index.php?rest_route=%2Fwp%2Fv2%2Fcomments&post=21295"}],"version-history":[{"count":1,"href":"https:\/\/veritasinfo.org\/index.php?rest_route=\/wp\/v2\/posts\/21295\/revisions"}],"predecessor-version":[{"id":21297,"href":"https:\/\/veritasinfo.org\/index.php?rest_route=\/wp\/v2\/posts\/21295\/revisions\/21297"}],"wp:featuredmedia":[{"embeddable":true,"href":"https:\/\/veritasinfo.org\/index.php?rest_route=\/wp\/v2\/media\/21296"}],"wp:attachment":[{"href":"https:\/\/veritasinfo.org\/index.php?rest_route=%2Fwp%2Fv2%2Fmedia&parent=21295"}],"wp:term":[{"taxonomy":"category","embeddable":true,"href":"https:\/\/veritasinfo.org\/index.php?rest_route=%2Fwp%2Fv2%2Fcategories&post=21295"},{"taxonomy":"post_tag","embeddable":true,"href":"https:\/\/veritasinfo.org\/index.php?rest_route=%2Fwp%2Fv2%2Ftags&post=21295"}],"curies":[{"name":"wp","href":"https:\/\/api.w.org\/{rel}","templated":true}]}}