{"id":21287,"date":"2025-11-21T16:04:33","date_gmt":"2025-11-21T15:04:33","guid":{"rendered":"https:\/\/veritasinfo.org\/?p=21287"},"modified":"2025-11-21T16:04:33","modified_gmt":"2025-11-21T15:04:33","slug":"krasniqi-perfaqesueses-se-listes-serbe-ne-kqz-duhet-me-te-ardh-marre-kur-permend-kulturen-perfaqeson-nje-subjekt-qe-ka-vra-njerez","status":"publish","type":"post","link":"https:\/\/veritasinfo.org\/?p=21287","title":{"rendered":"Krasniqi p\u00ebrfaq\u00ebsueses s\u00eb List\u00ebs Serbe n\u00eb KQZ: Duhet me t\u00eb ardh marre kur p\u00ebrmend kultur\u00ebn, p\u00ebrfaq\u00ebson nj\u00eb subjekt q\u00eb ka vra njer\u00ebz"},"content":{"rendered":"<p>Prishtin\u00eb 21 N\u00ebntor 2025  16 : 04<\/p>\n<p>An\u00ebtari i KQZ-s\u00eb nga radh\u00ebt e L\u00ebvizjes Vet\u00ebvendosje, Alban Krasniqi ka th\u00ebn\u00eb se p\u00ebrderisa lejohet funksionimi i List\u00ebs Serbe n\u00eb Kosov\u00eb, nuk ka demokraci ato komuna q\u00eb udh\u00ebhiqen nga ta dhe se po ju b\u00ebjn\u00eb presion qytetar\u00ebve serb\u00eb, raporton Ekonomia Online.<\/p>\n<p>Kjo deklarata nxiti diskutim t\u00eb ashp\u00ebr mes Krasniqit edhe Gordana Laban t\u00eb List\u00ebs Serbe.<\/p>\n<p>\u201cSa i p\u00ebrket List\u00ebs Serbe k\u00ebtu \u00ebsht\u00eb shum\u00eb e qart\u00eb deh derisa ky subjekt t\u00eb funksionoj\u00eb k\u00ebshtu dhe t\u2019i lejohet funksionimi nga institucionet tona nuk do t\u00eb ket\u00eb demokraci n\u00eb ato komuna dhe komuniteti serb vuan sot nga presioni deh shtypja q\u00eb i b\u00ebn Lista Serbe nga p\u00ebrfaq\u00ebsues i saj q\u00eb \u00ebsht\u00eb Vui\u00e7iq \u00ebsht\u00eb kreatori i saj\u201d, tha<\/p>\n<p>Krasniqi i tha asaj se nuk mbron qytetar\u00ebt serb\u00eb n\u00eb Kosov\u00eb, duke i k\u00ebrkuar q\u00eb t\u00eb mos flas p\u00ebr kultur\u00ebn meq\u00ebnes\u00eb p\u00ebrfaq\u00ebson nj\u00eb subjekt q\u00eb ka vra njer\u00ebz.<\/p>\n<p>\u201cTi shpesh thirresh ne em\u00ebr t\u00eb qytetar\u00ebve t\u00eb serb\u00eb por kurr\u00eb s\u2019i ke mbrojt\u00eb qytetar\u00ebt serb\u00eb. Ti je ajo q\u00eb i ke luftuar subjektet tjera politike serbe k\u00ebtu, n\u00eb favor t\u00eb List\u00ebs Serbe. Kultur\u00ebn prej terroristes, kriminele \u00e7far\u00eb je nuk mundesh me na tregu k\u00ebtu. Ty duhet me t\u00eb ardh marre kur na p\u00ebrmend kultur\u00ebn k\u00ebtu sepse p\u00ebrfaq\u00ebson nj\u00eb subjekt q\u00eb ka vra njer\u00ebz\u201d, tha Krasniqi.<\/p>\n<p>Ai m\u00eb tej tha se \u201cN\u00ebse je p\u00ebrfaq\u00ebsuese e List\u00ebs Serbe at\u00ebher\u00eb je p\u00ebrfaq\u00ebsuese e nj\u00eb organizat\u00eb terroriste, kriminale. Pik\u00eb. Ti lidhje s\u2019ke me p\u00ebrfaq\u00ebsimin e qytetar\u00ebve serb\u00eb n\u00eb Kosov\u00eb dhe kjo \u00ebsht\u00eb fyerja m\u00eb e madhe q\u00eb i b\u00ebn asaj\u201d.<\/p>\n","protected":false},"excerpt":{"rendered":"<p>Prishtin\u00eb 21 N\u00ebntor 2025 16 : 04 An\u00ebtari i KQZ-s\u00eb nga radh\u00ebt e L\u00ebvizjes Vet\u00ebvendosje, Alban Krasniqi ka th\u00ebn\u00eb se p\u00ebrderisa lejohet funksionimi i List\u00ebs<\/p>\n","protected":false},"author":6,"featured_media":21288,"comment_status":"open","ping_status":"open","sticky":false,"template":"","format":"standard","meta":{"footnotes":""},"categories":[8],"tags":[],"class_list":["post-21287","post","type-post","status-publish","format-standard","has-post-thumbnail","hentry","category-blog-sq"],"yoast_head":"<!-- This site is optimized with the Yoast SEO plugin v25.3.1 - https:\/\/yoast.com\/wordpress\/plugins\/seo\/ -->\n<title>Krasniqi p\u00ebrfaq\u00ebsueses s\u00eb List\u00ebs Serbe n\u00eb KQZ: Duhet me t\u00eb ardh marre kur p\u00ebrmend kultur\u00ebn, p\u00ebrfaq\u00ebson nj\u00eb subjekt q\u00eb ka vra njer\u00ebz -<\/title>\n<meta name=\"robots\" content=\"index, follow, max-snippet:-1, max-image-preview:large, max-video-preview:-1\" \/>\n<link rel=\"canonical\" href=\"https:\/\/veritasinfo.org\/?p=21287\" \/>\n<meta property=\"og:locale\" content=\"en_US\" \/>\n<meta property=\"og:type\" content=\"article\" \/>\n<meta property=\"og:title\" content=\"Krasniqi p\u00ebrfaq\u00ebsueses s\u00eb List\u00ebs Serbe n\u00eb KQZ: Duhet me t\u00eb ardh marre kur p\u00ebrmend kultur\u00ebn, p\u00ebrfaq\u00ebson nj\u00eb subjekt q\u00eb ka vra njer\u00ebz -\" \/>\n<meta property=\"og:description\" content=\"Prishtin\u00eb 21 N\u00ebntor 2025 16 : 04 An\u00ebtari i KQZ-s\u00eb nga radh\u00ebt e L\u00ebvizjes Vet\u00ebvendosje, Alban Krasniqi ka th\u00ebn\u00eb se p\u00ebrderisa lejohet funksionimi i List\u00ebs\" \/>\n<meta property=\"og:url\" content=\"https:\/\/veritasinfo.org\/?p=21287\" \/>\n<meta property=\"article:published_time\" content=\"2025-11-21T15:04:33+00:00\" \/>\n<meta property=\"og:image\" content=\"https:\/\/veritasinfo.org\/wp-content\/uploads\/2025\/11\/kqz-foto-1536x864-1.jpg\" \/>\n\t<meta property=\"og:image:width\" content=\"1536\" \/>\n\t<meta property=\"og:image:height\" content=\"864\" \/>\n\t<meta property=\"og:image:type\" content=\"image\/jpeg\" \/>\n<meta name=\"author\" content=\"US5\" \/>\n<meta name=\"twitter:card\" content=\"summary_large_image\" \/>\n<meta name=\"twitter:label1\" content=\"Written by\" \/>\n\t<meta name=\"twitter:data1\" content=\"US5\" \/>\n<script type=\"application\/ld+json\" class=\"yoast-schema-graph\">{\"@context\":\"https:\/\/schema.org\",\"@graph\":[{\"@type\":\"WebPage\",\"@id\":\"https:\/\/veritasinfo.org\/?p=21287\",\"url\":\"https:\/\/veritasinfo.org\/?p=21287\",\"name\":\"Krasniqi p\u00ebrfaq\u00ebsueses s\u00eb List\u00ebs Serbe n\u00eb KQZ: Duhet me t\u00eb ardh marre kur p\u00ebrmend kultur\u00ebn, p\u00ebrfaq\u00ebson nj\u00eb subjekt q\u00eb ka vra njer\u00ebz -\",\"isPartOf\":{\"@id\":\"https:\/\/veritasinfo.org\/#website\"},\"primaryImageOfPage\":{\"@id\":\"https:\/\/veritasinfo.org\/?p=21287#primaryimage\"},\"image\":{\"@id\":\"https:\/\/veritasinfo.org\/?p=21287#primaryimage\"},\"thumbnailUrl\":\"https:\/\/veritasinfo.org\/wp-content\/uploads\/2025\/11\/kqz-foto-1536x864-1.jpg\",\"datePublished\":\"2025-11-21T15:04:33+00:00\",\"author\":{\"@id\":\"https:\/\/veritasinfo.org\/#\/schema\/person\/bc442336e35414d04494ab8fb45db4c6\"},\"breadcrumb\":{\"@id\":\"https:\/\/veritasinfo.org\/?p=21287#breadcrumb\"},\"inLanguage\":\"en-US\",\"potentialAction\":[{\"@type\":\"ReadAction\",\"target\":[\"https:\/\/veritasinfo.org\/?p=21287\"]}]},{\"@type\":\"ImageObject\",\"inLanguage\":\"en-US\",\"@id\":\"https:\/\/veritasinfo.org\/?p=21287#primaryimage\",\"url\":\"https:\/\/veritasinfo.org\/wp-content\/uploads\/2025\/11\/kqz-foto-1536x864-1.jpg\",\"contentUrl\":\"https:\/\/veritasinfo.org\/wp-content\/uploads\/2025\/11\/kqz-foto-1536x864-1.jpg\",\"width\":1536,\"height\":864},{\"@type\":\"BreadcrumbList\",\"@id\":\"https:\/\/veritasinfo.org\/?p=21287#breadcrumb\",\"itemListElement\":[{\"@type\":\"ListItem\",\"position\":1,\"name\":\"Home\",\"item\":\"https:\/\/veritasinfo.org\/\"},{\"@type\":\"ListItem\",\"position\":2,\"name\":\"Krasniqi p\u00ebrfaq\u00ebsueses s\u00eb List\u00ebs Serbe n\u00eb KQZ: Duhet me t\u00eb ardh marre kur p\u00ebrmend kultur\u00ebn, p\u00ebrfaq\u00ebson nj\u00eb subjekt q\u00eb ka vra njer\u00ebz\"}]},{\"@type\":\"WebSite\",\"@id\":\"https:\/\/veritasinfo.org\/#website\",\"url\":\"https:\/\/veritasinfo.org\/\",\"name\":\"\",\"description\":\"\",\"potentialAction\":[{\"@type\":\"SearchAction\",\"target\":{\"@type\":\"EntryPoint\",\"urlTemplate\":\"https:\/\/veritasinfo.org\/?s={search_term_string}\"},\"query-input\":{\"@type\":\"PropertyValueSpecification\",\"valueRequired\":true,\"valueName\":\"search_term_string\"}}],\"inLanguage\":\"en-US\"},{\"@type\":\"Person\",\"@id\":\"https:\/\/veritasinfo.org\/#\/schema\/person\/bc442336e35414d04494ab8fb45db4c6\",\"name\":\"US5\",\"image\":{\"@type\":\"ImageObject\",\"inLanguage\":\"en-US\",\"@id\":\"https:\/\/veritasinfo.org\/#\/schema\/person\/image\/\",\"url\":\"https:\/\/secure.gravatar.com\/avatar\/16a61e7272a0c5d001121ebb9e60e925d5816e4ac1e443ed3e640d9a6ae55d0c?s=96&d=mm&r=g\",\"contentUrl\":\"https:\/\/secure.gravatar.com\/avatar\/16a61e7272a0c5d001121ebb9e60e925d5816e4ac1e443ed3e640d9a6ae55d0c?s=96&d=mm&r=g\",\"caption\":\"US5\"},\"url\":\"https:\/\/veritasinfo.org\/?author=6\"}]}<\/script>\n<!-- \/ Yoast SEO plugin. -->","yoast_head_json":{"title":"Krasniqi p\u00ebrfaq\u00ebsueses s\u00eb List\u00ebs Serbe n\u00eb KQZ: Duhet me t\u00eb ardh marre kur p\u00ebrmend kultur\u00ebn, p\u00ebrfaq\u00ebson nj\u00eb subjekt q\u00eb ka vra njer\u00ebz -","robots":{"index":"index","follow":"follow","max-snippet":"max-snippet:-1","max-image-preview":"max-image-preview:large","max-video-preview":"max-video-preview:-1"},"canonical":"https:\/\/veritasinfo.org\/?p=21287","og_locale":"en_US","og_type":"article","og_title":"Krasniqi p\u00ebrfaq\u00ebsueses s\u00eb List\u00ebs Serbe n\u00eb KQZ: Duhet me t\u00eb ardh marre kur p\u00ebrmend kultur\u00ebn, p\u00ebrfaq\u00ebson nj\u00eb subjekt q\u00eb ka vra njer\u00ebz -","og_description":"Prishtin\u00eb 21 N\u00ebntor 2025 16 : 04 An\u00ebtari i KQZ-s\u00eb nga radh\u00ebt e L\u00ebvizjes Vet\u00ebvendosje, Alban Krasniqi ka th\u00ebn\u00eb se p\u00ebrderisa lejohet funksionimi i List\u00ebs","og_url":"https:\/\/veritasinfo.org\/?p=21287","article_published_time":"2025-11-21T15:04:33+00:00","og_image":[{"width":1536,"height":864,"url":"https:\/\/veritasinfo.org\/wp-content\/uploads\/2025\/11\/kqz-foto-1536x864-1.jpg","type":"image\/jpeg"}],"author":"US5","twitter_card":"summary_large_image","twitter_misc":{"Written by":"US5"},"schema":{"@context":"https:\/\/schema.org","@graph":[{"@type":"WebPage","@id":"https:\/\/veritasinfo.org\/?p=21287","url":"https:\/\/veritasinfo.org\/?p=21287","name":"Krasniqi p\u00ebrfaq\u00ebsueses s\u00eb List\u00ebs Serbe n\u00eb KQZ: Duhet me t\u00eb ardh marre kur p\u00ebrmend kultur\u00ebn, p\u00ebrfaq\u00ebson nj\u00eb subjekt q\u00eb ka vra njer\u00ebz -","isPartOf":{"@id":"https:\/\/veritasinfo.org\/#website"},"primaryImageOfPage":{"@id":"https:\/\/veritasinfo.org\/?p=21287#primaryimage"},"image":{"@id":"https:\/\/veritasinfo.org\/?p=21287#primaryimage"},"thumbnailUrl":"https:\/\/veritasinfo.org\/wp-content\/uploads\/2025\/11\/kqz-foto-1536x864-1.jpg","datePublished":"2025-11-21T15:04:33+00:00","author":{"@id":"https:\/\/veritasinfo.org\/#\/schema\/person\/bc442336e35414d04494ab8fb45db4c6"},"breadcrumb":{"@id":"https:\/\/veritasinfo.org\/?p=21287#breadcrumb"},"inLanguage":"en-US","potentialAction":[{"@type":"ReadAction","target":["https:\/\/veritasinfo.org\/?p=21287"]}]},{"@type":"ImageObject","inLanguage":"en-US","@id":"https:\/\/veritasinfo.org\/?p=21287#primaryimage","url":"https:\/\/veritasinfo.org\/wp-content\/uploads\/2025\/11\/kqz-foto-1536x864-1.jpg","contentUrl":"https:\/\/veritasinfo.org\/wp-content\/uploads\/2025\/11\/kqz-foto-1536x864-1.jpg","width":1536,"height":864},{"@type":"BreadcrumbList","@id":"https:\/\/veritasinfo.org\/?p=21287#breadcrumb","itemListElement":[{"@type":"ListItem","position":1,"name":"Home","item":"https:\/\/veritasinfo.org\/"},{"@type":"ListItem","position":2,"name":"Krasniqi p\u00ebrfaq\u00ebsueses s\u00eb List\u00ebs Serbe n\u00eb KQZ: Duhet me t\u00eb ardh marre kur p\u00ebrmend kultur\u00ebn, p\u00ebrfaq\u00ebson nj\u00eb subjekt q\u00eb ka vra njer\u00ebz"}]},{"@type":"WebSite","@id":"https:\/\/veritasinfo.org\/#website","url":"https:\/\/veritasinfo.org\/","name":"","description":"","potentialAction":[{"@type":"SearchAction","target":{"@type":"EntryPoint","urlTemplate":"https:\/\/veritasinfo.org\/?s={search_term_string}"},"query-input":{"@type":"PropertyValueSpecification","valueRequired":true,"valueName":"search_term_string"}}],"inLanguage":"en-US"},{"@type":"Person","@id":"https:\/\/veritasinfo.org\/#\/schema\/person\/bc442336e35414d04494ab8fb45db4c6","name":"US5","image":{"@type":"ImageObject","inLanguage":"en-US","@id":"https:\/\/veritasinfo.org\/#\/schema\/person\/image\/","url":"https:\/\/secure.gravatar.com\/avatar\/16a61e7272a0c5d001121ebb9e60e925d5816e4ac1e443ed3e640d9a6ae55d0c?s=96&d=mm&r=g","contentUrl":"https:\/\/secure.gravatar.com\/avatar\/16a61e7272a0c5d001121ebb9e60e925d5816e4ac1e443ed3e640d9a6ae55d0c?s=96&d=mm&r=g","caption":"US5"},"url":"https:\/\/veritasinfo.org\/?author=6"}]}},"featured_image_urls":{"full":["https:\/\/veritasinfo.org\/wp-content\/uploads\/2025\/11\/kqz-foto-1536x864-1.jpg",1536,864,false],"thumbnail":["https:\/\/veritasinfo.org\/wp-content\/uploads\/2025\/11\/kqz-foto-1536x864-1-150x150.jpg",150,150,true],"medium":["https:\/\/veritasinfo.org\/wp-content\/uploads\/2025\/11\/kqz-foto-1536x864-1-300x169.jpg",300,169,true],"medium_large":["https:\/\/veritasinfo.org\/wp-content\/uploads\/2025\/11\/kqz-foto-1536x864-1-768x432.jpg",640,360,true],"large":["https:\/\/veritasinfo.org\/wp-content\/uploads\/2025\/11\/kqz-foto-1536x864-1-1024x576.jpg",640,360,true],"1536x1536":["https:\/\/veritasinfo.org\/wp-content\/uploads\/2025\/11\/kqz-foto-1536x864-1.jpg",1536,864,false],"2048x2048":["https:\/\/veritasinfo.org\/wp-content\/uploads\/2025\/11\/kqz-foto-1536x864-1.jpg",1536,864,false],"kreeti-slider-full":["https:\/\/veritasinfo.org\/wp-content\/uploads\/2025\/11\/kqz-foto-1536x864-1.jpg",1280,720,false],"kreeti-featured":["https:\/\/veritasinfo.org\/wp-content\/uploads\/2025\/11\/kqz-foto-1536x864-1.jpg",1024,576,false],"kreeti-medium":["https:\/\/veritasinfo.org\/wp-content\/uploads\/2025\/11\/kqz-foto-1536x864-1.jpg",720,405,false],"kreeti-medium-square":["https:\/\/veritasinfo.org\/wp-content\/uploads\/2025\/11\/kqz-foto-1536x864-1.jpg",350,197,false]},"author_info":{"info":["US5"]},"category_info":"<a href=\"https:\/\/veritasinfo.org\/?cat=8\" rel=\"category\">Zgjedhjet parlamentare 2025<\/a>","tag_info":"Zgjedhjet parlamentare 2025","comment_count":"0","_links":{"self":[{"href":"https:\/\/veritasinfo.org\/index.php?rest_route=\/wp\/v2\/posts\/21287","targetHints":{"allow":["GET"]}}],"collection":[{"href":"https:\/\/veritasinfo.org\/index.php?rest_route=\/wp\/v2\/posts"}],"about":[{"href":"https:\/\/veritasinfo.org\/index.php?rest_route=\/wp\/v2\/types\/post"}],"author":[{"embeddable":true,"href":"https:\/\/veritasinfo.org\/index.php?rest_route=\/wp\/v2\/users\/6"}],"replies":[{"embeddable":true,"href":"https:\/\/veritasinfo.org\/index.php?rest_route=%2Fwp%2Fv2%2Fcomments&post=21287"}],"version-history":[{"count":1,"href":"https:\/\/veritasinfo.org\/index.php?rest_route=\/wp\/v2\/posts\/21287\/revisions"}],"predecessor-version":[{"id":21289,"href":"https:\/\/veritasinfo.org\/index.php?rest_route=\/wp\/v2\/posts\/21287\/revisions\/21289"}],"wp:featuredmedia":[{"embeddable":true,"href":"https:\/\/veritasinfo.org\/index.php?rest_route=\/wp\/v2\/media\/21288"}],"wp:attachment":[{"href":"https:\/\/veritasinfo.org\/index.php?rest_route=%2Fwp%2Fv2%2Fmedia&parent=21287"}],"wp:term":[{"taxonomy":"category","embeddable":true,"href":"https:\/\/veritasinfo.org\/index.php?rest_route=%2Fwp%2Fv2%2Fcategories&post=21287"},{"taxonomy":"post_tag","embeddable":true,"href":"https:\/\/veritasinfo.org\/index.php?rest_route=%2Fwp%2Fv2%2Ftags&post=21287"}],"curies":[{"name":"wp","href":"https:\/\/api.w.org\/{rel}","templated":true}]}}