{"id":21250,"date":"2025-11-21T12:18:18","date_gmt":"2025-11-21T11:18:18","guid":{"rendered":"https:\/\/veritasinfo.org\/?p=21250"},"modified":"2025-11-21T12:18:18","modified_gmt":"2025-11-21T11:18:18","slug":"osmani-shkk-ka-deshmuar-se-drejtesia-nuk-kufizohet-vetem-me-denim","status":"publish","type":"post","link":"https:\/\/veritasinfo.org\/?p=21250","title":{"rendered":"Osmani: SHKK ka d\u00ebshmuar se drejt\u00ebsia nuk kufizohet vet\u00ebm me d\u00ebnim"},"content":{"rendered":"<p>Prishtin\u00eb 21 N\u00ebntor 2025. 12:17<\/p>\n<p>Sh\u00ebrbimi Korrektues i Kosov\u00ebs ka sh\u00ebnuar 26-vjetorin e themelimit. Presidentja e vendit, Vjosa Osmani, tha se n\u00eb k\u00ebto 26 vite Sh\u00ebrbimi Korrektues ka d\u00ebshmuar se drejt\u00ebsia nuk kufizohet vet\u00ebm me d\u00ebnim, por drejt\u00ebsia \u00ebsht\u00eb p\u00ebrgjegj\u00ebsi, nd\u00ebrtim dhe besim.<\/p>\n<p>&#8220;Fal\u00eb pun\u00ebs q\u00eb zyrtar\u00ebve t\u00eb k\u00ebtij sh\u00ebrbimi t\u00eb mb\u00ebshtetur n\u00eb mekanizmat e drejt\u00ebsis\u00eb sot kemi nj\u00eb sistem korrektues q\u00eb fokusohet jo vet\u00ebm n\u00eb ruajtjen e rendit por edhe n\u00eb edukimin, rehabilitimin dhe riintegrimin e personave t\u00eb d\u00ebnuar&#8221;, ka th\u00ebn\u00eb Osmani.<\/p>\n<p>Nd\u00ebrkaq, Ushtruesi i Detyr\u00ebs s\u00eb Ministrit t\u00eb Drejt\u00ebsis\u00eb, Blerim Sallahu, u zotua p\u00ebr nj\u00eb sistem drejt\u00ebsie t\u00eb q\u00ebndruesh\u00ebm, modern dhe t\u00eb besuesh\u00ebm. \u201cJemi t\u00eb inkurajuar t\u00eb jemi k\u00ebtu p\u00ebr t\u00eb nd\u00ebrtuar nj\u00eb institucion q\u00eb bart mbi supe nj\u00eb mision delikat e t\u00eb domosdosh\u00ebm p\u00ebr shtetin ligjor, SHKK-n\u00eb,\u201d shtoi ai. Edhe p\u00ebrfaq\u00ebsues nga misionet EULEX dhe OSBE theksuan p\u00ebrkushtimin dhe angazhimin e tyre n\u00eb forcimin e profesionalizmit, rritjen e trajnimeve dhe modernizimit dhe \u00e7\u00ebshtjeve qe lidhen me sigurin\u00eb.<\/p>\n<p>Dibrani: Sh\u00ebrbimi Korrektues institucion modern me standarde nd\u00ebrkomb\u00ebtare<\/p>\n<p>Drejtori i p\u00ebrgjithsh\u00ebm i Sh\u00ebrbimit Korrektues t\u00eb Kosov\u00ebs Ismail Dibrani, tha se Sh\u00ebrbimi Korrektues i Kosov\u00ebs \u00ebsht\u00eb nderuar k\u00ebt\u00eb vit me \u00e7mimin e ekselenc\u00ebs nga Organizata Nd\u00ebrkomb\u00ebtare e Burgjeve dhe \u00ebsht\u00eb an\u00ebtar\u00ebsuar n\u00eb rrjetin evropian t\u00eb burgjeve, vler\u00ebsime q\u00eb d\u00ebshmojn\u00eb harmonizimin e politikave dhe praktikave me standardet m\u00eb t\u00eb larta nd\u00ebrkomb\u00ebtare.<\/p>\n<p>Sipas drejtorit t\u00eb p\u00ebrgjithsh\u00ebm, Ismail Dibrani, procesi rehabilitues ka marr\u00eb drejtimin e duhur dhe po g\u00ebzon besim t\u00eb shtuar nga vet\u00eb rehabilituesit, nd\u00ebrsa p\u00ebrparim i jasht\u00ebzakonsh\u00ebm \u00ebsht\u00eb sh\u00ebnuar edhe n\u00eb fush\u00ebn e siguris\u00eb fal\u00eb ngritjes s\u00eb kapaciteteve profesionale, investimeve teknologjike dhe menaxhimit proaktiv.<\/p>\n<p>Dibrani theksoi se Sh\u00ebrbimi Korrektues \u00ebsht\u00eb shnd\u00ebrruar n\u00eb nj\u00eb institucion bashkohor q\u00eb zbaton standardet dhe praktikat m\u00eb t\u00eb avancuara nd\u00ebrkomb\u00ebtare, p\u00ebrfshir\u00eb trajtimin, rehabilitimin dhe riintegrimin e personave t\u00eb privuar nga liria.<\/p>\n<p>K\u00ebto deklarata u b\u00ebn\u00eb gjat\u00eb ceremonis\u00eb s\u00eb sh\u00ebnimit t\u00eb 26-vjetorit t\u00eb themelimit t\u00eb Sh\u00ebrbimit Korrektues t\u00eb Kosov\u00ebs, ku drejtori e cil\u00ebsoi k\u00ebt\u00eb p\u00ebrvjetor si moment reflektimi mbi nj\u00eb rrug\u00ebtim sfidues por jasht\u00ebzakonisht t\u00eb suksessh\u00ebm, gjat\u00eb t\u00eb cilit institucioni ka kaluar nga nj\u00eb struktur\u00eb bazike n\u00eb nj\u00eb institucion modern, profesional dhe human.<\/p>\n","protected":false},"excerpt":{"rendered":"<p>Prishtin\u00eb 21 N\u00ebntor 2025. 12:17 Sh\u00ebrbimi Korrektues i Kosov\u00ebs ka sh\u00ebnuar 26-vjetorin e themelimit. Presidentja e vendit, Vjosa Osmani, tha se n\u00eb k\u00ebto 26 vite<\/p>\n","protected":false},"author":6,"featured_media":21251,"comment_status":"open","ping_status":"open","sticky":false,"template":"","format":"standard","meta":{"footnotes":""},"categories":[58],"tags":[],"class_list":["post-21250","post","type-post","status-publish","format-standard","has-post-thumbnail","hentry","category-politike-sq"],"yoast_head":"<!-- This site is optimized with the Yoast SEO plugin v25.3.1 - https:\/\/yoast.com\/wordpress\/plugins\/seo\/ -->\n<title>Osmani: SHKK ka d\u00ebshmuar se drejt\u00ebsia nuk kufizohet vet\u00ebm me d\u00ebnim -<\/title>\n<meta name=\"robots\" content=\"index, follow, max-snippet:-1, max-image-preview:large, max-video-preview:-1\" \/>\n<link rel=\"canonical\" href=\"https:\/\/veritasinfo.org\/?p=21250\" \/>\n<meta property=\"og:locale\" content=\"en_US\" \/>\n<meta property=\"og:type\" content=\"article\" \/>\n<meta property=\"og:title\" content=\"Osmani: SHKK ka d\u00ebshmuar se drejt\u00ebsia nuk kufizohet vet\u00ebm me d\u00ebnim -\" \/>\n<meta property=\"og:description\" content=\"Prishtin\u00eb 21 N\u00ebntor 2025. 12:17 Sh\u00ebrbimi Korrektues i Kosov\u00ebs ka sh\u00ebnuar 26-vjetorin e themelimit. Presidentja e vendit, Vjosa Osmani, tha se n\u00eb k\u00ebto 26 vite\" \/>\n<meta property=\"og:url\" content=\"https:\/\/veritasinfo.org\/?p=21250\" \/>\n<meta property=\"article:published_time\" content=\"2025-11-21T11:18:18+00:00\" \/>\n<meta property=\"og:image\" content=\"https:\/\/veritasinfo.org\/wp-content\/uploads\/2025\/11\/710114-dSosm8EYbc.jpg\" \/>\n\t<meta property=\"og:image:width\" content=\"780\" \/>\n\t<meta property=\"og:image:height\" content=\"500\" \/>\n\t<meta property=\"og:image:type\" content=\"image\/jpeg\" \/>\n<meta name=\"author\" content=\"US5\" \/>\n<meta name=\"twitter:card\" content=\"summary_large_image\" \/>\n<meta name=\"twitter:label1\" content=\"Written by\" \/>\n\t<meta name=\"twitter:data1\" content=\"US5\" \/>\n<script type=\"application\/ld+json\" class=\"yoast-schema-graph\">{\"@context\":\"https:\/\/schema.org\",\"@graph\":[{\"@type\":\"WebPage\",\"@id\":\"https:\/\/veritasinfo.org\/?p=21250\",\"url\":\"https:\/\/veritasinfo.org\/?p=21250\",\"name\":\"Osmani: SHKK ka d\u00ebshmuar se drejt\u00ebsia nuk kufizohet vet\u00ebm me d\u00ebnim -\",\"isPartOf\":{\"@id\":\"https:\/\/veritasinfo.org\/#website\"},\"primaryImageOfPage\":{\"@id\":\"https:\/\/veritasinfo.org\/?p=21250#primaryimage\"},\"image\":{\"@id\":\"https:\/\/veritasinfo.org\/?p=21250#primaryimage\"},\"thumbnailUrl\":\"https:\/\/veritasinfo.org\/wp-content\/uploads\/2025\/11\/710114-dSosm8EYbc.jpg\",\"datePublished\":\"2025-11-21T11:18:18+00:00\",\"author\":{\"@id\":\"https:\/\/veritasinfo.org\/#\/schema\/person\/bc442336e35414d04494ab8fb45db4c6\"},\"breadcrumb\":{\"@id\":\"https:\/\/veritasinfo.org\/?p=21250#breadcrumb\"},\"inLanguage\":\"en-US\",\"potentialAction\":[{\"@type\":\"ReadAction\",\"target\":[\"https:\/\/veritasinfo.org\/?p=21250\"]}]},{\"@type\":\"ImageObject\",\"inLanguage\":\"en-US\",\"@id\":\"https:\/\/veritasinfo.org\/?p=21250#primaryimage\",\"url\":\"https:\/\/veritasinfo.org\/wp-content\/uploads\/2025\/11\/710114-dSosm8EYbc.jpg\",\"contentUrl\":\"https:\/\/veritasinfo.org\/wp-content\/uploads\/2025\/11\/710114-dSosm8EYbc.jpg\",\"width\":780,\"height\":500},{\"@type\":\"BreadcrumbList\",\"@id\":\"https:\/\/veritasinfo.org\/?p=21250#breadcrumb\",\"itemListElement\":[{\"@type\":\"ListItem\",\"position\":1,\"name\":\"Home\",\"item\":\"https:\/\/veritasinfo.org\/\"},{\"@type\":\"ListItem\",\"position\":2,\"name\":\"Osmani: SHKK ka d\u00ebshmuar se drejt\u00ebsia nuk kufizohet vet\u00ebm me d\u00ebnim\"}]},{\"@type\":\"WebSite\",\"@id\":\"https:\/\/veritasinfo.org\/#website\",\"url\":\"https:\/\/veritasinfo.org\/\",\"name\":\"\",\"description\":\"\",\"potentialAction\":[{\"@type\":\"SearchAction\",\"target\":{\"@type\":\"EntryPoint\",\"urlTemplate\":\"https:\/\/veritasinfo.org\/?s={search_term_string}\"},\"query-input\":{\"@type\":\"PropertyValueSpecification\",\"valueRequired\":true,\"valueName\":\"search_term_string\"}}],\"inLanguage\":\"en-US\"},{\"@type\":\"Person\",\"@id\":\"https:\/\/veritasinfo.org\/#\/schema\/person\/bc442336e35414d04494ab8fb45db4c6\",\"name\":\"US5\",\"image\":{\"@type\":\"ImageObject\",\"inLanguage\":\"en-US\",\"@id\":\"https:\/\/veritasinfo.org\/#\/schema\/person\/image\/\",\"url\":\"https:\/\/secure.gravatar.com\/avatar\/16a61e7272a0c5d001121ebb9e60e925d5816e4ac1e443ed3e640d9a6ae55d0c?s=96&d=mm&r=g\",\"contentUrl\":\"https:\/\/secure.gravatar.com\/avatar\/16a61e7272a0c5d001121ebb9e60e925d5816e4ac1e443ed3e640d9a6ae55d0c?s=96&d=mm&r=g\",\"caption\":\"US5\"},\"url\":\"https:\/\/veritasinfo.org\/?author=6\"}]}<\/script>\n<!-- \/ Yoast SEO plugin. -->","yoast_head_json":{"title":"Osmani: SHKK ka d\u00ebshmuar se drejt\u00ebsia nuk kufizohet vet\u00ebm me d\u00ebnim -","robots":{"index":"index","follow":"follow","max-snippet":"max-snippet:-1","max-image-preview":"max-image-preview:large","max-video-preview":"max-video-preview:-1"},"canonical":"https:\/\/veritasinfo.org\/?p=21250","og_locale":"en_US","og_type":"article","og_title":"Osmani: SHKK ka d\u00ebshmuar se drejt\u00ebsia nuk kufizohet vet\u00ebm me d\u00ebnim -","og_description":"Prishtin\u00eb 21 N\u00ebntor 2025. 12:17 Sh\u00ebrbimi Korrektues i Kosov\u00ebs ka sh\u00ebnuar 26-vjetorin e themelimit. Presidentja e vendit, Vjosa Osmani, tha se n\u00eb k\u00ebto 26 vite","og_url":"https:\/\/veritasinfo.org\/?p=21250","article_published_time":"2025-11-21T11:18:18+00:00","og_image":[{"width":780,"height":500,"url":"https:\/\/veritasinfo.org\/wp-content\/uploads\/2025\/11\/710114-dSosm8EYbc.jpg","type":"image\/jpeg"}],"author":"US5","twitter_card":"summary_large_image","twitter_misc":{"Written by":"US5"},"schema":{"@context":"https:\/\/schema.org","@graph":[{"@type":"WebPage","@id":"https:\/\/veritasinfo.org\/?p=21250","url":"https:\/\/veritasinfo.org\/?p=21250","name":"Osmani: SHKK ka d\u00ebshmuar se drejt\u00ebsia nuk kufizohet vet\u00ebm me d\u00ebnim -","isPartOf":{"@id":"https:\/\/veritasinfo.org\/#website"},"primaryImageOfPage":{"@id":"https:\/\/veritasinfo.org\/?p=21250#primaryimage"},"image":{"@id":"https:\/\/veritasinfo.org\/?p=21250#primaryimage"},"thumbnailUrl":"https:\/\/veritasinfo.org\/wp-content\/uploads\/2025\/11\/710114-dSosm8EYbc.jpg","datePublished":"2025-11-21T11:18:18+00:00","author":{"@id":"https:\/\/veritasinfo.org\/#\/schema\/person\/bc442336e35414d04494ab8fb45db4c6"},"breadcrumb":{"@id":"https:\/\/veritasinfo.org\/?p=21250#breadcrumb"},"inLanguage":"en-US","potentialAction":[{"@type":"ReadAction","target":["https:\/\/veritasinfo.org\/?p=21250"]}]},{"@type":"ImageObject","inLanguage":"en-US","@id":"https:\/\/veritasinfo.org\/?p=21250#primaryimage","url":"https:\/\/veritasinfo.org\/wp-content\/uploads\/2025\/11\/710114-dSosm8EYbc.jpg","contentUrl":"https:\/\/veritasinfo.org\/wp-content\/uploads\/2025\/11\/710114-dSosm8EYbc.jpg","width":780,"height":500},{"@type":"BreadcrumbList","@id":"https:\/\/veritasinfo.org\/?p=21250#breadcrumb","itemListElement":[{"@type":"ListItem","position":1,"name":"Home","item":"https:\/\/veritasinfo.org\/"},{"@type":"ListItem","position":2,"name":"Osmani: SHKK ka d\u00ebshmuar se drejt\u00ebsia nuk kufizohet vet\u00ebm me d\u00ebnim"}]},{"@type":"WebSite","@id":"https:\/\/veritasinfo.org\/#website","url":"https:\/\/veritasinfo.org\/","name":"","description":"","potentialAction":[{"@type":"SearchAction","target":{"@type":"EntryPoint","urlTemplate":"https:\/\/veritasinfo.org\/?s={search_term_string}"},"query-input":{"@type":"PropertyValueSpecification","valueRequired":true,"valueName":"search_term_string"}}],"inLanguage":"en-US"},{"@type":"Person","@id":"https:\/\/veritasinfo.org\/#\/schema\/person\/bc442336e35414d04494ab8fb45db4c6","name":"US5","image":{"@type":"ImageObject","inLanguage":"en-US","@id":"https:\/\/veritasinfo.org\/#\/schema\/person\/image\/","url":"https:\/\/secure.gravatar.com\/avatar\/16a61e7272a0c5d001121ebb9e60e925d5816e4ac1e443ed3e640d9a6ae55d0c?s=96&d=mm&r=g","contentUrl":"https:\/\/secure.gravatar.com\/avatar\/16a61e7272a0c5d001121ebb9e60e925d5816e4ac1e443ed3e640d9a6ae55d0c?s=96&d=mm&r=g","caption":"US5"},"url":"https:\/\/veritasinfo.org\/?author=6"}]}},"featured_image_urls":{"full":["https:\/\/veritasinfo.org\/wp-content\/uploads\/2025\/11\/710114-dSosm8EYbc.jpg",780,500,false],"thumbnail":["https:\/\/veritasinfo.org\/wp-content\/uploads\/2025\/11\/710114-dSosm8EYbc-150x150.jpg",150,150,true],"medium":["https:\/\/veritasinfo.org\/wp-content\/uploads\/2025\/11\/710114-dSosm8EYbc-300x192.jpg",300,192,true],"medium_large":["https:\/\/veritasinfo.org\/wp-content\/uploads\/2025\/11\/710114-dSosm8EYbc-768x492.jpg",640,410,true],"large":["https:\/\/veritasinfo.org\/wp-content\/uploads\/2025\/11\/710114-dSosm8EYbc.jpg",640,410,false],"1536x1536":["https:\/\/veritasinfo.org\/wp-content\/uploads\/2025\/11\/710114-dSosm8EYbc.jpg",780,500,false],"2048x2048":["https:\/\/veritasinfo.org\/wp-content\/uploads\/2025\/11\/710114-dSosm8EYbc.jpg",780,500,false],"kreeti-slider-full":["https:\/\/veritasinfo.org\/wp-content\/uploads\/2025\/11\/710114-dSosm8EYbc.jpg",780,500,false],"kreeti-featured":["https:\/\/veritasinfo.org\/wp-content\/uploads\/2025\/11\/710114-dSosm8EYbc.jpg",780,500,false],"kreeti-medium":["https:\/\/veritasinfo.org\/wp-content\/uploads\/2025\/11\/710114-dSosm8EYbc.jpg",720,462,false],"kreeti-medium-square":["https:\/\/veritasinfo.org\/wp-content\/uploads\/2025\/11\/710114-dSosm8EYbc.jpg",350,224,false]},"author_info":{"info":["US5"]},"category_info":"<a href=\"https:\/\/veritasinfo.org\/?cat=58\" rel=\"category\">Politik\u00eb<\/a>","tag_info":"Politik\u00eb","comment_count":"0","_links":{"self":[{"href":"https:\/\/veritasinfo.org\/index.php?rest_route=\/wp\/v2\/posts\/21250","targetHints":{"allow":["GET"]}}],"collection":[{"href":"https:\/\/veritasinfo.org\/index.php?rest_route=\/wp\/v2\/posts"}],"about":[{"href":"https:\/\/veritasinfo.org\/index.php?rest_route=\/wp\/v2\/types\/post"}],"author":[{"embeddable":true,"href":"https:\/\/veritasinfo.org\/index.php?rest_route=\/wp\/v2\/users\/6"}],"replies":[{"embeddable":true,"href":"https:\/\/veritasinfo.org\/index.php?rest_route=%2Fwp%2Fv2%2Fcomments&post=21250"}],"version-history":[{"count":1,"href":"https:\/\/veritasinfo.org\/index.php?rest_route=\/wp\/v2\/posts\/21250\/revisions"}],"predecessor-version":[{"id":21252,"href":"https:\/\/veritasinfo.org\/index.php?rest_route=\/wp\/v2\/posts\/21250\/revisions\/21252"}],"wp:featuredmedia":[{"embeddable":true,"href":"https:\/\/veritasinfo.org\/index.php?rest_route=\/wp\/v2\/media\/21251"}],"wp:attachment":[{"href":"https:\/\/veritasinfo.org\/index.php?rest_route=%2Fwp%2Fv2%2Fmedia&parent=21250"}],"wp:term":[{"taxonomy":"category","embeddable":true,"href":"https:\/\/veritasinfo.org\/index.php?rest_route=%2Fwp%2Fv2%2Fcategories&post=21250"},{"taxonomy":"post_tag","embeddable":true,"href":"https:\/\/veritasinfo.org\/index.php?rest_route=%2Fwp%2Fv2%2Ftags&post=21250"}],"curies":[{"name":"wp","href":"https:\/\/api.w.org\/{rel}","templated":true}]}}