{"id":21243,"date":"2025-11-21T11:51:45","date_gmt":"2025-11-21T10:51:45","guid":{"rendered":"https:\/\/veritasinfo.org\/?p=21243"},"modified":"2025-11-21T11:51:45","modified_gmt":"2025-11-21T10:51:45","slug":"miredita-dobar-dan-ne-kosove-kontrasti-i-serbise-se-thyer-nga-nacionalizimi","status":"publish","type":"post","link":"https:\/\/veritasinfo.org\/?p=21243","title":{"rendered":"Mir\u00ebdita, dobar dan!\u201d n\u00eb Kosov\u00eb \u2013 kontrasti i Serbis\u00eb s\u00eb thyer nga nacionalizimi"},"content":{"rendered":"<p>Prishtin\u00eb 21 N\u00ebntor 2025 11:47.<\/p>\n<p>T\u00eb enjten mbr\u00ebma, n\u00eb qendr\u00ebn p\u00ebr kultur\u00eb alternative \u201cDefy Them\u201d n\u00eb \u201cBregun e Diellit\u201d n\u00eb Prishtin\u00eb \u00ebsht\u00eb prer\u00eb shiriti i shfaqjes treditore t\u00eb edicionit t\u00eb 12-t\u00eb q\u00eb prezanton nj\u00eb pjes\u00eb t\u00eb sken\u00ebs kulturore t\u00eb Serbis\u00eb<br \/>\nThirrje p\u00ebr vrasjen e shqiptar\u00ebve, huligan\u00eb, tym e alarme p\u00ebr bomba, jan\u00eb pothuajse skenari i nj\u00ebjt\u00eb i secilit edicion t\u00eb \u201cMir\u00ebdita, dobar dan!\u201d n\u00eb Serbi, e cila ve\u00e7mas vitin e kaluar u sfidua e u thye nga nacionalizimi kur u dha urdh\u00ebr shtet\u00ebror p\u00ebr anulimin e Festivalit. N\u00eb Kosov\u00eb, \u00ebsht\u00eb nj\u00eb imazh krejt tjet\u00ebr: nj\u00eb grusht polic\u00ebsh \u00ebsht\u00eb aty sa p\u00ebr protokoll, Festivali hapet si \u00e7do ngjarje tjet\u00ebr n\u00eb Prishtin\u00eb, e \u201cMir\u00ebdita&#8230;\u201d \u00ebsht\u00eb kontrasti i Serbis\u00eb s\u00eb thyer nga nacionalizmi dhe d\u00ebshmi se artist\u00ebt e aktivist\u00ebt s\u2019e kan\u00eb nd\u00ebrmend t\u00eb dor\u00ebzohen p\u00ebrball\u00eb narrativave t\u00eb frik\u00ebs dhe urrejtjes<br \/>\nNdryshe nga zhurma q\u00eb b\u00ebn \u201cMir\u00ebdita, dobar dan!\u201d n\u00eb kryeqytetin serb ku \u00e7on krye nacionalizmi e shteti e ndalon Festivalin, n\u00eb Prishtin\u00eb ajo \u00ebsht\u00eb ve\u00e7 nj\u00eb tjet\u00ebr fest\u00eb e artit dhe kultur\u00ebs. K\u00ebsaj here si platform\u00eb q\u00eb sfidon ndarjet dhe promovon bashk\u00ebpunimin e shk\u00ebmbimin kulturor midis komuniteteve t\u00eb t\u00eb dy etnive. N\u00eb Kosov\u00eb, me gjith\u00eb plag\u00ebt ende t\u00eb fresk\u00ebta t\u00eb luft\u00ebs, pa kurrfar\u00eb problemi, kjo lloj demokracie kulturore ndahet nga politika. Edhe p\u00ebrtej \u201cMir\u00ebdita&#8230;\u201d. T\u00eb enjten mbr\u00ebma, n\u00eb qendr\u00ebn p\u00ebr kultur\u00eb alternative \u201cDefy Them\u201d n\u00eb \u201cBregun e Diellit\u201d n\u00eb Prishtin\u00eb \u00ebsht\u00eb prer\u00eb shiriti i shfaqjes treditore t\u00eb edicionit t\u00eb 12-t\u00eb q\u00eb prezanton nj\u00eb pjes\u00eb t\u00eb sken\u00ebs kulturore t\u00eb Serbis\u00eb.  K\u00ebshtu funksionon p\u00ebrher\u00eb dhe ky \u00ebsht\u00eb formati i Festivalit: n\u00eb Beograd \u2013 n\u00eb raste kur lejohet \u2013 synohet t\u00eb promovohet kultura e Kosov\u00ebs dhe anasjelltas. <\/p>\n<p>Nj\u00eb ekip i zyrtar\u00ebve policor\u00eb prej disa vetash ka qen\u00eb masa e siguris\u00eb p\u00ebr ngjarjen e cila e b\u00ebn namin n\u00eb Beograd. Kan\u00eb q\u00ebndruar jasht\u00eb hap\u00ebsir\u00ebs ku \u00ebsht\u00eb zhvilluar ngjarja. Po aty, e brenda, midis pjes\u00ebtar\u00ebve t\u00eb t\u00eb dy etnive, gjuha angleze ka qen\u00eb forma e komunikimit. Ka ngjar\u00eb se masa m\u00eb e madhe e publikut kan\u00eb qen\u00eb mysafir\u00eb nga shteti fqinj. <\/p>\n<p>N\u00eb ceremonin\u00eb e hapjes, organizator\u00ebt jan\u00eb shprehur se shpresojn\u00eb q\u00eb vitin tjet\u00ebr Festivali t\u00eb mir\u00ebpritet n\u00eb Beograd. <\/p>\n<p>Organizatori i ngjarjes nga ana e Kosov\u00ebs, Kushtrim Koliqi, i cili udh\u00ebheq me organizat\u00ebn \u201cIntegra\u201d, ka th\u00ebn\u00eb se fakti i ndalimit t\u00eb \u201cMir\u00ebdita&#8230;\u201d n\u00eb Serbi ringjall narrativa t\u00eb frik\u00ebs dhe t\u00eb urrejtjes. \u00cbsht\u00eb k\u00ebnaq\u00ebsi e ve\u00e7ant\u00eb q\u00eb k\u00ebt\u00eb vit po e hapim Festivalin n\u00eb Prishtin\u00eb pas nj\u00eb periudhe t\u00eb sfidave t\u00eb shumta dhe shum\u00eb her\u00eb t\u00eb pakuptueshme. Vitin e kaluar edicioni i Festivalit n\u00eb Beograd u ndalua, nj\u00eb ngjarje kjo q\u00eb na kujton sa e brisht\u00eb mund t\u00eb jet\u00eb hap\u00ebsira p\u00ebr dialog dhe sa leht\u00eb mund t\u00eb ringjallen narrativat e frik\u00ebs dhe urrejtjes. Por sonte, duke qen\u00eb k\u00ebtu, ne po d\u00ebshmojm\u00eb se \u2018Mir\u00ebdita, dobar dan!\u2019 do t\u00eb vazhdoj\u00eb, pavar\u00ebsisht pengesave\u201d, \u00ebsht\u00eb shprehur ai. I \u00ebsht\u00eb referuar rastit t\u00eb vitit t\u00eb kaluar, kur ekipi i Festivalit u ndalua, Beogradi u mb\u00ebrthye nga protestat, thirrjet nacionaliste nga huligan\u00eb serb\u00eb, alarmet p\u00ebr bomba dhe urdhri i shtetit q\u00eb \u201cMir\u00ebdita&#8230;\u201d t\u00eb anulohet. <\/p>\n<p>Koliqi ka th\u00ebn\u00eb se e r\u00ebnd\u00ebsishme p\u00ebr Festivalin \u00ebsht\u00eb sfidimi i narrativave paragjykuese dhe t\u00eb nj\u00ebanshme duke ofruar nj\u00eb perspektiv\u00eb m\u00eb ndryshe. <\/p>\n<p>\u201cPo jetojm\u00eb n\u00eb nj\u00eb koh\u00eb ku tensionet dhe ndarjet politike po rriten, dukurit\u00eb nacionaliste po rikthehen jo vet\u00ebm n\u00eb rajon, por edhe n\u00eb gjith\u00eb bot\u00ebn. Dialogu shpesh po z\u00ebvend\u00ebsohet me zhurm\u00eb. N\u00eb koh\u00eb t\u00eb tilla, ve\u00e7an\u00ebrisht p\u00ebr kontekstin e s\u00eb kaluar\u00ebs son\u00eb, Festivali kontribuon n\u00eb ruajtjen e hap\u00ebsir\u00ebs s\u00eb komunikimit, t\u00eb nd\u00ebrtoj\u00eb besim dhe p\u00ebr t\u00eb mos harruar\u201d, ka th\u00ebn\u00eb Koliqi m\u00eb tej.Ambasadori i Gjermanis\u00eb n\u00eb Kosov\u00eb, Rainer Rudolph, ka th\u00ebn\u00eb se \u201cMir\u00ebdita&#8230;\u201d shpreson t\u00eb b\u00ebhet nj\u00eb lloj shpirti e dashuri midis Kosov\u00ebs e Serbis\u00eb. <\/p>\n<p>\u201cP\u00ebr mua ky festival \u00ebsht\u00eb fest\u00eb e artit, kultur\u00ebs dhe shfaq fuqin\u00eb e dialogut, se \u00e7far\u00eb mund t\u00eb arrij\u00eb nj\u00eb festival i till\u00eb. Sapo arrita disa jav\u00eb m\u00eb par\u00eb k\u00ebtu, lajmi i mir\u00eb ishte q\u00eb ky festival organizohet k\u00ebtu, n\u00eb ve\u00e7anti menj\u00ebher\u00eb nj\u00eb vit pasi u anulua n\u00eb Beograd. Festivali jo vet\u00ebm q\u00eb lidh sken\u00ebn kulturore, por shpresoj q\u00eb mbetet edhe shpirt dhe dashuri midis dy vendeve\u201d, ka th\u00ebn\u00eb Rudolph. <\/p>\n<p>Sipas tij, Festivali mb\u00ebshtet q\u00ebllimet m\u00eb t\u00eb gjera t\u00eb Ambasad\u00ebs n\u00eb rajonin e Ballkanit Per\u00ebndimor. <\/p>\n<p>\u201cTash n\u00eb nj\u00eb doz\u00eb m\u00eb serioze, pajtimi mund t\u00eb funksionoj\u00eb jo vet\u00ebm duke qen\u00eb \u00ebnd\u00ebrr por edhe duke u prekur nga t\u00eb gjith\u00eb njer\u00ebzit. Kjo do t\u00eb thot\u00eb t\u00eb nd\u00ebrtohet pajtim hap pas hapi p\u00ebrmes guximit, respektit t\u00eb nd\u00ebrsjell\u00eb dhe bashk\u00ebpunimit\u201d, ka th\u00ebn\u00eb ai. <\/p>\n<p>Drejtoresha e K\u00ebshillit Britanik p\u00ebr Shqip\u00ebri dhe Kosov\u00eb, Majlinda Mazelliu, e ka cil\u00ebsuar \u201cMir\u00ebdita\u2026\u201d si art t\u00eb dialogut dhe t\u00eb shk\u00ebmbimit kulturor q\u00eb bart simbolik\u00eb t\u00eb jasht\u00ebzakonshme p\u00ebr rajonin. <\/p>\n<p>\u201cN\u00eb esenc\u00eb t\u00eb misionit ton\u00eb jan\u00eb gjith\u00ebp\u00ebrfshirja, respekti p\u00ebr diversitetin kulturor dhe besimin se kreativiteti lul\u00ebzon kur z\u00ebrat dhe perspektivat e ndryshme bashkohen. Mu p\u00ebr k\u00ebto arsye ne krenohemi q\u00eb jemi pjes\u00eb e programit p\u00ebr kultur\u00eb dhe kreativitet p\u00ebr Ballkanin Per\u00ebndimor, nj\u00eb nism\u00eb e financuar nga BE-ja q\u00eb nxit bashk\u00ebpunimin p\u00ebrtej kufijve dhe inkurajon kultur\u00ebn si motor t\u00eb ndryshimit social, bashk\u00ebpunimit rajonal dhe gjith\u00ebp\u00ebrfshir\u00ebs s\u00eb komuniteteve\u201d, ka th\u00ebn\u00eb ajo. <\/p>\n<p>Prezenc\u00ebn e komunitetit artistik serb e ka konsideruar si testament t\u00eb fuqis\u00eb s\u00eb kreativitetit q\u00eb lidh dy komunitetet. Ka th\u00ebn\u00eb se shpreson q\u00eb ngjarja t\u00eb mir\u00ebpritet vitin e ardhsh\u00ebm n\u00eb kryeqytetin serb. <\/p>\n<p>\u201cKy festival \u00ebsht\u00eb nj\u00eb nga tregimet m\u00eb t\u00eb forta t\u00eb k\u00ebtyre idealeve. Vit pas viti bashkon artist\u00eb, organizata, audienca t\u00eb cilat besojn\u00eb se kultura ka fuqin\u00eb t\u00eb sfidoj\u00eb narrativat, p\u00ebr t\u00eb sh\u00ebruar ndasit\u00eb dhe p\u00ebr t\u00eb krijuar hap\u00ebsira p\u00ebr biseda t\u00eb reja. Ofron nj\u00eb platform\u00eb ku kreativiteti reziston ndarjet, ku arti flet m\u00eb z\u00ebsh\u00ebm sesa politika dhe ku lidhja njer\u00ebzore \u00ebsht\u00eb n\u00eb qend\u00ebr t\u00eb v\u00ebmendjes\u201d, ka th\u00ebn\u00eb Mazelliu.Nata hap\u00ebse ka qen\u00eb nj\u00eb lloj feste me performanc\u00ebn nga grupi \u201cPli\u0161\u201d, nj\u00eb kolektiv i ri nga skena alternative e rockut n\u00eb Beograd, tingujt e t\u00eb cilit nd\u00ebrthurin nostalgjin\u00eb e fillimit t\u00eb k\u00ebtij shekulli dhe energjin\u00eb emocionale t\u00eb undergroundit bashk\u00ebkohor<br \/>\nNgjarjes q\u00eb sjell \u201cMir\u00ebdita&#8230;\u201d sivjet prekin edhe tema si k\u00ebto. Sipas agjend\u00ebs, n\u00eb dit\u00ebn e dyt\u00eb vjen debati n\u00eb tem\u00ebn \u201cPaqja n\u00eb koh\u00ebn e trazirave globale: E ardhmja e marr\u00ebdh\u00ebnieve nd\u00ebrmjet Serbis\u00eb dhe Kosov\u00ebs\u201d, pasuar nga nj\u00eb tryez\u00eb e rrumbullak\u00ebt n\u00eb or\u00ebn 13:00 n\u00eb hotelin \u201cGrand\u201d, e cila bashkon autor\u00ebt e librit \u201cMomenti kur p\u00ebr mua nisi lufta\/paqja\u201d, organizuar nga organizata \u201cPropeace\u201d.<br \/>\nProgrami zhvendoset n\u00eb qendr\u00ebn \u201cBarabar\u201d ku do t\u00eb hapet ekspozita \u201cFalsa Immagine\u201d nga Ivan Shuletiq si dhe ajo me pjes\u00ebmarrje t\u00eb artist\u00ebve Nemanja Jokoviq dhe Mihaela Vu\u00e7iniq me titull \u201cDo you want to flatten all layers before saving?\u201d. Dita e dyt\u00eb mbyllet me shfaqjet \u201cT\u00eb gjitha Barbi t\u00eb mira\u201d n\u00ebn regji t\u00eb Gjorgje Neshoviq, produksion i \u201cHartefakt\u201d.<\/p>\n<p>Debati \u201cNyja e Kosov\u00ebs n\u00eb koh\u00ebn e protestave masive n\u00eb Serbi\u201d, prezantimi i botimit \u201cKronologjia e Kosov\u00ebs 2.0\u201d nga Iniciativa e t\u00eb Rinjve p\u00ebr t\u00eb Drejtat e Njeriut, mbr\u00ebmja e poezis\u00eb nga Radmila Petrovi\u00e7  dhe shfaqja e filmit \u201c78 Dit\u00eb\u201d nga regjisorja Emilija Gashiq, e thurin programin e s\u00eb shtun\u00ebs, dit\u00ebs s\u00eb tret\u00eb dhe t\u00eb fundit t\u00eb edicionit t\u00eb 12-t\u00eb n\u00eb Prishtin\u00eb. <\/p>\n<p>N\u00eb fund qershorin e vitit t\u00eb kaluar, ekipi i festivalit \u201cMir\u00ebdita, dobar dan!\u201d do t\u00eb nisej p\u00ebr n\u00eb Beograd. Fillimisht me kontrolle n\u00eb detaje, e me p\u00ebrcjellje policore, fiks 25 kilometra pa hyr\u00eb n\u00eb kryeqytetin serb, zyrtar\u00ebt policor\u00eb do t\u00eb merrnin urdhrin p\u00ebr t\u00eb mos lejuar armat\u00ebn e artist\u00ebve. <\/p>\n<p>T\u00eb p\u00ebrhershme jan\u00eb protestat a thirrjet nacionaliste sa her\u00eb q\u00eb \u201cMir\u00ebdita&#8230;\u201d aterron n\u00eb Serbi.  Edicioni i vjet\u00ebm qe kulmi. Parashihej t\u00eb mbahej n\u00eb Beograd, m\u00eb 27, 28 e 29 qershor. Pluhuri p\u00ebr Festivalin ishte ngritur dy jav\u00eb para nisjes nga autoritetet serbe. Ministri i Pun\u00ebve t\u00eb Brendshme i Serbis\u00eb, Ivica Da\u00e7iq, kishte dal\u00eb kund\u00ebr Festivalit. Nxit\u00ebse ishte deklarata e z\u00ebvend\u00ebskryeministrit t\u00eb Serbis\u00eb, Aleksandar Vulin, i cili i adresohej edhe popullit serb q\u00eb t\u00eb reagoj\u00eb.  E m\u00eb 27 qershor kur do t\u00eb niste Festivali, mbi nj\u00ebqind pjes\u00ebtar\u00eb t\u00eb organizatave ekstremiste serbe qen\u00eb b\u00ebr\u00eb bashk\u00eb duke rrethuar vendin ku pritej t\u00eb b\u00ebhej hapja. Thirrjet \u201cKosova zem\u00ebr e Serbis\u00eb\u201d bashk\u00eb me ato p\u00ebr vrasje t\u00eb shqiptar\u00ebve qen\u00eb n\u00eb kor. Pasditja me urdhrin p\u00ebr ndalimin e Festivalit ishte vendimtare. <\/p>\n<p>Po k\u00ebt\u00eb moment e ka kujtuar Tijana Gjukniq, koordinatore e programit te Nisma e t\u00eb Rinjve p\u00ebr t\u00eb Drejtat e Njeriut n\u00eb Serbi, institucion q\u00eb e organizon Festivalin bashk\u00ebrisht me organizat\u00ebn \u201cIntegra\u201d.<br \/>\n\u201cVitin e kaluar ishim shum\u00eb t\u00eb ngaz\u00ebllyer me hapjen e Festivalit p\u00ebr disa arsye. Ishin t\u00eb lumtur t\u00eb takoheshim me miqt\u00eb tan\u00eb dhe p\u00ebr shum\u00eb arsye t\u00eb tjera. Mor\u00ebm nj\u00eb mesazh q\u00eb nj\u00ebri autobus nuk ishte lejuar t\u00eb kalonte dhe m\u00eb pas na u tha q\u00eb nuk mund t\u00eb kalonin n\u00eb Beograd. Ndihesha e r\u00ebnduar, e l\u00ebnduar dhe shum\u00eb me emocione t\u00eb dob\u00ebta sepse miqt\u00eb tan\u00eb kishin p\u00ebrjetuar nj\u00eb situat\u00eb t\u00eb pak\u00ebndshme\u201d, ka th\u00ebn\u00eb ajo duke u shprehur se prap\u00ebseprap\u00eb kishte lumturi dhe shpres\u00eb dhe n\u00eb nj\u00eb situat\u00eb t\u00eb till\u00eb.<\/p>\n<p>\u201cPor kjo mund t\u00eb duket paksa e \u00e7uditshme, pasi ndjeva lumturi dhe shpres\u00eb. Sepse edhe n\u00eb mes gjith\u00eb k\u00ebtij kaosi dhe zhg\u00ebnjimi, kuptuam di\u00e7ka t\u00eb bukur. Kishim kaluar lidhje kaq t\u00eb fort\u00eb sa mund t\u00eb kalonim dhe sfidat m\u00eb t\u00eb v\u00ebshtira dhe nj\u00ebra nga pjes\u00ebmarr\u00ebset m\u00eb tha di\u00e7ka: kuptova q\u00eb ne q\u00ebndrojm\u00eb s\u00eb bashku dhe t\u00eb tjer\u00ebt mundohen t\u00eb na ndajn\u00eb\u2019. P\u00ebr mua ky \u00ebsht\u00eb vet\u00eb thelbi i festivalit \u2018Mir\u00ebdita, dobar dan!\u201d, ka th\u00ebn\u00eb ajo m\u00eb tej.<\/p>\n<p>Nata hap\u00ebse ka qen\u00eb nj\u00eb lloj feste me performanc\u00ebn nga grupi \u201cPli\u0161\u201d, nj\u00eb kolektiv i ri nga skena alternative e rockut n\u00eb Beograd, tingujt e t\u00eb cilit nd\u00ebrthurin nostalgjin\u00eb e fillimit t\u00eb k\u00ebtij shekulli dhe energjin\u00eb emocionale t\u00eb undergroundit bashk\u00ebkohor. <\/p>\n<p>N\u00eb zem\u00ebr t\u00eb Prishtin\u00ebs, bendi e ka nisur koncertin me shaka. Midis turm\u00ebs kan\u00eb k\u00ebrkuar nj\u00ebrin prej an\u00ebtar\u00ebve t\u00eb tyre. <\/p>\n<p>\u201cK\u00ebnaquni me \u2018Pli\u0161\u2019. E di q\u00eb e p\u00ebrdorni edhe ju k\u00ebt\u00eb fjal\u00eb. Festivali gjithashtu em\u00ebrtohet shqip dhe serbisht, e mrekullueshme\u201d, ka th\u00ebn\u00eb nj\u00ebri prej tyre. I \u00ebsht\u00eb referuar fjal\u00ebs serbe p\u00ebr materialin e pelushit.<\/p>\n<p>E n\u00eb Prishtin\u00eb, \u201cMir\u00ebdita, dobar dan!\u201d njoftohet si hap\u00ebsir\u00eb e ve\u00e7ant\u00eb p\u00ebr dialog, mir\u00ebkuptim dhe lidhje. Ashtu edhe \u00ebsht\u00eb d\u00ebshmuar n\u00eb hapje n\u00eb Prishtin\u00eb.  <\/p>\n","protected":false},"excerpt":{"rendered":"<p>Prishtin\u00eb 21 N\u00ebntor 2025 11:47. T\u00eb enjten mbr\u00ebma, n\u00eb qendr\u00ebn p\u00ebr kultur\u00eb alternative \u201cDefy Them\u201d n\u00eb \u201cBregun e Diellit\u201d n\u00eb Prishtin\u00eb \u00ebsht\u00eb prer\u00eb shiriti i<\/p>\n","protected":false},"author":6,"featured_media":21244,"comment_status":"open","ping_status":"open","sticky":false,"template":"","format":"standard","meta":{"footnotes":""},"categories":[58],"tags":[],"class_list":["post-21243","post","type-post","status-publish","format-standard","has-post-thumbnail","hentry","category-politike-sq"],"yoast_head":"<!-- This site is optimized with the Yoast SEO plugin v25.3.1 - https:\/\/yoast.com\/wordpress\/plugins\/seo\/ -->\n<title>Mir\u00ebdita, dobar dan!\u201d n\u00eb Kosov\u00eb \u2013 kontrasti i Serbis\u00eb s\u00eb thyer nga nacionalizimi -<\/title>\n<meta name=\"robots\" content=\"index, follow, max-snippet:-1, max-image-preview:large, max-video-preview:-1\" \/>\n<link rel=\"canonical\" href=\"https:\/\/veritasinfo.org\/?p=21243\" \/>\n<meta property=\"og:locale\" content=\"en_US\" \/>\n<meta property=\"og:type\" content=\"article\" \/>\n<meta property=\"og:title\" content=\"Mir\u00ebdita, dobar dan!\u201d n\u00eb Kosov\u00eb \u2013 kontrasti i Serbis\u00eb s\u00eb thyer nga nacionalizimi -\" \/>\n<meta property=\"og:description\" content=\"Prishtin\u00eb 21 N\u00ebntor 2025 11:47. T\u00eb enjten mbr\u00ebma, n\u00eb qendr\u00ebn p\u00ebr kultur\u00eb alternative \u201cDefy Them\u201d n\u00eb \u201cBregun e Diellit\u201d n\u00eb Prishtin\u00eb \u00ebsht\u00eb prer\u00eb shiriti i\" \/>\n<meta property=\"og:url\" content=\"https:\/\/veritasinfo.org\/?p=21243\" \/>\n<meta property=\"article:published_time\" content=\"2025-11-21T10:51:45+00:00\" \/>\n<meta property=\"og:image\" content=\"https:\/\/veritasinfo.org\/wp-content\/uploads\/2025\/11\/f5046521-24a6-45fe-8061-e8fc797b43b1.webp\" \/>\n\t<meta property=\"og:image:width\" content=\"1360\" \/>\n\t<meta property=\"og:image:height\" content=\"870\" \/>\n\t<meta property=\"og:image:type\" content=\"image\/webp\" \/>\n<meta name=\"author\" content=\"US5\" \/>\n<meta name=\"twitter:card\" content=\"summary_large_image\" \/>\n<meta name=\"twitter:label1\" content=\"Written by\" \/>\n\t<meta name=\"twitter:data1\" content=\"US5\" \/>\n<script type=\"application\/ld+json\" class=\"yoast-schema-graph\">{\"@context\":\"https:\/\/schema.org\",\"@graph\":[{\"@type\":\"WebPage\",\"@id\":\"https:\/\/veritasinfo.org\/?p=21243\",\"url\":\"https:\/\/veritasinfo.org\/?p=21243\",\"name\":\"Mir\u00ebdita, dobar dan!\u201d n\u00eb Kosov\u00eb \u2013 kontrasti i Serbis\u00eb s\u00eb thyer nga nacionalizimi -\",\"isPartOf\":{\"@id\":\"https:\/\/veritasinfo.org\/#website\"},\"primaryImageOfPage\":{\"@id\":\"https:\/\/veritasinfo.org\/?p=21243#primaryimage\"},\"image\":{\"@id\":\"https:\/\/veritasinfo.org\/?p=21243#primaryimage\"},\"thumbnailUrl\":\"https:\/\/veritasinfo.org\/wp-content\/uploads\/2025\/11\/f5046521-24a6-45fe-8061-e8fc797b43b1.webp\",\"datePublished\":\"2025-11-21T10:51:45+00:00\",\"author\":{\"@id\":\"https:\/\/veritasinfo.org\/#\/schema\/person\/bc442336e35414d04494ab8fb45db4c6\"},\"breadcrumb\":{\"@id\":\"https:\/\/veritasinfo.org\/?p=21243#breadcrumb\"},\"inLanguage\":\"en-US\",\"potentialAction\":[{\"@type\":\"ReadAction\",\"target\":[\"https:\/\/veritasinfo.org\/?p=21243\"]}]},{\"@type\":\"ImageObject\",\"inLanguage\":\"en-US\",\"@id\":\"https:\/\/veritasinfo.org\/?p=21243#primaryimage\",\"url\":\"https:\/\/veritasinfo.org\/wp-content\/uploads\/2025\/11\/f5046521-24a6-45fe-8061-e8fc797b43b1.webp\",\"contentUrl\":\"https:\/\/veritasinfo.org\/wp-content\/uploads\/2025\/11\/f5046521-24a6-45fe-8061-e8fc797b43b1.webp\",\"width\":1360,\"height\":870},{\"@type\":\"BreadcrumbList\",\"@id\":\"https:\/\/veritasinfo.org\/?p=21243#breadcrumb\",\"itemListElement\":[{\"@type\":\"ListItem\",\"position\":1,\"name\":\"Home\",\"item\":\"https:\/\/veritasinfo.org\/\"},{\"@type\":\"ListItem\",\"position\":2,\"name\":\"Mir\u00ebdita, dobar dan!\u201d n\u00eb Kosov\u00eb \u2013 kontrasti i Serbis\u00eb s\u00eb thyer nga nacionalizimi\"}]},{\"@type\":\"WebSite\",\"@id\":\"https:\/\/veritasinfo.org\/#website\",\"url\":\"https:\/\/veritasinfo.org\/\",\"name\":\"\",\"description\":\"\",\"potentialAction\":[{\"@type\":\"SearchAction\",\"target\":{\"@type\":\"EntryPoint\",\"urlTemplate\":\"https:\/\/veritasinfo.org\/?s={search_term_string}\"},\"query-input\":{\"@type\":\"PropertyValueSpecification\",\"valueRequired\":true,\"valueName\":\"search_term_string\"}}],\"inLanguage\":\"en-US\"},{\"@type\":\"Person\",\"@id\":\"https:\/\/veritasinfo.org\/#\/schema\/person\/bc442336e35414d04494ab8fb45db4c6\",\"name\":\"US5\",\"image\":{\"@type\":\"ImageObject\",\"inLanguage\":\"en-US\",\"@id\":\"https:\/\/veritasinfo.org\/#\/schema\/person\/image\/\",\"url\":\"https:\/\/secure.gravatar.com\/avatar\/16a61e7272a0c5d001121ebb9e60e925d5816e4ac1e443ed3e640d9a6ae55d0c?s=96&d=mm&r=g\",\"contentUrl\":\"https:\/\/secure.gravatar.com\/avatar\/16a61e7272a0c5d001121ebb9e60e925d5816e4ac1e443ed3e640d9a6ae55d0c?s=96&d=mm&r=g\",\"caption\":\"US5\"},\"url\":\"https:\/\/veritasinfo.org\/?author=6\"}]}<\/script>\n<!-- \/ Yoast SEO plugin. -->","yoast_head_json":{"title":"Mir\u00ebdita, dobar dan!\u201d n\u00eb Kosov\u00eb \u2013 kontrasti i Serbis\u00eb s\u00eb thyer nga nacionalizimi -","robots":{"index":"index","follow":"follow","max-snippet":"max-snippet:-1","max-image-preview":"max-image-preview:large","max-video-preview":"max-video-preview:-1"},"canonical":"https:\/\/veritasinfo.org\/?p=21243","og_locale":"en_US","og_type":"article","og_title":"Mir\u00ebdita, dobar dan!\u201d n\u00eb Kosov\u00eb \u2013 kontrasti i Serbis\u00eb s\u00eb thyer nga nacionalizimi -","og_description":"Prishtin\u00eb 21 N\u00ebntor 2025 11:47. T\u00eb enjten mbr\u00ebma, n\u00eb qendr\u00ebn p\u00ebr kultur\u00eb alternative \u201cDefy Them\u201d n\u00eb \u201cBregun e Diellit\u201d n\u00eb Prishtin\u00eb \u00ebsht\u00eb prer\u00eb shiriti i","og_url":"https:\/\/veritasinfo.org\/?p=21243","article_published_time":"2025-11-21T10:51:45+00:00","og_image":[{"width":1360,"height":870,"url":"https:\/\/veritasinfo.org\/wp-content\/uploads\/2025\/11\/f5046521-24a6-45fe-8061-e8fc797b43b1.webp","type":"image\/webp"}],"author":"US5","twitter_card":"summary_large_image","twitter_misc":{"Written by":"US5"},"schema":{"@context":"https:\/\/schema.org","@graph":[{"@type":"WebPage","@id":"https:\/\/veritasinfo.org\/?p=21243","url":"https:\/\/veritasinfo.org\/?p=21243","name":"Mir\u00ebdita, dobar dan!\u201d n\u00eb Kosov\u00eb \u2013 kontrasti i Serbis\u00eb s\u00eb thyer nga nacionalizimi -","isPartOf":{"@id":"https:\/\/veritasinfo.org\/#website"},"primaryImageOfPage":{"@id":"https:\/\/veritasinfo.org\/?p=21243#primaryimage"},"image":{"@id":"https:\/\/veritasinfo.org\/?p=21243#primaryimage"},"thumbnailUrl":"https:\/\/veritasinfo.org\/wp-content\/uploads\/2025\/11\/f5046521-24a6-45fe-8061-e8fc797b43b1.webp","datePublished":"2025-11-21T10:51:45+00:00","author":{"@id":"https:\/\/veritasinfo.org\/#\/schema\/person\/bc442336e35414d04494ab8fb45db4c6"},"breadcrumb":{"@id":"https:\/\/veritasinfo.org\/?p=21243#breadcrumb"},"inLanguage":"en-US","potentialAction":[{"@type":"ReadAction","target":["https:\/\/veritasinfo.org\/?p=21243"]}]},{"@type":"ImageObject","inLanguage":"en-US","@id":"https:\/\/veritasinfo.org\/?p=21243#primaryimage","url":"https:\/\/veritasinfo.org\/wp-content\/uploads\/2025\/11\/f5046521-24a6-45fe-8061-e8fc797b43b1.webp","contentUrl":"https:\/\/veritasinfo.org\/wp-content\/uploads\/2025\/11\/f5046521-24a6-45fe-8061-e8fc797b43b1.webp","width":1360,"height":870},{"@type":"BreadcrumbList","@id":"https:\/\/veritasinfo.org\/?p=21243#breadcrumb","itemListElement":[{"@type":"ListItem","position":1,"name":"Home","item":"https:\/\/veritasinfo.org\/"},{"@type":"ListItem","position":2,"name":"Mir\u00ebdita, dobar dan!\u201d n\u00eb Kosov\u00eb \u2013 kontrasti i Serbis\u00eb s\u00eb thyer nga nacionalizimi"}]},{"@type":"WebSite","@id":"https:\/\/veritasinfo.org\/#website","url":"https:\/\/veritasinfo.org\/","name":"","description":"","potentialAction":[{"@type":"SearchAction","target":{"@type":"EntryPoint","urlTemplate":"https:\/\/veritasinfo.org\/?s={search_term_string}"},"query-input":{"@type":"PropertyValueSpecification","valueRequired":true,"valueName":"search_term_string"}}],"inLanguage":"en-US"},{"@type":"Person","@id":"https:\/\/veritasinfo.org\/#\/schema\/person\/bc442336e35414d04494ab8fb45db4c6","name":"US5","image":{"@type":"ImageObject","inLanguage":"en-US","@id":"https:\/\/veritasinfo.org\/#\/schema\/person\/image\/","url":"https:\/\/secure.gravatar.com\/avatar\/16a61e7272a0c5d001121ebb9e60e925d5816e4ac1e443ed3e640d9a6ae55d0c?s=96&d=mm&r=g","contentUrl":"https:\/\/secure.gravatar.com\/avatar\/16a61e7272a0c5d001121ebb9e60e925d5816e4ac1e443ed3e640d9a6ae55d0c?s=96&d=mm&r=g","caption":"US5"},"url":"https:\/\/veritasinfo.org\/?author=6"}]}},"featured_image_urls":{"full":["https:\/\/veritasinfo.org\/wp-content\/uploads\/2025\/11\/f5046521-24a6-45fe-8061-e8fc797b43b1.webp",1360,870,false],"thumbnail":["https:\/\/veritasinfo.org\/wp-content\/uploads\/2025\/11\/f5046521-24a6-45fe-8061-e8fc797b43b1-150x150.webp",150,150,true],"medium":["https:\/\/veritasinfo.org\/wp-content\/uploads\/2025\/11\/f5046521-24a6-45fe-8061-e8fc797b43b1-300x192.webp",300,192,true],"medium_large":["https:\/\/veritasinfo.org\/wp-content\/uploads\/2025\/11\/f5046521-24a6-45fe-8061-e8fc797b43b1-768x491.webp",640,409,true],"large":["https:\/\/veritasinfo.org\/wp-content\/uploads\/2025\/11\/f5046521-24a6-45fe-8061-e8fc797b43b1-1024x655.webp",640,409,true],"1536x1536":["https:\/\/veritasinfo.org\/wp-content\/uploads\/2025\/11\/f5046521-24a6-45fe-8061-e8fc797b43b1.webp",1360,870,false],"2048x2048":["https:\/\/veritasinfo.org\/wp-content\/uploads\/2025\/11\/f5046521-24a6-45fe-8061-e8fc797b43b1.webp",1360,870,false],"kreeti-slider-full":["https:\/\/veritasinfo.org\/wp-content\/uploads\/2025\/11\/f5046521-24a6-45fe-8061-e8fc797b43b1.webp",1126,720,false],"kreeti-featured":["https:\/\/veritasinfo.org\/wp-content\/uploads\/2025\/11\/f5046521-24a6-45fe-8061-e8fc797b43b1.webp",1024,655,false],"kreeti-medium":["https:\/\/veritasinfo.org\/wp-content\/uploads\/2025\/11\/f5046521-24a6-45fe-8061-e8fc797b43b1.webp",720,461,false],"kreeti-medium-square":["https:\/\/veritasinfo.org\/wp-content\/uploads\/2025\/11\/f5046521-24a6-45fe-8061-e8fc797b43b1.webp",350,224,false]},"author_info":{"info":["US5"]},"category_info":"<a href=\"https:\/\/veritasinfo.org\/?cat=58\" rel=\"category\">Politik\u00eb<\/a>","tag_info":"Politik\u00eb","comment_count":"0","_links":{"self":[{"href":"https:\/\/veritasinfo.org\/index.php?rest_route=\/wp\/v2\/posts\/21243","targetHints":{"allow":["GET"]}}],"collection":[{"href":"https:\/\/veritasinfo.org\/index.php?rest_route=\/wp\/v2\/posts"}],"about":[{"href":"https:\/\/veritasinfo.org\/index.php?rest_route=\/wp\/v2\/types\/post"}],"author":[{"embeddable":true,"href":"https:\/\/veritasinfo.org\/index.php?rest_route=\/wp\/v2\/users\/6"}],"replies":[{"embeddable":true,"href":"https:\/\/veritasinfo.org\/index.php?rest_route=%2Fwp%2Fv2%2Fcomments&post=21243"}],"version-history":[{"count":1,"href":"https:\/\/veritasinfo.org\/index.php?rest_route=\/wp\/v2\/posts\/21243\/revisions"}],"predecessor-version":[{"id":21245,"href":"https:\/\/veritasinfo.org\/index.php?rest_route=\/wp\/v2\/posts\/21243\/revisions\/21245"}],"wp:featuredmedia":[{"embeddable":true,"href":"https:\/\/veritasinfo.org\/index.php?rest_route=\/wp\/v2\/media\/21244"}],"wp:attachment":[{"href":"https:\/\/veritasinfo.org\/index.php?rest_route=%2Fwp%2Fv2%2Fmedia&parent=21243"}],"wp:term":[{"taxonomy":"category","embeddable":true,"href":"https:\/\/veritasinfo.org\/index.php?rest_route=%2Fwp%2Fv2%2Fcategories&post=21243"},{"taxonomy":"post_tag","embeddable":true,"href":"https:\/\/veritasinfo.org\/index.php?rest_route=%2Fwp%2Fv2%2Ftags&post=21243"}],"curies":[{"name":"wp","href":"https:\/\/api.w.org\/{rel}","templated":true}]}}