{"id":21238,"date":"2025-11-21T10:02:33","date_gmt":"2025-11-21T09:02:33","guid":{"rendered":"https:\/\/veritasinfo.org\/?p=21238"},"modified":"2025-11-21T10:02:33","modified_gmt":"2025-11-21T09:02:33","slug":"vuciq-perballet-me-padi-ligjore-ne-rastin-e-sarajevo-safari","status":"publish","type":"post","link":"https:\/\/veritasinfo.org\/?p=21238","title":{"rendered":"Vu\u00e7iq p\u00ebrballet me padi ligjore n\u00eb rastin e \u201cSarajevo safari\u201d"},"content":{"rendered":"<p>Beograd 21 N\u00ebntor 2025 10:01<\/p>\n<p>Presidenti i Serbis\u00eb, Aleksandar Vu\u00e7iq, \u00ebsht\u00eb p\u00ebrballur me nj\u00eb kall\u00ebzim penal n\u00eb Milano, i lidhur me t\u00eb ashtuquajtur\u00ebn afer\u00eb \u201cSarajevo safari\u201d, nj\u00eb skandal q\u00eb daton nga vitet \u201990, kur thuhet se qytetar\u00eb nga Italia dhe vende t\u00eb tjera per\u00ebndimore udh\u00ebtonin n\u00eb Bosnje p\u00ebr t\u00eb q\u00eblluar me snajper mbi civil\u00ebt e Sarajev\u00ebs gjat\u00eb rrethimit kat\u00ebrvje\u00e7ar t\u00eb qytetit.<\/p>\n<p>Kall\u00ebzimi \u00ebsht\u00eb paraqitur nga gazetari investigativ kroat Domagoj Margetiq, i cili i \u00ebsht\u00eb bashkuar hetimit t\u00eb nisur jav\u00ebn e kaluar nga prokuror\u00ebt e Milanos. Ata po synojn\u00eb t\u00eb identifikojn\u00eb shtetas italian\u00eb t\u00eb dyshuar p\u00ebr vrasje me paramendim, t\u00eb kryer me mizori dhe p\u00ebr motive t\u00eb ul\u00ebta.<\/p>\n<p>Sipas hetimeve, \u201cturist\u00eb snajper\u00eb\u201d dyshohet se kan\u00eb paguar shuma t\u00eb m\u00ebdha ushtar\u00ebve t\u00eb ushtris\u00eb s\u00eb Radovan Karaxhiqit, ish-lideri i serb\u00ebve t\u00eb Bosnj\u00ebs, i d\u00ebnuar n\u00eb vitin 2016 p\u00ebr gjenocid dhe krime kund\u00ebr njer\u00ebzimit, p\u00ebr t\u2019i d\u00ebrguar n\u00eb pozicionet e artileris\u00eb n\u00eb kodrat p\u00ebrreth Sarajev\u00ebs, ku ata q\u00ebllonin mbi popullat\u00ebn civile p\u00ebr qejf, raporton The Guardian..<\/p>\n<p>M\u00eb shum\u00eb se 10 mij\u00eb njer\u00ebz u vran\u00eb n\u00eb Sarajev\u00eb nga snajper\u00ebt dhe granatimet gjat\u00eb viteve 1992\u20131996, n\u00eb rrethimin m\u00eb t\u00eb gjat\u00eb t\u00eb historis\u00eb moderne pas shpalljes s\u00eb pavar\u00ebsis\u00eb s\u00eb Bosnje e Hercegovin\u00ebs.<\/p>\n<p>Burimi i hetimit aktual \u00ebsht\u00eb puna e shkrimtarit milanez Ezio Gavazzeni, i cili ka mbledhur d\u00ebshmi p\u00ebr dekada, si dhe nj\u00eb raport i dor\u00ebzuar prokuror\u00ebve nga ish-kryetarja e Sarajev\u00ebs, Benjamina Kariq. Gavazzeni thot\u00eb se u rikthye tek k\u00ebto akuza pas shfaqjes s\u00eb dokumentarit \u201cSarajevo Safari\u201d (2022) nga regjisori slloven Miran Zupani\u00e7.<\/p>\n<p>Sipas raportimeve nga Sarajeva, Margetiq ka publikuar s\u00eb fundi d\u00ebshmi n\u00eb rrjetet sociale q\u00eb, si\u00e7 pretendon ai, tregojn\u00eb se Vu\u00e7iq, at\u00ebkoh\u00eb vullnetar i ri, gjendej n\u00eb nj\u00eb nga postblloqet ushtarake prej nga d\u00ebshmitar\u00ebt thon\u00eb se t\u00eb huaj dhe nj\u00ebsi ultranacionaliste serbe q\u00ebllonin ndaj civil\u00ebve n\u00eb nj\u00eb \u201csafari makabre turistike\u201d, transmeton The Guardian.<\/p>\n<p>Avokati italian Nicola Brigida, i p\u00ebrfshir\u00eb n\u00eb p\u00ebrgatitjen e dosjes, ka deklaruar se provat e mbledhura \u201cjan\u00eb t\u00eb q\u00ebndrueshme\u201d dhe mund t\u00eb \u00e7ojn\u00eb n\u00eb identifikimin e p\u00ebrgjegj\u00ebsve. Gavazzeni thot\u00eb se shum\u00eb italian\u00eb \u2013 por pa dh\u00ebn\u00eb shifra \u2013 dhe gjithashtu gjerman\u00eb, francez\u00eb, britanik\u00eb e t\u00eb tjer\u00eb nga vendet per\u00ebndimore, kan\u00eb paguar p\u00ebr t\u00eb marr\u00eb pjes\u00eb n\u00eb k\u00ebto veprime. Sipas tij, nuk ka pasur motive politike apo fetare, por b\u00ebhej fjal\u00eb p\u00ebr njer\u00ebz t\u00eb pasur q\u00eb k\u00ebrkonin \u201carg\u00ebtim\u201d.<\/p>\n<p>Ai pretendon se k\u00ebta persona mblidheshin n\u00eb Trieste dhe udh\u00ebtonin fillimisht drejt Beogradit, prej ku m\u00eb pas shoq\u00ebroheshin nga ushtar\u00eb serb\u00eb drejt pozicioneve n\u00eb kodrat e Sarajev\u00ebs.<\/p>\n<p>Presidenti Vu\u00e7iq ende nuk ka komentuar mbi k\u00ebto akuza, thuhet n\u00eb raporti e Guardian. Megjithat\u00eb, deklarimet p\u00ebr pranin\u00eb e tij n\u00eb zon\u00ebn e luft\u00ebs kan\u00eb qarkulluar prej vitesh. N\u00eb nj\u00eb intervist\u00eb t\u00eb vitit 2021 p\u00ebr nj\u00eb televizion boshnjak, ai kishte mohuar kategorikisht se kishte q\u00eblluar ndonj\u00ebher\u00eb mbi qytetin e rrethuar, duke i quajtur akuzat manipulime politike t\u00eb lidhura me retorik\u00ebn nacionaliste t\u00eb periudh\u00ebs s\u00eb tij t\u00eb hershme.<\/p>\n","protected":false},"excerpt":{"rendered":"<p>Beograd 21 N\u00ebntor 2025 10:01 Presidenti i Serbis\u00eb, Aleksandar Vu\u00e7iq, \u00ebsht\u00eb p\u00ebrballur me nj\u00eb kall\u00ebzim penal n\u00eb Milano, i lidhur me t\u00eb ashtuquajtur\u00ebn afer\u00eb \u201cSarajevo<\/p>\n","protected":false},"author":6,"featured_media":21239,"comment_status":"open","ping_status":"open","sticky":false,"template":"","format":"standard","meta":{"footnotes":""},"categories":[58],"tags":[],"class_list":["post-21238","post","type-post","status-publish","format-standard","has-post-thumbnail","hentry","category-politike-sq"],"yoast_head":"<!-- This site is optimized with the Yoast SEO plugin v25.3.1 - https:\/\/yoast.com\/wordpress\/plugins\/seo\/ -->\n<title>Vu\u00e7iq p\u00ebrballet me padi ligjore n\u00eb rastin e \u201cSarajevo safari\u201d -<\/title>\n<meta name=\"robots\" content=\"index, follow, max-snippet:-1, max-image-preview:large, max-video-preview:-1\" \/>\n<link rel=\"canonical\" href=\"https:\/\/veritasinfo.org\/?p=21238\" \/>\n<meta property=\"og:locale\" content=\"en_US\" \/>\n<meta property=\"og:type\" content=\"article\" \/>\n<meta property=\"og:title\" content=\"Vu\u00e7iq p\u00ebrballet me padi ligjore n\u00eb rastin e \u201cSarajevo safari\u201d -\" \/>\n<meta property=\"og:description\" content=\"Beograd 21 N\u00ebntor 2025 10:01 Presidenti i Serbis\u00eb, Aleksandar Vu\u00e7iq, \u00ebsht\u00eb p\u00ebrballur me nj\u00eb kall\u00ebzim penal n\u00eb Milano, i lidhur me t\u00eb ashtuquajtur\u00ebn afer\u00eb \u201cSarajevo\" \/>\n<meta property=\"og:url\" content=\"https:\/\/veritasinfo.org\/?p=21238\" \/>\n<meta property=\"article:published_time\" content=\"2025-11-21T09:02:33+00:00\" \/>\n<meta property=\"og:image\" content=\"https:\/\/veritasinfo.org\/wp-content\/uploads\/2025\/11\/710101-KDfTvDQasp.jpg\" \/>\n\t<meta property=\"og:image:width\" content=\"780\" \/>\n\t<meta property=\"og:image:height\" content=\"500\" \/>\n\t<meta property=\"og:image:type\" content=\"image\/jpeg\" \/>\n<meta name=\"author\" content=\"US5\" \/>\n<meta name=\"twitter:card\" content=\"summary_large_image\" \/>\n<meta name=\"twitter:label1\" content=\"Written by\" \/>\n\t<meta name=\"twitter:data1\" content=\"US5\" \/>\n\t<meta name=\"twitter:label2\" content=\"Est. reading time\" \/>\n\t<meta name=\"twitter:data2\" content=\"1 minute\" \/>\n<script type=\"application\/ld+json\" class=\"yoast-schema-graph\">{\"@context\":\"https:\/\/schema.org\",\"@graph\":[{\"@type\":\"WebPage\",\"@id\":\"https:\/\/veritasinfo.org\/?p=21238\",\"url\":\"https:\/\/veritasinfo.org\/?p=21238\",\"name\":\"Vu\u00e7iq p\u00ebrballet me padi ligjore n\u00eb rastin e \u201cSarajevo safari\u201d -\",\"isPartOf\":{\"@id\":\"https:\/\/veritasinfo.org\/#website\"},\"primaryImageOfPage\":{\"@id\":\"https:\/\/veritasinfo.org\/?p=21238#primaryimage\"},\"image\":{\"@id\":\"https:\/\/veritasinfo.org\/?p=21238#primaryimage\"},\"thumbnailUrl\":\"https:\/\/veritasinfo.org\/wp-content\/uploads\/2025\/11\/710101-KDfTvDQasp.jpg\",\"datePublished\":\"2025-11-21T09:02:33+00:00\",\"author\":{\"@id\":\"https:\/\/veritasinfo.org\/#\/schema\/person\/bc442336e35414d04494ab8fb45db4c6\"},\"breadcrumb\":{\"@id\":\"https:\/\/veritasinfo.org\/?p=21238#breadcrumb\"},\"inLanguage\":\"en-US\",\"potentialAction\":[{\"@type\":\"ReadAction\",\"target\":[\"https:\/\/veritasinfo.org\/?p=21238\"]}]},{\"@type\":\"ImageObject\",\"inLanguage\":\"en-US\",\"@id\":\"https:\/\/veritasinfo.org\/?p=21238#primaryimage\",\"url\":\"https:\/\/veritasinfo.org\/wp-content\/uploads\/2025\/11\/710101-KDfTvDQasp.jpg\",\"contentUrl\":\"https:\/\/veritasinfo.org\/wp-content\/uploads\/2025\/11\/710101-KDfTvDQasp.jpg\",\"width\":780,\"height\":500},{\"@type\":\"BreadcrumbList\",\"@id\":\"https:\/\/veritasinfo.org\/?p=21238#breadcrumb\",\"itemListElement\":[{\"@type\":\"ListItem\",\"position\":1,\"name\":\"Home\",\"item\":\"https:\/\/veritasinfo.org\/\"},{\"@type\":\"ListItem\",\"position\":2,\"name\":\"Vu\u00e7iq p\u00ebrballet me padi ligjore n\u00eb rastin e \u201cSarajevo safari\u201d\"}]},{\"@type\":\"WebSite\",\"@id\":\"https:\/\/veritasinfo.org\/#website\",\"url\":\"https:\/\/veritasinfo.org\/\",\"name\":\"\",\"description\":\"\",\"potentialAction\":[{\"@type\":\"SearchAction\",\"target\":{\"@type\":\"EntryPoint\",\"urlTemplate\":\"https:\/\/veritasinfo.org\/?s={search_term_string}\"},\"query-input\":{\"@type\":\"PropertyValueSpecification\",\"valueRequired\":true,\"valueName\":\"search_term_string\"}}],\"inLanguage\":\"en-US\"},{\"@type\":\"Person\",\"@id\":\"https:\/\/veritasinfo.org\/#\/schema\/person\/bc442336e35414d04494ab8fb45db4c6\",\"name\":\"US5\",\"image\":{\"@type\":\"ImageObject\",\"inLanguage\":\"en-US\",\"@id\":\"https:\/\/veritasinfo.org\/#\/schema\/person\/image\/\",\"url\":\"https:\/\/secure.gravatar.com\/avatar\/16a61e7272a0c5d001121ebb9e60e925d5816e4ac1e443ed3e640d9a6ae55d0c?s=96&d=mm&r=g\",\"contentUrl\":\"https:\/\/secure.gravatar.com\/avatar\/16a61e7272a0c5d001121ebb9e60e925d5816e4ac1e443ed3e640d9a6ae55d0c?s=96&d=mm&r=g\",\"caption\":\"US5\"},\"url\":\"https:\/\/veritasinfo.org\/?author=6\"}]}<\/script>\n<!-- \/ Yoast SEO plugin. -->","yoast_head_json":{"title":"Vu\u00e7iq p\u00ebrballet me padi ligjore n\u00eb rastin e \u201cSarajevo safari\u201d -","robots":{"index":"index","follow":"follow","max-snippet":"max-snippet:-1","max-image-preview":"max-image-preview:large","max-video-preview":"max-video-preview:-1"},"canonical":"https:\/\/veritasinfo.org\/?p=21238","og_locale":"en_US","og_type":"article","og_title":"Vu\u00e7iq p\u00ebrballet me padi ligjore n\u00eb rastin e \u201cSarajevo safari\u201d -","og_description":"Beograd 21 N\u00ebntor 2025 10:01 Presidenti i Serbis\u00eb, Aleksandar Vu\u00e7iq, \u00ebsht\u00eb p\u00ebrballur me nj\u00eb kall\u00ebzim penal n\u00eb Milano, i lidhur me t\u00eb ashtuquajtur\u00ebn afer\u00eb \u201cSarajevo","og_url":"https:\/\/veritasinfo.org\/?p=21238","article_published_time":"2025-11-21T09:02:33+00:00","og_image":[{"width":780,"height":500,"url":"https:\/\/veritasinfo.org\/wp-content\/uploads\/2025\/11\/710101-KDfTvDQasp.jpg","type":"image\/jpeg"}],"author":"US5","twitter_card":"summary_large_image","twitter_misc":{"Written by":"US5","Est. reading time":"1 minute"},"schema":{"@context":"https:\/\/schema.org","@graph":[{"@type":"WebPage","@id":"https:\/\/veritasinfo.org\/?p=21238","url":"https:\/\/veritasinfo.org\/?p=21238","name":"Vu\u00e7iq p\u00ebrballet me padi ligjore n\u00eb rastin e \u201cSarajevo safari\u201d -","isPartOf":{"@id":"https:\/\/veritasinfo.org\/#website"},"primaryImageOfPage":{"@id":"https:\/\/veritasinfo.org\/?p=21238#primaryimage"},"image":{"@id":"https:\/\/veritasinfo.org\/?p=21238#primaryimage"},"thumbnailUrl":"https:\/\/veritasinfo.org\/wp-content\/uploads\/2025\/11\/710101-KDfTvDQasp.jpg","datePublished":"2025-11-21T09:02:33+00:00","author":{"@id":"https:\/\/veritasinfo.org\/#\/schema\/person\/bc442336e35414d04494ab8fb45db4c6"},"breadcrumb":{"@id":"https:\/\/veritasinfo.org\/?p=21238#breadcrumb"},"inLanguage":"en-US","potentialAction":[{"@type":"ReadAction","target":["https:\/\/veritasinfo.org\/?p=21238"]}]},{"@type":"ImageObject","inLanguage":"en-US","@id":"https:\/\/veritasinfo.org\/?p=21238#primaryimage","url":"https:\/\/veritasinfo.org\/wp-content\/uploads\/2025\/11\/710101-KDfTvDQasp.jpg","contentUrl":"https:\/\/veritasinfo.org\/wp-content\/uploads\/2025\/11\/710101-KDfTvDQasp.jpg","width":780,"height":500},{"@type":"BreadcrumbList","@id":"https:\/\/veritasinfo.org\/?p=21238#breadcrumb","itemListElement":[{"@type":"ListItem","position":1,"name":"Home","item":"https:\/\/veritasinfo.org\/"},{"@type":"ListItem","position":2,"name":"Vu\u00e7iq p\u00ebrballet me padi ligjore n\u00eb rastin e \u201cSarajevo safari\u201d"}]},{"@type":"WebSite","@id":"https:\/\/veritasinfo.org\/#website","url":"https:\/\/veritasinfo.org\/","name":"","description":"","potentialAction":[{"@type":"SearchAction","target":{"@type":"EntryPoint","urlTemplate":"https:\/\/veritasinfo.org\/?s={search_term_string}"},"query-input":{"@type":"PropertyValueSpecification","valueRequired":true,"valueName":"search_term_string"}}],"inLanguage":"en-US"},{"@type":"Person","@id":"https:\/\/veritasinfo.org\/#\/schema\/person\/bc442336e35414d04494ab8fb45db4c6","name":"US5","image":{"@type":"ImageObject","inLanguage":"en-US","@id":"https:\/\/veritasinfo.org\/#\/schema\/person\/image\/","url":"https:\/\/secure.gravatar.com\/avatar\/16a61e7272a0c5d001121ebb9e60e925d5816e4ac1e443ed3e640d9a6ae55d0c?s=96&d=mm&r=g","contentUrl":"https:\/\/secure.gravatar.com\/avatar\/16a61e7272a0c5d001121ebb9e60e925d5816e4ac1e443ed3e640d9a6ae55d0c?s=96&d=mm&r=g","caption":"US5"},"url":"https:\/\/veritasinfo.org\/?author=6"}]}},"featured_image_urls":{"full":["https:\/\/veritasinfo.org\/wp-content\/uploads\/2025\/11\/710101-KDfTvDQasp.jpg",780,500,false],"thumbnail":["https:\/\/veritasinfo.org\/wp-content\/uploads\/2025\/11\/710101-KDfTvDQasp-150x150.jpg",150,150,true],"medium":["https:\/\/veritasinfo.org\/wp-content\/uploads\/2025\/11\/710101-KDfTvDQasp-300x192.jpg",300,192,true],"medium_large":["https:\/\/veritasinfo.org\/wp-content\/uploads\/2025\/11\/710101-KDfTvDQasp-768x492.jpg",640,410,true],"large":["https:\/\/veritasinfo.org\/wp-content\/uploads\/2025\/11\/710101-KDfTvDQasp.jpg",640,410,false],"1536x1536":["https:\/\/veritasinfo.org\/wp-content\/uploads\/2025\/11\/710101-KDfTvDQasp.jpg",780,500,false],"2048x2048":["https:\/\/veritasinfo.org\/wp-content\/uploads\/2025\/11\/710101-KDfTvDQasp.jpg",780,500,false],"kreeti-slider-full":["https:\/\/veritasinfo.org\/wp-content\/uploads\/2025\/11\/710101-KDfTvDQasp.jpg",780,500,false],"kreeti-featured":["https:\/\/veritasinfo.org\/wp-content\/uploads\/2025\/11\/710101-KDfTvDQasp.jpg",780,500,false],"kreeti-medium":["https:\/\/veritasinfo.org\/wp-content\/uploads\/2025\/11\/710101-KDfTvDQasp.jpg",720,462,false],"kreeti-medium-square":["https:\/\/veritasinfo.org\/wp-content\/uploads\/2025\/11\/710101-KDfTvDQasp.jpg",350,224,false]},"author_info":{"info":["US5"]},"category_info":"<a href=\"https:\/\/veritasinfo.org\/?cat=58\" rel=\"category\">Politik\u00eb<\/a>","tag_info":"Politik\u00eb","comment_count":"0","_links":{"self":[{"href":"https:\/\/veritasinfo.org\/index.php?rest_route=\/wp\/v2\/posts\/21238","targetHints":{"allow":["GET"]}}],"collection":[{"href":"https:\/\/veritasinfo.org\/index.php?rest_route=\/wp\/v2\/posts"}],"about":[{"href":"https:\/\/veritasinfo.org\/index.php?rest_route=\/wp\/v2\/types\/post"}],"author":[{"embeddable":true,"href":"https:\/\/veritasinfo.org\/index.php?rest_route=\/wp\/v2\/users\/6"}],"replies":[{"embeddable":true,"href":"https:\/\/veritasinfo.org\/index.php?rest_route=%2Fwp%2Fv2%2Fcomments&post=21238"}],"version-history":[{"count":1,"href":"https:\/\/veritasinfo.org\/index.php?rest_route=\/wp\/v2\/posts\/21238\/revisions"}],"predecessor-version":[{"id":21240,"href":"https:\/\/veritasinfo.org\/index.php?rest_route=\/wp\/v2\/posts\/21238\/revisions\/21240"}],"wp:featuredmedia":[{"embeddable":true,"href":"https:\/\/veritasinfo.org\/index.php?rest_route=\/wp\/v2\/media\/21239"}],"wp:attachment":[{"href":"https:\/\/veritasinfo.org\/index.php?rest_route=%2Fwp%2Fv2%2Fmedia&parent=21238"}],"wp:term":[{"taxonomy":"category","embeddable":true,"href":"https:\/\/veritasinfo.org\/index.php?rest_route=%2Fwp%2Fv2%2Fcategories&post=21238"},{"taxonomy":"post_tag","embeddable":true,"href":"https:\/\/veritasinfo.org\/index.php?rest_route=%2Fwp%2Fv2%2Ftags&post=21238"}],"curies":[{"name":"wp","href":"https:\/\/api.w.org\/{rel}","templated":true}]}}