{"id":21227,"date":"2025-11-21T08:46:18","date_gmt":"2025-11-21T07:46:18","guid":{"rendered":"https:\/\/veritasinfo.org\/?p=21227"},"modified":"2025-11-21T08:46:18","modified_gmt":"2025-11-21T07:46:18","slug":"eurodeputeti-per-ceshtjen-kosove-serbi-bashkimi-evropian-ka-pasur-qasje-te-pabalancuar","status":"publish","type":"post","link":"https:\/\/veritasinfo.org\/?p=21227","title":{"rendered":"Eurodeputeti p\u00ebr \u00e7\u00ebshtjen Kosov\u00eb-Serbi: Bashkimi Evropian ka pasur qasje t\u00eb pabalancuar"},"content":{"rendered":"<p>Prishtin\u00eb 21 N\u00ebntor 2025 08:45<\/p>\n<p>Eurodeputeti holandez Thijs Reuten ka rikonfirmuar mb\u00ebshtetjen e tij p\u00ebr rrug\u00ebn e an\u00ebtar\u00ebsimit t\u00eb Kosov\u00ebs n\u00eb Bashkimin Europian, ku zyrtarisht Kosova n\u00eb dhjetor t\u00eb 2022-\u00ebs aplikoi zyrtarisht p\u00ebr pranim n\u00eb Bashkim Evropian gjat\u00eb Presidenc\u00ebs \u00e7eke.<\/p>\n<p>Eurodeputeti Reuten n\u00eb nj\u00eb intervist\u00eb dh\u00ebn\u00eb p\u00ebr A2 CNN ka folur edhe p\u00ebr dialogun Kosov\u00eb-Serbi, e pa \u00e7ka tha se BE nuk ka pas\u00eb nj\u00eb qasje t\u00eb pabalancuar.<\/p>\n<p>Eurodeputeti Reuten tha se nuk ka asnj\u00eb justifikim q\u00eb aplikimi i Kosov\u00ebs t\u00eb mbetet kaq gjat\u00eb n\u00eb sirtar.<\/p>\n<p> \u201cNj\u00eb nga hapat e r\u00ebnd\u00ebsish\u00ebm \u00ebsht\u00eb q\u00eb aplikimi i Kosov\u00ebs p\u00ebr an\u00ebtar\u00ebsim m\u00eb n\u00eb fund t\u00eb vihet n\u00eb proces. Nuk e p\u00ebrballoj dot faktin q\u00eb ka mbetur n\u00eb sirtar kaq gjat\u00eb. Nuk ka absolutisht asnj\u00eb arsye p\u00ebr k\u00ebt\u00eb. Ne mund ta vazhdojm\u00eb procesin, pavar\u00ebsisht se disa shtete an\u00ebtare t\u00eb BE-s\u00eb ende nuk e njohin Kosov\u00ebn. Kjo \u00ebsht\u00eb e v\u00ebrtet\u00eb, por megjithat\u00eb mund t\u00eb ecim p\u00ebrpara me shqyrtimin e aplikimit p\u00ebr an\u00ebtar\u00ebsim\u201d, shprehet Thijs Reuten.<\/p>\n<p>Reuten u shpreh optimist edhe p\u00ebr heqjen e masave nd\u00ebshkuese t\u00eb Bashkimit Europian ndaj Kosov\u00ebs tashm\u00eb q\u00eb n\u00eb komunat veriore pritet t\u00eb kthehen kryetar\u00ebt serb\u00eb.<\/p>\n<p>\u201cTani q\u00eb zgjedhjet lokale kan\u00eb p\u00ebrfunduar, s\u00eb pari duhet t\u00eb hiqen masat ndaj Kosov\u00ebs. Sipas meje, ato s\u2019duhej t\u00eb ishin vendosur fare dhe duhej t\u00eb ishin hequr prej koh\u00ebsh. Por tani q\u00eb shum\u00eb shpejt do t\u00eb kemi kryetar\u00eb t\u00eb rinj komunash q\u00eb marrin detyr\u00ebn n\u00eb komunat p\u00ebrkat\u00ebse, mendoj se ky \u00ebsht\u00eb momenti q\u00eb Komisioni dhe vendet an\u00ebtare t\u2019i heqin sanksionet\u201d, deklaron eurodeputeti.<\/p>\n<p>N\u00eb lidhje me dialogun mes Kosov\u00ebs dhe Serbis\u00eb, eurodeputeti holandez, pjes\u00eb e Grupit t\u00eb Aleanc\u00ebs Progresive t\u00eb Socialist\u00ebve dhe Demokrat\u00ebve n\u00eb Parlamentin Evropian, shpreson q\u00eb procesi t\u00eb marr nj\u00eb drejtim t\u00eb ri<\/p>\n<p> \u201cP\u00ebr dialogun, \u00ebsht\u00eb e qart\u00eb se nevojitet nj\u00eb momentum i ri. Nuk mund t\u00eb vazhdojm\u00eb me rutin\u00ebn e viteve t\u00eb fundit. Shpresoj q\u00eb Komisionerja Kos, edhe n\u00eb k\u00ebt\u00eb drejtim, t\u00eb nd\u00ebrmarr\u00eb hapa p\u00ebrpara dhe q\u00eb me nd\u00ebrmjet\u00ebsin e ri t\u00eb dialogut [Peter Sorensen] t\u00eb ndryshoj\u00eb procesi dhe t\u00eb zgjidhet lidhja e tepruar q\u00eb i \u00ebsht\u00eb b\u00ebr\u00eb progresit drejt an\u00ebtar\u00ebsimit, sepse kjo jep shum\u00eb hap\u00ebsir\u00eb p\u00ebr bllokime si p\u00ebr Serbin\u00eb, por sidomos p\u00ebr Kosov\u00ebn q\u00eb t\u00eb ec\u00eb p\u00ebrpara drejt statusit t\u00eb vendit kandidat dhe an\u00ebtar\u00ebsimit\u201d, tha ai.<\/p>\n<p>Reuten mendon se dialogu nuk duhet t\u00eb kthehet n\u00eb penges\u00eb p\u00ebr avancimin e aplikimit t\u00eb Kosov\u00ebs n\u00eb Bashkimin Europian, duke i k\u00ebrkuar nd\u00ebrmjet\u00ebsuesit t\u00eb k\u00ebtij procesi t\u00eb jet\u00eb i barabart\u00eb.<\/p>\n<p>\u201cBashkimi Evropian duhet t\u00eb jet\u00eb strikt dhe i barabart\u00eb n\u00eb qasjen ndaj t\u00eb dy vendeve, gj\u00eb q\u00eb s\u2019ka ndodhur. Ka pasur nj\u00eb qasje t\u00eb pabalancuar. Megjithat\u00eb, ajo q\u00eb na duhet nga t\u00eb gjith\u00eb, edhe nga pala e Kosov\u00ebs, \u00ebsht\u00eb ta mbyllim k\u00ebt\u00eb kapitull dhe t\u00eb angazhohemi realisht p\u00ebr t\u00eb b\u00ebr\u00eb hapa p\u00ebrpara. Por q\u00eb kjo t\u00eb ndodh\u00eb, BE-ja duhet t\u00eb jet\u00eb e qart\u00eb p\u00ebr at\u00eb q\u00eb k\u00ebrkon nga ky proces dhe t\u00eb mos e lidh\u00eb kaq ngusht\u00eb me progresin n\u00eb rrug\u00ebn e an\u00ebtar\u00ebsimit\u201d, shprehet Thijs Reuten.<\/p>\n<p>Kosova prej koh\u00ebsh k\u00ebrkon q\u00eb aplikimi i saj t\u00eb shqyrtohet, t\u2019i jepet pyet\u00ebsori dhe statusi i vendit kandidat p\u00ebr an\u00ebtar\u00ebsim n\u00eb Bashkimin Europian, por k\u00ebto k\u00ebrkesa nuk jan\u00eb marr parasysh.<\/p>\n","protected":false},"excerpt":{"rendered":"<p>Prishtin\u00eb 21 N\u00ebntor 2025 08:45 Eurodeputeti holandez Thijs Reuten ka rikonfirmuar mb\u00ebshtetjen e tij p\u00ebr rrug\u00ebn e an\u00ebtar\u00ebsimit t\u00eb Kosov\u00ebs n\u00eb Bashkimin Europian, ku zyrtarisht<\/p>\n","protected":false},"author":6,"featured_media":21228,"comment_status":"open","ping_status":"open","sticky":false,"template":"","format":"standard","meta":{"footnotes":""},"categories":[58],"tags":[],"class_list":["post-21227","post","type-post","status-publish","format-standard","has-post-thumbnail","hentry","category-politike-sq"],"yoast_head":"<!-- This site is optimized with the Yoast SEO plugin v25.3.1 - https:\/\/yoast.com\/wordpress\/plugins\/seo\/ -->\n<title>Eurodeputeti p\u00ebr \u00e7\u00ebshtjen Kosov\u00eb-Serbi: Bashkimi Evropian ka pasur qasje t\u00eb pabalancuar -<\/title>\n<meta name=\"robots\" content=\"index, follow, max-snippet:-1, max-image-preview:large, max-video-preview:-1\" \/>\n<link rel=\"canonical\" href=\"https:\/\/veritasinfo.org\/?p=21227\" \/>\n<meta property=\"og:locale\" content=\"en_US\" \/>\n<meta property=\"og:type\" content=\"article\" \/>\n<meta property=\"og:title\" content=\"Eurodeputeti p\u00ebr \u00e7\u00ebshtjen Kosov\u00eb-Serbi: Bashkimi Evropian ka pasur qasje t\u00eb pabalancuar -\" \/>\n<meta property=\"og:description\" content=\"Prishtin\u00eb 21 N\u00ebntor 2025 08:45 Eurodeputeti holandez Thijs Reuten ka rikonfirmuar mb\u00ebshtetjen e tij p\u00ebr rrug\u00ebn e an\u00ebtar\u00ebsimit t\u00eb Kosov\u00ebs n\u00eb Bashkimin Europian, ku zyrtarisht\" \/>\n<meta property=\"og:url\" content=\"https:\/\/veritasinfo.org\/?p=21227\" \/>\n<meta property=\"article:published_time\" content=\"2025-11-21T07:46:18+00:00\" \/>\n<meta property=\"og:image\" content=\"https:\/\/veritasinfo.org\/wp-content\/uploads\/2025\/11\/eurodeputeti.jpg\" \/>\n\t<meta property=\"og:image:width\" content=\"895\" \/>\n\t<meta property=\"og:image:height\" content=\"465\" \/>\n\t<meta property=\"og:image:type\" content=\"image\/jpeg\" \/>\n<meta name=\"author\" content=\"US5\" \/>\n<meta name=\"twitter:card\" content=\"summary_large_image\" \/>\n<meta name=\"twitter:label1\" content=\"Written by\" \/>\n\t<meta name=\"twitter:data1\" content=\"US5\" \/>\n\t<meta name=\"twitter:label2\" content=\"Est. reading time\" \/>\n\t<meta name=\"twitter:data2\" content=\"1 minute\" \/>\n<script type=\"application\/ld+json\" class=\"yoast-schema-graph\">{\"@context\":\"https:\/\/schema.org\",\"@graph\":[{\"@type\":\"WebPage\",\"@id\":\"https:\/\/veritasinfo.org\/?p=21227\",\"url\":\"https:\/\/veritasinfo.org\/?p=21227\",\"name\":\"Eurodeputeti p\u00ebr \u00e7\u00ebshtjen Kosov\u00eb-Serbi: Bashkimi Evropian ka pasur qasje t\u00eb pabalancuar -\",\"isPartOf\":{\"@id\":\"https:\/\/veritasinfo.org\/#website\"},\"primaryImageOfPage\":{\"@id\":\"https:\/\/veritasinfo.org\/?p=21227#primaryimage\"},\"image\":{\"@id\":\"https:\/\/veritasinfo.org\/?p=21227#primaryimage\"},\"thumbnailUrl\":\"https:\/\/veritasinfo.org\/wp-content\/uploads\/2025\/11\/eurodeputeti.jpg\",\"datePublished\":\"2025-11-21T07:46:18+00:00\",\"author\":{\"@id\":\"https:\/\/veritasinfo.org\/#\/schema\/person\/bc442336e35414d04494ab8fb45db4c6\"},\"breadcrumb\":{\"@id\":\"https:\/\/veritasinfo.org\/?p=21227#breadcrumb\"},\"inLanguage\":\"en-US\",\"potentialAction\":[{\"@type\":\"ReadAction\",\"target\":[\"https:\/\/veritasinfo.org\/?p=21227\"]}]},{\"@type\":\"ImageObject\",\"inLanguage\":\"en-US\",\"@id\":\"https:\/\/veritasinfo.org\/?p=21227#primaryimage\",\"url\":\"https:\/\/veritasinfo.org\/wp-content\/uploads\/2025\/11\/eurodeputeti.jpg\",\"contentUrl\":\"https:\/\/veritasinfo.org\/wp-content\/uploads\/2025\/11\/eurodeputeti.jpg\",\"width\":895,\"height\":465},{\"@type\":\"BreadcrumbList\",\"@id\":\"https:\/\/veritasinfo.org\/?p=21227#breadcrumb\",\"itemListElement\":[{\"@type\":\"ListItem\",\"position\":1,\"name\":\"Home\",\"item\":\"https:\/\/veritasinfo.org\/\"},{\"@type\":\"ListItem\",\"position\":2,\"name\":\"Eurodeputeti p\u00ebr \u00e7\u00ebshtjen Kosov\u00eb-Serbi: Bashkimi Evropian ka pasur qasje t\u00eb pabalancuar\"}]},{\"@type\":\"WebSite\",\"@id\":\"https:\/\/veritasinfo.org\/#website\",\"url\":\"https:\/\/veritasinfo.org\/\",\"name\":\"\",\"description\":\"\",\"potentialAction\":[{\"@type\":\"SearchAction\",\"target\":{\"@type\":\"EntryPoint\",\"urlTemplate\":\"https:\/\/veritasinfo.org\/?s={search_term_string}\"},\"query-input\":{\"@type\":\"PropertyValueSpecification\",\"valueRequired\":true,\"valueName\":\"search_term_string\"}}],\"inLanguage\":\"en-US\"},{\"@type\":\"Person\",\"@id\":\"https:\/\/veritasinfo.org\/#\/schema\/person\/bc442336e35414d04494ab8fb45db4c6\",\"name\":\"US5\",\"image\":{\"@type\":\"ImageObject\",\"inLanguage\":\"en-US\",\"@id\":\"https:\/\/veritasinfo.org\/#\/schema\/person\/image\/\",\"url\":\"https:\/\/secure.gravatar.com\/avatar\/16a61e7272a0c5d001121ebb9e60e925d5816e4ac1e443ed3e640d9a6ae55d0c?s=96&d=mm&r=g\",\"contentUrl\":\"https:\/\/secure.gravatar.com\/avatar\/16a61e7272a0c5d001121ebb9e60e925d5816e4ac1e443ed3e640d9a6ae55d0c?s=96&d=mm&r=g\",\"caption\":\"US5\"},\"url\":\"https:\/\/veritasinfo.org\/?author=6\"}]}<\/script>\n<!-- \/ Yoast SEO plugin. -->","yoast_head_json":{"title":"Eurodeputeti p\u00ebr \u00e7\u00ebshtjen Kosov\u00eb-Serbi: Bashkimi Evropian ka pasur qasje t\u00eb pabalancuar -","robots":{"index":"index","follow":"follow","max-snippet":"max-snippet:-1","max-image-preview":"max-image-preview:large","max-video-preview":"max-video-preview:-1"},"canonical":"https:\/\/veritasinfo.org\/?p=21227","og_locale":"en_US","og_type":"article","og_title":"Eurodeputeti p\u00ebr \u00e7\u00ebshtjen Kosov\u00eb-Serbi: Bashkimi Evropian ka pasur qasje t\u00eb pabalancuar -","og_description":"Prishtin\u00eb 21 N\u00ebntor 2025 08:45 Eurodeputeti holandez Thijs Reuten ka rikonfirmuar mb\u00ebshtetjen e tij p\u00ebr rrug\u00ebn e an\u00ebtar\u00ebsimit t\u00eb Kosov\u00ebs n\u00eb Bashkimin Europian, ku zyrtarisht","og_url":"https:\/\/veritasinfo.org\/?p=21227","article_published_time":"2025-11-21T07:46:18+00:00","og_image":[{"width":895,"height":465,"url":"https:\/\/veritasinfo.org\/wp-content\/uploads\/2025\/11\/eurodeputeti.jpg","type":"image\/jpeg"}],"author":"US5","twitter_card":"summary_large_image","twitter_misc":{"Written by":"US5","Est. reading time":"1 minute"},"schema":{"@context":"https:\/\/schema.org","@graph":[{"@type":"WebPage","@id":"https:\/\/veritasinfo.org\/?p=21227","url":"https:\/\/veritasinfo.org\/?p=21227","name":"Eurodeputeti p\u00ebr \u00e7\u00ebshtjen Kosov\u00eb-Serbi: Bashkimi Evropian ka pasur qasje t\u00eb pabalancuar -","isPartOf":{"@id":"https:\/\/veritasinfo.org\/#website"},"primaryImageOfPage":{"@id":"https:\/\/veritasinfo.org\/?p=21227#primaryimage"},"image":{"@id":"https:\/\/veritasinfo.org\/?p=21227#primaryimage"},"thumbnailUrl":"https:\/\/veritasinfo.org\/wp-content\/uploads\/2025\/11\/eurodeputeti.jpg","datePublished":"2025-11-21T07:46:18+00:00","author":{"@id":"https:\/\/veritasinfo.org\/#\/schema\/person\/bc442336e35414d04494ab8fb45db4c6"},"breadcrumb":{"@id":"https:\/\/veritasinfo.org\/?p=21227#breadcrumb"},"inLanguage":"en-US","potentialAction":[{"@type":"ReadAction","target":["https:\/\/veritasinfo.org\/?p=21227"]}]},{"@type":"ImageObject","inLanguage":"en-US","@id":"https:\/\/veritasinfo.org\/?p=21227#primaryimage","url":"https:\/\/veritasinfo.org\/wp-content\/uploads\/2025\/11\/eurodeputeti.jpg","contentUrl":"https:\/\/veritasinfo.org\/wp-content\/uploads\/2025\/11\/eurodeputeti.jpg","width":895,"height":465},{"@type":"BreadcrumbList","@id":"https:\/\/veritasinfo.org\/?p=21227#breadcrumb","itemListElement":[{"@type":"ListItem","position":1,"name":"Home","item":"https:\/\/veritasinfo.org\/"},{"@type":"ListItem","position":2,"name":"Eurodeputeti p\u00ebr \u00e7\u00ebshtjen Kosov\u00eb-Serbi: Bashkimi Evropian ka pasur qasje t\u00eb pabalancuar"}]},{"@type":"WebSite","@id":"https:\/\/veritasinfo.org\/#website","url":"https:\/\/veritasinfo.org\/","name":"","description":"","potentialAction":[{"@type":"SearchAction","target":{"@type":"EntryPoint","urlTemplate":"https:\/\/veritasinfo.org\/?s={search_term_string}"},"query-input":{"@type":"PropertyValueSpecification","valueRequired":true,"valueName":"search_term_string"}}],"inLanguage":"en-US"},{"@type":"Person","@id":"https:\/\/veritasinfo.org\/#\/schema\/person\/bc442336e35414d04494ab8fb45db4c6","name":"US5","image":{"@type":"ImageObject","inLanguage":"en-US","@id":"https:\/\/veritasinfo.org\/#\/schema\/person\/image\/","url":"https:\/\/secure.gravatar.com\/avatar\/16a61e7272a0c5d001121ebb9e60e925d5816e4ac1e443ed3e640d9a6ae55d0c?s=96&d=mm&r=g","contentUrl":"https:\/\/secure.gravatar.com\/avatar\/16a61e7272a0c5d001121ebb9e60e925d5816e4ac1e443ed3e640d9a6ae55d0c?s=96&d=mm&r=g","caption":"US5"},"url":"https:\/\/veritasinfo.org\/?author=6"}]}},"featured_image_urls":{"full":["https:\/\/veritasinfo.org\/wp-content\/uploads\/2025\/11\/eurodeputeti.jpg",895,465,false],"thumbnail":["https:\/\/veritasinfo.org\/wp-content\/uploads\/2025\/11\/eurodeputeti-150x150.jpg",150,150,true],"medium":["https:\/\/veritasinfo.org\/wp-content\/uploads\/2025\/11\/eurodeputeti-300x156.jpg",300,156,true],"medium_large":["https:\/\/veritasinfo.org\/wp-content\/uploads\/2025\/11\/eurodeputeti-768x399.jpg",640,333,true],"large":["https:\/\/veritasinfo.org\/wp-content\/uploads\/2025\/11\/eurodeputeti.jpg",640,333,false],"1536x1536":["https:\/\/veritasinfo.org\/wp-content\/uploads\/2025\/11\/eurodeputeti.jpg",895,465,false],"2048x2048":["https:\/\/veritasinfo.org\/wp-content\/uploads\/2025\/11\/eurodeputeti.jpg",895,465,false],"kreeti-slider-full":["https:\/\/veritasinfo.org\/wp-content\/uploads\/2025\/11\/eurodeputeti.jpg",895,465,false],"kreeti-featured":["https:\/\/veritasinfo.org\/wp-content\/uploads\/2025\/11\/eurodeputeti.jpg",895,465,false],"kreeti-medium":["https:\/\/veritasinfo.org\/wp-content\/uploads\/2025\/11\/eurodeputeti.jpg",720,374,false],"kreeti-medium-square":["https:\/\/veritasinfo.org\/wp-content\/uploads\/2025\/11\/eurodeputeti.jpg",350,182,false]},"author_info":{"info":["US5"]},"category_info":"<a href=\"https:\/\/veritasinfo.org\/?cat=58\" rel=\"category\">Politik\u00eb<\/a>","tag_info":"Politik\u00eb","comment_count":"0","_links":{"self":[{"href":"https:\/\/veritasinfo.org\/index.php?rest_route=\/wp\/v2\/posts\/21227","targetHints":{"allow":["GET"]}}],"collection":[{"href":"https:\/\/veritasinfo.org\/index.php?rest_route=\/wp\/v2\/posts"}],"about":[{"href":"https:\/\/veritasinfo.org\/index.php?rest_route=\/wp\/v2\/types\/post"}],"author":[{"embeddable":true,"href":"https:\/\/veritasinfo.org\/index.php?rest_route=\/wp\/v2\/users\/6"}],"replies":[{"embeddable":true,"href":"https:\/\/veritasinfo.org\/index.php?rest_route=%2Fwp%2Fv2%2Fcomments&post=21227"}],"version-history":[{"count":1,"href":"https:\/\/veritasinfo.org\/index.php?rest_route=\/wp\/v2\/posts\/21227\/revisions"}],"predecessor-version":[{"id":21229,"href":"https:\/\/veritasinfo.org\/index.php?rest_route=\/wp\/v2\/posts\/21227\/revisions\/21229"}],"wp:featuredmedia":[{"embeddable":true,"href":"https:\/\/veritasinfo.org\/index.php?rest_route=\/wp\/v2\/media\/21228"}],"wp:attachment":[{"href":"https:\/\/veritasinfo.org\/index.php?rest_route=%2Fwp%2Fv2%2Fmedia&parent=21227"}],"wp:term":[{"taxonomy":"category","embeddable":true,"href":"https:\/\/veritasinfo.org\/index.php?rest_route=%2Fwp%2Fv2%2Fcategories&post=21227"},{"taxonomy":"post_tag","embeddable":true,"href":"https:\/\/veritasinfo.org\/index.php?rest_route=%2Fwp%2Fv2%2Ftags&post=21227"}],"curies":[{"name":"wp","href":"https:\/\/api.w.org\/{rel}","templated":true}]}}