{"id":21216,"date":"2025-11-21T08:13:28","date_gmt":"2025-11-21T07:13:28","guid":{"rendered":"https:\/\/veritasinfo.org\/?p=21216"},"modified":"2025-11-21T08:13:28","modified_gmt":"2025-11-21T07:13:28","slug":"u-pristini-otvoren-festival-mirdita-dobar-dan-program-traje-do-subote","status":"publish","type":"post","link":"https:\/\/veritasinfo.org\/?p=21216&lang=sr","title":{"rendered":"U Pri\u0161tini otvoren festival \u201eMirdita, dobar dan!\u201c \u2013 program traje do subote"},"content":{"rendered":"<p>Pri\u0161tina 21 novembar 2025 08:15<\/p>\n<p>Dvanaesto izdanje festivala \u201eMirdita, dobar dan!\u201c sve\u010dano je otvoreno ju\u010de u prostoru \u201eDefy Them\u201c u Pri\u0161tini, nakon \u010dega je program nastavljen koncertom beogradske grupe \u201ePli\u0161\u201c, prenosi Kallxo.<br \/>\nOvogodi\u0161nji festival u Pri\u0161tinu dovodi afirmisane i mlade umetnike sa savremene kulturne scene Beograda, a tokom tri festivalska dana bi\u0107e predstavljeni razli\u010diti sadr\u017eaji iz oblasti muzike, vizuelnih umetnosti, pozori\u0161ta i dru\u0161tvenih debata.<\/p>\n<p>Drugog dana festivala, 21. novembra, planirano je vi\u0161e aktivnosti, me\u0111u kojima i debata \u201eMir u vreme globalnih previranja: Budu\u0107nost odnosa izme\u0111u Srbije i Kosova\u201c, umetni\u010dka izlo\u017eba, kao i predstava \u201eSve dobre Barbike\u201c. Svi doga\u0111aji bi\u0107e odr\u017eani u \u201eGrand Hotelu\u201c u Pri\u0161tini.<\/p>\n<p>Festival se zavr\u0161ava 22. novembra 2025. godine.<\/p>\n<p>\u201eMirdita, dobar dan!\u201c odr\u017eava se od 2014. godine, u organizaciji Inicijative mladih za ljudska prava (Srbija), \u201eIntegre\u201c (Kosovo) i Gra\u0111anskih inicijativa (Srbija), a izdanja festivala smenjuju se izme\u0111u Pri\u0161tine i Beograda<\/p>\n","protected":false},"excerpt":{"rendered":"<p>Pri\u0161tina 21 novembar 2025 08:15 Dvanaesto izdanje festivala \u201eMirdita, dobar dan!\u201c sve\u010dano je otvoreno ju\u010de u prostoru \u201eDefy Them\u201c u Pri\u0161tini, nakon \u010dega je program<\/p>\n","protected":false},"author":6,"featured_media":21217,"comment_status":"open","ping_status":"open","sticky":false,"template":"","format":"standard","meta":{"footnotes":""},"categories":[34],"tags":[],"class_list":["post-21216","post","type-post","status-publish","format-standard","has-post-thumbnail","hentry","category-kultura"],"yoast_head":"<!-- This site is optimized with the Yoast SEO plugin v25.3.1 - https:\/\/yoast.com\/wordpress\/plugins\/seo\/ -->\n<title>U Pri\u0161tini otvoren festival \u201eMirdita, dobar dan!\u201c \u2013 program traje do subote -<\/title>\n<meta name=\"robots\" content=\"index, follow, max-snippet:-1, max-image-preview:large, max-video-preview:-1\" \/>\n<link rel=\"canonical\" href=\"https:\/\/veritasinfo.org\/?p=21216&lang=sr\" \/>\n<meta property=\"og:locale\" content=\"en_US\" \/>\n<meta property=\"og:type\" content=\"article\" \/>\n<meta property=\"og:title\" content=\"U Pri\u0161tini otvoren festival \u201eMirdita, dobar dan!\u201c \u2013 program traje do subote -\" \/>\n<meta property=\"og:description\" content=\"Pri\u0161tina 21 novembar 2025 08:15 Dvanaesto izdanje festivala \u201eMirdita, dobar dan!\u201c sve\u010dano je otvoreno ju\u010de u prostoru \u201eDefy Them\u201c u Pri\u0161tini, nakon \u010dega je program\" \/>\n<meta property=\"og:url\" content=\"https:\/\/veritasinfo.org\/?p=21216&amp;lang=sr\" \/>\n<meta property=\"article:published_time\" content=\"2025-11-21T07:13:28+00:00\" \/>\n<meta property=\"og:image\" content=\"https:\/\/veritasinfo.org\/wp-content\/uploads\/2025\/11\/mirdita_dobar_dan_2025_baner.png.jpg\" \/>\n\t<meta property=\"og:image:width\" content=\"1550\" \/>\n\t<meta property=\"og:image:height\" content=\"872\" \/>\n\t<meta property=\"og:image:type\" content=\"image\/jpeg\" \/>\n<meta name=\"author\" content=\"US5\" \/>\n<meta name=\"twitter:card\" content=\"summary_large_image\" \/>\n<meta name=\"twitter:label1\" content=\"Written by\" \/>\n\t<meta name=\"twitter:data1\" content=\"US5\" \/>\n<script type=\"application\/ld+json\" class=\"yoast-schema-graph\">{\"@context\":\"https:\/\/schema.org\",\"@graph\":[{\"@type\":\"WebPage\",\"@id\":\"https:\/\/veritasinfo.org\/?p=21216&lang=sr\",\"url\":\"https:\/\/veritasinfo.org\/?p=21216&lang=sr\",\"name\":\"U Pri\u0161tini otvoren festival \u201eMirdita, dobar dan!\u201c \u2013 program traje do subote -\",\"isPartOf\":{\"@id\":\"https:\/\/veritasinfo.org\/#website\"},\"primaryImageOfPage\":{\"@id\":\"https:\/\/veritasinfo.org\/?p=21216&lang=sr#primaryimage\"},\"image\":{\"@id\":\"https:\/\/veritasinfo.org\/?p=21216&lang=sr#primaryimage\"},\"thumbnailUrl\":\"https:\/\/veritasinfo.org\/wp-content\/uploads\/2025\/11\/mirdita_dobar_dan_2025_baner.png.jpg\",\"datePublished\":\"2025-11-21T07:13:28+00:00\",\"author\":{\"@id\":\"https:\/\/veritasinfo.org\/#\/schema\/person\/bc442336e35414d04494ab8fb45db4c6\"},\"breadcrumb\":{\"@id\":\"https:\/\/veritasinfo.org\/?p=21216&lang=sr#breadcrumb\"},\"inLanguage\":\"en-US\",\"potentialAction\":[{\"@type\":\"ReadAction\",\"target\":[\"https:\/\/veritasinfo.org\/?p=21216&lang=sr\"]}]},{\"@type\":\"ImageObject\",\"inLanguage\":\"en-US\",\"@id\":\"https:\/\/veritasinfo.org\/?p=21216&lang=sr#primaryimage\",\"url\":\"https:\/\/veritasinfo.org\/wp-content\/uploads\/2025\/11\/mirdita_dobar_dan_2025_baner.png.jpg\",\"contentUrl\":\"https:\/\/veritasinfo.org\/wp-content\/uploads\/2025\/11\/mirdita_dobar_dan_2025_baner.png.jpg\",\"width\":1550,\"height\":872},{\"@type\":\"BreadcrumbList\",\"@id\":\"https:\/\/veritasinfo.org\/?p=21216&lang=sr#breadcrumb\",\"itemListElement\":[{\"@type\":\"ListItem\",\"position\":1,\"name\":\"Home\",\"item\":\"https:\/\/veritasinfo.org\/\"},{\"@type\":\"ListItem\",\"position\":2,\"name\":\"U Pri\u0161tini otvoren festival \u201eMirdita, dobar dan!\u201c \u2013 program traje do subote\"}]},{\"@type\":\"WebSite\",\"@id\":\"https:\/\/veritasinfo.org\/#website\",\"url\":\"https:\/\/veritasinfo.org\/\",\"name\":\"\",\"description\":\"\",\"potentialAction\":[{\"@type\":\"SearchAction\",\"target\":{\"@type\":\"EntryPoint\",\"urlTemplate\":\"https:\/\/veritasinfo.org\/?s={search_term_string}\"},\"query-input\":{\"@type\":\"PropertyValueSpecification\",\"valueRequired\":true,\"valueName\":\"search_term_string\"}}],\"inLanguage\":\"en-US\"},{\"@type\":\"Person\",\"@id\":\"https:\/\/veritasinfo.org\/#\/schema\/person\/bc442336e35414d04494ab8fb45db4c6\",\"name\":\"US5\",\"image\":{\"@type\":\"ImageObject\",\"inLanguage\":\"en-US\",\"@id\":\"https:\/\/veritasinfo.org\/#\/schema\/person\/image\/\",\"url\":\"https:\/\/secure.gravatar.com\/avatar\/16a61e7272a0c5d001121ebb9e60e925d5816e4ac1e443ed3e640d9a6ae55d0c?s=96&d=mm&r=g\",\"contentUrl\":\"https:\/\/secure.gravatar.com\/avatar\/16a61e7272a0c5d001121ebb9e60e925d5816e4ac1e443ed3e640d9a6ae55d0c?s=96&d=mm&r=g\",\"caption\":\"US5\"},\"url\":\"https:\/\/veritasinfo.org\/?author=6\"}]}<\/script>\n<!-- \/ Yoast SEO plugin. -->","yoast_head_json":{"title":"U Pri\u0161tini otvoren festival \u201eMirdita, dobar dan!\u201c \u2013 program traje do subote -","robots":{"index":"index","follow":"follow","max-snippet":"max-snippet:-1","max-image-preview":"max-image-preview:large","max-video-preview":"max-video-preview:-1"},"canonical":"https:\/\/veritasinfo.org\/?p=21216&lang=sr","og_locale":"en_US","og_type":"article","og_title":"U Pri\u0161tini otvoren festival \u201eMirdita, dobar dan!\u201c \u2013 program traje do subote -","og_description":"Pri\u0161tina 21 novembar 2025 08:15 Dvanaesto izdanje festivala \u201eMirdita, dobar dan!\u201c sve\u010dano je otvoreno ju\u010de u prostoru \u201eDefy Them\u201c u Pri\u0161tini, nakon \u010dega je program","og_url":"https:\/\/veritasinfo.org\/?p=21216&lang=sr","article_published_time":"2025-11-21T07:13:28+00:00","og_image":[{"width":1550,"height":872,"url":"https:\/\/veritasinfo.org\/wp-content\/uploads\/2025\/11\/mirdita_dobar_dan_2025_baner.png.jpg","type":"image\/jpeg"}],"author":"US5","twitter_card":"summary_large_image","twitter_misc":{"Written by":"US5"},"schema":{"@context":"https:\/\/schema.org","@graph":[{"@type":"WebPage","@id":"https:\/\/veritasinfo.org\/?p=21216&lang=sr","url":"https:\/\/veritasinfo.org\/?p=21216&lang=sr","name":"U Pri\u0161tini otvoren festival \u201eMirdita, dobar dan!\u201c \u2013 program traje do subote -","isPartOf":{"@id":"https:\/\/veritasinfo.org\/#website"},"primaryImageOfPage":{"@id":"https:\/\/veritasinfo.org\/?p=21216&lang=sr#primaryimage"},"image":{"@id":"https:\/\/veritasinfo.org\/?p=21216&lang=sr#primaryimage"},"thumbnailUrl":"https:\/\/veritasinfo.org\/wp-content\/uploads\/2025\/11\/mirdita_dobar_dan_2025_baner.png.jpg","datePublished":"2025-11-21T07:13:28+00:00","author":{"@id":"https:\/\/veritasinfo.org\/#\/schema\/person\/bc442336e35414d04494ab8fb45db4c6"},"breadcrumb":{"@id":"https:\/\/veritasinfo.org\/?p=21216&lang=sr#breadcrumb"},"inLanguage":"en-US","potentialAction":[{"@type":"ReadAction","target":["https:\/\/veritasinfo.org\/?p=21216&lang=sr"]}]},{"@type":"ImageObject","inLanguage":"en-US","@id":"https:\/\/veritasinfo.org\/?p=21216&lang=sr#primaryimage","url":"https:\/\/veritasinfo.org\/wp-content\/uploads\/2025\/11\/mirdita_dobar_dan_2025_baner.png.jpg","contentUrl":"https:\/\/veritasinfo.org\/wp-content\/uploads\/2025\/11\/mirdita_dobar_dan_2025_baner.png.jpg","width":1550,"height":872},{"@type":"BreadcrumbList","@id":"https:\/\/veritasinfo.org\/?p=21216&lang=sr#breadcrumb","itemListElement":[{"@type":"ListItem","position":1,"name":"Home","item":"https:\/\/veritasinfo.org\/"},{"@type":"ListItem","position":2,"name":"U Pri\u0161tini otvoren festival \u201eMirdita, dobar dan!\u201c \u2013 program traje do subote"}]},{"@type":"WebSite","@id":"https:\/\/veritasinfo.org\/#website","url":"https:\/\/veritasinfo.org\/","name":"","description":"","potentialAction":[{"@type":"SearchAction","target":{"@type":"EntryPoint","urlTemplate":"https:\/\/veritasinfo.org\/?s={search_term_string}"},"query-input":{"@type":"PropertyValueSpecification","valueRequired":true,"valueName":"search_term_string"}}],"inLanguage":"en-US"},{"@type":"Person","@id":"https:\/\/veritasinfo.org\/#\/schema\/person\/bc442336e35414d04494ab8fb45db4c6","name":"US5","image":{"@type":"ImageObject","inLanguage":"en-US","@id":"https:\/\/veritasinfo.org\/#\/schema\/person\/image\/","url":"https:\/\/secure.gravatar.com\/avatar\/16a61e7272a0c5d001121ebb9e60e925d5816e4ac1e443ed3e640d9a6ae55d0c?s=96&d=mm&r=g","contentUrl":"https:\/\/secure.gravatar.com\/avatar\/16a61e7272a0c5d001121ebb9e60e925d5816e4ac1e443ed3e640d9a6ae55d0c?s=96&d=mm&r=g","caption":"US5"},"url":"https:\/\/veritasinfo.org\/?author=6"}]}},"featured_image_urls":{"full":["https:\/\/veritasinfo.org\/wp-content\/uploads\/2025\/11\/mirdita_dobar_dan_2025_baner.png.jpg",1550,872,false],"thumbnail":["https:\/\/veritasinfo.org\/wp-content\/uploads\/2025\/11\/mirdita_dobar_dan_2025_baner.png-150x150.jpg",150,150,true],"medium":["https:\/\/veritasinfo.org\/wp-content\/uploads\/2025\/11\/mirdita_dobar_dan_2025_baner.png-300x169.jpg",300,169,true],"medium_large":["https:\/\/veritasinfo.org\/wp-content\/uploads\/2025\/11\/mirdita_dobar_dan_2025_baner.png-768x432.jpg",640,360,true],"large":["https:\/\/veritasinfo.org\/wp-content\/uploads\/2025\/11\/mirdita_dobar_dan_2025_baner.png-1024x576.jpg",640,360,true],"1536x1536":["https:\/\/veritasinfo.org\/wp-content\/uploads\/2025\/11\/mirdita_dobar_dan_2025_baner.png-1536x864.jpg",1536,864,true],"2048x2048":["https:\/\/veritasinfo.org\/wp-content\/uploads\/2025\/11\/mirdita_dobar_dan_2025_baner.png.jpg",1550,872,false],"kreeti-slider-full":["https:\/\/veritasinfo.org\/wp-content\/uploads\/2025\/11\/mirdita_dobar_dan_2025_baner.png.jpg",1280,720,false],"kreeti-featured":["https:\/\/veritasinfo.org\/wp-content\/uploads\/2025\/11\/mirdita_dobar_dan_2025_baner.png.jpg",1024,576,false],"kreeti-medium":["https:\/\/veritasinfo.org\/wp-content\/uploads\/2025\/11\/mirdita_dobar_dan_2025_baner.png.jpg",720,405,false],"kreeti-medium-square":["https:\/\/veritasinfo.org\/wp-content\/uploads\/2025\/11\/mirdita_dobar_dan_2025_baner.png.jpg",350,197,false]},"author_info":{"info":["US5"]},"category_info":"<a href=\"https:\/\/veritasinfo.org\/?cat=34&#038;lang=sr\" rel=\"category\">Kultura<\/a>","tag_info":"Kultura","comment_count":"0","_links":{"self":[{"href":"https:\/\/veritasinfo.org\/index.php?rest_route=\/wp\/v2\/posts\/21216","targetHints":{"allow":["GET"]}}],"collection":[{"href":"https:\/\/veritasinfo.org\/index.php?rest_route=\/wp\/v2\/posts"}],"about":[{"href":"https:\/\/veritasinfo.org\/index.php?rest_route=\/wp\/v2\/types\/post"}],"author":[{"embeddable":true,"href":"https:\/\/veritasinfo.org\/index.php?rest_route=\/wp\/v2\/users\/6"}],"replies":[{"embeddable":true,"href":"https:\/\/veritasinfo.org\/index.php?rest_route=%2Fwp%2Fv2%2Fcomments&post=21216"}],"version-history":[{"count":1,"href":"https:\/\/veritasinfo.org\/index.php?rest_route=\/wp\/v2\/posts\/21216\/revisions"}],"predecessor-version":[{"id":21218,"href":"https:\/\/veritasinfo.org\/index.php?rest_route=\/wp\/v2\/posts\/21216\/revisions\/21218"}],"wp:featuredmedia":[{"embeddable":true,"href":"https:\/\/veritasinfo.org\/index.php?rest_route=\/wp\/v2\/media\/21217"}],"wp:attachment":[{"href":"https:\/\/veritasinfo.org\/index.php?rest_route=%2Fwp%2Fv2%2Fmedia&parent=21216"}],"wp:term":[{"taxonomy":"category","embeddable":true,"href":"https:\/\/veritasinfo.org\/index.php?rest_route=%2Fwp%2Fv2%2Fcategories&post=21216"},{"taxonomy":"post_tag","embeddable":true,"href":"https:\/\/veritasinfo.org\/index.php?rest_route=%2Fwp%2Fv2%2Ftags&post=21216"}],"curies":[{"name":"wp","href":"https:\/\/api.w.org\/{rel}","templated":true}]}}