{"id":21205,"date":"2025-11-21T08:03:44","date_gmt":"2025-11-21T07:03:44","guid":{"rendered":"https:\/\/veritasinfo.org\/?p=21205"},"modified":"2025-11-21T08:03:44","modified_gmt":"2025-11-21T07:03:44","slug":"mbahet-samiti-i-planit-te-rritjes-te-be-se-kurti-perfaqeson-kosoven","status":"publish","type":"post","link":"https:\/\/veritasinfo.org\/?p=21205","title":{"rendered":"Mbahet Samiti i Planit t\u00eb Rritjes t\u00eb BE-s\u00eb, Kurti p\u00ebrfaq\u00ebson Kosov\u00ebn"},"content":{"rendered":"<p>Prishtin\u00eb 21 N\u00ebntor 2025. 08:02<\/p>\n<p>Shqip\u00ebria do t\u00eb mir\u00ebpres\u00eb sot Samitin e Planit t\u00eb Rritjes s\u00eb Bashkimit Evropian, ku do mbledh\u00eb n\u00eb Tiran\u00eb lider\u00ebt e Ballkanit Per\u00ebndimor dhe Komisioneren p\u00ebr Zgjerimin e BE-s\u00eb, Marta Kos. Kosova p\u00ebrfaq\u00ebsohet nga kryeministri n\u00eb detyr\u00eb i Republik\u00ebs s\u00eb Kosov\u00ebs, Albin Kurti.<\/p>\n<p>Diskutimet p\u00ebr planin e rritjes, integrimin ekonomik dhe transformimin e rajonit drejt Tregut t\u00eb Bashkimit Europian, do t\u00eb jen\u00eb n\u00eb fokus t\u00eb punimeve t\u00eb k\u00ebtij samiti.<\/p>\n<p>Sipas agjend\u00ebs s\u00eb b\u00ebr\u00eb publike, lider\u00ebt do t\u00eb mb\u00ebrrijn\u00eb n\u00eb or\u00ebn 09:30, p\u00ebr t\u2019iu bashkuar punimeve t\u00eb samitit i cili do t\u00eb nis\u00eb n\u00eb or\u00ebn 10:00.<\/p>\n<p>Kryeministri Edi Rama dhe Komisionerja e BE-s\u00eb p\u00ebr Zgjerimin, Marta Kos do t\u00eb mbajn\u00eb fjal\u00ebt hap\u00ebse dhe pas p\u00ebrfundimit t\u00eb punimeve t\u00eb samitit, n\u00eb or\u00ebn 11:30 do t\u00eb realizohet fotoja familjare.<\/p>\n<p>M\u00eb pas, n\u00eb or\u00ebn 11:35 Kryeministri Rama dhe Komisionerja e BE-s\u00eb p\u00ebr Zgjerimin, Marta Kos do t\u00eb mbajn\u00eb nj\u00eb konferenc\u00eb t\u00eb p\u00ebrbashk\u00ebt p\u00ebr media.<\/p>\n","protected":false},"excerpt":{"rendered":"<p>Prishtin\u00eb 21 N\u00ebntor 2025. 08:02 Shqip\u00ebria do t\u00eb mir\u00ebpres\u00eb sot Samitin e Planit t\u00eb Rritjes s\u00eb Bashkimit Evropian, ku do mbledh\u00eb n\u00eb Tiran\u00eb lider\u00ebt e<\/p>\n","protected":false},"author":6,"featured_media":21206,"comment_status":"open","ping_status":"open","sticky":false,"template":"","format":"standard","meta":{"footnotes":""},"categories":[58],"tags":[],"class_list":["post-21205","post","type-post","status-publish","format-standard","has-post-thumbnail","hentry","category-politike-sq"],"yoast_head":"<!-- This site is optimized with the Yoast SEO plugin v25.3.1 - https:\/\/yoast.com\/wordpress\/plugins\/seo\/ -->\n<title>Mbahet Samiti i Planit t\u00eb Rritjes t\u00eb BE-s\u00eb, Kurti p\u00ebrfaq\u00ebson Kosov\u00ebn -<\/title>\n<meta name=\"robots\" content=\"index, follow, max-snippet:-1, max-image-preview:large, max-video-preview:-1\" \/>\n<link rel=\"canonical\" href=\"https:\/\/veritasinfo.org\/?p=21205\" \/>\n<meta property=\"og:locale\" content=\"en_US\" \/>\n<meta property=\"og:type\" content=\"article\" \/>\n<meta property=\"og:title\" content=\"Mbahet Samiti i Planit t\u00eb Rritjes t\u00eb BE-s\u00eb, Kurti p\u00ebrfaq\u00ebson Kosov\u00ebn -\" \/>\n<meta property=\"og:description\" content=\"Prishtin\u00eb 21 N\u00ebntor 2025. 08:02 Shqip\u00ebria do t\u00eb mir\u00ebpres\u00eb sot Samitin e Planit t\u00eb Rritjes s\u00eb Bashkimit Evropian, ku do mbledh\u00eb n\u00eb Tiran\u00eb lider\u00ebt e\" \/>\n<meta property=\"og:url\" content=\"https:\/\/veritasinfo.org\/?p=21205\" \/>\n<meta property=\"article:published_time\" content=\"2025-11-21T07:03:44+00:00\" \/>\n<meta property=\"og:image\" content=\"https:\/\/veritasinfo.org\/wp-content\/uploads\/2025\/11\/710093-BHfs7PiU6g.jpeg\" \/>\n\t<meta property=\"og:image:width\" content=\"780\" \/>\n\t<meta property=\"og:image:height\" content=\"500\" \/>\n\t<meta property=\"og:image:type\" content=\"image\/jpeg\" \/>\n<meta name=\"author\" content=\"US5\" \/>\n<meta name=\"twitter:card\" content=\"summary_large_image\" \/>\n<meta name=\"twitter:label1\" content=\"Written by\" \/>\n\t<meta name=\"twitter:data1\" content=\"US5\" \/>\n<script type=\"application\/ld+json\" class=\"yoast-schema-graph\">{\"@context\":\"https:\/\/schema.org\",\"@graph\":[{\"@type\":\"WebPage\",\"@id\":\"https:\/\/veritasinfo.org\/?p=21205\",\"url\":\"https:\/\/veritasinfo.org\/?p=21205\",\"name\":\"Mbahet Samiti i Planit t\u00eb Rritjes t\u00eb BE-s\u00eb, Kurti p\u00ebrfaq\u00ebson Kosov\u00ebn -\",\"isPartOf\":{\"@id\":\"https:\/\/veritasinfo.org\/#website\"},\"primaryImageOfPage\":{\"@id\":\"https:\/\/veritasinfo.org\/?p=21205#primaryimage\"},\"image\":{\"@id\":\"https:\/\/veritasinfo.org\/?p=21205#primaryimage\"},\"thumbnailUrl\":\"https:\/\/veritasinfo.org\/wp-content\/uploads\/2025\/11\/710093-BHfs7PiU6g.jpeg\",\"datePublished\":\"2025-11-21T07:03:44+00:00\",\"author\":{\"@id\":\"https:\/\/veritasinfo.org\/#\/schema\/person\/bc442336e35414d04494ab8fb45db4c6\"},\"breadcrumb\":{\"@id\":\"https:\/\/veritasinfo.org\/?p=21205#breadcrumb\"},\"inLanguage\":\"en-US\",\"potentialAction\":[{\"@type\":\"ReadAction\",\"target\":[\"https:\/\/veritasinfo.org\/?p=21205\"]}]},{\"@type\":\"ImageObject\",\"inLanguage\":\"en-US\",\"@id\":\"https:\/\/veritasinfo.org\/?p=21205#primaryimage\",\"url\":\"https:\/\/veritasinfo.org\/wp-content\/uploads\/2025\/11\/710093-BHfs7PiU6g.jpeg\",\"contentUrl\":\"https:\/\/veritasinfo.org\/wp-content\/uploads\/2025\/11\/710093-BHfs7PiU6g.jpeg\",\"width\":780,\"height\":500},{\"@type\":\"BreadcrumbList\",\"@id\":\"https:\/\/veritasinfo.org\/?p=21205#breadcrumb\",\"itemListElement\":[{\"@type\":\"ListItem\",\"position\":1,\"name\":\"Home\",\"item\":\"https:\/\/veritasinfo.org\/\"},{\"@type\":\"ListItem\",\"position\":2,\"name\":\"Mbahet Samiti i Planit t\u00eb Rritjes t\u00eb BE-s\u00eb, Kurti p\u00ebrfaq\u00ebson Kosov\u00ebn\"}]},{\"@type\":\"WebSite\",\"@id\":\"https:\/\/veritasinfo.org\/#website\",\"url\":\"https:\/\/veritasinfo.org\/\",\"name\":\"\",\"description\":\"\",\"potentialAction\":[{\"@type\":\"SearchAction\",\"target\":{\"@type\":\"EntryPoint\",\"urlTemplate\":\"https:\/\/veritasinfo.org\/?s={search_term_string}\"},\"query-input\":{\"@type\":\"PropertyValueSpecification\",\"valueRequired\":true,\"valueName\":\"search_term_string\"}}],\"inLanguage\":\"en-US\"},{\"@type\":\"Person\",\"@id\":\"https:\/\/veritasinfo.org\/#\/schema\/person\/bc442336e35414d04494ab8fb45db4c6\",\"name\":\"US5\",\"image\":{\"@type\":\"ImageObject\",\"inLanguage\":\"en-US\",\"@id\":\"https:\/\/veritasinfo.org\/#\/schema\/person\/image\/\",\"url\":\"https:\/\/secure.gravatar.com\/avatar\/16a61e7272a0c5d001121ebb9e60e925d5816e4ac1e443ed3e640d9a6ae55d0c?s=96&d=mm&r=g\",\"contentUrl\":\"https:\/\/secure.gravatar.com\/avatar\/16a61e7272a0c5d001121ebb9e60e925d5816e4ac1e443ed3e640d9a6ae55d0c?s=96&d=mm&r=g\",\"caption\":\"US5\"},\"url\":\"https:\/\/veritasinfo.org\/?author=6\"}]}<\/script>\n<!-- \/ Yoast SEO plugin. -->","yoast_head_json":{"title":"Mbahet Samiti i Planit t\u00eb Rritjes t\u00eb BE-s\u00eb, Kurti p\u00ebrfaq\u00ebson Kosov\u00ebn -","robots":{"index":"index","follow":"follow","max-snippet":"max-snippet:-1","max-image-preview":"max-image-preview:large","max-video-preview":"max-video-preview:-1"},"canonical":"https:\/\/veritasinfo.org\/?p=21205","og_locale":"en_US","og_type":"article","og_title":"Mbahet Samiti i Planit t\u00eb Rritjes t\u00eb BE-s\u00eb, Kurti p\u00ebrfaq\u00ebson Kosov\u00ebn -","og_description":"Prishtin\u00eb 21 N\u00ebntor 2025. 08:02 Shqip\u00ebria do t\u00eb mir\u00ebpres\u00eb sot Samitin e Planit t\u00eb Rritjes s\u00eb Bashkimit Evropian, ku do mbledh\u00eb n\u00eb Tiran\u00eb lider\u00ebt e","og_url":"https:\/\/veritasinfo.org\/?p=21205","article_published_time":"2025-11-21T07:03:44+00:00","og_image":[{"width":780,"height":500,"url":"https:\/\/veritasinfo.org\/wp-content\/uploads\/2025\/11\/710093-BHfs7PiU6g.jpeg","type":"image\/jpeg"}],"author":"US5","twitter_card":"summary_large_image","twitter_misc":{"Written by":"US5"},"schema":{"@context":"https:\/\/schema.org","@graph":[{"@type":"WebPage","@id":"https:\/\/veritasinfo.org\/?p=21205","url":"https:\/\/veritasinfo.org\/?p=21205","name":"Mbahet Samiti i Planit t\u00eb Rritjes t\u00eb BE-s\u00eb, Kurti p\u00ebrfaq\u00ebson Kosov\u00ebn -","isPartOf":{"@id":"https:\/\/veritasinfo.org\/#website"},"primaryImageOfPage":{"@id":"https:\/\/veritasinfo.org\/?p=21205#primaryimage"},"image":{"@id":"https:\/\/veritasinfo.org\/?p=21205#primaryimage"},"thumbnailUrl":"https:\/\/veritasinfo.org\/wp-content\/uploads\/2025\/11\/710093-BHfs7PiU6g.jpeg","datePublished":"2025-11-21T07:03:44+00:00","author":{"@id":"https:\/\/veritasinfo.org\/#\/schema\/person\/bc442336e35414d04494ab8fb45db4c6"},"breadcrumb":{"@id":"https:\/\/veritasinfo.org\/?p=21205#breadcrumb"},"inLanguage":"en-US","potentialAction":[{"@type":"ReadAction","target":["https:\/\/veritasinfo.org\/?p=21205"]}]},{"@type":"ImageObject","inLanguage":"en-US","@id":"https:\/\/veritasinfo.org\/?p=21205#primaryimage","url":"https:\/\/veritasinfo.org\/wp-content\/uploads\/2025\/11\/710093-BHfs7PiU6g.jpeg","contentUrl":"https:\/\/veritasinfo.org\/wp-content\/uploads\/2025\/11\/710093-BHfs7PiU6g.jpeg","width":780,"height":500},{"@type":"BreadcrumbList","@id":"https:\/\/veritasinfo.org\/?p=21205#breadcrumb","itemListElement":[{"@type":"ListItem","position":1,"name":"Home","item":"https:\/\/veritasinfo.org\/"},{"@type":"ListItem","position":2,"name":"Mbahet Samiti i Planit t\u00eb Rritjes t\u00eb BE-s\u00eb, Kurti p\u00ebrfaq\u00ebson Kosov\u00ebn"}]},{"@type":"WebSite","@id":"https:\/\/veritasinfo.org\/#website","url":"https:\/\/veritasinfo.org\/","name":"","description":"","potentialAction":[{"@type":"SearchAction","target":{"@type":"EntryPoint","urlTemplate":"https:\/\/veritasinfo.org\/?s={search_term_string}"},"query-input":{"@type":"PropertyValueSpecification","valueRequired":true,"valueName":"search_term_string"}}],"inLanguage":"en-US"},{"@type":"Person","@id":"https:\/\/veritasinfo.org\/#\/schema\/person\/bc442336e35414d04494ab8fb45db4c6","name":"US5","image":{"@type":"ImageObject","inLanguage":"en-US","@id":"https:\/\/veritasinfo.org\/#\/schema\/person\/image\/","url":"https:\/\/secure.gravatar.com\/avatar\/16a61e7272a0c5d001121ebb9e60e925d5816e4ac1e443ed3e640d9a6ae55d0c?s=96&d=mm&r=g","contentUrl":"https:\/\/secure.gravatar.com\/avatar\/16a61e7272a0c5d001121ebb9e60e925d5816e4ac1e443ed3e640d9a6ae55d0c?s=96&d=mm&r=g","caption":"US5"},"url":"https:\/\/veritasinfo.org\/?author=6"}]}},"featured_image_urls":{"full":["https:\/\/veritasinfo.org\/wp-content\/uploads\/2025\/11\/710093-BHfs7PiU6g.jpeg",780,500,false],"thumbnail":["https:\/\/veritasinfo.org\/wp-content\/uploads\/2025\/11\/710093-BHfs7PiU6g-150x150.jpeg",150,150,true],"medium":["https:\/\/veritasinfo.org\/wp-content\/uploads\/2025\/11\/710093-BHfs7PiU6g-300x192.jpeg",300,192,true],"medium_large":["https:\/\/veritasinfo.org\/wp-content\/uploads\/2025\/11\/710093-BHfs7PiU6g-768x492.jpeg",640,410,true],"large":["https:\/\/veritasinfo.org\/wp-content\/uploads\/2025\/11\/710093-BHfs7PiU6g.jpeg",640,410,false],"1536x1536":["https:\/\/veritasinfo.org\/wp-content\/uploads\/2025\/11\/710093-BHfs7PiU6g.jpeg",780,500,false],"2048x2048":["https:\/\/veritasinfo.org\/wp-content\/uploads\/2025\/11\/710093-BHfs7PiU6g.jpeg",780,500,false],"kreeti-slider-full":["https:\/\/veritasinfo.org\/wp-content\/uploads\/2025\/11\/710093-BHfs7PiU6g.jpeg",780,500,false],"kreeti-featured":["https:\/\/veritasinfo.org\/wp-content\/uploads\/2025\/11\/710093-BHfs7PiU6g.jpeg",780,500,false],"kreeti-medium":["https:\/\/veritasinfo.org\/wp-content\/uploads\/2025\/11\/710093-BHfs7PiU6g.jpeg",720,462,false],"kreeti-medium-square":["https:\/\/veritasinfo.org\/wp-content\/uploads\/2025\/11\/710093-BHfs7PiU6g.jpeg",350,224,false]},"author_info":{"info":["US5"]},"category_info":"<a href=\"https:\/\/veritasinfo.org\/?cat=58\" rel=\"category\">Politik\u00eb<\/a>","tag_info":"Politik\u00eb","comment_count":"0","_links":{"self":[{"href":"https:\/\/veritasinfo.org\/index.php?rest_route=\/wp\/v2\/posts\/21205","targetHints":{"allow":["GET"]}}],"collection":[{"href":"https:\/\/veritasinfo.org\/index.php?rest_route=\/wp\/v2\/posts"}],"about":[{"href":"https:\/\/veritasinfo.org\/index.php?rest_route=\/wp\/v2\/types\/post"}],"author":[{"embeddable":true,"href":"https:\/\/veritasinfo.org\/index.php?rest_route=\/wp\/v2\/users\/6"}],"replies":[{"embeddable":true,"href":"https:\/\/veritasinfo.org\/index.php?rest_route=%2Fwp%2Fv2%2Fcomments&post=21205"}],"version-history":[{"count":1,"href":"https:\/\/veritasinfo.org\/index.php?rest_route=\/wp\/v2\/posts\/21205\/revisions"}],"predecessor-version":[{"id":21207,"href":"https:\/\/veritasinfo.org\/index.php?rest_route=\/wp\/v2\/posts\/21205\/revisions\/21207"}],"wp:featuredmedia":[{"embeddable":true,"href":"https:\/\/veritasinfo.org\/index.php?rest_route=\/wp\/v2\/media\/21206"}],"wp:attachment":[{"href":"https:\/\/veritasinfo.org\/index.php?rest_route=%2Fwp%2Fv2%2Fmedia&parent=21205"}],"wp:term":[{"taxonomy":"category","embeddable":true,"href":"https:\/\/veritasinfo.org\/index.php?rest_route=%2Fwp%2Fv2%2Fcategories&post=21205"},{"taxonomy":"post_tag","embeddable":true,"href":"https:\/\/veritasinfo.org\/index.php?rest_route=%2Fwp%2Fv2%2Ftags&post=21205"}],"curies":[{"name":"wp","href":"https:\/\/api.w.org\/{rel}","templated":true}]}}