{"id":21199,"date":"2025-11-20T21:25:43","date_gmt":"2025-11-20T20:25:43","guid":{"rendered":"https:\/\/veritasinfo.org\/?p=21199"},"modified":"2025-11-20T21:25:43","modified_gmt":"2025-11-20T20:25:43","slug":"osmani-u-ndane-mirenjohje-tre-femijeve-qe-gjeten-dhe-dorezuan-ne-polici-portofolin-me-para","status":"publish","type":"post","link":"https:\/\/veritasinfo.org\/?p=21199","title":{"rendered":"Osmani u ndan\u00eb mir\u00ebnjohje tre f\u00ebmij\u00ebve q\u00eb gjet\u00ebn dhe dor\u00ebzuan n\u00eb polici portofolin me para"},"content":{"rendered":"<p>Prishtin\u00eb, 20 n\u00ebntor 2025 21:25<\/p>\n<p>Presidentja e Kosov\u00eb u ka ndar\u00eb mir\u00ebnjohje tre f\u00ebmij\u00ebve t\u00eb cil\u00ebt kishin dor\u00ebzuar n\u00eb polici nj\u00eb protofol t\u00eb gjetur me para.<\/p>\n<p>Osmani, si\u00e7 i ka quajtur tre heronjt\u00eb e vegj\u00ebl\u00a0 ka th\u00ebn\u00eb se jan\u00eb shembull i ndershm\u00ebris\u00eb.<\/p>\n<p>\u201cSot, n\u00eb Dit\u00ebn Bot\u00ebrore t\u00eb F\u00ebmij\u00ebve, pata k\u00ebnaq\u00ebsin\u00eb t\u2019i pres n\u00eb takim tre heronjt\u00eb e vegj\u00ebl q\u00eb na dhan\u00eb nj\u00eb shembull t\u00eb jasht\u00ebzakonsh\u00ebm ndershm\u00ebrie: Diar Terziun, Anik Terziun dhe Rajana Terziun. Ata gjet\u00ebn nj\u00eb portofol me para dhe e dor\u00ebzuan n\u00eb polici, duke treguar vlera t\u00eb larta morale. Atyre ju ndava mir\u00ebnjohje p\u00ebr aktin e ndershm\u00ebris\u00eb dhe p\u00ebrgjegj\u00ebsis\u00eb qytetare, duke u shnd\u00ebrruar n\u00eb shembull frym\u00ebzues p\u00ebr t\u00eb gjith\u00eb f\u00ebmij\u00ebt e vendit\u201d, ka shkruar Osmani n\u00eb Facebook.<\/p>\n<p>M\u00eb 18 n\u00ebntor k\u00ebta tre f\u00ebmij\u00eb kishin gjetur protofolin m\u00eb 640 euro n\u00eb nj\u00eb rrug\u00eb t\u00eb qytetit n\u00eb Ferizaj, t\u00eb cilat ishin dor\u00ebzuar n\u00eb polici nga nj\u00eb qytetar.<\/p>\n<p>\u201cMe dat\u00ebn 18.11.2025 rreth or\u00ebs 12:30, n\u00eb stacionin policor n\u00eb Ferizaj \u00ebsht\u00eb paraqitur qytetari I. T\u00ebrziu, i cili ka sjell\u00eb nj\u00eb portofol t\u00eb gjetur nga tre f\u00ebmij\u00ebt R.T (12 vje\u00e7e), A.T (11 vje\u00e7) dhe D.T (11 vje\u00e7), nx\u00ebn\u00ebs t\u00eb nj\u00eb shkolle n\u00eb Ferizaj. Portofoli ishte gjetur n\u00eb nj\u00eb rrug\u00eb t\u00eb qytetit. Brenda n\u00eb portofol jan\u00eb gjetur dokumente personale dhe 614 euro. Pas verifikimeve, policia ka arritur t\u00eb identifikoj\u00eb pronaren, B.M. nga Ferizaj, e cila \u00ebsht\u00eb paraqitur menj\u00ebher\u00eb n\u00eb stacion dhe ka konfirmuar se t\u00eb gjitha dokumentet dhe parat\u00eb ishin t\u00eb paprekura. Ato i jan\u00eb kthyer me procesverbal zyrtar\u201d, thuhej n\u00eb njoftimin e PK-s\u00eb.<\/p>\n","protected":false},"excerpt":{"rendered":"<p>Prishtin\u00eb, 20 n\u00ebntor 2025 21:25 Presidentja e Kosov\u00eb u ka ndar\u00eb mir\u00ebnjohje tre f\u00ebmij\u00ebve t\u00eb cil\u00ebt kishin dor\u00ebzuar n\u00eb polici nj\u00eb protofol t\u00eb gjetur me<\/p>\n","protected":false},"author":7,"featured_media":21200,"comment_status":"open","ping_status":"open","sticky":false,"template":"","format":"standard","meta":{"footnotes":""},"categories":[60],"tags":[],"class_list":["post-21199","post","type-post","status-publish","format-standard","has-post-thumbnail","hentry","category-shoqerore-sq"],"yoast_head":"<!-- This site is optimized with the Yoast SEO plugin v25.3.1 - https:\/\/yoast.com\/wordpress\/plugins\/seo\/ -->\n<title>Osmani u ndan\u00eb mir\u00ebnjohje tre f\u00ebmij\u00ebve q\u00eb gjet\u00ebn dhe dor\u00ebzuan n\u00eb polici portofolin me para -<\/title>\n<meta name=\"robots\" content=\"index, follow, max-snippet:-1, max-image-preview:large, max-video-preview:-1\" \/>\n<link rel=\"canonical\" href=\"https:\/\/veritasinfo.org\/?p=21199\" \/>\n<meta property=\"og:locale\" content=\"en_US\" \/>\n<meta property=\"og:type\" content=\"article\" \/>\n<meta property=\"og:title\" content=\"Osmani u ndan\u00eb mir\u00ebnjohje tre f\u00ebmij\u00ebve q\u00eb gjet\u00ebn dhe dor\u00ebzuan n\u00eb polici portofolin me para -\" \/>\n<meta property=\"og:description\" content=\"Prishtin\u00eb, 20 n\u00ebntor 2025 21:25 Presidentja e Kosov\u00eb u ka ndar\u00eb mir\u00ebnjohje tre f\u00ebmij\u00ebve t\u00eb cil\u00ebt kishin dor\u00ebzuar n\u00eb polici nj\u00eb protofol t\u00eb gjetur me\" \/>\n<meta property=\"og:url\" content=\"https:\/\/veritasinfo.org\/?p=21199\" \/>\n<meta property=\"article:published_time\" content=\"2025-11-20T20:25:43+00:00\" \/>\n<meta property=\"og:image\" content=\"https:\/\/veritasinfo.org\/wp-content\/uploads\/2025\/11\/585194443_1380696330081569_3979546755075585198_n.jpg\" \/>\n\t<meta property=\"og:image:width\" content=\"2048\" \/>\n\t<meta property=\"og:image:height\" content=\"1364\" \/>\n\t<meta property=\"og:image:type\" content=\"image\/jpeg\" \/>\n<meta name=\"author\" content=\"US6\" \/>\n<meta name=\"twitter:card\" content=\"summary_large_image\" \/>\n<meta name=\"twitter:label1\" content=\"Written by\" \/>\n\t<meta name=\"twitter:data1\" content=\"US6\" \/>\n\t<meta name=\"twitter:label2\" content=\"Est. reading time\" \/>\n\t<meta name=\"twitter:data2\" content=\"2 minutes\" \/>\n<script type=\"application\/ld+json\" class=\"yoast-schema-graph\">{\"@context\":\"https:\/\/schema.org\",\"@graph\":[{\"@type\":\"WebPage\",\"@id\":\"https:\/\/veritasinfo.org\/?p=21199\",\"url\":\"https:\/\/veritasinfo.org\/?p=21199\",\"name\":\"Osmani u ndan\u00eb mir\u00ebnjohje tre f\u00ebmij\u00ebve q\u00eb gjet\u00ebn dhe dor\u00ebzuan n\u00eb polici portofolin me para -\",\"isPartOf\":{\"@id\":\"https:\/\/veritasinfo.org\/#website\"},\"primaryImageOfPage\":{\"@id\":\"https:\/\/veritasinfo.org\/?p=21199#primaryimage\"},\"image\":{\"@id\":\"https:\/\/veritasinfo.org\/?p=21199#primaryimage\"},\"thumbnailUrl\":\"https:\/\/veritasinfo.org\/wp-content\/uploads\/2025\/11\/585194443_1380696330081569_3979546755075585198_n.jpg\",\"datePublished\":\"2025-11-20T20:25:43+00:00\",\"author\":{\"@id\":\"https:\/\/veritasinfo.org\/#\/schema\/person\/fe199eede04c3937362892b7444747cc\"},\"breadcrumb\":{\"@id\":\"https:\/\/veritasinfo.org\/?p=21199#breadcrumb\"},\"inLanguage\":\"en-US\",\"potentialAction\":[{\"@type\":\"ReadAction\",\"target\":[\"https:\/\/veritasinfo.org\/?p=21199\"]}]},{\"@type\":\"ImageObject\",\"inLanguage\":\"en-US\",\"@id\":\"https:\/\/veritasinfo.org\/?p=21199#primaryimage\",\"url\":\"https:\/\/veritasinfo.org\/wp-content\/uploads\/2025\/11\/585194443_1380696330081569_3979546755075585198_n.jpg\",\"contentUrl\":\"https:\/\/veritasinfo.org\/wp-content\/uploads\/2025\/11\/585194443_1380696330081569_3979546755075585198_n.jpg\",\"width\":2048,\"height\":1364},{\"@type\":\"BreadcrumbList\",\"@id\":\"https:\/\/veritasinfo.org\/?p=21199#breadcrumb\",\"itemListElement\":[{\"@type\":\"ListItem\",\"position\":1,\"name\":\"Home\",\"item\":\"https:\/\/veritasinfo.org\/\"},{\"@type\":\"ListItem\",\"position\":2,\"name\":\"Osmani u ndan\u00eb mir\u00ebnjohje tre f\u00ebmij\u00ebve q\u00eb gjet\u00ebn dhe dor\u00ebzuan n\u00eb polici portofolin me para\"}]},{\"@type\":\"WebSite\",\"@id\":\"https:\/\/veritasinfo.org\/#website\",\"url\":\"https:\/\/veritasinfo.org\/\",\"name\":\"\",\"description\":\"\",\"potentialAction\":[{\"@type\":\"SearchAction\",\"target\":{\"@type\":\"EntryPoint\",\"urlTemplate\":\"https:\/\/veritasinfo.org\/?s={search_term_string}\"},\"query-input\":{\"@type\":\"PropertyValueSpecification\",\"valueRequired\":true,\"valueName\":\"search_term_string\"}}],\"inLanguage\":\"en-US\"},{\"@type\":\"Person\",\"@id\":\"https:\/\/veritasinfo.org\/#\/schema\/person\/fe199eede04c3937362892b7444747cc\",\"name\":\"US6\",\"image\":{\"@type\":\"ImageObject\",\"inLanguage\":\"en-US\",\"@id\":\"https:\/\/veritasinfo.org\/#\/schema\/person\/image\/\",\"url\":\"https:\/\/secure.gravatar.com\/avatar\/cb16c3c31c9d23b9b8c705964598220b3014e42ff51eb540ff23cefa3ae8c15f?s=96&d=mm&r=g\",\"contentUrl\":\"https:\/\/secure.gravatar.com\/avatar\/cb16c3c31c9d23b9b8c705964598220b3014e42ff51eb540ff23cefa3ae8c15f?s=96&d=mm&r=g\",\"caption\":\"US6\"},\"url\":\"https:\/\/veritasinfo.org\/?author=7\"}]}<\/script>\n<!-- \/ Yoast SEO plugin. -->","yoast_head_json":{"title":"Osmani u ndan\u00eb mir\u00ebnjohje tre f\u00ebmij\u00ebve q\u00eb gjet\u00ebn dhe dor\u00ebzuan n\u00eb polici portofolin me para -","robots":{"index":"index","follow":"follow","max-snippet":"max-snippet:-1","max-image-preview":"max-image-preview:large","max-video-preview":"max-video-preview:-1"},"canonical":"https:\/\/veritasinfo.org\/?p=21199","og_locale":"en_US","og_type":"article","og_title":"Osmani u ndan\u00eb mir\u00ebnjohje tre f\u00ebmij\u00ebve q\u00eb gjet\u00ebn dhe dor\u00ebzuan n\u00eb polici portofolin me para -","og_description":"Prishtin\u00eb, 20 n\u00ebntor 2025 21:25 Presidentja e Kosov\u00eb u ka ndar\u00eb mir\u00ebnjohje tre f\u00ebmij\u00ebve t\u00eb cil\u00ebt kishin dor\u00ebzuar n\u00eb polici nj\u00eb protofol t\u00eb gjetur me","og_url":"https:\/\/veritasinfo.org\/?p=21199","article_published_time":"2025-11-20T20:25:43+00:00","og_image":[{"width":2048,"height":1364,"url":"https:\/\/veritasinfo.org\/wp-content\/uploads\/2025\/11\/585194443_1380696330081569_3979546755075585198_n.jpg","type":"image\/jpeg"}],"author":"US6","twitter_card":"summary_large_image","twitter_misc":{"Written by":"US6","Est. reading time":"2 minutes"},"schema":{"@context":"https:\/\/schema.org","@graph":[{"@type":"WebPage","@id":"https:\/\/veritasinfo.org\/?p=21199","url":"https:\/\/veritasinfo.org\/?p=21199","name":"Osmani u ndan\u00eb mir\u00ebnjohje tre f\u00ebmij\u00ebve q\u00eb gjet\u00ebn dhe dor\u00ebzuan n\u00eb polici portofolin me para -","isPartOf":{"@id":"https:\/\/veritasinfo.org\/#website"},"primaryImageOfPage":{"@id":"https:\/\/veritasinfo.org\/?p=21199#primaryimage"},"image":{"@id":"https:\/\/veritasinfo.org\/?p=21199#primaryimage"},"thumbnailUrl":"https:\/\/veritasinfo.org\/wp-content\/uploads\/2025\/11\/585194443_1380696330081569_3979546755075585198_n.jpg","datePublished":"2025-11-20T20:25:43+00:00","author":{"@id":"https:\/\/veritasinfo.org\/#\/schema\/person\/fe199eede04c3937362892b7444747cc"},"breadcrumb":{"@id":"https:\/\/veritasinfo.org\/?p=21199#breadcrumb"},"inLanguage":"en-US","potentialAction":[{"@type":"ReadAction","target":["https:\/\/veritasinfo.org\/?p=21199"]}]},{"@type":"ImageObject","inLanguage":"en-US","@id":"https:\/\/veritasinfo.org\/?p=21199#primaryimage","url":"https:\/\/veritasinfo.org\/wp-content\/uploads\/2025\/11\/585194443_1380696330081569_3979546755075585198_n.jpg","contentUrl":"https:\/\/veritasinfo.org\/wp-content\/uploads\/2025\/11\/585194443_1380696330081569_3979546755075585198_n.jpg","width":2048,"height":1364},{"@type":"BreadcrumbList","@id":"https:\/\/veritasinfo.org\/?p=21199#breadcrumb","itemListElement":[{"@type":"ListItem","position":1,"name":"Home","item":"https:\/\/veritasinfo.org\/"},{"@type":"ListItem","position":2,"name":"Osmani u ndan\u00eb mir\u00ebnjohje tre f\u00ebmij\u00ebve q\u00eb gjet\u00ebn dhe dor\u00ebzuan n\u00eb polici portofolin me para"}]},{"@type":"WebSite","@id":"https:\/\/veritasinfo.org\/#website","url":"https:\/\/veritasinfo.org\/","name":"","description":"","potentialAction":[{"@type":"SearchAction","target":{"@type":"EntryPoint","urlTemplate":"https:\/\/veritasinfo.org\/?s={search_term_string}"},"query-input":{"@type":"PropertyValueSpecification","valueRequired":true,"valueName":"search_term_string"}}],"inLanguage":"en-US"},{"@type":"Person","@id":"https:\/\/veritasinfo.org\/#\/schema\/person\/fe199eede04c3937362892b7444747cc","name":"US6","image":{"@type":"ImageObject","inLanguage":"en-US","@id":"https:\/\/veritasinfo.org\/#\/schema\/person\/image\/","url":"https:\/\/secure.gravatar.com\/avatar\/cb16c3c31c9d23b9b8c705964598220b3014e42ff51eb540ff23cefa3ae8c15f?s=96&d=mm&r=g","contentUrl":"https:\/\/secure.gravatar.com\/avatar\/cb16c3c31c9d23b9b8c705964598220b3014e42ff51eb540ff23cefa3ae8c15f?s=96&d=mm&r=g","caption":"US6"},"url":"https:\/\/veritasinfo.org\/?author=7"}]}},"featured_image_urls":{"full":["https:\/\/veritasinfo.org\/wp-content\/uploads\/2025\/11\/585194443_1380696330081569_3979546755075585198_n.jpg",2048,1364,false],"thumbnail":["https:\/\/veritasinfo.org\/wp-content\/uploads\/2025\/11\/585194443_1380696330081569_3979546755075585198_n-150x150.jpg",150,150,true],"medium":["https:\/\/veritasinfo.org\/wp-content\/uploads\/2025\/11\/585194443_1380696330081569_3979546755075585198_n-300x200.jpg",300,200,true],"medium_large":["https:\/\/veritasinfo.org\/wp-content\/uploads\/2025\/11\/585194443_1380696330081569_3979546755075585198_n-768x512.jpg",640,427,true],"large":["https:\/\/veritasinfo.org\/wp-content\/uploads\/2025\/11\/585194443_1380696330081569_3979546755075585198_n-1024x682.jpg",640,426,true],"1536x1536":["https:\/\/veritasinfo.org\/wp-content\/uploads\/2025\/11\/585194443_1380696330081569_3979546755075585198_n-1536x1023.jpg",1536,1023,true],"2048x2048":["https:\/\/veritasinfo.org\/wp-content\/uploads\/2025\/11\/585194443_1380696330081569_3979546755075585198_n.jpg",2048,1364,false],"kreeti-slider-full":["https:\/\/veritasinfo.org\/wp-content\/uploads\/2025\/11\/585194443_1380696330081569_3979546755075585198_n.jpg",1081,720,false],"kreeti-featured":["https:\/\/veritasinfo.org\/wp-content\/uploads\/2025\/11\/585194443_1380696330081569_3979546755075585198_n.jpg",1024,682,false],"kreeti-medium":["https:\/\/veritasinfo.org\/wp-content\/uploads\/2025\/11\/585194443_1380696330081569_3979546755075585198_n.jpg",720,480,false],"kreeti-medium-square":["https:\/\/veritasinfo.org\/wp-content\/uploads\/2025\/11\/585194443_1380696330081569_3979546755075585198_n.jpg",350,233,false]},"author_info":{"info":["US6"]},"category_info":"<a href=\"https:\/\/veritasinfo.org\/?cat=60\" rel=\"category\">Shoq\u00ebrore<\/a>","tag_info":"Shoq\u00ebrore","comment_count":"0","_links":{"self":[{"href":"https:\/\/veritasinfo.org\/index.php?rest_route=\/wp\/v2\/posts\/21199","targetHints":{"allow":["GET"]}}],"collection":[{"href":"https:\/\/veritasinfo.org\/index.php?rest_route=\/wp\/v2\/posts"}],"about":[{"href":"https:\/\/veritasinfo.org\/index.php?rest_route=\/wp\/v2\/types\/post"}],"author":[{"embeddable":true,"href":"https:\/\/veritasinfo.org\/index.php?rest_route=\/wp\/v2\/users\/7"}],"replies":[{"embeddable":true,"href":"https:\/\/veritasinfo.org\/index.php?rest_route=%2Fwp%2Fv2%2Fcomments&post=21199"}],"version-history":[{"count":1,"href":"https:\/\/veritasinfo.org\/index.php?rest_route=\/wp\/v2\/posts\/21199\/revisions"}],"predecessor-version":[{"id":21201,"href":"https:\/\/veritasinfo.org\/index.php?rest_route=\/wp\/v2\/posts\/21199\/revisions\/21201"}],"wp:featuredmedia":[{"embeddable":true,"href":"https:\/\/veritasinfo.org\/index.php?rest_route=\/wp\/v2\/media\/21200"}],"wp:attachment":[{"href":"https:\/\/veritasinfo.org\/index.php?rest_route=%2Fwp%2Fv2%2Fmedia&parent=21199"}],"wp:term":[{"taxonomy":"category","embeddable":true,"href":"https:\/\/veritasinfo.org\/index.php?rest_route=%2Fwp%2Fv2%2Fcategories&post=21199"},{"taxonomy":"post_tag","embeddable":true,"href":"https:\/\/veritasinfo.org\/index.php?rest_route=%2Fwp%2Fv2%2Ftags&post=21199"}],"curies":[{"name":"wp","href":"https:\/\/api.w.org\/{rel}","templated":true}]}}