{"id":21192,"date":"2025-11-20T20:30:45","date_gmt":"2025-11-20T19:30:45","guid":{"rendered":"https:\/\/veritasinfo.org\/?p=21192"},"modified":"2025-11-20T20:30:45","modified_gmt":"2025-11-20T19:30:45","slug":"ikd-shkarkimi-abuziv-i-u-d-kryeprokurorit-te-shtetit-tentative-e-qarte-per-ruajtjen-e-struktures-korporatiste-ne-kpk","status":"publish","type":"post","link":"https:\/\/veritasinfo.org\/?p=21192","title":{"rendered":"IKD: Shkarkimi abuziv i U.D. Kryeprokurorit t\u00eb Shtetit \u2013 tentativ\u00eb e qart\u00eb p\u00ebr ruajtjen e struktur\u00ebs korporatiste n\u00eb KPK"},"content":{"rendered":"<p>Prishtin\u00eb, 20 n\u00ebntor 2025 20:29<\/p>\n<p>Prishtin\u00eb-\u00a0Instituti i Kosov\u00ebs p\u00ebr Drejt\u00ebsi (IKD) reagon ashp\u00ebr ndaj vendimit t\u00eb paligjsh\u00ebm, arbitrar dhe abuziv t\u00eb nj\u00eb pjese t\u00eb an\u00ebtar\u00ebve t\u00eb K\u00ebshillit Prokurorial t\u00eb Kosov\u00ebs (KPK), t\u00eb cil\u00ebt, n\u00eb munges\u00eb t\u00eb kuorumit p\u00ebr vendimmarrje, kan\u00eb nxjerr\u00eb vendim p\u00ebr shkarkimin e Ushtruesit t\u00eb Detyr\u00ebs s\u00eb Kryeprokurorit t\u00eb Shtetit, z. Besim Kelmendi. Ky vendim vjen me fillimin e zbatimit dhe efekteve t\u00eb para t\u00eb reform\u00ebs n\u00eb KPK q\u00eb synon ta luftoj\u00eb korporatizmin brenda k\u00ebtij institucioni.<\/p>\n<p>Vendimi p\u00ebr shkarkimin e z. Kelmendi \u00ebsht\u00eb p\u00ebrpjekje p\u00ebr t\u00eb ruajtur p\u00ebrb\u00ebrjen korporatiste dhe kontrollin e sistemit prokurorial nga grupi i st\u00ebrvjet\u00ebruar i interesit brenda sistemit prokurorial.<\/p>\n<p>N\u00eb mbledhjen e s\u00eb enjtes t\u00eb KPK-s\u00eb, an\u00ebtarja Jehona Grantolli propozoi shkarkimin e U.D. Kryeprokurorit t\u00eb Shtetit. P\u00ebr k\u00ebt\u00eb, reaguan pes\u00eb (5) an\u00ebtar\u00eb t\u00eb KPK t\u00eb cil\u00ebt e l\u00ebshuan mbledhjen, ashtu q\u00eb KPK mbeti pa kuorum p\u00ebr vendimmarrje. Pas k\u00ebsaj situate, kryesuesi i KPK-s\u00eb, Ardian Hajdaraj, konstatoi munges\u00ebn e kuorumit dhe mbylljen e takimit, nd\u00ebrsa transmetimi i mbledhjes u nd\u00ebrpre.<\/p>\n<p>Megjithat\u00eb, pas mbylljes s\u00eb takimit dhe ndaljes s\u00eb transmetimit t\u00eb mbledhjes, pes\u00eb (5) an\u00ebtar\u00ebt e mbetur t\u00eb KPK-s\u00eb, t\u00eb cil\u00ebt nuk p\u00ebrb\u00ebjn\u00eb kuorumin e nevojsh\u00ebm p\u00ebr vendimmarrje, u rikthyen n\u00eb takim. P\u00ebrkund\u00ebr pamund\u00ebsis\u00eb ligjore p\u00ebr t\u00eb mbajtur mbledhjen, ata nxor\u00ebn nj\u00eb vendim t\u00eb kund\u00ebrligjsh\u00ebm dhe arbitrar p\u00ebr shkarkimin e U.D. Kryeprokurorit t\u00eb Shtetit dhe caktimin e nj\u00eb U.D. tjet\u00ebr n\u00eb k\u00ebt\u00eb pozit\u00eb.<\/p>\n<p>Kjo m\u00ebnyr\u00eb e veprimit, p\u00ebrve\u00e7 se e kund\u00ebrligjshme, \u00ebsht\u00eb haptazi kapje e institucionit, n\u00eb kuptimin literal t\u00eb saj.<\/p>\n<p>P\u00ebrderisa me k\u00ebt\u00eb p\u00ebrb\u00ebrje t\u00eb KPK, kuorumi minimal i vendimmarrjes \u00ebsht\u00eb t\u00eb pakt\u00ebn gjasht\u00eb (6) an\u00ebtar\u00eb, pa t\u00eb cil\u00ebt nuk mund t\u00eb mbahet mbledhja, mbajta e takimit dhe nxjerrja e vendimit p\u00ebr shkarkimin dhe caktimin e ri t\u00eb U.D. Kryeprokurorit, n\u00eb munges\u00eb t\u00eb kuorumit, \u00ebsht\u00eb nj\u00eb vendim abuziv i nj\u00eb pjese t\u00eb an\u00ebtar\u00ebve t\u00eb KPK, q\u00eb nuk kan\u00eb shumic\u00ebn e nevojshme p\u00ebr mbajtjen e takimeve t\u00eb KPK dhe aq m\u00eb pak p\u00ebr vendimmarrje.<\/p>\n<p>Sipas Plot\u00ebsim Ndryshimit t\u00eb Ligjit p\u00ebr KPK, p\u00ebrb\u00ebrja e KPK do t\u00eb reduktohet nga 13 n\u00eb shtat\u00eb (7) an\u00ebtar\u00eb. Ky reduktim \u00ebsht\u00eb menduar q\u00eb t\u00eb ndodh\u00eb gradualisht, duke ruajtur mandatin e fituar t\u00eb t\u00eb gjith\u00eb an\u00ebtar\u00ebve t\u00eb KPK. N\u00eb janar t\u00eb vitit 2026, pes\u00eb (5) prej an\u00ebtar\u00ebve t\u00eb KPK p\u00ebrfundojn\u00eb mandatin. Nisur nga fakti se sistemi prokurorial me 01 n\u00ebntor 2025 ka zgjedhur nj\u00eb an\u00ebtar t\u00eb ri, i bie se p\u00ebrb\u00ebrja e KPK do t\u00eb reduktohet n\u00eb gjasht\u00eb (6) an\u00ebtar\u00eb, ku edhe nj\u00eb (1) an\u00ebtar tjet\u00ebr mbetet t\u00eb zgjidhet nga Kuvendi i Republik\u00ebs s\u00eb Kosov\u00ebs.<\/p>\n<p>Kat\u00ebr nga pes\u00eb an\u00ebtar\u00ebt q\u00eb sot n\u00eb m\u00ebnyr\u00eb t\u00eb kund\u00ebrligjshme dhe abuzive shkarkuan U.D. Kryeprokurorin, e p\u00ebrfundojn\u00eb mandatin e tyre n\u00eb janar t\u00eb vitit 2026. Nisur nga kjo situat\u00eb dhe diskutimet paraprake t\u00eb KPK n\u00eb lidhje me zgjedhjen e nj\u00eb an\u00ebtare t\u00eb re n\u00eb KPK, kjo situat\u00eb \u00ebsht\u00eb tentativ\u00eb e hapur e grupit t\u00eb interesit brenda KPK p\u00ebr t\u00eb ruajtur p\u00ebrb\u00ebrjen korporatiste, me t\u00eb cil\u00ebn ka qeverisur tash e mbi nj\u00eb dekad\u00eb.<\/p>\n<p>P\u00ebr k\u00ebto zhvillime, Zyra e Bashkimit Evropian (ZBE) e kishte paralajm\u00ebruar KPK, duke theksuar se n\u00ebse situata si kjo e sotmja ndodhin, Bashkimi Evropian do ta konsideroj\u00eb KPK-n\u00eb dhe an\u00ebtar\u00ebt e saj si pengues t\u00eb q\u00ebllimsh\u00ebm dhe t\u00eb drejtp\u00ebrdrejt\u00eb t\u00eb reform\u00ebs aq t\u00eb nevojshme n\u00eb drejt\u00ebsi.<\/p>\n<p>\u201cMegjithat\u00eb, nd\u00ebrkoh\u00eb q\u00eb jemi n\u00eb pritje t\u00eb hyrjes n\u00eb fuqi t\u00eb ligjit t\u00eb ri si edhe rishikimit vijues nga Komisioni i Venedikut n\u00eb qershor, jam njoftuar p\u00ebr disa zhvillime p\u00ebr keqardhje. E kuptoj q\u00eb ka diskutime p\u00ebr dor\u00ebheqje t\u00eb parakohshme t\u00eb bashk\u00ebrenduar t\u00eb an\u00ebtar\u00ebve t\u00eb K\u00ebshillit n\u00eb m\u00ebnyr\u00eb q\u00eb t\u00eb ruhet p\u00ebrb\u00ebrja aktuale e \u00e7ekuilibruar e K\u00ebshillit dhe t\u00eb vonohet zbatimit i reform\u00ebs. Po ashtu e kuptoj q\u00eb ka diskutime lidhur me z\u00ebvend\u00ebsimin e mundsh\u00ebm t\u00eb Ushtruesit t\u00eb Detyr\u00ebs s\u00eb Kryeprokurorit t\u00eb Shtetit, para hyrjes n\u00eb fuqi t\u00eb ligjit t\u00eb ri. \u00cbsht\u00eb e qart\u00eb q\u00eb k\u00ebto nisma do ta minonin q\u00ebllimin dhe efektivitetin e legjislacionit t\u00eb ri dhe rrjedhimisht t\u00eb sundimit t\u00eb ligjit. N\u00ebse k\u00ebto nisma \u00e7ohen p\u00ebrpara, BE-ja do ta konsideroj\u00eb KPK-n\u00eb dhe an\u00ebtar\u00ebt e saj si pengues t\u00eb q\u00ebllimsh\u00ebm dhe t\u00eb drejtp\u00ebrdrejt\u00eb t\u00eb reform\u00ebs aq t\u00eb nevojshme n\u00eb drejt\u00ebsi\u201d, thuhej n\u00eb letr\u00ebn e Ambasadorit Aivo Orav d\u00ebrguar m\u00eb 28.05.2025 p\u00ebr an\u00ebtar\u00ebt e KPK-s\u00eb.<\/p>\n<p>&nbsp;<\/p>\n","protected":false},"excerpt":{"rendered":"<p>Prishtin\u00eb, 20 n\u00ebntor 2025 20:29 Prishtin\u00eb-\u00a0Instituti i Kosov\u00ebs p\u00ebr Drejt\u00ebsi (IKD) reagon ashp\u00ebr ndaj vendimit t\u00eb paligjsh\u00ebm, arbitrar dhe abuziv t\u00eb nj\u00eb pjese t\u00eb an\u00ebtar\u00ebve<\/p>\n","protected":false},"author":7,"featured_media":21193,"comment_status":"open","ping_status":"open","sticky":false,"template":"","format":"standard","meta":{"footnotes":""},"categories":[60],"tags":[],"class_list":["post-21192","post","type-post","status-publish","format-standard","has-post-thumbnail","hentry","category-shoqerore-sq"],"yoast_head":"<!-- This site is optimized with the Yoast SEO plugin v25.3.1 - https:\/\/yoast.com\/wordpress\/plugins\/seo\/ -->\n<title>IKD: Shkarkimi abuziv i U.D. Kryeprokurorit t\u00eb Shtetit \u2013 tentativ\u00eb e qart\u00eb p\u00ebr ruajtjen e struktur\u00ebs korporatiste n\u00eb KPK -<\/title>\n<meta name=\"robots\" content=\"index, follow, max-snippet:-1, max-image-preview:large, max-video-preview:-1\" \/>\n<link rel=\"canonical\" href=\"https:\/\/veritasinfo.org\/?p=21192\" \/>\n<meta property=\"og:locale\" content=\"en_US\" \/>\n<meta property=\"og:type\" content=\"article\" \/>\n<meta property=\"og:title\" content=\"IKD: Shkarkimi abuziv i U.D. Kryeprokurorit t\u00eb Shtetit \u2013 tentativ\u00eb e qart\u00eb p\u00ebr ruajtjen e struktur\u00ebs korporatiste n\u00eb KPK -\" \/>\n<meta property=\"og:description\" content=\"Prishtin\u00eb, 20 n\u00ebntor 2025 20:29 Prishtin\u00eb-\u00a0Instituti i Kosov\u00ebs p\u00ebr Drejt\u00ebsi (IKD) reagon ashp\u00ebr ndaj vendimit t\u00eb paligjsh\u00ebm, arbitrar dhe abuziv t\u00eb nj\u00eb pjese t\u00eb an\u00ebtar\u00ebve\" \/>\n<meta property=\"og:url\" content=\"https:\/\/veritasinfo.org\/?p=21192\" \/>\n<meta property=\"article:published_time\" content=\"2025-11-20T19:30:45+00:00\" \/>\n<meta property=\"og:image\" content=\"https:\/\/veritasinfo.org\/wp-content\/uploads\/2025\/11\/ikd-750x430-1.jpg\" \/>\n\t<meta property=\"og:image:width\" content=\"750\" \/>\n\t<meta property=\"og:image:height\" content=\"430\" \/>\n\t<meta property=\"og:image:type\" content=\"image\/jpeg\" \/>\n<meta name=\"author\" content=\"US6\" \/>\n<meta name=\"twitter:card\" content=\"summary_large_image\" \/>\n<meta name=\"twitter:label1\" content=\"Written by\" \/>\n\t<meta name=\"twitter:data1\" content=\"US6\" \/>\n\t<meta name=\"twitter:label2\" content=\"Est. reading time\" \/>\n\t<meta name=\"twitter:data2\" content=\"4 minutes\" \/>\n<script type=\"application\/ld+json\" class=\"yoast-schema-graph\">{\"@context\":\"https:\/\/schema.org\",\"@graph\":[{\"@type\":\"WebPage\",\"@id\":\"https:\/\/veritasinfo.org\/?p=21192\",\"url\":\"https:\/\/veritasinfo.org\/?p=21192\",\"name\":\"IKD: Shkarkimi abuziv i U.D. Kryeprokurorit t\u00eb Shtetit \u2013 tentativ\u00eb e qart\u00eb p\u00ebr ruajtjen e struktur\u00ebs korporatiste n\u00eb KPK -\",\"isPartOf\":{\"@id\":\"https:\/\/veritasinfo.org\/#website\"},\"primaryImageOfPage\":{\"@id\":\"https:\/\/veritasinfo.org\/?p=21192#primaryimage\"},\"image\":{\"@id\":\"https:\/\/veritasinfo.org\/?p=21192#primaryimage\"},\"thumbnailUrl\":\"https:\/\/veritasinfo.org\/wp-content\/uploads\/2025\/11\/ikd-750x430-1.jpg\",\"datePublished\":\"2025-11-20T19:30:45+00:00\",\"author\":{\"@id\":\"https:\/\/veritasinfo.org\/#\/schema\/person\/fe199eede04c3937362892b7444747cc\"},\"breadcrumb\":{\"@id\":\"https:\/\/veritasinfo.org\/?p=21192#breadcrumb\"},\"inLanguage\":\"en-US\",\"potentialAction\":[{\"@type\":\"ReadAction\",\"target\":[\"https:\/\/veritasinfo.org\/?p=21192\"]}]},{\"@type\":\"ImageObject\",\"inLanguage\":\"en-US\",\"@id\":\"https:\/\/veritasinfo.org\/?p=21192#primaryimage\",\"url\":\"https:\/\/veritasinfo.org\/wp-content\/uploads\/2025\/11\/ikd-750x430-1.jpg\",\"contentUrl\":\"https:\/\/veritasinfo.org\/wp-content\/uploads\/2025\/11\/ikd-750x430-1.jpg\",\"width\":750,\"height\":430},{\"@type\":\"BreadcrumbList\",\"@id\":\"https:\/\/veritasinfo.org\/?p=21192#breadcrumb\",\"itemListElement\":[{\"@type\":\"ListItem\",\"position\":1,\"name\":\"Home\",\"item\":\"https:\/\/veritasinfo.org\/\"},{\"@type\":\"ListItem\",\"position\":2,\"name\":\"IKD: Shkarkimi abuziv i U.D. Kryeprokurorit t\u00eb Shtetit \u2013 tentativ\u00eb e qart\u00eb p\u00ebr ruajtjen e struktur\u00ebs korporatiste n\u00eb KPK\"}]},{\"@type\":\"WebSite\",\"@id\":\"https:\/\/veritasinfo.org\/#website\",\"url\":\"https:\/\/veritasinfo.org\/\",\"name\":\"\",\"description\":\"\",\"potentialAction\":[{\"@type\":\"SearchAction\",\"target\":{\"@type\":\"EntryPoint\",\"urlTemplate\":\"https:\/\/veritasinfo.org\/?s={search_term_string}\"},\"query-input\":{\"@type\":\"PropertyValueSpecification\",\"valueRequired\":true,\"valueName\":\"search_term_string\"}}],\"inLanguage\":\"en-US\"},{\"@type\":\"Person\",\"@id\":\"https:\/\/veritasinfo.org\/#\/schema\/person\/fe199eede04c3937362892b7444747cc\",\"name\":\"US6\",\"image\":{\"@type\":\"ImageObject\",\"inLanguage\":\"en-US\",\"@id\":\"https:\/\/veritasinfo.org\/#\/schema\/person\/image\/\",\"url\":\"https:\/\/secure.gravatar.com\/avatar\/cb16c3c31c9d23b9b8c705964598220b3014e42ff51eb540ff23cefa3ae8c15f?s=96&d=mm&r=g\",\"contentUrl\":\"https:\/\/secure.gravatar.com\/avatar\/cb16c3c31c9d23b9b8c705964598220b3014e42ff51eb540ff23cefa3ae8c15f?s=96&d=mm&r=g\",\"caption\":\"US6\"},\"url\":\"https:\/\/veritasinfo.org\/?author=7\"}]}<\/script>\n<!-- \/ Yoast SEO plugin. -->","yoast_head_json":{"title":"IKD: Shkarkimi abuziv i U.D. Kryeprokurorit t\u00eb Shtetit \u2013 tentativ\u00eb e qart\u00eb p\u00ebr ruajtjen e struktur\u00ebs korporatiste n\u00eb KPK -","robots":{"index":"index","follow":"follow","max-snippet":"max-snippet:-1","max-image-preview":"max-image-preview:large","max-video-preview":"max-video-preview:-1"},"canonical":"https:\/\/veritasinfo.org\/?p=21192","og_locale":"en_US","og_type":"article","og_title":"IKD: Shkarkimi abuziv i U.D. Kryeprokurorit t\u00eb Shtetit \u2013 tentativ\u00eb e qart\u00eb p\u00ebr ruajtjen e struktur\u00ebs korporatiste n\u00eb KPK -","og_description":"Prishtin\u00eb, 20 n\u00ebntor 2025 20:29 Prishtin\u00eb-\u00a0Instituti i Kosov\u00ebs p\u00ebr Drejt\u00ebsi (IKD) reagon ashp\u00ebr ndaj vendimit t\u00eb paligjsh\u00ebm, arbitrar dhe abuziv t\u00eb nj\u00eb pjese t\u00eb an\u00ebtar\u00ebve","og_url":"https:\/\/veritasinfo.org\/?p=21192","article_published_time":"2025-11-20T19:30:45+00:00","og_image":[{"width":750,"height":430,"url":"https:\/\/veritasinfo.org\/wp-content\/uploads\/2025\/11\/ikd-750x430-1.jpg","type":"image\/jpeg"}],"author":"US6","twitter_card":"summary_large_image","twitter_misc":{"Written by":"US6","Est. reading time":"4 minutes"},"schema":{"@context":"https:\/\/schema.org","@graph":[{"@type":"WebPage","@id":"https:\/\/veritasinfo.org\/?p=21192","url":"https:\/\/veritasinfo.org\/?p=21192","name":"IKD: Shkarkimi abuziv i U.D. Kryeprokurorit t\u00eb Shtetit \u2013 tentativ\u00eb e qart\u00eb p\u00ebr ruajtjen e struktur\u00ebs korporatiste n\u00eb KPK -","isPartOf":{"@id":"https:\/\/veritasinfo.org\/#website"},"primaryImageOfPage":{"@id":"https:\/\/veritasinfo.org\/?p=21192#primaryimage"},"image":{"@id":"https:\/\/veritasinfo.org\/?p=21192#primaryimage"},"thumbnailUrl":"https:\/\/veritasinfo.org\/wp-content\/uploads\/2025\/11\/ikd-750x430-1.jpg","datePublished":"2025-11-20T19:30:45+00:00","author":{"@id":"https:\/\/veritasinfo.org\/#\/schema\/person\/fe199eede04c3937362892b7444747cc"},"breadcrumb":{"@id":"https:\/\/veritasinfo.org\/?p=21192#breadcrumb"},"inLanguage":"en-US","potentialAction":[{"@type":"ReadAction","target":["https:\/\/veritasinfo.org\/?p=21192"]}]},{"@type":"ImageObject","inLanguage":"en-US","@id":"https:\/\/veritasinfo.org\/?p=21192#primaryimage","url":"https:\/\/veritasinfo.org\/wp-content\/uploads\/2025\/11\/ikd-750x430-1.jpg","contentUrl":"https:\/\/veritasinfo.org\/wp-content\/uploads\/2025\/11\/ikd-750x430-1.jpg","width":750,"height":430},{"@type":"BreadcrumbList","@id":"https:\/\/veritasinfo.org\/?p=21192#breadcrumb","itemListElement":[{"@type":"ListItem","position":1,"name":"Home","item":"https:\/\/veritasinfo.org\/"},{"@type":"ListItem","position":2,"name":"IKD: Shkarkimi abuziv i U.D. Kryeprokurorit t\u00eb Shtetit \u2013 tentativ\u00eb e qart\u00eb p\u00ebr ruajtjen e struktur\u00ebs korporatiste n\u00eb KPK"}]},{"@type":"WebSite","@id":"https:\/\/veritasinfo.org\/#website","url":"https:\/\/veritasinfo.org\/","name":"","description":"","potentialAction":[{"@type":"SearchAction","target":{"@type":"EntryPoint","urlTemplate":"https:\/\/veritasinfo.org\/?s={search_term_string}"},"query-input":{"@type":"PropertyValueSpecification","valueRequired":true,"valueName":"search_term_string"}}],"inLanguage":"en-US"},{"@type":"Person","@id":"https:\/\/veritasinfo.org\/#\/schema\/person\/fe199eede04c3937362892b7444747cc","name":"US6","image":{"@type":"ImageObject","inLanguage":"en-US","@id":"https:\/\/veritasinfo.org\/#\/schema\/person\/image\/","url":"https:\/\/secure.gravatar.com\/avatar\/cb16c3c31c9d23b9b8c705964598220b3014e42ff51eb540ff23cefa3ae8c15f?s=96&d=mm&r=g","contentUrl":"https:\/\/secure.gravatar.com\/avatar\/cb16c3c31c9d23b9b8c705964598220b3014e42ff51eb540ff23cefa3ae8c15f?s=96&d=mm&r=g","caption":"US6"},"url":"https:\/\/veritasinfo.org\/?author=7"}]}},"featured_image_urls":{"full":["https:\/\/veritasinfo.org\/wp-content\/uploads\/2025\/11\/ikd-750x430-1.jpg",750,430,false],"thumbnail":["https:\/\/veritasinfo.org\/wp-content\/uploads\/2025\/11\/ikd-750x430-1-150x150.jpg",150,150,true],"medium":["https:\/\/veritasinfo.org\/wp-content\/uploads\/2025\/11\/ikd-750x430-1-300x172.jpg",300,172,true],"medium_large":["https:\/\/veritasinfo.org\/wp-content\/uploads\/2025\/11\/ikd-750x430-1.jpg",640,367,false],"large":["https:\/\/veritasinfo.org\/wp-content\/uploads\/2025\/11\/ikd-750x430-1.jpg",640,367,false],"1536x1536":["https:\/\/veritasinfo.org\/wp-content\/uploads\/2025\/11\/ikd-750x430-1.jpg",750,430,false],"2048x2048":["https:\/\/veritasinfo.org\/wp-content\/uploads\/2025\/11\/ikd-750x430-1.jpg",750,430,false],"kreeti-slider-full":["https:\/\/veritasinfo.org\/wp-content\/uploads\/2025\/11\/ikd-750x430-1.jpg",750,430,false],"kreeti-featured":["https:\/\/veritasinfo.org\/wp-content\/uploads\/2025\/11\/ikd-750x430-1.jpg",750,430,false],"kreeti-medium":["https:\/\/veritasinfo.org\/wp-content\/uploads\/2025\/11\/ikd-750x430-1.jpg",720,413,false],"kreeti-medium-square":["https:\/\/veritasinfo.org\/wp-content\/uploads\/2025\/11\/ikd-750x430-1.jpg",350,201,false]},"author_info":{"info":["US6"]},"category_info":"<a href=\"https:\/\/veritasinfo.org\/?cat=60\" rel=\"category\">Shoq\u00ebrore<\/a>","tag_info":"Shoq\u00ebrore","comment_count":"0","_links":{"self":[{"href":"https:\/\/veritasinfo.org\/index.php?rest_route=\/wp\/v2\/posts\/21192","targetHints":{"allow":["GET"]}}],"collection":[{"href":"https:\/\/veritasinfo.org\/index.php?rest_route=\/wp\/v2\/posts"}],"about":[{"href":"https:\/\/veritasinfo.org\/index.php?rest_route=\/wp\/v2\/types\/post"}],"author":[{"embeddable":true,"href":"https:\/\/veritasinfo.org\/index.php?rest_route=\/wp\/v2\/users\/7"}],"replies":[{"embeddable":true,"href":"https:\/\/veritasinfo.org\/index.php?rest_route=%2Fwp%2Fv2%2Fcomments&post=21192"}],"version-history":[{"count":1,"href":"https:\/\/veritasinfo.org\/index.php?rest_route=\/wp\/v2\/posts\/21192\/revisions"}],"predecessor-version":[{"id":21194,"href":"https:\/\/veritasinfo.org\/index.php?rest_route=\/wp\/v2\/posts\/21192\/revisions\/21194"}],"wp:featuredmedia":[{"embeddable":true,"href":"https:\/\/veritasinfo.org\/index.php?rest_route=\/wp\/v2\/media\/21193"}],"wp:attachment":[{"href":"https:\/\/veritasinfo.org\/index.php?rest_route=%2Fwp%2Fv2%2Fmedia&parent=21192"}],"wp:term":[{"taxonomy":"category","embeddable":true,"href":"https:\/\/veritasinfo.org\/index.php?rest_route=%2Fwp%2Fv2%2Fcategories&post=21192"},{"taxonomy":"post_tag","embeddable":true,"href":"https:\/\/veritasinfo.org\/index.php?rest_route=%2Fwp%2Fv2%2Ftags&post=21192"}],"curies":[{"name":"wp","href":"https:\/\/api.w.org\/{rel}","templated":true}]}}