{"id":21136,"date":"2025-11-20T14:04:46","date_gmt":"2025-11-20T13:04:46","guid":{"rendered":"https:\/\/veritasinfo.org\/?p=21136"},"modified":"2025-11-20T14:04:46","modified_gmt":"2025-11-20T13:04:46","slug":"osmani-cakton-daten-28-dhjetor-per-zgjedhjet-e-jashtezakonshme","status":"publish","type":"post","link":"https:\/\/veritasinfo.org\/?p=21136","title":{"rendered":"Osmani cakton dat\u00ebn 28 dhjetor p\u00ebr zgjedhjet e jasht\u00ebzakonshme"},"content":{"rendered":"<p>Prishtin\u00eb, 20 n\u00ebntor 2025 14:05<\/p>\n<p>Presidentja e Kosov\u00ebs, Vjosa Osmani tha se 28 dhjetori mbetet data e vetme e mundshme p\u00ebr zgjedhjet e reja, pavar\u00ebsisht se edhe kjo do t\u00eb jet\u00eb nj\u00eb sfid\u00eb.<\/p>\n<p>\u201c21 dhe 28 dhjetor q\u00eb mund t\u00eb b\u00ebhen sipas kushtetut\u00ebs. 8 parti jan\u00eb deklaruara P\u00ebr 28, 5 parti p\u00ebr 21 dhe 3 parti p\u00ebr cil\u00ebn do dat\u00eb. Data 28 dhjetor kam vler\u00ebsuar q\u00eb mbete data e vetme e mundshme, edhe pse kjo dat\u00eb do t\u00eb ket\u00eb edhe sfida p\u00ebr KQZ\u201d, tha ajo.<\/p>\n<p>Ajo tha se n\u00eb takim me lider\u00ebt e partive politike nuk pati dakordim p\u00ebr t\u00eb gjetur nj\u00eb zgjidhje p\u00ebr buxhetet.<\/p>\n<p>Ajo tha se kjo \u00ebsht\u00eb p\u00ebr keqardhje dhe se nuk pati zgjidhje tjet\u00ebr p\u00ebrvecse ta n\u00ebnshkruaj dekretin p\u00ebr shp\u00ebrndarjen e Kuvendit.<\/p>\n<p>\u201cKam shpresuar p\u00ebr vullnet politik. Fatkeq\u00ebsisht p\u00ebrkund\u00ebr p\u00ebrpjekjeve t\u00eb m\u00ebhershme dhe t\u00eb sotme nuk kishte vullnet t\u00eb mjaftueshme politik q\u00eb k\u00ebto vendime t\u00eb r\u00ebnd\u00ebsishme p\u00ebr qytetar\u00ebt t\u00eb kryhen sot para se ta n\u00ebnshkruaja dekretin p\u00ebr shp\u00ebrndarje t\u00eb Kuvendit. Ju njoftoj se ka ekzistuar baza kushtetuese, e qart\u00eb q\u00eb edhe pas d\u00ebshtimit t\u00eb mandatari t\u00eb dyte, Kuvendi t\u00eb mblidhet e t\u00eb marr\u00eb vendime.<\/p>\n<p>Kjo \u00ebsht\u00eb konfirmuar edhe n\u00eb aktgjykimin \u00a0e Gjykat\u00ebs Kushtetuese t\u00eb viti 2020 ku thuhet se d\u00ebshtimi mandatarit t\u00eb dyt\u00eb, pra p\u00ebr tu zgjedhur, nuk n\u00ebnkupton shp\u00ebrndarje automatike t\u00eb Kuvendit. Kuvendi mund t\u00eb jet\u00eb funksional deri t\u00eb n\u00ebnshkruhet dekreti presidencial. Megjithat\u00eb n\u00eb munges\u00eb t\u00eb vullneti politik q\u00eb t\u00eb merren k\u00ebto vendime nuk pati zgjidhej tjet\u00ebr q\u00eb ta n\u00ebnshkruaj k\u00ebt\u00eb dekret. \u00cbsht\u00eb p\u00ebr keqardhje q\u00eb nuk arrit nj\u00eb dakordim jo pse marr\u00ebveshjet ishin t\u00eb dob\u00ebta, t\u00eb domsosdoshme por sepse mungoi vullneti politik\u201d, tha ajo n\u00eb konferenc\u00ebn p\u00ebr media.<\/p>\n<p>&nbsp;<\/p>\n","protected":false},"excerpt":{"rendered":"<p>Prishtin\u00eb, 20 n\u00ebntor 2025 14:05 Presidentja e Kosov\u00ebs, Vjosa Osmani tha se 28 dhjetori mbetet data e vetme e mundshme p\u00ebr zgjedhjet e reja, pavar\u00ebsisht<\/p>\n","protected":false},"author":7,"featured_media":21137,"comment_status":"open","ping_status":"open","sticky":false,"template":"","format":"standard","meta":{"footnotes":""},"categories":[58],"tags":[],"class_list":["post-21136","post","type-post","status-publish","format-standard","has-post-thumbnail","hentry","category-politike-sq"],"yoast_head":"<!-- This site is optimized with the Yoast SEO plugin v25.3.1 - https:\/\/yoast.com\/wordpress\/plugins\/seo\/ -->\n<title>Osmani cakton dat\u00ebn 28 dhjetor p\u00ebr zgjedhjet e jasht\u00ebzakonshme -<\/title>\n<meta name=\"robots\" content=\"index, follow, max-snippet:-1, max-image-preview:large, max-video-preview:-1\" \/>\n<link rel=\"canonical\" href=\"https:\/\/veritasinfo.org\/?p=21136\" \/>\n<meta property=\"og:locale\" content=\"en_US\" \/>\n<meta property=\"og:type\" content=\"article\" \/>\n<meta property=\"og:title\" content=\"Osmani cakton dat\u00ebn 28 dhjetor p\u00ebr zgjedhjet e jasht\u00ebzakonshme -\" \/>\n<meta property=\"og:description\" content=\"Prishtin\u00eb, 20 n\u00ebntor 2025 14:05 Presidentja e Kosov\u00ebs, Vjosa Osmani tha se 28 dhjetori mbetet data e vetme e mundshme p\u00ebr zgjedhjet e reja, pavar\u00ebsisht\" \/>\n<meta property=\"og:url\" content=\"https:\/\/veritasinfo.org\/?p=21136\" \/>\n<meta property=\"article:published_time\" content=\"2025-11-20T13:04:46+00:00\" \/>\n<meta property=\"og:image\" content=\"https:\/\/veritasinfo.org\/wp-content\/uploads\/2025\/11\/582063499_847759885090022_7347515548903799562_n.jpg\" \/>\n\t<meta property=\"og:image:width\" content=\"2048\" \/>\n\t<meta property=\"og:image:height\" content=\"1536\" \/>\n\t<meta property=\"og:image:type\" content=\"image\/jpeg\" \/>\n<meta name=\"author\" content=\"US6\" \/>\n<meta name=\"twitter:card\" content=\"summary_large_image\" \/>\n<meta name=\"twitter:label1\" content=\"Written by\" \/>\n\t<meta name=\"twitter:data1\" content=\"US6\" \/>\n\t<meta name=\"twitter:label2\" content=\"Est. reading time\" \/>\n\t<meta name=\"twitter:data2\" content=\"2 minutes\" \/>\n<script type=\"application\/ld+json\" class=\"yoast-schema-graph\">{\"@context\":\"https:\/\/schema.org\",\"@graph\":[{\"@type\":\"WebPage\",\"@id\":\"https:\/\/veritasinfo.org\/?p=21136\",\"url\":\"https:\/\/veritasinfo.org\/?p=21136\",\"name\":\"Osmani cakton dat\u00ebn 28 dhjetor p\u00ebr zgjedhjet e jasht\u00ebzakonshme -\",\"isPartOf\":{\"@id\":\"https:\/\/veritasinfo.org\/#website\"},\"primaryImageOfPage\":{\"@id\":\"https:\/\/veritasinfo.org\/?p=21136#primaryimage\"},\"image\":{\"@id\":\"https:\/\/veritasinfo.org\/?p=21136#primaryimage\"},\"thumbnailUrl\":\"https:\/\/veritasinfo.org\/wp-content\/uploads\/2025\/11\/582063499_847759885090022_7347515548903799562_n.jpg\",\"datePublished\":\"2025-11-20T13:04:46+00:00\",\"author\":{\"@id\":\"https:\/\/veritasinfo.org\/#\/schema\/person\/fe199eede04c3937362892b7444747cc\"},\"breadcrumb\":{\"@id\":\"https:\/\/veritasinfo.org\/?p=21136#breadcrumb\"},\"inLanguage\":\"en-US\",\"potentialAction\":[{\"@type\":\"ReadAction\",\"target\":[\"https:\/\/veritasinfo.org\/?p=21136\"]}]},{\"@type\":\"ImageObject\",\"inLanguage\":\"en-US\",\"@id\":\"https:\/\/veritasinfo.org\/?p=21136#primaryimage\",\"url\":\"https:\/\/veritasinfo.org\/wp-content\/uploads\/2025\/11\/582063499_847759885090022_7347515548903799562_n.jpg\",\"contentUrl\":\"https:\/\/veritasinfo.org\/wp-content\/uploads\/2025\/11\/582063499_847759885090022_7347515548903799562_n.jpg\",\"width\":2048,\"height\":1536},{\"@type\":\"BreadcrumbList\",\"@id\":\"https:\/\/veritasinfo.org\/?p=21136#breadcrumb\",\"itemListElement\":[{\"@type\":\"ListItem\",\"position\":1,\"name\":\"Home\",\"item\":\"https:\/\/veritasinfo.org\/\"},{\"@type\":\"ListItem\",\"position\":2,\"name\":\"Osmani cakton dat\u00ebn 28 dhjetor p\u00ebr zgjedhjet e jasht\u00ebzakonshme\"}]},{\"@type\":\"WebSite\",\"@id\":\"https:\/\/veritasinfo.org\/#website\",\"url\":\"https:\/\/veritasinfo.org\/\",\"name\":\"\",\"description\":\"\",\"potentialAction\":[{\"@type\":\"SearchAction\",\"target\":{\"@type\":\"EntryPoint\",\"urlTemplate\":\"https:\/\/veritasinfo.org\/?s={search_term_string}\"},\"query-input\":{\"@type\":\"PropertyValueSpecification\",\"valueRequired\":true,\"valueName\":\"search_term_string\"}}],\"inLanguage\":\"en-US\"},{\"@type\":\"Person\",\"@id\":\"https:\/\/veritasinfo.org\/#\/schema\/person\/fe199eede04c3937362892b7444747cc\",\"name\":\"US6\",\"image\":{\"@type\":\"ImageObject\",\"inLanguage\":\"en-US\",\"@id\":\"https:\/\/veritasinfo.org\/#\/schema\/person\/image\/\",\"url\":\"https:\/\/secure.gravatar.com\/avatar\/cb16c3c31c9d23b9b8c705964598220b3014e42ff51eb540ff23cefa3ae8c15f?s=96&d=mm&r=g\",\"contentUrl\":\"https:\/\/secure.gravatar.com\/avatar\/cb16c3c31c9d23b9b8c705964598220b3014e42ff51eb540ff23cefa3ae8c15f?s=96&d=mm&r=g\",\"caption\":\"US6\"},\"url\":\"https:\/\/veritasinfo.org\/?author=7\"}]}<\/script>\n<!-- \/ Yoast SEO plugin. -->","yoast_head_json":{"title":"Osmani cakton dat\u00ebn 28 dhjetor p\u00ebr zgjedhjet e jasht\u00ebzakonshme -","robots":{"index":"index","follow":"follow","max-snippet":"max-snippet:-1","max-image-preview":"max-image-preview:large","max-video-preview":"max-video-preview:-1"},"canonical":"https:\/\/veritasinfo.org\/?p=21136","og_locale":"en_US","og_type":"article","og_title":"Osmani cakton dat\u00ebn 28 dhjetor p\u00ebr zgjedhjet e jasht\u00ebzakonshme -","og_description":"Prishtin\u00eb, 20 n\u00ebntor 2025 14:05 Presidentja e Kosov\u00ebs, Vjosa Osmani tha se 28 dhjetori mbetet data e vetme e mundshme p\u00ebr zgjedhjet e reja, pavar\u00ebsisht","og_url":"https:\/\/veritasinfo.org\/?p=21136","article_published_time":"2025-11-20T13:04:46+00:00","og_image":[{"width":2048,"height":1536,"url":"https:\/\/veritasinfo.org\/wp-content\/uploads\/2025\/11\/582063499_847759885090022_7347515548903799562_n.jpg","type":"image\/jpeg"}],"author":"US6","twitter_card":"summary_large_image","twitter_misc":{"Written by":"US6","Est. reading time":"2 minutes"},"schema":{"@context":"https:\/\/schema.org","@graph":[{"@type":"WebPage","@id":"https:\/\/veritasinfo.org\/?p=21136","url":"https:\/\/veritasinfo.org\/?p=21136","name":"Osmani cakton dat\u00ebn 28 dhjetor p\u00ebr zgjedhjet e jasht\u00ebzakonshme -","isPartOf":{"@id":"https:\/\/veritasinfo.org\/#website"},"primaryImageOfPage":{"@id":"https:\/\/veritasinfo.org\/?p=21136#primaryimage"},"image":{"@id":"https:\/\/veritasinfo.org\/?p=21136#primaryimage"},"thumbnailUrl":"https:\/\/veritasinfo.org\/wp-content\/uploads\/2025\/11\/582063499_847759885090022_7347515548903799562_n.jpg","datePublished":"2025-11-20T13:04:46+00:00","author":{"@id":"https:\/\/veritasinfo.org\/#\/schema\/person\/fe199eede04c3937362892b7444747cc"},"breadcrumb":{"@id":"https:\/\/veritasinfo.org\/?p=21136#breadcrumb"},"inLanguage":"en-US","potentialAction":[{"@type":"ReadAction","target":["https:\/\/veritasinfo.org\/?p=21136"]}]},{"@type":"ImageObject","inLanguage":"en-US","@id":"https:\/\/veritasinfo.org\/?p=21136#primaryimage","url":"https:\/\/veritasinfo.org\/wp-content\/uploads\/2025\/11\/582063499_847759885090022_7347515548903799562_n.jpg","contentUrl":"https:\/\/veritasinfo.org\/wp-content\/uploads\/2025\/11\/582063499_847759885090022_7347515548903799562_n.jpg","width":2048,"height":1536},{"@type":"BreadcrumbList","@id":"https:\/\/veritasinfo.org\/?p=21136#breadcrumb","itemListElement":[{"@type":"ListItem","position":1,"name":"Home","item":"https:\/\/veritasinfo.org\/"},{"@type":"ListItem","position":2,"name":"Osmani cakton dat\u00ebn 28 dhjetor p\u00ebr zgjedhjet e jasht\u00ebzakonshme"}]},{"@type":"WebSite","@id":"https:\/\/veritasinfo.org\/#website","url":"https:\/\/veritasinfo.org\/","name":"","description":"","potentialAction":[{"@type":"SearchAction","target":{"@type":"EntryPoint","urlTemplate":"https:\/\/veritasinfo.org\/?s={search_term_string}"},"query-input":{"@type":"PropertyValueSpecification","valueRequired":true,"valueName":"search_term_string"}}],"inLanguage":"en-US"},{"@type":"Person","@id":"https:\/\/veritasinfo.org\/#\/schema\/person\/fe199eede04c3937362892b7444747cc","name":"US6","image":{"@type":"ImageObject","inLanguage":"en-US","@id":"https:\/\/veritasinfo.org\/#\/schema\/person\/image\/","url":"https:\/\/secure.gravatar.com\/avatar\/cb16c3c31c9d23b9b8c705964598220b3014e42ff51eb540ff23cefa3ae8c15f?s=96&d=mm&r=g","contentUrl":"https:\/\/secure.gravatar.com\/avatar\/cb16c3c31c9d23b9b8c705964598220b3014e42ff51eb540ff23cefa3ae8c15f?s=96&d=mm&r=g","caption":"US6"},"url":"https:\/\/veritasinfo.org\/?author=7"}]}},"featured_image_urls":{"full":["https:\/\/veritasinfo.org\/wp-content\/uploads\/2025\/11\/582063499_847759885090022_7347515548903799562_n.jpg",2048,1536,false],"thumbnail":["https:\/\/veritasinfo.org\/wp-content\/uploads\/2025\/11\/582063499_847759885090022_7347515548903799562_n-150x150.jpg",150,150,true],"medium":["https:\/\/veritasinfo.org\/wp-content\/uploads\/2025\/11\/582063499_847759885090022_7347515548903799562_n-300x225.jpg",300,225,true],"medium_large":["https:\/\/veritasinfo.org\/wp-content\/uploads\/2025\/11\/582063499_847759885090022_7347515548903799562_n-768x576.jpg",640,480,true],"large":["https:\/\/veritasinfo.org\/wp-content\/uploads\/2025\/11\/582063499_847759885090022_7347515548903799562_n-1024x768.jpg",640,480,true],"1536x1536":["https:\/\/veritasinfo.org\/wp-content\/uploads\/2025\/11\/582063499_847759885090022_7347515548903799562_n-1536x1152.jpg",1536,1152,true],"2048x2048":["https:\/\/veritasinfo.org\/wp-content\/uploads\/2025\/11\/582063499_847759885090022_7347515548903799562_n.jpg",2048,1536,false],"kreeti-slider-full":["https:\/\/veritasinfo.org\/wp-content\/uploads\/2025\/11\/582063499_847759885090022_7347515548903799562_n.jpg",960,720,false],"kreeti-featured":["https:\/\/veritasinfo.org\/wp-content\/uploads\/2025\/11\/582063499_847759885090022_7347515548903799562_n.jpg",1024,768,false],"kreeti-medium":["https:\/\/veritasinfo.org\/wp-content\/uploads\/2025\/11\/582063499_847759885090022_7347515548903799562_n.jpg",707,530,false],"kreeti-medium-square":["https:\/\/veritasinfo.org\/wp-content\/uploads\/2025\/11\/582063499_847759885090022_7347515548903799562_n.jpg",350,263,false]},"author_info":{"info":["US6"]},"category_info":"<a href=\"https:\/\/veritasinfo.org\/?cat=58\" rel=\"category\">Politik\u00eb<\/a>","tag_info":"Politik\u00eb","comment_count":"0","_links":{"self":[{"href":"https:\/\/veritasinfo.org\/index.php?rest_route=\/wp\/v2\/posts\/21136","targetHints":{"allow":["GET"]}}],"collection":[{"href":"https:\/\/veritasinfo.org\/index.php?rest_route=\/wp\/v2\/posts"}],"about":[{"href":"https:\/\/veritasinfo.org\/index.php?rest_route=\/wp\/v2\/types\/post"}],"author":[{"embeddable":true,"href":"https:\/\/veritasinfo.org\/index.php?rest_route=\/wp\/v2\/users\/7"}],"replies":[{"embeddable":true,"href":"https:\/\/veritasinfo.org\/index.php?rest_route=%2Fwp%2Fv2%2Fcomments&post=21136"}],"version-history":[{"count":1,"href":"https:\/\/veritasinfo.org\/index.php?rest_route=\/wp\/v2\/posts\/21136\/revisions"}],"predecessor-version":[{"id":21138,"href":"https:\/\/veritasinfo.org\/index.php?rest_route=\/wp\/v2\/posts\/21136\/revisions\/21138"}],"wp:featuredmedia":[{"embeddable":true,"href":"https:\/\/veritasinfo.org\/index.php?rest_route=\/wp\/v2\/media\/21137"}],"wp:attachment":[{"href":"https:\/\/veritasinfo.org\/index.php?rest_route=%2Fwp%2Fv2%2Fmedia&parent=21136"}],"wp:term":[{"taxonomy":"category","embeddable":true,"href":"https:\/\/veritasinfo.org\/index.php?rest_route=%2Fwp%2Fv2%2Fcategories&post=21136"},{"taxonomy":"post_tag","embeddable":true,"href":"https:\/\/veritasinfo.org\/index.php?rest_route=%2Fwp%2Fv2%2Ftags&post=21136"}],"curies":[{"name":"wp","href":"https:\/\/api.w.org\/{rel}","templated":true}]}}