{"id":21098,"date":"2025-11-20T11:54:29","date_gmt":"2025-11-20T10:54:29","guid":{"rendered":"https:\/\/veritasinfo.org\/?p=21098"},"modified":"2025-11-20T11:54:29","modified_gmt":"2025-11-20T10:54:29","slug":"live-osmani-shperndan-kuvendin","status":"publish","type":"post","link":"https:\/\/veritasinfo.org\/?p=21098","title":{"rendered":"LIVE: Osmani shp\u00ebrndan Kuvendin"},"content":{"rendered":"<p>Prishtin\u00eb 20 N\u00ebntor 2025. 11:53<\/p>\n<p>Presidentja e Kosov\u00ebs, Vjosa Osmani, ka n\u00ebnshkruar vendimin p\u00ebr shp\u00ebrndarje t\u00eb Kuvendit pas takimit me lider\u00ebt e partive<br \/>\nVeprimi i Osmanit vjen pasi mandatari i dyt\u00eb Glauk Konjufca d\u00ebshtoi ta formoj\u00eb qeverin\u00eb<br \/>\nHaradinaj: Shkojm\u00eb t\u00eb vet\u00ebm n\u00eb zgjedhje, pas tyre s\u2019e tolerojm\u00eb bllokimin e institucioneve<br \/>\n2 min. m\u00eb par\u00eb \/ 20 n\u00ebn 2025 11:49<br \/>\nHaradinaj<br \/>\nPhoto: Driton Pa\u00e7arada<br \/>\nKryetari i Aleanc\u00ebs p\u00ebr Ardhm\u00ebrin\u00eb e Kosov\u00ebs, Ramush Haradinaj ka th\u00ebn\u00eb se sot \u00ebsht\u00eb n\u00ebnshkruar dekreti p\u00ebr shp\u00ebrndarjen e Kuvendit.<br \/>\nSipas tij, datat e propozuara jan\u00eb 21 dhe 28 dhjetor.<\/p>\n<p>\u201cDuke qen\u00eb se \u00ebsht\u00eb humbur shum\u00eb koh\u00eb, duke qen\u00eb se ka shum\u00eb akumulime t\u00eb temave buxhetore, kemi propozuar q\u00eb dita e zgjedhjeve t\u00eb jet\u00eb 21 dhjetor. Mendojm\u00eb se n\u00eb k\u00ebt\u00eb m\u00ebnyr\u00eb do ta fitojm\u00eb nj\u00eb jav\u00eb koh\u00eb p\u00ebr vazhdimet  buxhetore.  Qeveria e Kosov\u00ebs mund t\u00eb marr\u00eb vendime p\u00ebr t\u00eb p\u00ebrmbushur disa detyrime buxhetore q\u00eb i ka si ndaj RTK-s\u00eb edhe ndaj pal\u00ebve tjera. Periudha e para vitit t\u00eb ri, sepse pushteti po k\u00ebrkon 28 dhjetorin, kjo periudh\u00eb \u00ebsht\u00eb p\u00ebr familjen dhe \u00ebsht\u00eb nj\u00eb arroganc\u00eb nga politika q\u00eb me u shpall zgjedhjet m\u00eb 28 dhjetor\u201d, ka th\u00ebn\u00eb ai.<\/p>\n<p>Haradinaj ka th\u00ebn\u00eb se do t\u00eb shkojn\u00eb t\u00eb vet\u00ebm n\u00eb zgjedhje dhe se jan\u00eb t\u00eb gatshme p\u00ebr to.<br \/>\nKa shtuar se nuk do t\u00eb ken\u00eb toleranc\u00eb p\u00ebr ask\u00ebnd q\u00eb pengon krijimin e institucioneve.<br \/>\nPeci thot\u00eb se kan\u00eb propozuar 28 dhjetorin si dat\u00eb p\u00ebr zgjedhje<br \/>\n6 min. m\u00eb par\u00eb \/ 20 n\u00ebn 2025 11:45<br \/>\nFaton Peci<br \/>\nPhoto: Driton Pa\u00e7arada<br \/>\nBashk\u00ebkryetari i Partis\u00eb Guxo, Faton Peci, ka th\u00ebn\u00eb se kan\u00eb propozuar 28 dhjetorin si dat\u00eb ideale p\u00ebr mbajtjen e zgjedhjeve t\u00eb parakohshme, pas takimit me presidenten Vjosa Osmani.<br \/>\nSipas Pecit, diskutimi ka qen\u00eb mes dat\u00ebs 21 dhe 28. Por si\u00e7 thot ai, 28 dhjetori \u00ebsht\u00eb dat\u00eb m\u00eb e mir\u00eb p\u00ebr shkak se KQZ-ja ka mund\u00ebsi t\u00eb p\u00ebrgatitet m\u00eb mir.<br \/>\nAi u shpreh i bindur se bashk\u00eb me L\u00ebvizjen Vet\u00ebvendosjen do t\u00eb korrin fitore m\u00eb t\u00eb madhe se t\u00eb 9 shkurtit.<\/p>\n","protected":false},"excerpt":{"rendered":"<p>Prishtin\u00eb 20 N\u00ebntor 2025. 11:53 Presidentja e Kosov\u00ebs, Vjosa Osmani, ka n\u00ebnshkruar vendimin p\u00ebr shp\u00ebrndarje t\u00eb Kuvendit pas takimit me lider\u00ebt e partive Veprimi i<\/p>\n","protected":false},"author":6,"featured_media":21099,"comment_status":"open","ping_status":"open","sticky":false,"template":"","format":"standard","meta":{"footnotes":""},"categories":[58],"tags":[],"class_list":["post-21098","post","type-post","status-publish","format-standard","has-post-thumbnail","hentry","category-politike-sq"],"yoast_head":"<!-- This site is optimized with the Yoast SEO plugin v25.3.1 - https:\/\/yoast.com\/wordpress\/plugins\/seo\/ -->\n<title>LIVE: Osmani shp\u00ebrndan Kuvendin -<\/title>\n<meta name=\"robots\" content=\"index, follow, max-snippet:-1, max-image-preview:large, max-video-preview:-1\" \/>\n<link rel=\"canonical\" href=\"https:\/\/veritasinfo.org\/?p=21098\" \/>\n<meta property=\"og:locale\" content=\"en_US\" \/>\n<meta property=\"og:type\" content=\"article\" \/>\n<meta property=\"og:title\" content=\"LIVE: Osmani shp\u00ebrndan Kuvendin -\" \/>\n<meta property=\"og:description\" content=\"Prishtin\u00eb 20 N\u00ebntor 2025. 11:53 Presidentja e Kosov\u00ebs, Vjosa Osmani, ka n\u00ebnshkruar vendimin p\u00ebr shp\u00ebrndarje t\u00eb Kuvendit pas takimit me lider\u00ebt e partive Veprimi i\" \/>\n<meta property=\"og:url\" content=\"https:\/\/veritasinfo.org\/?p=21098\" \/>\n<meta property=\"article:published_time\" content=\"2025-11-20T10:54:29+00:00\" \/>\n<meta property=\"og:image\" content=\"https:\/\/veritasinfo.org\/wp-content\/uploads\/2025\/11\/f3cc5cfd-d8c8-4bd7-b656-1d3b6b4071d6.webp\" \/>\n\t<meta property=\"og:image:width\" content=\"1360\" \/>\n\t<meta property=\"og:image:height\" content=\"870\" \/>\n\t<meta property=\"og:image:type\" content=\"image\/webp\" \/>\n<meta name=\"author\" content=\"US5\" \/>\n<meta name=\"twitter:card\" content=\"summary_large_image\" \/>\n<meta name=\"twitter:label1\" content=\"Written by\" \/>\n\t<meta name=\"twitter:data1\" content=\"US5\" \/>\n\t<meta name=\"twitter:label2\" content=\"Est. reading time\" \/>\n\t<meta name=\"twitter:data2\" content=\"1 minute\" \/>\n<script type=\"application\/ld+json\" class=\"yoast-schema-graph\">{\"@context\":\"https:\/\/schema.org\",\"@graph\":[{\"@type\":\"WebPage\",\"@id\":\"https:\/\/veritasinfo.org\/?p=21098\",\"url\":\"https:\/\/veritasinfo.org\/?p=21098\",\"name\":\"LIVE: Osmani shp\u00ebrndan Kuvendin -\",\"isPartOf\":{\"@id\":\"https:\/\/veritasinfo.org\/#website\"},\"primaryImageOfPage\":{\"@id\":\"https:\/\/veritasinfo.org\/?p=21098#primaryimage\"},\"image\":{\"@id\":\"https:\/\/veritasinfo.org\/?p=21098#primaryimage\"},\"thumbnailUrl\":\"https:\/\/veritasinfo.org\/wp-content\/uploads\/2025\/11\/f3cc5cfd-d8c8-4bd7-b656-1d3b6b4071d6.webp\",\"datePublished\":\"2025-11-20T10:54:29+00:00\",\"author\":{\"@id\":\"https:\/\/veritasinfo.org\/#\/schema\/person\/bc442336e35414d04494ab8fb45db4c6\"},\"breadcrumb\":{\"@id\":\"https:\/\/veritasinfo.org\/?p=21098#breadcrumb\"},\"inLanguage\":\"en-US\",\"potentialAction\":[{\"@type\":\"ReadAction\",\"target\":[\"https:\/\/veritasinfo.org\/?p=21098\"]}]},{\"@type\":\"ImageObject\",\"inLanguage\":\"en-US\",\"@id\":\"https:\/\/veritasinfo.org\/?p=21098#primaryimage\",\"url\":\"https:\/\/veritasinfo.org\/wp-content\/uploads\/2025\/11\/f3cc5cfd-d8c8-4bd7-b656-1d3b6b4071d6.webp\",\"contentUrl\":\"https:\/\/veritasinfo.org\/wp-content\/uploads\/2025\/11\/f3cc5cfd-d8c8-4bd7-b656-1d3b6b4071d6.webp\",\"width\":1360,\"height\":870},{\"@type\":\"BreadcrumbList\",\"@id\":\"https:\/\/veritasinfo.org\/?p=21098#breadcrumb\",\"itemListElement\":[{\"@type\":\"ListItem\",\"position\":1,\"name\":\"Home\",\"item\":\"https:\/\/veritasinfo.org\/\"},{\"@type\":\"ListItem\",\"position\":2,\"name\":\"LIVE: Osmani shp\u00ebrndan Kuvendin\"}]},{\"@type\":\"WebSite\",\"@id\":\"https:\/\/veritasinfo.org\/#website\",\"url\":\"https:\/\/veritasinfo.org\/\",\"name\":\"\",\"description\":\"\",\"potentialAction\":[{\"@type\":\"SearchAction\",\"target\":{\"@type\":\"EntryPoint\",\"urlTemplate\":\"https:\/\/veritasinfo.org\/?s={search_term_string}\"},\"query-input\":{\"@type\":\"PropertyValueSpecification\",\"valueRequired\":true,\"valueName\":\"search_term_string\"}}],\"inLanguage\":\"en-US\"},{\"@type\":\"Person\",\"@id\":\"https:\/\/veritasinfo.org\/#\/schema\/person\/bc442336e35414d04494ab8fb45db4c6\",\"name\":\"US5\",\"image\":{\"@type\":\"ImageObject\",\"inLanguage\":\"en-US\",\"@id\":\"https:\/\/veritasinfo.org\/#\/schema\/person\/image\/\",\"url\":\"https:\/\/secure.gravatar.com\/avatar\/16a61e7272a0c5d001121ebb9e60e925d5816e4ac1e443ed3e640d9a6ae55d0c?s=96&d=mm&r=g\",\"contentUrl\":\"https:\/\/secure.gravatar.com\/avatar\/16a61e7272a0c5d001121ebb9e60e925d5816e4ac1e443ed3e640d9a6ae55d0c?s=96&d=mm&r=g\",\"caption\":\"US5\"},\"url\":\"https:\/\/veritasinfo.org\/?author=6\"}]}<\/script>\n<!-- \/ Yoast SEO plugin. -->","yoast_head_json":{"title":"LIVE: Osmani shp\u00ebrndan Kuvendin -","robots":{"index":"index","follow":"follow","max-snippet":"max-snippet:-1","max-image-preview":"max-image-preview:large","max-video-preview":"max-video-preview:-1"},"canonical":"https:\/\/veritasinfo.org\/?p=21098","og_locale":"en_US","og_type":"article","og_title":"LIVE: Osmani shp\u00ebrndan Kuvendin -","og_description":"Prishtin\u00eb 20 N\u00ebntor 2025. 11:53 Presidentja e Kosov\u00ebs, Vjosa Osmani, ka n\u00ebnshkruar vendimin p\u00ebr shp\u00ebrndarje t\u00eb Kuvendit pas takimit me lider\u00ebt e partive Veprimi i","og_url":"https:\/\/veritasinfo.org\/?p=21098","article_published_time":"2025-11-20T10:54:29+00:00","og_image":[{"width":1360,"height":870,"url":"https:\/\/veritasinfo.org\/wp-content\/uploads\/2025\/11\/f3cc5cfd-d8c8-4bd7-b656-1d3b6b4071d6.webp","type":"image\/webp"}],"author":"US5","twitter_card":"summary_large_image","twitter_misc":{"Written by":"US5","Est. reading time":"1 minute"},"schema":{"@context":"https:\/\/schema.org","@graph":[{"@type":"WebPage","@id":"https:\/\/veritasinfo.org\/?p=21098","url":"https:\/\/veritasinfo.org\/?p=21098","name":"LIVE: Osmani shp\u00ebrndan Kuvendin -","isPartOf":{"@id":"https:\/\/veritasinfo.org\/#website"},"primaryImageOfPage":{"@id":"https:\/\/veritasinfo.org\/?p=21098#primaryimage"},"image":{"@id":"https:\/\/veritasinfo.org\/?p=21098#primaryimage"},"thumbnailUrl":"https:\/\/veritasinfo.org\/wp-content\/uploads\/2025\/11\/f3cc5cfd-d8c8-4bd7-b656-1d3b6b4071d6.webp","datePublished":"2025-11-20T10:54:29+00:00","author":{"@id":"https:\/\/veritasinfo.org\/#\/schema\/person\/bc442336e35414d04494ab8fb45db4c6"},"breadcrumb":{"@id":"https:\/\/veritasinfo.org\/?p=21098#breadcrumb"},"inLanguage":"en-US","potentialAction":[{"@type":"ReadAction","target":["https:\/\/veritasinfo.org\/?p=21098"]}]},{"@type":"ImageObject","inLanguage":"en-US","@id":"https:\/\/veritasinfo.org\/?p=21098#primaryimage","url":"https:\/\/veritasinfo.org\/wp-content\/uploads\/2025\/11\/f3cc5cfd-d8c8-4bd7-b656-1d3b6b4071d6.webp","contentUrl":"https:\/\/veritasinfo.org\/wp-content\/uploads\/2025\/11\/f3cc5cfd-d8c8-4bd7-b656-1d3b6b4071d6.webp","width":1360,"height":870},{"@type":"BreadcrumbList","@id":"https:\/\/veritasinfo.org\/?p=21098#breadcrumb","itemListElement":[{"@type":"ListItem","position":1,"name":"Home","item":"https:\/\/veritasinfo.org\/"},{"@type":"ListItem","position":2,"name":"LIVE: Osmani shp\u00ebrndan Kuvendin"}]},{"@type":"WebSite","@id":"https:\/\/veritasinfo.org\/#website","url":"https:\/\/veritasinfo.org\/","name":"","description":"","potentialAction":[{"@type":"SearchAction","target":{"@type":"EntryPoint","urlTemplate":"https:\/\/veritasinfo.org\/?s={search_term_string}"},"query-input":{"@type":"PropertyValueSpecification","valueRequired":true,"valueName":"search_term_string"}}],"inLanguage":"en-US"},{"@type":"Person","@id":"https:\/\/veritasinfo.org\/#\/schema\/person\/bc442336e35414d04494ab8fb45db4c6","name":"US5","image":{"@type":"ImageObject","inLanguage":"en-US","@id":"https:\/\/veritasinfo.org\/#\/schema\/person\/image\/","url":"https:\/\/secure.gravatar.com\/avatar\/16a61e7272a0c5d001121ebb9e60e925d5816e4ac1e443ed3e640d9a6ae55d0c?s=96&d=mm&r=g","contentUrl":"https:\/\/secure.gravatar.com\/avatar\/16a61e7272a0c5d001121ebb9e60e925d5816e4ac1e443ed3e640d9a6ae55d0c?s=96&d=mm&r=g","caption":"US5"},"url":"https:\/\/veritasinfo.org\/?author=6"}]}},"featured_image_urls":{"full":["https:\/\/veritasinfo.org\/wp-content\/uploads\/2025\/11\/f3cc5cfd-d8c8-4bd7-b656-1d3b6b4071d6.webp",1360,870,false],"thumbnail":["https:\/\/veritasinfo.org\/wp-content\/uploads\/2025\/11\/f3cc5cfd-d8c8-4bd7-b656-1d3b6b4071d6-150x150.webp",150,150,true],"medium":["https:\/\/veritasinfo.org\/wp-content\/uploads\/2025\/11\/f3cc5cfd-d8c8-4bd7-b656-1d3b6b4071d6-300x192.webp",300,192,true],"medium_large":["https:\/\/veritasinfo.org\/wp-content\/uploads\/2025\/11\/f3cc5cfd-d8c8-4bd7-b656-1d3b6b4071d6-768x491.webp",640,409,true],"large":["https:\/\/veritasinfo.org\/wp-content\/uploads\/2025\/11\/f3cc5cfd-d8c8-4bd7-b656-1d3b6b4071d6-1024x655.webp",640,409,true],"1536x1536":["https:\/\/veritasinfo.org\/wp-content\/uploads\/2025\/11\/f3cc5cfd-d8c8-4bd7-b656-1d3b6b4071d6.webp",1360,870,false],"2048x2048":["https:\/\/veritasinfo.org\/wp-content\/uploads\/2025\/11\/f3cc5cfd-d8c8-4bd7-b656-1d3b6b4071d6.webp",1360,870,false],"kreeti-slider-full":["https:\/\/veritasinfo.org\/wp-content\/uploads\/2025\/11\/f3cc5cfd-d8c8-4bd7-b656-1d3b6b4071d6.webp",1126,720,false],"kreeti-featured":["https:\/\/veritasinfo.org\/wp-content\/uploads\/2025\/11\/f3cc5cfd-d8c8-4bd7-b656-1d3b6b4071d6.webp",1024,655,false],"kreeti-medium":["https:\/\/veritasinfo.org\/wp-content\/uploads\/2025\/11\/f3cc5cfd-d8c8-4bd7-b656-1d3b6b4071d6.webp",720,461,false],"kreeti-medium-square":["https:\/\/veritasinfo.org\/wp-content\/uploads\/2025\/11\/f3cc5cfd-d8c8-4bd7-b656-1d3b6b4071d6.webp",350,224,false]},"author_info":{"info":["US5"]},"category_info":"<a href=\"https:\/\/veritasinfo.org\/?cat=58\" rel=\"category\">Politik\u00eb<\/a>","tag_info":"Politik\u00eb","comment_count":"0","_links":{"self":[{"href":"https:\/\/veritasinfo.org\/index.php?rest_route=\/wp\/v2\/posts\/21098","targetHints":{"allow":["GET"]}}],"collection":[{"href":"https:\/\/veritasinfo.org\/index.php?rest_route=\/wp\/v2\/posts"}],"about":[{"href":"https:\/\/veritasinfo.org\/index.php?rest_route=\/wp\/v2\/types\/post"}],"author":[{"embeddable":true,"href":"https:\/\/veritasinfo.org\/index.php?rest_route=\/wp\/v2\/users\/6"}],"replies":[{"embeddable":true,"href":"https:\/\/veritasinfo.org\/index.php?rest_route=%2Fwp%2Fv2%2Fcomments&post=21098"}],"version-history":[{"count":1,"href":"https:\/\/veritasinfo.org\/index.php?rest_route=\/wp\/v2\/posts\/21098\/revisions"}],"predecessor-version":[{"id":21100,"href":"https:\/\/veritasinfo.org\/index.php?rest_route=\/wp\/v2\/posts\/21098\/revisions\/21100"}],"wp:featuredmedia":[{"embeddable":true,"href":"https:\/\/veritasinfo.org\/index.php?rest_route=\/wp\/v2\/media\/21099"}],"wp:attachment":[{"href":"https:\/\/veritasinfo.org\/index.php?rest_route=%2Fwp%2Fv2%2Fmedia&parent=21098"}],"wp:term":[{"taxonomy":"category","embeddable":true,"href":"https:\/\/veritasinfo.org\/index.php?rest_route=%2Fwp%2Fv2%2Fcategories&post=21098"},{"taxonomy":"post_tag","embeddable":true,"href":"https:\/\/veritasinfo.org\/index.php?rest_route=%2Fwp%2Fv2%2Ftags&post=21098"}],"curies":[{"name":"wp","href":"https:\/\/api.w.org\/{rel}","templated":true}]}}