{"id":21093,"date":"2025-11-20T11:46:03","date_gmt":"2025-11-20T10:46:03","guid":{"rendered":"https:\/\/veritasinfo.org\/?p=21093"},"modified":"2025-11-20T11:46:03","modified_gmt":"2025-11-20T10:46:03","slug":"kater-kadete-te-fsk-se-perfundojne-akademine-ushtarake-ne-gjermani","status":"publish","type":"post","link":"https:\/\/veritasinfo.org\/?p=21093","title":{"rendered":"Kat\u00ebr kadet\u00eb t\u00eb FSK-s\u00eb p\u00ebrfundojn\u00eb Akademin\u00eb Ushtarake n\u00eb Gjermani"},"content":{"rendered":"<p>Prishtin\u00eb 20 N\u00ebntor 2025 11:45<\/p>\n<p><strong>N\u00eb Ambasad\u00ebn e Republik\u00ebs s\u00eb Kosov\u00ebs n\u00eb Berlin, u mbajt ceremonia e p\u00ebrfundimit t\u00eb akademis\u00eb ushtarake tre vje\u00e7are n\u00eb Republik\u00ebn Federale t\u00eb Gjermanis\u00eb t\u00eb kat\u00ebr kadet\u00ebve t\u00eb FSK-s\u00eb.<\/strong><\/p>\n<p>&nbsp;<\/p>\n<p>Oficer\u00ebt m\u00eb t\u00eb rinj t\u00eb Forc\u00ebs s\u00eb Siguris\u00eb s\u00eb Kosov\u00ebs q\u00eb diplomuan me sukses t\u00eb lart\u00eb ishin: N\u00ebntoger Shum\u00ebzim Karaqica, drejtimi ushtarak Logjistike\/Mir\u00ebmbajtje, N\u00ebntoger Arton Xhemajli n\u00eb drejtimin ushtarak Logjistik\u00eb\/ Furnizim, N\u00ebntoger Xheladin Kurtaj n\u00eb drejtimin ushtarak Xhenio Luftarake dhe N\u00ebntoger Fatlum Agushi n\u00eb drejtimin ushtarak IT ushtarake.<\/p>\n<p>N\u00eb k\u00ebt\u00eb ceremoni mor\u00ebn pjes\u00eb p\u00ebrfaq\u00ebsues t\u00eb Ministris\u00eb s\u00eb Mbrojtjes, Forc\u00ebs s\u00eb Siguris\u00eb s\u00eb Kosov\u00ebs, Ministris\u00eb Federale t\u00eb Mbrojtjes s\u00eb Gjermanis\u00eb, Forcave t\u00eb Armatosura Gjermane (Bundes\u00ebehr), stafi i Ambasad\u00ebs s\u00eb Republik\u00ebs s\u00eb Kosov\u00ebs, familjar\u00eb t\u00eb kadet\u00ebve, mysafir\u00eb t\u00eb nderit.<\/p>\n<p>Me fjal\u00eb rasti u adresuan Atasheu i Mbrojtjes Kolonel Bekim Zejnullahu, Drejtori i Departamentit\u00a0 p\u00ebr bashk\u00ebpunim nd\u00ebrkomb\u00ebtar nga Ministria e Mbrojtjes, Kolonel Ahmet Ajeti si dhe shefi i departamentit p\u00ebr bashk\u00ebpunim nd\u00ebrkomb\u00ebtar t\u00eb Forcave t\u00eb Armatosura Gjermane (Bundes\u00ebehr) Kolonel Christian Schmidt.<\/p>\n<p>Me k\u00ebt\u00eb rast u vler\u00ebsua mb\u00ebshtetja e vazhdueshme e Ministris\u00eb s\u00eb Mbrojtjes\/Ushtris\u00eb Gjermane n\u00eb arsimimin dhe trajnimin e oficereve t\u00eb FSK-s\u00eb si dhe vler\u00ebs q\u00eb i japim partneritetit me Forcat e Armatosura Gjermane.<\/p>\n<p>&#8220;Bashk\u00ebpunimi midis Republik\u00ebs s\u00eb Kosov\u00ebs dhe Republik\u00ebs Federale t\u00eb Gjermanis\u00eb, gjat\u00eb viteve ka luajtur nj\u00eb rol vendimtar n\u00eb forcimin e kapaciteteve dhe profesionalizmit t\u00eb Forc\u00ebs s\u00eb Siguris\u00eb s\u00eb Kosov\u00ebs. Sot oficer\u00ebt tan\u00eb t\u00eb sapo em\u00ebruar, bashkohen me trup\u00ebn e oficer\u00ebve t\u00eb FSK-s\u00eb &#8211; t\u00eb p\u00ebrgatitur, t\u00eb aft\u00eb dhe t\u00eb denj\u00eb p\u00ebr t\u00eb udh\u00ebhequr trupat tona me nder, integritet dhe p\u00ebrkushtim&#8221;, njofton\u00a0Ambasada e Republik\u00ebs s\u00eb Kosov\u00ebs n\u00eb Gjermani.<\/p>\n","protected":false},"excerpt":{"rendered":"<p>Prishtin\u00eb 20 N\u00ebntor 2025 11:45 N\u00eb Ambasad\u00ebn e Republik\u00ebs s\u00eb Kosov\u00ebs n\u00eb Berlin, u mbajt ceremonia e p\u00ebrfundimit t\u00eb akademis\u00eb ushtarake tre vje\u00e7are n\u00eb Republik\u00ebn<\/p>\n","protected":false},"author":6,"featured_media":21094,"comment_status":"open","ping_status":"open","sticky":false,"template":"","format":"standard","meta":{"footnotes":""},"categories":[60],"tags":[],"class_list":["post-21093","post","type-post","status-publish","format-standard","has-post-thumbnail","hentry","category-shoqerore-sq"],"yoast_head":"<!-- This site is optimized with the Yoast SEO plugin v25.3.1 - https:\/\/yoast.com\/wordpress\/plugins\/seo\/ -->\n<title>Kat\u00ebr kadet\u00eb t\u00eb FSK-s\u00eb p\u00ebrfundojn\u00eb Akademin\u00eb Ushtarake n\u00eb Gjermani -<\/title>\n<meta name=\"robots\" content=\"index, follow, max-snippet:-1, max-image-preview:large, max-video-preview:-1\" \/>\n<link rel=\"canonical\" href=\"https:\/\/veritasinfo.org\/?p=21093\" \/>\n<meta property=\"og:locale\" content=\"en_US\" \/>\n<meta property=\"og:type\" content=\"article\" \/>\n<meta property=\"og:title\" content=\"Kat\u00ebr kadet\u00eb t\u00eb FSK-s\u00eb p\u00ebrfundojn\u00eb Akademin\u00eb Ushtarake n\u00eb Gjermani -\" \/>\n<meta property=\"og:description\" content=\"Prishtin\u00eb 20 N\u00ebntor 2025 11:45 N\u00eb Ambasad\u00ebn e Republik\u00ebs s\u00eb Kosov\u00ebs n\u00eb Berlin, u mbajt ceremonia e p\u00ebrfundimit t\u00eb akademis\u00eb ushtarake tre vje\u00e7are n\u00eb Republik\u00ebn\" \/>\n<meta property=\"og:url\" content=\"https:\/\/veritasinfo.org\/?p=21093\" \/>\n<meta property=\"article:published_time\" content=\"2025-11-20T10:46:03+00:00\" \/>\n<meta property=\"og:image\" content=\"https:\/\/veritasinfo.org\/wp-content\/uploads\/2025\/11\/IMG_8862.png\" \/>\n\t<meta property=\"og:image:width\" content=\"780\" \/>\n\t<meta property=\"og:image:height\" content=\"500\" \/>\n\t<meta property=\"og:image:type\" content=\"image\/png\" \/>\n<meta name=\"author\" content=\"US5\" \/>\n<meta name=\"twitter:card\" content=\"summary_large_image\" \/>\n<meta name=\"twitter:label1\" content=\"Written by\" \/>\n\t<meta name=\"twitter:data1\" content=\"US5\" \/>\n\t<meta name=\"twitter:label2\" content=\"Est. reading time\" \/>\n\t<meta name=\"twitter:data2\" content=\"2 minutes\" \/>\n<script type=\"application\/ld+json\" class=\"yoast-schema-graph\">{\"@context\":\"https:\/\/schema.org\",\"@graph\":[{\"@type\":\"WebPage\",\"@id\":\"https:\/\/veritasinfo.org\/?p=21093\",\"url\":\"https:\/\/veritasinfo.org\/?p=21093\",\"name\":\"Kat\u00ebr kadet\u00eb t\u00eb FSK-s\u00eb p\u00ebrfundojn\u00eb Akademin\u00eb Ushtarake n\u00eb Gjermani -\",\"isPartOf\":{\"@id\":\"https:\/\/veritasinfo.org\/#website\"},\"primaryImageOfPage\":{\"@id\":\"https:\/\/veritasinfo.org\/?p=21093#primaryimage\"},\"image\":{\"@id\":\"https:\/\/veritasinfo.org\/?p=21093#primaryimage\"},\"thumbnailUrl\":\"https:\/\/veritasinfo.org\/wp-content\/uploads\/2025\/11\/IMG_8862.png\",\"datePublished\":\"2025-11-20T10:46:03+00:00\",\"author\":{\"@id\":\"https:\/\/veritasinfo.org\/#\/schema\/person\/bc442336e35414d04494ab8fb45db4c6\"},\"breadcrumb\":{\"@id\":\"https:\/\/veritasinfo.org\/?p=21093#breadcrumb\"},\"inLanguage\":\"en-US\",\"potentialAction\":[{\"@type\":\"ReadAction\",\"target\":[\"https:\/\/veritasinfo.org\/?p=21093\"]}]},{\"@type\":\"ImageObject\",\"inLanguage\":\"en-US\",\"@id\":\"https:\/\/veritasinfo.org\/?p=21093#primaryimage\",\"url\":\"https:\/\/veritasinfo.org\/wp-content\/uploads\/2025\/11\/IMG_8862.png\",\"contentUrl\":\"https:\/\/veritasinfo.org\/wp-content\/uploads\/2025\/11\/IMG_8862.png\",\"width\":780,\"height\":500},{\"@type\":\"BreadcrumbList\",\"@id\":\"https:\/\/veritasinfo.org\/?p=21093#breadcrumb\",\"itemListElement\":[{\"@type\":\"ListItem\",\"position\":1,\"name\":\"Home\",\"item\":\"https:\/\/veritasinfo.org\/\"},{\"@type\":\"ListItem\",\"position\":2,\"name\":\"Kat\u00ebr kadet\u00eb t\u00eb FSK-s\u00eb p\u00ebrfundojn\u00eb Akademin\u00eb Ushtarake n\u00eb Gjermani\"}]},{\"@type\":\"WebSite\",\"@id\":\"https:\/\/veritasinfo.org\/#website\",\"url\":\"https:\/\/veritasinfo.org\/\",\"name\":\"\",\"description\":\"\",\"potentialAction\":[{\"@type\":\"SearchAction\",\"target\":{\"@type\":\"EntryPoint\",\"urlTemplate\":\"https:\/\/veritasinfo.org\/?s={search_term_string}\"},\"query-input\":{\"@type\":\"PropertyValueSpecification\",\"valueRequired\":true,\"valueName\":\"search_term_string\"}}],\"inLanguage\":\"en-US\"},{\"@type\":\"Person\",\"@id\":\"https:\/\/veritasinfo.org\/#\/schema\/person\/bc442336e35414d04494ab8fb45db4c6\",\"name\":\"US5\",\"image\":{\"@type\":\"ImageObject\",\"inLanguage\":\"en-US\",\"@id\":\"https:\/\/veritasinfo.org\/#\/schema\/person\/image\/\",\"url\":\"https:\/\/secure.gravatar.com\/avatar\/16a61e7272a0c5d001121ebb9e60e925d5816e4ac1e443ed3e640d9a6ae55d0c?s=96&d=mm&r=g\",\"contentUrl\":\"https:\/\/secure.gravatar.com\/avatar\/16a61e7272a0c5d001121ebb9e60e925d5816e4ac1e443ed3e640d9a6ae55d0c?s=96&d=mm&r=g\",\"caption\":\"US5\"},\"url\":\"https:\/\/veritasinfo.org\/?author=6\"}]}<\/script>\n<!-- \/ Yoast SEO plugin. -->","yoast_head_json":{"title":"Kat\u00ebr kadet\u00eb t\u00eb FSK-s\u00eb p\u00ebrfundojn\u00eb Akademin\u00eb Ushtarake n\u00eb Gjermani -","robots":{"index":"index","follow":"follow","max-snippet":"max-snippet:-1","max-image-preview":"max-image-preview:large","max-video-preview":"max-video-preview:-1"},"canonical":"https:\/\/veritasinfo.org\/?p=21093","og_locale":"en_US","og_type":"article","og_title":"Kat\u00ebr kadet\u00eb t\u00eb FSK-s\u00eb p\u00ebrfundojn\u00eb Akademin\u00eb Ushtarake n\u00eb Gjermani -","og_description":"Prishtin\u00eb 20 N\u00ebntor 2025 11:45 N\u00eb Ambasad\u00ebn e Republik\u00ebs s\u00eb Kosov\u00ebs n\u00eb Berlin, u mbajt ceremonia e p\u00ebrfundimit t\u00eb akademis\u00eb ushtarake tre vje\u00e7are n\u00eb Republik\u00ebn","og_url":"https:\/\/veritasinfo.org\/?p=21093","article_published_time":"2025-11-20T10:46:03+00:00","og_image":[{"width":780,"height":500,"url":"https:\/\/veritasinfo.org\/wp-content\/uploads\/2025\/11\/IMG_8862.png","type":"image\/png"}],"author":"US5","twitter_card":"summary_large_image","twitter_misc":{"Written by":"US5","Est. reading time":"2 minutes"},"schema":{"@context":"https:\/\/schema.org","@graph":[{"@type":"WebPage","@id":"https:\/\/veritasinfo.org\/?p=21093","url":"https:\/\/veritasinfo.org\/?p=21093","name":"Kat\u00ebr kadet\u00eb t\u00eb FSK-s\u00eb p\u00ebrfundojn\u00eb Akademin\u00eb Ushtarake n\u00eb Gjermani -","isPartOf":{"@id":"https:\/\/veritasinfo.org\/#website"},"primaryImageOfPage":{"@id":"https:\/\/veritasinfo.org\/?p=21093#primaryimage"},"image":{"@id":"https:\/\/veritasinfo.org\/?p=21093#primaryimage"},"thumbnailUrl":"https:\/\/veritasinfo.org\/wp-content\/uploads\/2025\/11\/IMG_8862.png","datePublished":"2025-11-20T10:46:03+00:00","author":{"@id":"https:\/\/veritasinfo.org\/#\/schema\/person\/bc442336e35414d04494ab8fb45db4c6"},"breadcrumb":{"@id":"https:\/\/veritasinfo.org\/?p=21093#breadcrumb"},"inLanguage":"en-US","potentialAction":[{"@type":"ReadAction","target":["https:\/\/veritasinfo.org\/?p=21093"]}]},{"@type":"ImageObject","inLanguage":"en-US","@id":"https:\/\/veritasinfo.org\/?p=21093#primaryimage","url":"https:\/\/veritasinfo.org\/wp-content\/uploads\/2025\/11\/IMG_8862.png","contentUrl":"https:\/\/veritasinfo.org\/wp-content\/uploads\/2025\/11\/IMG_8862.png","width":780,"height":500},{"@type":"BreadcrumbList","@id":"https:\/\/veritasinfo.org\/?p=21093#breadcrumb","itemListElement":[{"@type":"ListItem","position":1,"name":"Home","item":"https:\/\/veritasinfo.org\/"},{"@type":"ListItem","position":2,"name":"Kat\u00ebr kadet\u00eb t\u00eb FSK-s\u00eb p\u00ebrfundojn\u00eb Akademin\u00eb Ushtarake n\u00eb Gjermani"}]},{"@type":"WebSite","@id":"https:\/\/veritasinfo.org\/#website","url":"https:\/\/veritasinfo.org\/","name":"","description":"","potentialAction":[{"@type":"SearchAction","target":{"@type":"EntryPoint","urlTemplate":"https:\/\/veritasinfo.org\/?s={search_term_string}"},"query-input":{"@type":"PropertyValueSpecification","valueRequired":true,"valueName":"search_term_string"}}],"inLanguage":"en-US"},{"@type":"Person","@id":"https:\/\/veritasinfo.org\/#\/schema\/person\/bc442336e35414d04494ab8fb45db4c6","name":"US5","image":{"@type":"ImageObject","inLanguage":"en-US","@id":"https:\/\/veritasinfo.org\/#\/schema\/person\/image\/","url":"https:\/\/secure.gravatar.com\/avatar\/16a61e7272a0c5d001121ebb9e60e925d5816e4ac1e443ed3e640d9a6ae55d0c?s=96&d=mm&r=g","contentUrl":"https:\/\/secure.gravatar.com\/avatar\/16a61e7272a0c5d001121ebb9e60e925d5816e4ac1e443ed3e640d9a6ae55d0c?s=96&d=mm&r=g","caption":"US5"},"url":"https:\/\/veritasinfo.org\/?author=6"}]}},"featured_image_urls":{"full":["https:\/\/veritasinfo.org\/wp-content\/uploads\/2025\/11\/IMG_8862.png",780,500,false],"thumbnail":["https:\/\/veritasinfo.org\/wp-content\/uploads\/2025\/11\/IMG_8862-150x150.png",150,150,true],"medium":["https:\/\/veritasinfo.org\/wp-content\/uploads\/2025\/11\/IMG_8862-300x192.png",300,192,true],"medium_large":["https:\/\/veritasinfo.org\/wp-content\/uploads\/2025\/11\/IMG_8862-768x492.png",640,410,true],"large":["https:\/\/veritasinfo.org\/wp-content\/uploads\/2025\/11\/IMG_8862.png",640,410,false],"1536x1536":["https:\/\/veritasinfo.org\/wp-content\/uploads\/2025\/11\/IMG_8862.png",780,500,false],"2048x2048":["https:\/\/veritasinfo.org\/wp-content\/uploads\/2025\/11\/IMG_8862.png",780,500,false],"kreeti-slider-full":["https:\/\/veritasinfo.org\/wp-content\/uploads\/2025\/11\/IMG_8862.png",780,500,false],"kreeti-featured":["https:\/\/veritasinfo.org\/wp-content\/uploads\/2025\/11\/IMG_8862.png",780,500,false],"kreeti-medium":["https:\/\/veritasinfo.org\/wp-content\/uploads\/2025\/11\/IMG_8862.png",720,462,false],"kreeti-medium-square":["https:\/\/veritasinfo.org\/wp-content\/uploads\/2025\/11\/IMG_8862.png",350,224,false]},"author_info":{"info":["US5"]},"category_info":"<a href=\"https:\/\/veritasinfo.org\/?cat=60\" rel=\"category\">Shoq\u00ebrore<\/a>","tag_info":"Shoq\u00ebrore","comment_count":"0","_links":{"self":[{"href":"https:\/\/veritasinfo.org\/index.php?rest_route=\/wp\/v2\/posts\/21093","targetHints":{"allow":["GET"]}}],"collection":[{"href":"https:\/\/veritasinfo.org\/index.php?rest_route=\/wp\/v2\/posts"}],"about":[{"href":"https:\/\/veritasinfo.org\/index.php?rest_route=\/wp\/v2\/types\/post"}],"author":[{"embeddable":true,"href":"https:\/\/veritasinfo.org\/index.php?rest_route=\/wp\/v2\/users\/6"}],"replies":[{"embeddable":true,"href":"https:\/\/veritasinfo.org\/index.php?rest_route=%2Fwp%2Fv2%2Fcomments&post=21093"}],"version-history":[{"count":1,"href":"https:\/\/veritasinfo.org\/index.php?rest_route=\/wp\/v2\/posts\/21093\/revisions"}],"predecessor-version":[{"id":21095,"href":"https:\/\/veritasinfo.org\/index.php?rest_route=\/wp\/v2\/posts\/21093\/revisions\/21095"}],"wp:featuredmedia":[{"embeddable":true,"href":"https:\/\/veritasinfo.org\/index.php?rest_route=\/wp\/v2\/media\/21094"}],"wp:attachment":[{"href":"https:\/\/veritasinfo.org\/index.php?rest_route=%2Fwp%2Fv2%2Fmedia&parent=21093"}],"wp:term":[{"taxonomy":"category","embeddable":true,"href":"https:\/\/veritasinfo.org\/index.php?rest_route=%2Fwp%2Fv2%2Fcategories&post=21093"},{"taxonomy":"post_tag","embeddable":true,"href":"https:\/\/veritasinfo.org\/index.php?rest_route=%2Fwp%2Fv2%2Ftags&post=21093"}],"curies":[{"name":"wp","href":"https:\/\/api.w.org\/{rel}","templated":true}]}}