{"id":21088,"date":"2025-11-20T11:18:18","date_gmt":"2025-11-20T10:18:18","guid":{"rendered":"https:\/\/veritasinfo.org\/?p=21088"},"modified":"2025-11-20T11:18:18","modified_gmt":"2025-11-20T10:18:18","slug":"shkarkohet-u-d-i-kryeprokurorit-te-shtetit-besim-kelmendi","status":"publish","type":"post","link":"https:\/\/veritasinfo.org\/?p=21088","title":{"rendered":"Shkarkohet u.d i Kryeprokurorit t\u00eb Shtetit, Besim Kelmendi"},"content":{"rendered":"<p>Prishtin\u00eb 20 N\u00ebntor 2025 11:18<\/p>\n<p>K\u00ebshilli Prokurorial i Kosov\u00ebs ka shkarkuar Besim Kelmendin nga pozita e ushtruesit t\u00eb Detyr\u00ebs s\u00eb Kryeprokurorit t\u00eb Shtetit, Besim Kelmendi.<\/p>\n<p>P\u00ebr shkarkimin e Besim Kelmendit votuan pes\u00eb an\u00ebtar\u00eb, transmeton Telegraf.<\/p>\n<p>N\u00eb mbledhjen e K\u00ebshillit Prokurorial t\u00eb Kosov\u00ebs, u vendos q\u00eb Agron Qalaj t\u00eb em\u00ebrohet u.d i Kryeprokurorit t\u00eb Shtetit.<\/p>\n<p>Z\u00ebvend\u00ebskryesuesja e K\u00ebshillit Prokurorial t\u00eb Kosov\u00ebs ka propozuar shkarkimin e ushtruesit t\u00eb detyr\u00ebs s\u00eb Kryeprokurorit t\u00eb Shtetit, Besim Kelmendi.<\/p>\n<p>Zv.kreysuesja Jehona Grantolli ka deklaruar se k\u00ebt\u00eb po e propozon pas zhvillimeve t\u00eb fundit, ku Kelmendi u intervistua n\u00eb cil\u00ebsin\u00eb e d\u00ebshmitarit nga Prokuroria Speciale lidhur me masakr\u00ebn e Re\u00e7akut.<\/p>\n<p>\u201cDuke pas\u00eb parasysh zhvillimet e fundit lidhur me detyr\u00ebn e U.D. Besim Kelmendit, i cili \u00ebsht\u00eb pozicionuar s\u00eb fundmi me nj\u00eb grup t\u00eb an\u00ebtar\u00ebve t\u00eb KP dhe i cili m\u00eb nuk p\u00ebrfaq\u00ebson unitetin e sistemit prokurorial, p\u00ebr t\u00eb cilin \u00ebsht\u00eb zotuar n\u00eb marrjen e detyr\u00ebs. Duke pasur parasysh edhe k\u00ebrkesat e ndryshme q\u00eb jan\u00eb publike, q\u00eb K\u00ebshilli Prokurorial t\u00eb k\u00ebrkoj\u00eb shkarkimin e U.D.-s\u00eb, k\u00ebrkoj q\u00eb kjo pik\u00eb t\u00eb futet n\u00eb mbledhje, me propozimin p\u00ebr shkarkimin e tij\u201d, ka th\u00ebn\u00eb Grantolli n\u00eb mbledhjen e KPK-s\u00eb.<\/p>\n<p>Nd\u00ebrkaq, Kelmendi i ka reaguar duke th\u00ebn\u00eb se fjalimin duket se ia ka shkruar dikush tjet\u00ebr e jo vet\u00eb Grantolli.<\/p>\n<p>\u201cSot nga z\u00ebvend\u00ebskryesuesja e K\u00ebshillit Prokurorial doli nj\u00eb propozim, t\u00eb cilin ajo e lexoi, por nuk dihet se kush ia ka shkruar. Ndoshta ai \u00ebsht\u00eb z\u00ebdh\u00ebn\u00ebsi i tyre n\u00eb media. Nj\u00eb dhe i vet\u00ebm. Kam d\u00ebgjuar shum\u00eb mir\u00eb \u00e7ka ke th\u00ebn\u00eb. N\u00ebse \u00ebsht\u00eb dikush pjes\u00eb e grupeve, tregoni cili grup \u00ebsht\u00eb\u201d, deklaroi Kelmendi.<\/p>\n<p>Kelmendi tha se kjo \u00ebsht\u00eb e planifikuar n\u00eb m\u00ebnyr\u00eb q\u00eb n\u00eb k\u00ebt\u00eb pozit\u00eb t\u00eb vij\u00eb njeriu i besuesh\u00ebm i atyre q\u00eb po d\u00ebshirojn\u00eb ta shkarkojn\u00eb.<\/p>\n<p>Ndryshe, dit\u00ebn e m\u00ebrkur\u00eb, Ushtruesi i detyr\u00ebs s\u00eb kryeprokurorit t\u00eb Shtetit, Besim Kelmendi n\u00eb nj\u00eb konferenc\u00eb t\u00eb jasht\u00ebzakonshme p\u00ebr media ka th\u00ebn\u00eb se jan\u00eb t\u00eb pav\u00ebrteta dhe shpifje shkrimet q\u00eb jan\u00eb publikuar n\u00eb media dit\u00ebve t\u00eb fundit.<\/p>\n<p>\u201cM\u00eb vjen shum\u00eb keq q\u00eb nj\u00eb portal i njohur \u201cPaparaci\u201d po vazhdon t\u00eb raportoj t\u00eb pav\u00ebrteta. Lajmet e publikuara jan\u00eb t\u00eb pav\u00ebrteta dhe tendencioze. T\u00eb dh\u00ebnat jan\u00eb plot\u00ebsisht g\u00ebnjeshtra. Un\u00eb kam pasur k\u00ebsi shkrime dhe m\u00eb her\u00ebt nga i nj\u00ebjti portal nga pronari i saj Vehbi Kajtazi\u201d, tha Kelmendi.<\/p>\n<p>Kelmendi ka deklaruar se jo rast\u00ebsisht ky portal sot shkruajti nj\u00eb artikull kund\u00ebr tij.<\/p>\n<p>\u201cP\u00ebr t\u00eb th\u00ebn\u00eb gj\u00ebra q\u00eb kurr\u00eb n\u00eb jet\u00ebn time nuk i kam b\u00ebr\u00eb as q\u00eb kisha guxuar ti b\u00ebj\u00eb. \u00c7far\u00ebdo pretendimi i Vehbi Kajtazit n\u00eb shkrimin e tij tregon q\u00eb gj\u00ebrat jan\u00eb krejt\u00ebsisht ndryshe. M\u00eb vjen mir\u00eb q\u00eb sot mu ka dh\u00ebn\u00eb mund\u00ebsia q\u00eb n\u00eb Prokurorin\u00eb Speciale t\u00eb jap nj\u00eb deklarat\u00eb e cila konfirmon gjith\u00eb at\u00eb q\u00eb po e them sot para juve\u201d, tha Kelmendi, duke theksuar se ka d\u00ebshmuar n\u00eb cil\u00ebsin\u00eb e d\u00ebshmitarit.<\/p>\n","protected":false},"excerpt":{"rendered":"<p>Prishtin\u00eb 20 N\u00ebntor 2025 11:18 K\u00ebshilli Prokurorial i Kosov\u00ebs ka shkarkuar Besim Kelmendin nga pozita e ushtruesit t\u00eb Detyr\u00ebs s\u00eb Kryeprokurorit t\u00eb Shtetit, Besim Kelmendi.<\/p>\n","protected":false},"author":6,"featured_media":21089,"comment_status":"open","ping_status":"open","sticky":false,"template":"","format":"standard","meta":{"footnotes":""},"categories":[58],"tags":[],"class_list":["post-21088","post","type-post","status-publish","format-standard","has-post-thumbnail","hentry","category-politike-sq"],"yoast_head":"<!-- This site is optimized with the Yoast SEO plugin v25.3.1 - https:\/\/yoast.com\/wordpress\/plugins\/seo\/ -->\n<title>Shkarkohet u.d i Kryeprokurorit t\u00eb Shtetit, Besim Kelmendi -<\/title>\n<meta name=\"robots\" content=\"index, follow, max-snippet:-1, max-image-preview:large, max-video-preview:-1\" \/>\n<link rel=\"canonical\" href=\"https:\/\/veritasinfo.org\/?p=21088\" \/>\n<meta property=\"og:locale\" content=\"en_US\" \/>\n<meta property=\"og:type\" content=\"article\" \/>\n<meta property=\"og:title\" content=\"Shkarkohet u.d i Kryeprokurorit t\u00eb Shtetit, Besim Kelmendi -\" \/>\n<meta property=\"og:description\" content=\"Prishtin\u00eb 20 N\u00ebntor 2025 11:18 K\u00ebshilli Prokurorial i Kosov\u00ebs ka shkarkuar Besim Kelmendin nga pozita e ushtruesit t\u00eb Detyr\u00ebs s\u00eb Kryeprokurorit t\u00eb Shtetit, Besim Kelmendi.\" \/>\n<meta property=\"og:url\" content=\"https:\/\/veritasinfo.org\/?p=21088\" \/>\n<meta property=\"article:published_time\" content=\"2025-11-20T10:18:18+00:00\" \/>\n<meta property=\"og:image\" content=\"https:\/\/veritasinfo.org\/wp-content\/uploads\/2025\/11\/image-2.webp\" \/>\n\t<meta property=\"og:image:width\" content=\"1245\" \/>\n\t<meta property=\"og:image:height\" content=\"700\" \/>\n\t<meta property=\"og:image:type\" content=\"image\/webp\" \/>\n<meta name=\"author\" content=\"US5\" \/>\n<meta name=\"twitter:card\" content=\"summary_large_image\" \/>\n<meta name=\"twitter:label1\" content=\"Written by\" \/>\n\t<meta name=\"twitter:data1\" content=\"US5\" \/>\n<script type=\"application\/ld+json\" class=\"yoast-schema-graph\">{\"@context\":\"https:\/\/schema.org\",\"@graph\":[{\"@type\":\"WebPage\",\"@id\":\"https:\/\/veritasinfo.org\/?p=21088\",\"url\":\"https:\/\/veritasinfo.org\/?p=21088\",\"name\":\"Shkarkohet u.d i Kryeprokurorit t\u00eb Shtetit, Besim Kelmendi -\",\"isPartOf\":{\"@id\":\"https:\/\/veritasinfo.org\/#website\"},\"primaryImageOfPage\":{\"@id\":\"https:\/\/veritasinfo.org\/?p=21088#primaryimage\"},\"image\":{\"@id\":\"https:\/\/veritasinfo.org\/?p=21088#primaryimage\"},\"thumbnailUrl\":\"https:\/\/veritasinfo.org\/wp-content\/uploads\/2025\/11\/image-2.webp\",\"datePublished\":\"2025-11-20T10:18:18+00:00\",\"author\":{\"@id\":\"https:\/\/veritasinfo.org\/#\/schema\/person\/bc442336e35414d04494ab8fb45db4c6\"},\"breadcrumb\":{\"@id\":\"https:\/\/veritasinfo.org\/?p=21088#breadcrumb\"},\"inLanguage\":\"en-US\",\"potentialAction\":[{\"@type\":\"ReadAction\",\"target\":[\"https:\/\/veritasinfo.org\/?p=21088\"]}]},{\"@type\":\"ImageObject\",\"inLanguage\":\"en-US\",\"@id\":\"https:\/\/veritasinfo.org\/?p=21088#primaryimage\",\"url\":\"https:\/\/veritasinfo.org\/wp-content\/uploads\/2025\/11\/image-2.webp\",\"contentUrl\":\"https:\/\/veritasinfo.org\/wp-content\/uploads\/2025\/11\/image-2.webp\",\"width\":1245,\"height\":700},{\"@type\":\"BreadcrumbList\",\"@id\":\"https:\/\/veritasinfo.org\/?p=21088#breadcrumb\",\"itemListElement\":[{\"@type\":\"ListItem\",\"position\":1,\"name\":\"Home\",\"item\":\"https:\/\/veritasinfo.org\/\"},{\"@type\":\"ListItem\",\"position\":2,\"name\":\"Shkarkohet u.d i Kryeprokurorit t\u00eb Shtetit, Besim Kelmendi\"}]},{\"@type\":\"WebSite\",\"@id\":\"https:\/\/veritasinfo.org\/#website\",\"url\":\"https:\/\/veritasinfo.org\/\",\"name\":\"\",\"description\":\"\",\"potentialAction\":[{\"@type\":\"SearchAction\",\"target\":{\"@type\":\"EntryPoint\",\"urlTemplate\":\"https:\/\/veritasinfo.org\/?s={search_term_string}\"},\"query-input\":{\"@type\":\"PropertyValueSpecification\",\"valueRequired\":true,\"valueName\":\"search_term_string\"}}],\"inLanguage\":\"en-US\"},{\"@type\":\"Person\",\"@id\":\"https:\/\/veritasinfo.org\/#\/schema\/person\/bc442336e35414d04494ab8fb45db4c6\",\"name\":\"US5\",\"image\":{\"@type\":\"ImageObject\",\"inLanguage\":\"en-US\",\"@id\":\"https:\/\/veritasinfo.org\/#\/schema\/person\/image\/\",\"url\":\"https:\/\/secure.gravatar.com\/avatar\/16a61e7272a0c5d001121ebb9e60e925d5816e4ac1e443ed3e640d9a6ae55d0c?s=96&d=mm&r=g\",\"contentUrl\":\"https:\/\/secure.gravatar.com\/avatar\/16a61e7272a0c5d001121ebb9e60e925d5816e4ac1e443ed3e640d9a6ae55d0c?s=96&d=mm&r=g\",\"caption\":\"US5\"},\"url\":\"https:\/\/veritasinfo.org\/?author=6\"}]}<\/script>\n<!-- \/ Yoast SEO plugin. -->","yoast_head_json":{"title":"Shkarkohet u.d i Kryeprokurorit t\u00eb Shtetit, Besim Kelmendi -","robots":{"index":"index","follow":"follow","max-snippet":"max-snippet:-1","max-image-preview":"max-image-preview:large","max-video-preview":"max-video-preview:-1"},"canonical":"https:\/\/veritasinfo.org\/?p=21088","og_locale":"en_US","og_type":"article","og_title":"Shkarkohet u.d i Kryeprokurorit t\u00eb Shtetit, Besim Kelmendi -","og_description":"Prishtin\u00eb 20 N\u00ebntor 2025 11:18 K\u00ebshilli Prokurorial i Kosov\u00ebs ka shkarkuar Besim Kelmendin nga pozita e ushtruesit t\u00eb Detyr\u00ebs s\u00eb Kryeprokurorit t\u00eb Shtetit, Besim Kelmendi.","og_url":"https:\/\/veritasinfo.org\/?p=21088","article_published_time":"2025-11-20T10:18:18+00:00","og_image":[{"width":1245,"height":700,"url":"https:\/\/veritasinfo.org\/wp-content\/uploads\/2025\/11\/image-2.webp","type":"image\/webp"}],"author":"US5","twitter_card":"summary_large_image","twitter_misc":{"Written by":"US5"},"schema":{"@context":"https:\/\/schema.org","@graph":[{"@type":"WebPage","@id":"https:\/\/veritasinfo.org\/?p=21088","url":"https:\/\/veritasinfo.org\/?p=21088","name":"Shkarkohet u.d i Kryeprokurorit t\u00eb Shtetit, Besim Kelmendi -","isPartOf":{"@id":"https:\/\/veritasinfo.org\/#website"},"primaryImageOfPage":{"@id":"https:\/\/veritasinfo.org\/?p=21088#primaryimage"},"image":{"@id":"https:\/\/veritasinfo.org\/?p=21088#primaryimage"},"thumbnailUrl":"https:\/\/veritasinfo.org\/wp-content\/uploads\/2025\/11\/image-2.webp","datePublished":"2025-11-20T10:18:18+00:00","author":{"@id":"https:\/\/veritasinfo.org\/#\/schema\/person\/bc442336e35414d04494ab8fb45db4c6"},"breadcrumb":{"@id":"https:\/\/veritasinfo.org\/?p=21088#breadcrumb"},"inLanguage":"en-US","potentialAction":[{"@type":"ReadAction","target":["https:\/\/veritasinfo.org\/?p=21088"]}]},{"@type":"ImageObject","inLanguage":"en-US","@id":"https:\/\/veritasinfo.org\/?p=21088#primaryimage","url":"https:\/\/veritasinfo.org\/wp-content\/uploads\/2025\/11\/image-2.webp","contentUrl":"https:\/\/veritasinfo.org\/wp-content\/uploads\/2025\/11\/image-2.webp","width":1245,"height":700},{"@type":"BreadcrumbList","@id":"https:\/\/veritasinfo.org\/?p=21088#breadcrumb","itemListElement":[{"@type":"ListItem","position":1,"name":"Home","item":"https:\/\/veritasinfo.org\/"},{"@type":"ListItem","position":2,"name":"Shkarkohet u.d i Kryeprokurorit t\u00eb Shtetit, Besim Kelmendi"}]},{"@type":"WebSite","@id":"https:\/\/veritasinfo.org\/#website","url":"https:\/\/veritasinfo.org\/","name":"","description":"","potentialAction":[{"@type":"SearchAction","target":{"@type":"EntryPoint","urlTemplate":"https:\/\/veritasinfo.org\/?s={search_term_string}"},"query-input":{"@type":"PropertyValueSpecification","valueRequired":true,"valueName":"search_term_string"}}],"inLanguage":"en-US"},{"@type":"Person","@id":"https:\/\/veritasinfo.org\/#\/schema\/person\/bc442336e35414d04494ab8fb45db4c6","name":"US5","image":{"@type":"ImageObject","inLanguage":"en-US","@id":"https:\/\/veritasinfo.org\/#\/schema\/person\/image\/","url":"https:\/\/secure.gravatar.com\/avatar\/16a61e7272a0c5d001121ebb9e60e925d5816e4ac1e443ed3e640d9a6ae55d0c?s=96&d=mm&r=g","contentUrl":"https:\/\/secure.gravatar.com\/avatar\/16a61e7272a0c5d001121ebb9e60e925d5816e4ac1e443ed3e640d9a6ae55d0c?s=96&d=mm&r=g","caption":"US5"},"url":"https:\/\/veritasinfo.org\/?author=6"}]}},"featured_image_urls":{"full":["https:\/\/veritasinfo.org\/wp-content\/uploads\/2025\/11\/image-2.webp",1245,700,false],"thumbnail":["https:\/\/veritasinfo.org\/wp-content\/uploads\/2025\/11\/image-2-150x150.webp",150,150,true],"medium":["https:\/\/veritasinfo.org\/wp-content\/uploads\/2025\/11\/image-2-300x169.webp",300,169,true],"medium_large":["https:\/\/veritasinfo.org\/wp-content\/uploads\/2025\/11\/image-2-768x432.webp",640,360,true],"large":["https:\/\/veritasinfo.org\/wp-content\/uploads\/2025\/11\/image-2-1024x576.webp",640,360,true],"1536x1536":["https:\/\/veritasinfo.org\/wp-content\/uploads\/2025\/11\/image-2.webp",1245,700,false],"2048x2048":["https:\/\/veritasinfo.org\/wp-content\/uploads\/2025\/11\/image-2.webp",1245,700,false],"kreeti-slider-full":["https:\/\/veritasinfo.org\/wp-content\/uploads\/2025\/11\/image-2.webp",1245,700,false],"kreeti-featured":["https:\/\/veritasinfo.org\/wp-content\/uploads\/2025\/11\/image-2.webp",1024,576,false],"kreeti-medium":["https:\/\/veritasinfo.org\/wp-content\/uploads\/2025\/11\/image-2.webp",720,405,false],"kreeti-medium-square":["https:\/\/veritasinfo.org\/wp-content\/uploads\/2025\/11\/image-2.webp",350,197,false]},"author_info":{"info":["US5"]},"category_info":"<a href=\"https:\/\/veritasinfo.org\/?cat=58\" rel=\"category\">Politik\u00eb<\/a>","tag_info":"Politik\u00eb","comment_count":"0","_links":{"self":[{"href":"https:\/\/veritasinfo.org\/index.php?rest_route=\/wp\/v2\/posts\/21088","targetHints":{"allow":["GET"]}}],"collection":[{"href":"https:\/\/veritasinfo.org\/index.php?rest_route=\/wp\/v2\/posts"}],"about":[{"href":"https:\/\/veritasinfo.org\/index.php?rest_route=\/wp\/v2\/types\/post"}],"author":[{"embeddable":true,"href":"https:\/\/veritasinfo.org\/index.php?rest_route=\/wp\/v2\/users\/6"}],"replies":[{"embeddable":true,"href":"https:\/\/veritasinfo.org\/index.php?rest_route=%2Fwp%2Fv2%2Fcomments&post=21088"}],"version-history":[{"count":1,"href":"https:\/\/veritasinfo.org\/index.php?rest_route=\/wp\/v2\/posts\/21088\/revisions"}],"predecessor-version":[{"id":21090,"href":"https:\/\/veritasinfo.org\/index.php?rest_route=\/wp\/v2\/posts\/21088\/revisions\/21090"}],"wp:featuredmedia":[{"embeddable":true,"href":"https:\/\/veritasinfo.org\/index.php?rest_route=\/wp\/v2\/media\/21089"}],"wp:attachment":[{"href":"https:\/\/veritasinfo.org\/index.php?rest_route=%2Fwp%2Fv2%2Fmedia&parent=21088"}],"wp:term":[{"taxonomy":"category","embeddable":true,"href":"https:\/\/veritasinfo.org\/index.php?rest_route=%2Fwp%2Fv2%2Fcategories&post=21088"},{"taxonomy":"post_tag","embeddable":true,"href":"https:\/\/veritasinfo.org\/index.php?rest_route=%2Fwp%2Fv2%2Ftags&post=21088"}],"curies":[{"name":"wp","href":"https:\/\/api.w.org\/{rel}","templated":true}]}}