{"id":21047,"date":"2025-11-20T08:30:34","date_gmt":"2025-11-20T07:30:34","guid":{"rendered":"https:\/\/veritasinfo.org\/?p=21047"},"modified":"2025-11-20T08:30:34","modified_gmt":"2025-11-20T07:30:34","slug":"biografite-kriminale-ne-vijen-e-mbrojtjes-se-pushtetit-ne-serbi","status":"publish","type":"post","link":"https:\/\/veritasinfo.org\/?p=21047","title":{"rendered":"Biografit\u00eb kriminale n\u00eb vij\u00ebn e mbrojtjes s\u00eb pushtetit n\u00eb Serbi"},"content":{"rendered":"<p>Prishtin\u00eb, 20 n\u00ebntor 2025 08:30<\/p>\n<p>Ish-pjes\u00ebtar\u00eb t\u00eb formacioneve paraushtarake, an\u00ebtar\u00eb t\u00eb grupeve ultradjathtiste, persona me dosje kriminale dhe madje edhe vras\u00ebs t\u00eb d\u00ebnuar, jav\u00ebt dhe muajt e fundit jan\u00eb t\u00eb pranish\u00ebm n\u00eb mesin e mb\u00ebshtet\u00ebsve t\u00eb pushtetit n\u00eb Serbi.<\/p>\n<p>Radio Evropa e Lir\u00eb (REL) disa her\u00eb ka shkruar p\u00ebr angazhimin e tyre n\u00eb ruajtjen e zyrave t\u00eb Partis\u00eb Progresive Serbe (SNS) n\u00eb disa qytete t\u00eb Serbis\u00eb, si edhe n\u00eb vendin qendror t\u00eb mbledhjes s\u00eb mb\u00ebshtet\u00ebsve t\u00eb pushtetit, n\u00eb t\u00eb ashtuquajturin \u201cQaqilend\u201d, nj\u00eb kamp me \u00e7adra i ngritur mes Presidenc\u00ebs dhe Kuvendit t\u00eb Serbis\u00eb.<\/p>\n<p>Predrag Petroviq, drejtor i hulumtimeve n\u00eb Qendr\u00ebn e Beogradit p\u00ebr Politik\u00eb t\u00eb Siguris\u00eb, e p\u00ebrshkruan \u201cQaqilend\u201d si nj\u00eb kamp paraushtarak ose parapolicor, ku gjenden njer\u00ebz t\u00eb gatsh\u00ebm p\u00ebr p\u00ebrdorimin e dhun\u00ebs fizike.<\/p>\n<p>\u201cQytetar\u00ebt jan\u00eb t\u00eb sigurt vet\u00ebm n\u00ebse e anashkalojn\u00eb k\u00ebt\u00eb kamp me nj\u00eb hark t\u00eb gjer\u00eb\u201d, thot\u00eb Petroviq p\u00ebr REL.<\/p>\n<p>N\u00eb nj\u00eb nga paraqitjet e tij t\u00eb fundit, presidenti i Serbis\u00eb Aleksandar Vu\u00e7iq e cil\u00ebsoi k\u00ebt\u00eb kamp si \u201csimbol t\u00eb ekzistenc\u00ebs s\u00eb Serbis\u00eb, simbol t\u00eb liris\u00eb dhe t\u00eb rezistenc\u00ebs\u201d.<\/p>\n<p>\u201cN\u00eb zem\u00ebr t\u00eb Serbis\u00eb ndodhet nj\u00eb vend i vog\u00ebl nga i cili ka nisur rezistenca \u2014 rezistenca ndaj okupimit, rezistenca ndaj shkat\u00ebrrimit t\u00eb Serbis\u00eb. Dhe ky simbol i rezistenc\u00ebs ekziston edhe sot, simbol i forc\u00ebs s\u00eb Serbis\u00eb q\u00eb nuk mund ta rr\u00ebzojn\u00eb\u201d, tha Vu\u00e7iq p\u00ebr kampin para Kuvendit, n\u00eb fund t\u00eb tetorit t\u00eb k\u00ebtij viti.<\/p>\n<p>Sipas Petroviqit, presidenti n\u00eb k\u00ebt\u00eb deklarat\u00eb \u201cka pranuar se forcat jasht\u00eb institucioneve kan\u00eb qen\u00eb t\u00eb r\u00ebnd\u00ebsishme p\u00ebr \u2018mbrojtjen e Serbis\u00eb\u2019, dometh\u00ebn\u00eb p\u00ebr shp\u00ebtimin e pushtetit t\u00eb tij\u201d.<\/p>\n<p>\u201cAi e pa q\u00eb qytetar\u00ebt protestues mund t\u00eb mobilizohen shum\u00eb shpejt. Prandaj e mban k\u00ebt\u00eb kamp\u201d, vler\u00ebson Petroviq.<\/p>\n<p>Duke p\u00ebrdorur mjete t\u00eb hapura p\u00ebr njohjen e fytyr\u00ebs, gazetar\u00ebt e REL n\u00eb muajt e fundit kan\u00eb identifikuar nj\u00eb num\u00ebr personash me dosje kriminale, jo vet\u00ebm n\u00eb \u201cQaqilend\u201d.<\/p>\n<p>P\u00ebr pyetjet e REL lidhur me individ\u00ebt me dosje problematike n\u00eb radh\u00ebt e mb\u00ebshtet\u00ebsve t\u00eb pushtetit, PSS (SNS) nuk ka dh\u00ebn\u00eb p\u00ebrgjigje. As nga Ministria e Brendshme e Serbis\u00eb nuk kan\u00eb ardhur p\u00ebrgjigje p\u00ebr pyetjen n\u00ebse policia ka informacion q\u00eb n\u00eb kampin para institucioneve m\u00eb t\u00eb r\u00ebnd\u00ebsishme shtet\u00ebrore banojn\u00eb persona t\u00eb d\u00ebnuar m\u00eb par\u00eb p\u00ebr vepra t\u00eb r\u00ebnda penale, si edhe n\u00ebse siguria e qytetar\u00ebve \u00ebsht\u00eb e garantuar n\u00eb af\u00ebrsin\u00eb e tyre.<\/p>\n<p>T\u00eb d\u00ebnuar p\u00ebr vrasje n\u00eb radh\u00ebt e mb\u00ebshtet\u00ebsve t\u00eb pushtetit<\/p>\n<p>Vladan Sretenoviq, i cili deri s\u00eb fundmi ishte n\u00eb arrati dhe n\u00eb k\u00ebrkim nga Serbia pas nj\u00eb d\u00ebnimi p\u00ebr shkaktim t\u00eb l\u00ebndimeve t\u00eb r\u00ebnda trupore, \u00ebsht\u00eb nj\u00eb nga rojet n\u00eb hyrje t\u00eb kampit, si\u00e7 tregojn\u00eb pamjet e REL.<\/p>\n<p>Sretenoviq \u00ebsht\u00eb d\u00ebnuar m\u00eb par\u00eb p\u00ebr vepra shum\u00eb t\u00eb r\u00ebnda. Ai ka kaluar pes\u00ebmb\u00ebdhjet\u00eb vjet n\u00eb burg p\u00ebr nj\u00eb vrasje t\u00eb kryer n\u00eb vitin 1997. N\u00eb nj\u00eb intervist\u00eb p\u00ebr TV Happy n\u00eb vitin 2021, ai ka rr\u00ebfyer se ka vrar\u00eb nj\u00eb njeri p\u00ebr nj\u00eb borxh financiar dhe sharje.<\/p>\n<p>Nj\u00eb tjet\u00ebr vep\u00ebr t\u00eb r\u00ebnd\u00eb e kreu n\u00eb vitin 2016, kur rrahu r\u00ebnd\u00eb nj\u00eb person n\u00eb Arilje n\u00eb per\u00ebndim t\u00eb Serbis\u00eb. P\u00ebr k\u00ebt\u00eb vep\u00ebr, n\u00eb vitin 2023 u d\u00ebnua me 1 vit e 6 muaj burg. Pas d\u00ebnimit, iku n\u00eb Kroaci, ku u arrestua dhe u ekstradua n\u00eb Serbi n\u00eb fund t\u00eb vitit t\u00eb kaluar, sipas t\u00eb dh\u00ebnave t\u00eb gjykat\u00ebs n\u00eb Zagreb.<\/p>\n<p>Nuk \u00ebsht\u00eb e qart\u00eb kur ka dal\u00eb s\u00ebrish nga burgu dhe n\u00ebse i \u00ebsht\u00eb ulur d\u00ebnimi.<\/p>\n<p>REL gjat\u00eb gushtit identifikoi n\u00eb \u201cCacilen\u201d edhe Gjorgje Preliqin, ish-udh\u00ebheq\u00ebs i nj\u00eb grupi tifoz\u00ebsh t\u00eb klubit Partizan. Preliq \u00ebsht\u00eb d\u00ebnuar p\u00ebr vrasjen e tifozit francez Brice Taton n\u00eb vitin 2009 n\u00eb Beograd. Ai ishte n\u00eb arrati kat\u00ebr vjet dhe u d\u00ebnua fillimisht me 35 vite burg n\u00eb munges\u00eb. Pas kapjes n\u00eb Spanj\u00eb dhe rigjykimit, u d\u00ebnua me 10 vite burg. U lirua me kusht n\u00eb vitin 2021.<\/p>\n<p>N\u00eb protestat e gushtit, selin\u00eb e SNS n\u00eb Novi Sad e siguronte edhe Jovan Coja Kecman, ish-udh\u00ebheq\u00ebs i grupit \u201cKorida\u201d. Ai \u00ebsht\u00eb d\u00ebnuar n\u00eb vitin 2018 me 7 vite burg p\u00ebr tentativ\u00eb vrasjeje dhe arm\u00ebmbajtje pa leje.<\/p>\n<p>N\u00eb V\u00ebrbac, REL identifikoi edhe Stojan Knezheviqin, me disa d\u00ebnime \u2013 p\u00ebr arm\u00ebmbajtje, keqp\u00ebrdorim detyre dhe vepra t\u00eb tjera m\u00eb t\u00eb lehta. Ai sot \u00ebsht\u00eb drejtues i Klubut t\u00eb Boksit Sombor, i financuar nga komuna.<\/p>\n<p>Paramilitar\u00eb n\u00eb radh\u00ebt e mb\u00ebshtet\u00ebsve t\u00eb pushtetit?<\/p>\n<p>N\u00eb korrik 2025, REL identifikoi n\u00eb kampin e mb\u00ebshtet\u00ebsve t\u00eb pushtetit edhe Vladimir Vu\u00e7etiqin, i akuzuar nga Prokuroria Speciale e Kosov\u00ebs si pjes\u00ebmarr\u00ebs n\u00eb sulmin terrorist n\u00eb Banjsk\u00eb t\u00eb Kosov\u00ebs n\u00eb vitin 2023. Ai, bashk\u00eb me t\u00eb tjer\u00eb, akuzohet p\u00ebr terroriz\u00ebm dhe vepra kund\u00ebr rendit kushtetues.<\/p>\n<p>Pjesa m\u00eb e madhe e grupit \u00ebsht\u00eb n\u00eb arrati dhe ndaj tyre ka fletarrest t\u00eb Interpolit p\u00ebrmes UNMIK-ut.<\/p>\n<p>Q\u00eb n\u00eb mars 2025, kur u vendos\u00ebn \u00e7adrat e para, n\u00eb \u201cbllokad\u00eb\u201d iu bashkuan edhe ish-pjes\u00ebtar\u00eb t\u00eb \u201cBeretave t\u00eb Kuqe\u201d, nj\u00ebsi e siguris\u00eb s\u00eb Serbis\u00eb e lidhur me krime lufte dhe vrasjen e kund\u00ebrshtar\u00ebve politik\u00eb gjat\u00eb regjimit t\u00eb Slobodan Milosheviqit. Nj\u00ebsia u shp\u00ebrb\u00eb pas vrasjes s\u00eb kryeministrit Zoran Gjingjiq n\u00eb vitin 2003.<\/p>\n<p>Ish-pjes\u00ebtar\u00ebt i udh\u00ebhiqnin Goran Radosavleviq \u2013 Guri dhe Zhivorad Zhika Ivanoviq. Radosavlevqi i \u00ebsht\u00eb ndaluar hyrja n\u00eb SHBA p\u00ebr shkak t\u00eb lidhjeve me vrasjen e v\u00ebllez\u00ebrve Bytyqi, shtetas amerikan\u00eb. Ivanoviq ka qen\u00eb pjes\u00ebtar i Nj\u00ebsis\u00eb s\u00eb Operacioneve Speciale.<\/p>\n<p>N\u00eb \u201cQaqilend\u201d ka qen\u00eb edhe Dragoslav Bokan, themelues i formacionit paraushtarak \u201cShqiponjat e Bardha\u201d, aktiv n\u00eb luft\u00ebrat n\u00eb Kroaci, Bosnj\u00eb e Hercegovin\u00eb dhe Kosov\u00eb. Bokan \u00ebsht\u00eb dy her\u00eb i ndjekur penalisht p\u00ebr arm\u00ebmbajtje dhe grabitje. Sot \u00ebsht\u00eb kryetar i Bordit t\u00eb Teatrit Komb\u00ebtar n\u00eb Beograd.<\/p>\n<p>N\u00eb n\u00ebntor, REL identifikoi edhe Zlatko Novkoviqin, shtetas amerikan me prejardhje serbe dhe pasaport\u00eb ruse, q\u00eb u filmua duke k\u00ebrc\u00ebnuar protestues kund\u00ebr qeveris\u00eb me therje. Ai ka qen\u00eb pjes\u00eb e formacioneve \u00e7etnike n\u00eb rrethinat e Sarajev\u00ebs n\u00eb vitet \u201990 dhe n\u00eb rrjetet sociale ruse paraqitet si rezervist i ushtris\u00eb ruse n\u00eb Ukrain\u00eb.<\/p>\n<p>Krah p\u00ebr krah me p\u00ebrfaq\u00ebsuesit e pushtetit<\/p>\n<p>N\u00eb \u201cQaqilend\u201d, bashk\u00eb me persona me biografi problematike, q\u00ebndrojn\u00eb her\u00eb pas here funksionar\u00eb lokal\u00eb t\u00eb SNS-s\u00eb dhe zyrtar\u00eb t\u00eb lart\u00eb shtet\u00ebror\u00eb \u2013 ministra, kryeministrja dhe presidenti.<\/p>\n<p>Funksionari i SNS dhe ish-hendbollisti Vladimir Mandiq \u00ebsht\u00eb filmuar disa her\u00eb pran\u00eb Kuvendit t\u00eb Serbis\u00eb, dhe n\u00eb nj\u00eb video t\u00eb televizionit Insajder shihet duke goditur me shkelm nj\u00eb nga student\u00ebt roje n\u00eb tubimin e 1 majit.<\/p>\n<p>Mediet lokale kan\u00eb raportuar se n\u00eb n\u00ebntor Mandiq sulmoi ekipin televiziv t\u00eb KTV-s\u00eb s\u00eb Zrenjaninit dhe gazetarin Nemanja Sharoviq, ish-deputet i Partis\u00eb Radikale Serbe.<\/p>\n<p>Mandiq ishte gjykuar p\u00ebr tentativ\u00eb vrasjeje t\u00eb truproj\u00ebs s\u00eb babait t\u00eb tij, Mom\u00e7ilo Mandiq, ish-minist\u00ebr i drejt\u00ebsis\u00eb n\u00eb Republik\u00ebn Srpska. Sipas KRIK-ut, pas 13 viteve gjykim, ai u lirua p\u00ebr munges\u00eb provash.<\/p>\n<p>Protestat n\u00eb Serbi po zgjasin mbi nj\u00eb vit. Filluan pas shembjes s\u00eb nj\u00eb tende betoni n\u00eb stacionin hekurudhor t\u00eb Novi Sadit, ku humb\u00ebn jet\u00ebn gjasht\u00ebmb\u00ebdhjet\u00eb persona. Demonstruesit faj\u00ebsojn\u00eb korrupsionin dhe neglizhenc\u00ebn, dhe k\u00ebrkojn\u00eb shpalljen e zgjedhjeve t\u00eb parakohshme \u2013 k\u00ebrkes\u00eb q\u00eb qeveria e refuzon. Protestat jan\u00eb shoq\u00ebruar me dhun\u00eb, d\u00ebmtim t\u00eb objekteve t\u00eb partis\u00eb n\u00eb pushtet, dhjet\u00ebra t\u00eb plagosur dhe arrestime\u00a0t\u00eb\u00a0shumta.<\/p>\n","protected":false},"excerpt":{"rendered":"<p>Prishtin\u00eb, 20 n\u00ebntor 2025 08:30 Ish-pjes\u00ebtar\u00eb t\u00eb formacioneve paraushtarake, an\u00ebtar\u00eb t\u00eb grupeve ultradjathtiste, persona me dosje kriminale dhe madje edhe vras\u00ebs t\u00eb d\u00ebnuar, jav\u00ebt dhe<\/p>\n","protected":false},"author":7,"featured_media":21045,"comment_status":"open","ping_status":"open","sticky":false,"template":"","format":"standard","meta":{"footnotes":""},"categories":[58],"tags":[],"class_list":["post-21047","post","type-post","status-publish","format-standard","has-post-thumbnail","hentry","category-politike-sq"],"yoast_head":"<!-- This site is optimized with the Yoast SEO plugin v25.3.1 - https:\/\/yoast.com\/wordpress\/plugins\/seo\/ -->\n<title>Biografit\u00eb kriminale n\u00eb vij\u00ebn e mbrojtjes s\u00eb pushtetit n\u00eb Serbi -<\/title>\n<meta name=\"robots\" content=\"index, follow, max-snippet:-1, max-image-preview:large, max-video-preview:-1\" \/>\n<link rel=\"canonical\" href=\"https:\/\/veritasinfo.org\/?p=21047\" \/>\n<meta property=\"og:locale\" content=\"en_US\" \/>\n<meta property=\"og:type\" content=\"article\" \/>\n<meta property=\"og:title\" content=\"Biografit\u00eb kriminale n\u00eb vij\u00ebn e mbrojtjes s\u00eb pushtetit n\u00eb Serbi -\" \/>\n<meta property=\"og:description\" content=\"Prishtin\u00eb, 20 n\u00ebntor 2025 08:30 Ish-pjes\u00ebtar\u00eb t\u00eb formacioneve paraushtarake, an\u00ebtar\u00eb t\u00eb grupeve ultradjathtiste, persona me dosje kriminale dhe madje edhe vras\u00ebs t\u00eb d\u00ebnuar, jav\u00ebt dhe\" \/>\n<meta property=\"og:url\" content=\"https:\/\/veritasinfo.org\/?p=21047\" \/>\n<meta property=\"article:published_time\" content=\"2025-11-20T07:30:34+00:00\" \/>\n<meta property=\"og:image\" content=\"https:\/\/veritasinfo.org\/wp-content\/uploads\/2025\/11\/f824906d-8af6-4144-4a33-08ddfa9ad0a3_cx0_cy9_cw0_w1023_r1_s.jpeg\" \/>\n\t<meta property=\"og:image:width\" content=\"1023\" \/>\n\t<meta property=\"og:image:height\" content=\"575\" \/>\n\t<meta property=\"og:image:type\" content=\"image\/jpeg\" \/>\n<meta name=\"author\" content=\"US6\" \/>\n<meta name=\"twitter:card\" content=\"summary_large_image\" \/>\n<meta name=\"twitter:label1\" content=\"Written by\" \/>\n\t<meta name=\"twitter:data1\" content=\"US6\" \/>\n\t<meta name=\"twitter:label2\" content=\"Est. reading time\" \/>\n\t<meta name=\"twitter:data2\" content=\"6 minutes\" \/>\n<script type=\"application\/ld+json\" class=\"yoast-schema-graph\">{\"@context\":\"https:\/\/schema.org\",\"@graph\":[{\"@type\":\"WebPage\",\"@id\":\"https:\/\/veritasinfo.org\/?p=21047\",\"url\":\"https:\/\/veritasinfo.org\/?p=21047\",\"name\":\"Biografit\u00eb kriminale n\u00eb vij\u00ebn e mbrojtjes s\u00eb pushtetit n\u00eb Serbi -\",\"isPartOf\":{\"@id\":\"https:\/\/veritasinfo.org\/#website\"},\"primaryImageOfPage\":{\"@id\":\"https:\/\/veritasinfo.org\/?p=21047#primaryimage\"},\"image\":{\"@id\":\"https:\/\/veritasinfo.org\/?p=21047#primaryimage\"},\"thumbnailUrl\":\"https:\/\/veritasinfo.org\/wp-content\/uploads\/2025\/11\/f824906d-8af6-4144-4a33-08ddfa9ad0a3_cx0_cy9_cw0_w1023_r1_s.jpeg\",\"datePublished\":\"2025-11-20T07:30:34+00:00\",\"author\":{\"@id\":\"https:\/\/veritasinfo.org\/#\/schema\/person\/fe199eede04c3937362892b7444747cc\"},\"breadcrumb\":{\"@id\":\"https:\/\/veritasinfo.org\/?p=21047#breadcrumb\"},\"inLanguage\":\"en-US\",\"potentialAction\":[{\"@type\":\"ReadAction\",\"target\":[\"https:\/\/veritasinfo.org\/?p=21047\"]}]},{\"@type\":\"ImageObject\",\"inLanguage\":\"en-US\",\"@id\":\"https:\/\/veritasinfo.org\/?p=21047#primaryimage\",\"url\":\"https:\/\/veritasinfo.org\/wp-content\/uploads\/2025\/11\/f824906d-8af6-4144-4a33-08ddfa9ad0a3_cx0_cy9_cw0_w1023_r1_s.jpeg\",\"contentUrl\":\"https:\/\/veritasinfo.org\/wp-content\/uploads\/2025\/11\/f824906d-8af6-4144-4a33-08ddfa9ad0a3_cx0_cy9_cw0_w1023_r1_s.jpeg\",\"width\":1023,\"height\":575},{\"@type\":\"BreadcrumbList\",\"@id\":\"https:\/\/veritasinfo.org\/?p=21047#breadcrumb\",\"itemListElement\":[{\"@type\":\"ListItem\",\"position\":1,\"name\":\"Home\",\"item\":\"https:\/\/veritasinfo.org\/\"},{\"@type\":\"ListItem\",\"position\":2,\"name\":\"Biografit\u00eb kriminale n\u00eb vij\u00ebn e mbrojtjes s\u00eb pushtetit n\u00eb Serbi\"}]},{\"@type\":\"WebSite\",\"@id\":\"https:\/\/veritasinfo.org\/#website\",\"url\":\"https:\/\/veritasinfo.org\/\",\"name\":\"\",\"description\":\"\",\"potentialAction\":[{\"@type\":\"SearchAction\",\"target\":{\"@type\":\"EntryPoint\",\"urlTemplate\":\"https:\/\/veritasinfo.org\/?s={search_term_string}\"},\"query-input\":{\"@type\":\"PropertyValueSpecification\",\"valueRequired\":true,\"valueName\":\"search_term_string\"}}],\"inLanguage\":\"en-US\"},{\"@type\":\"Person\",\"@id\":\"https:\/\/veritasinfo.org\/#\/schema\/person\/fe199eede04c3937362892b7444747cc\",\"name\":\"US6\",\"image\":{\"@type\":\"ImageObject\",\"inLanguage\":\"en-US\",\"@id\":\"https:\/\/veritasinfo.org\/#\/schema\/person\/image\/\",\"url\":\"https:\/\/secure.gravatar.com\/avatar\/cb16c3c31c9d23b9b8c705964598220b3014e42ff51eb540ff23cefa3ae8c15f?s=96&d=mm&r=g\",\"contentUrl\":\"https:\/\/secure.gravatar.com\/avatar\/cb16c3c31c9d23b9b8c705964598220b3014e42ff51eb540ff23cefa3ae8c15f?s=96&d=mm&r=g\",\"caption\":\"US6\"},\"url\":\"https:\/\/veritasinfo.org\/?author=7\"}]}<\/script>\n<!-- \/ Yoast SEO plugin. -->","yoast_head_json":{"title":"Biografit\u00eb kriminale n\u00eb vij\u00ebn e mbrojtjes s\u00eb pushtetit n\u00eb Serbi -","robots":{"index":"index","follow":"follow","max-snippet":"max-snippet:-1","max-image-preview":"max-image-preview:large","max-video-preview":"max-video-preview:-1"},"canonical":"https:\/\/veritasinfo.org\/?p=21047","og_locale":"en_US","og_type":"article","og_title":"Biografit\u00eb kriminale n\u00eb vij\u00ebn e mbrojtjes s\u00eb pushtetit n\u00eb Serbi -","og_description":"Prishtin\u00eb, 20 n\u00ebntor 2025 08:30 Ish-pjes\u00ebtar\u00eb t\u00eb formacioneve paraushtarake, an\u00ebtar\u00eb t\u00eb grupeve ultradjathtiste, persona me dosje kriminale dhe madje edhe vras\u00ebs t\u00eb d\u00ebnuar, jav\u00ebt dhe","og_url":"https:\/\/veritasinfo.org\/?p=21047","article_published_time":"2025-11-20T07:30:34+00:00","og_image":[{"width":1023,"height":575,"url":"https:\/\/veritasinfo.org\/wp-content\/uploads\/2025\/11\/f824906d-8af6-4144-4a33-08ddfa9ad0a3_cx0_cy9_cw0_w1023_r1_s.jpeg","type":"image\/jpeg"}],"author":"US6","twitter_card":"summary_large_image","twitter_misc":{"Written by":"US6","Est. reading time":"6 minutes"},"schema":{"@context":"https:\/\/schema.org","@graph":[{"@type":"WebPage","@id":"https:\/\/veritasinfo.org\/?p=21047","url":"https:\/\/veritasinfo.org\/?p=21047","name":"Biografit\u00eb kriminale n\u00eb vij\u00ebn e mbrojtjes s\u00eb pushtetit n\u00eb Serbi -","isPartOf":{"@id":"https:\/\/veritasinfo.org\/#website"},"primaryImageOfPage":{"@id":"https:\/\/veritasinfo.org\/?p=21047#primaryimage"},"image":{"@id":"https:\/\/veritasinfo.org\/?p=21047#primaryimage"},"thumbnailUrl":"https:\/\/veritasinfo.org\/wp-content\/uploads\/2025\/11\/f824906d-8af6-4144-4a33-08ddfa9ad0a3_cx0_cy9_cw0_w1023_r1_s.jpeg","datePublished":"2025-11-20T07:30:34+00:00","author":{"@id":"https:\/\/veritasinfo.org\/#\/schema\/person\/fe199eede04c3937362892b7444747cc"},"breadcrumb":{"@id":"https:\/\/veritasinfo.org\/?p=21047#breadcrumb"},"inLanguage":"en-US","potentialAction":[{"@type":"ReadAction","target":["https:\/\/veritasinfo.org\/?p=21047"]}]},{"@type":"ImageObject","inLanguage":"en-US","@id":"https:\/\/veritasinfo.org\/?p=21047#primaryimage","url":"https:\/\/veritasinfo.org\/wp-content\/uploads\/2025\/11\/f824906d-8af6-4144-4a33-08ddfa9ad0a3_cx0_cy9_cw0_w1023_r1_s.jpeg","contentUrl":"https:\/\/veritasinfo.org\/wp-content\/uploads\/2025\/11\/f824906d-8af6-4144-4a33-08ddfa9ad0a3_cx0_cy9_cw0_w1023_r1_s.jpeg","width":1023,"height":575},{"@type":"BreadcrumbList","@id":"https:\/\/veritasinfo.org\/?p=21047#breadcrumb","itemListElement":[{"@type":"ListItem","position":1,"name":"Home","item":"https:\/\/veritasinfo.org\/"},{"@type":"ListItem","position":2,"name":"Biografit\u00eb kriminale n\u00eb vij\u00ebn e mbrojtjes s\u00eb pushtetit n\u00eb Serbi"}]},{"@type":"WebSite","@id":"https:\/\/veritasinfo.org\/#website","url":"https:\/\/veritasinfo.org\/","name":"","description":"","potentialAction":[{"@type":"SearchAction","target":{"@type":"EntryPoint","urlTemplate":"https:\/\/veritasinfo.org\/?s={search_term_string}"},"query-input":{"@type":"PropertyValueSpecification","valueRequired":true,"valueName":"search_term_string"}}],"inLanguage":"en-US"},{"@type":"Person","@id":"https:\/\/veritasinfo.org\/#\/schema\/person\/fe199eede04c3937362892b7444747cc","name":"US6","image":{"@type":"ImageObject","inLanguage":"en-US","@id":"https:\/\/veritasinfo.org\/#\/schema\/person\/image\/","url":"https:\/\/secure.gravatar.com\/avatar\/cb16c3c31c9d23b9b8c705964598220b3014e42ff51eb540ff23cefa3ae8c15f?s=96&d=mm&r=g","contentUrl":"https:\/\/secure.gravatar.com\/avatar\/cb16c3c31c9d23b9b8c705964598220b3014e42ff51eb540ff23cefa3ae8c15f?s=96&d=mm&r=g","caption":"US6"},"url":"https:\/\/veritasinfo.org\/?author=7"}]}},"featured_image_urls":{"full":["https:\/\/veritasinfo.org\/wp-content\/uploads\/2025\/11\/f824906d-8af6-4144-4a33-08ddfa9ad0a3_cx0_cy9_cw0_w1023_r1_s.jpeg",1023,575,false],"thumbnail":["https:\/\/veritasinfo.org\/wp-content\/uploads\/2025\/11\/f824906d-8af6-4144-4a33-08ddfa9ad0a3_cx0_cy9_cw0_w1023_r1_s-150x150.jpeg",150,150,true],"medium":["https:\/\/veritasinfo.org\/wp-content\/uploads\/2025\/11\/f824906d-8af6-4144-4a33-08ddfa9ad0a3_cx0_cy9_cw0_w1023_r1_s-300x169.jpeg",300,169,true],"medium_large":["https:\/\/veritasinfo.org\/wp-content\/uploads\/2025\/11\/f824906d-8af6-4144-4a33-08ddfa9ad0a3_cx0_cy9_cw0_w1023_r1_s-768x432.jpeg",640,360,true],"large":["https:\/\/veritasinfo.org\/wp-content\/uploads\/2025\/11\/f824906d-8af6-4144-4a33-08ddfa9ad0a3_cx0_cy9_cw0_w1023_r1_s.jpeg",640,360,false],"1536x1536":["https:\/\/veritasinfo.org\/wp-content\/uploads\/2025\/11\/f824906d-8af6-4144-4a33-08ddfa9ad0a3_cx0_cy9_cw0_w1023_r1_s.jpeg",1023,575,false],"2048x2048":["https:\/\/veritasinfo.org\/wp-content\/uploads\/2025\/11\/f824906d-8af6-4144-4a33-08ddfa9ad0a3_cx0_cy9_cw0_w1023_r1_s.jpeg",1023,575,false],"kreeti-slider-full":["https:\/\/veritasinfo.org\/wp-content\/uploads\/2025\/11\/f824906d-8af6-4144-4a33-08ddfa9ad0a3_cx0_cy9_cw0_w1023_r1_s.jpeg",1023,575,false],"kreeti-featured":["https:\/\/veritasinfo.org\/wp-content\/uploads\/2025\/11\/f824906d-8af6-4144-4a33-08ddfa9ad0a3_cx0_cy9_cw0_w1023_r1_s.jpeg",1023,575,false],"kreeti-medium":["https:\/\/veritasinfo.org\/wp-content\/uploads\/2025\/11\/f824906d-8af6-4144-4a33-08ddfa9ad0a3_cx0_cy9_cw0_w1023_r1_s.jpeg",720,405,false],"kreeti-medium-square":["https:\/\/veritasinfo.org\/wp-content\/uploads\/2025\/11\/f824906d-8af6-4144-4a33-08ddfa9ad0a3_cx0_cy9_cw0_w1023_r1_s.jpeg",350,197,false]},"author_info":{"info":["US6"]},"category_info":"<a href=\"https:\/\/veritasinfo.org\/?cat=58\" rel=\"category\">Politik\u00eb<\/a>","tag_info":"Politik\u00eb","comment_count":"0","_links":{"self":[{"href":"https:\/\/veritasinfo.org\/index.php?rest_route=\/wp\/v2\/posts\/21047","targetHints":{"allow":["GET"]}}],"collection":[{"href":"https:\/\/veritasinfo.org\/index.php?rest_route=\/wp\/v2\/posts"}],"about":[{"href":"https:\/\/veritasinfo.org\/index.php?rest_route=\/wp\/v2\/types\/post"}],"author":[{"embeddable":true,"href":"https:\/\/veritasinfo.org\/index.php?rest_route=\/wp\/v2\/users\/7"}],"replies":[{"embeddable":true,"href":"https:\/\/veritasinfo.org\/index.php?rest_route=%2Fwp%2Fv2%2Fcomments&post=21047"}],"version-history":[{"count":1,"href":"https:\/\/veritasinfo.org\/index.php?rest_route=\/wp\/v2\/posts\/21047\/revisions"}],"predecessor-version":[{"id":21048,"href":"https:\/\/veritasinfo.org\/index.php?rest_route=\/wp\/v2\/posts\/21047\/revisions\/21048"}],"wp:featuredmedia":[{"embeddable":true,"href":"https:\/\/veritasinfo.org\/index.php?rest_route=\/wp\/v2\/media\/21045"}],"wp:attachment":[{"href":"https:\/\/veritasinfo.org\/index.php?rest_route=%2Fwp%2Fv2%2Fmedia&parent=21047"}],"wp:term":[{"taxonomy":"category","embeddable":true,"href":"https:\/\/veritasinfo.org\/index.php?rest_route=%2Fwp%2Fv2%2Fcategories&post=21047"},{"taxonomy":"post_tag","embeddable":true,"href":"https:\/\/veritasinfo.org\/index.php?rest_route=%2Fwp%2Fv2%2Ftags&post=21047"}],"curies":[{"name":"wp","href":"https:\/\/api.w.org\/{rel}","templated":true}]}}