{"id":21038,"date":"2025-11-20T07:58:52","date_gmt":"2025-11-20T06:58:52","guid":{"rendered":"https:\/\/veritasinfo.org\/?p=21038"},"modified":"2025-11-20T07:58:52","modified_gmt":"2025-11-20T06:58:52","slug":"mbahet-seanca-ndaj-te-dyshuarve-per-spiunazh-shabani-dhe-qerimi","status":"publish","type":"post","link":"https:\/\/veritasinfo.org\/?p=21038","title":{"rendered":"Mbahet seanca ndaj t\u00eb dyshuarve p\u00ebr spiunazh Shabani dhe Qerimi"},"content":{"rendered":"<p>Prishtin\u00eb, 20 n\u00ebntor 2025 07:58<\/p>\n<p>Sot do mbahet seanca gjyq\u00ebsore ndaj Bedri Shabanit dhe Muharrem Qerimit, t\u00eb cil\u00ebt akuzohen p\u00ebr spiunazh.<\/p>\n<p>Seanca e fundit ndaj Bedri Shabanit dhe Muharrem Qerimit, t\u00eb akuzuar p\u00ebr spiunazh, ishte shtyr\u00eb p\u00ebr sot, me arsyetimin se nj\u00ebri nga t\u00eb akuzuarit kishte probleme sh\u00ebndet\u00ebsore.<\/p>\n<p>Ndryshe Prokuroria Speciale ka ngritur aktakuz\u00eb kund\u00ebr Bedri Shabanit dhe Muharrem Qerimit, t\u00eb dyshuar p\u00ebr spiunazh.<\/p>\n<p>T\u00eb dyshuarit ishin arrestuar n\u00eb qershor t\u00eb vitit t\u00eb kaluar, nd\u00ebrsa prokuroria ka theksuar se ekziston dyshimi i bazuar se secili prej tyre ka kryer vepr\u00ebn penale t\u00eb spiunazhit, sipas nenit 124 t\u00eb KPRK-s\u00eb.<\/p>\n<p>P\u00ebrve\u00e7 k\u00ebsaj, Muharrem Qerimi po akuzohet edhe p\u00ebr \u201cMbajtjen n\u00eb pron\u00ebsi, kontroll ose posedim t\u00eb paautorizuar t\u00eb arm\u00ebve.\u201d<\/p>\n<p>Prokurori ka k\u00ebrkuar nga gjykata q\u00eb t\u00eb dyshuarit t\u00eb shpallen fajtor\u00eb dhe t\u00eb d\u00ebnohen, duke k\u00ebrkuar gjithashtu vazhdimin e mas\u00ebs s\u00eb paraburgimit deri n\u00eb p\u00ebrfundimin e procesit gjyq\u00ebsor.<\/p>\n<p>Sipas informacioneve t\u00eb l\u00ebshuara nga Prokuroria Speciale, Shabani dhe Qerimi mblodh\u00ebn informata q\u00eb do t\u2019i sh\u00ebrbenin Ministris\u00eb s\u00eb brendshme serbe, p\u00ebr ta nd\u00ebrtuar nj\u00eb narrativ t\u00eb rrem\u00eb p\u00ebr nj\u00eb rrjet t\u00eb trafikimit t\u00eb organeve nga Ushtria \u00c7lirimtare e Kosov\u00ebs gjat\u00eb luft\u00ebs.<\/p>\n<p>Qerimi n\u00eb baz\u00eb t\u00eb aktakuz\u00ebs i ka d\u00ebrguar zyrtarit t\u00eb Ministris\u00eb s\u00eb Brendshme, S\u00ebrgjan Rosiq edhe t\u00eb dh\u00ebna t\u00eb klasifikuara q\u00eb lidheshin me veprimtarin\u00eb e Prokuroris\u00eb Speciale.<\/p>\n<p>Nd\u00ebrkoh\u00eb i akuzuari Bedri Shabani, n\u00eb baz\u00eb t\u00eb pretendimeve t\u00eb prokuroris\u00eb, p\u00ebrve\u00e7 Rosiqit, pati kontakt edhe me nj\u00eb zyrtar tjet\u00ebr, Bogolub Jani\u00e7eviq, q\u00eb kishte rol udh\u00ebheq\u00ebs n\u00eb masakr\u00ebn e Re\u00e7akut.<\/p>\n","protected":false},"excerpt":{"rendered":"<p>Prishtin\u00eb, 20 n\u00ebntor 2025 07:58 Sot do mbahet seanca gjyq\u00ebsore ndaj Bedri Shabanit dhe Muharrem Qerimit, t\u00eb cil\u00ebt akuzohen p\u00ebr spiunazh. Seanca e fundit ndaj<\/p>\n","protected":false},"author":7,"featured_media":21039,"comment_status":"open","ping_status":"open","sticky":false,"template":"","format":"standard","meta":{"footnotes":""},"categories":[60],"tags":[],"class_list":["post-21038","post","type-post","status-publish","format-standard","has-post-thumbnail","hentry","category-shoqerore-sq"],"yoast_head":"<!-- This site is optimized with the Yoast SEO plugin v25.3.1 - https:\/\/yoast.com\/wordpress\/plugins\/seo\/ -->\n<title>Mbahet seanca ndaj t\u00eb dyshuarve p\u00ebr spiunazh Shabani dhe Qerimi -<\/title>\n<meta name=\"robots\" content=\"index, follow, max-snippet:-1, max-image-preview:large, max-video-preview:-1\" \/>\n<link rel=\"canonical\" href=\"https:\/\/veritasinfo.org\/?p=21038\" \/>\n<meta property=\"og:locale\" content=\"en_US\" \/>\n<meta property=\"og:type\" content=\"article\" \/>\n<meta property=\"og:title\" content=\"Mbahet seanca ndaj t\u00eb dyshuarve p\u00ebr spiunazh Shabani dhe Qerimi -\" \/>\n<meta property=\"og:description\" content=\"Prishtin\u00eb, 20 n\u00ebntor 2025 07:58 Sot do mbahet seanca gjyq\u00ebsore ndaj Bedri Shabanit dhe Muharrem Qerimit, t\u00eb cil\u00ebt akuzohen p\u00ebr spiunazh. Seanca e fundit ndaj\" \/>\n<meta property=\"og:url\" content=\"https:\/\/veritasinfo.org\/?p=21038\" \/>\n<meta property=\"article:published_time\" content=\"2025-11-20T06:58:52+00:00\" \/>\n<meta property=\"og:image\" content=\"https:\/\/veritasinfo.org\/wp-content\/uploads\/2025\/11\/bedri-shabani-muharrem-qerimi-780x439-1-600x360-1.jpg\" \/>\n\t<meta property=\"og:image:width\" content=\"600\" \/>\n\t<meta property=\"og:image:height\" content=\"360\" \/>\n\t<meta property=\"og:image:type\" content=\"image\/jpeg\" \/>\n<meta name=\"author\" content=\"US6\" \/>\n<meta name=\"twitter:card\" content=\"summary_large_image\" \/>\n<meta name=\"twitter:label1\" content=\"Written by\" \/>\n\t<meta name=\"twitter:data1\" content=\"US6\" \/>\n\t<meta name=\"twitter:label2\" content=\"Est. reading time\" \/>\n\t<meta name=\"twitter:data2\" content=\"2 minutes\" \/>\n<script type=\"application\/ld+json\" class=\"yoast-schema-graph\">{\"@context\":\"https:\/\/schema.org\",\"@graph\":[{\"@type\":\"WebPage\",\"@id\":\"https:\/\/veritasinfo.org\/?p=21038\",\"url\":\"https:\/\/veritasinfo.org\/?p=21038\",\"name\":\"Mbahet seanca ndaj t\u00eb dyshuarve p\u00ebr spiunazh Shabani dhe Qerimi -\",\"isPartOf\":{\"@id\":\"https:\/\/veritasinfo.org\/#website\"},\"primaryImageOfPage\":{\"@id\":\"https:\/\/veritasinfo.org\/?p=21038#primaryimage\"},\"image\":{\"@id\":\"https:\/\/veritasinfo.org\/?p=21038#primaryimage\"},\"thumbnailUrl\":\"https:\/\/veritasinfo.org\/wp-content\/uploads\/2025\/11\/bedri-shabani-muharrem-qerimi-780x439-1-600x360-1.jpg\",\"datePublished\":\"2025-11-20T06:58:52+00:00\",\"author\":{\"@id\":\"https:\/\/veritasinfo.org\/#\/schema\/person\/fe199eede04c3937362892b7444747cc\"},\"breadcrumb\":{\"@id\":\"https:\/\/veritasinfo.org\/?p=21038#breadcrumb\"},\"inLanguage\":\"en-US\",\"potentialAction\":[{\"@type\":\"ReadAction\",\"target\":[\"https:\/\/veritasinfo.org\/?p=21038\"]}]},{\"@type\":\"ImageObject\",\"inLanguage\":\"en-US\",\"@id\":\"https:\/\/veritasinfo.org\/?p=21038#primaryimage\",\"url\":\"https:\/\/veritasinfo.org\/wp-content\/uploads\/2025\/11\/bedri-shabani-muharrem-qerimi-780x439-1-600x360-1.jpg\",\"contentUrl\":\"https:\/\/veritasinfo.org\/wp-content\/uploads\/2025\/11\/bedri-shabani-muharrem-qerimi-780x439-1-600x360-1.jpg\",\"width\":600,\"height\":360},{\"@type\":\"BreadcrumbList\",\"@id\":\"https:\/\/veritasinfo.org\/?p=21038#breadcrumb\",\"itemListElement\":[{\"@type\":\"ListItem\",\"position\":1,\"name\":\"Home\",\"item\":\"https:\/\/veritasinfo.org\/\"},{\"@type\":\"ListItem\",\"position\":2,\"name\":\"Mbahet seanca ndaj t\u00eb dyshuarve p\u00ebr spiunazh Shabani dhe Qerimi\"}]},{\"@type\":\"WebSite\",\"@id\":\"https:\/\/veritasinfo.org\/#website\",\"url\":\"https:\/\/veritasinfo.org\/\",\"name\":\"\",\"description\":\"\",\"potentialAction\":[{\"@type\":\"SearchAction\",\"target\":{\"@type\":\"EntryPoint\",\"urlTemplate\":\"https:\/\/veritasinfo.org\/?s={search_term_string}\"},\"query-input\":{\"@type\":\"PropertyValueSpecification\",\"valueRequired\":true,\"valueName\":\"search_term_string\"}}],\"inLanguage\":\"en-US\"},{\"@type\":\"Person\",\"@id\":\"https:\/\/veritasinfo.org\/#\/schema\/person\/fe199eede04c3937362892b7444747cc\",\"name\":\"US6\",\"image\":{\"@type\":\"ImageObject\",\"inLanguage\":\"en-US\",\"@id\":\"https:\/\/veritasinfo.org\/#\/schema\/person\/image\/\",\"url\":\"https:\/\/secure.gravatar.com\/avatar\/cb16c3c31c9d23b9b8c705964598220b3014e42ff51eb540ff23cefa3ae8c15f?s=96&d=mm&r=g\",\"contentUrl\":\"https:\/\/secure.gravatar.com\/avatar\/cb16c3c31c9d23b9b8c705964598220b3014e42ff51eb540ff23cefa3ae8c15f?s=96&d=mm&r=g\",\"caption\":\"US6\"},\"url\":\"https:\/\/veritasinfo.org\/?author=7\"}]}<\/script>\n<!-- \/ Yoast SEO plugin. -->","yoast_head_json":{"title":"Mbahet seanca ndaj t\u00eb dyshuarve p\u00ebr spiunazh Shabani dhe Qerimi -","robots":{"index":"index","follow":"follow","max-snippet":"max-snippet:-1","max-image-preview":"max-image-preview:large","max-video-preview":"max-video-preview:-1"},"canonical":"https:\/\/veritasinfo.org\/?p=21038","og_locale":"en_US","og_type":"article","og_title":"Mbahet seanca ndaj t\u00eb dyshuarve p\u00ebr spiunazh Shabani dhe Qerimi -","og_description":"Prishtin\u00eb, 20 n\u00ebntor 2025 07:58 Sot do mbahet seanca gjyq\u00ebsore ndaj Bedri Shabanit dhe Muharrem Qerimit, t\u00eb cil\u00ebt akuzohen p\u00ebr spiunazh. Seanca e fundit ndaj","og_url":"https:\/\/veritasinfo.org\/?p=21038","article_published_time":"2025-11-20T06:58:52+00:00","og_image":[{"width":600,"height":360,"url":"https:\/\/veritasinfo.org\/wp-content\/uploads\/2025\/11\/bedri-shabani-muharrem-qerimi-780x439-1-600x360-1.jpg","type":"image\/jpeg"}],"author":"US6","twitter_card":"summary_large_image","twitter_misc":{"Written by":"US6","Est. reading time":"2 minutes"},"schema":{"@context":"https:\/\/schema.org","@graph":[{"@type":"WebPage","@id":"https:\/\/veritasinfo.org\/?p=21038","url":"https:\/\/veritasinfo.org\/?p=21038","name":"Mbahet seanca ndaj t\u00eb dyshuarve p\u00ebr spiunazh Shabani dhe Qerimi -","isPartOf":{"@id":"https:\/\/veritasinfo.org\/#website"},"primaryImageOfPage":{"@id":"https:\/\/veritasinfo.org\/?p=21038#primaryimage"},"image":{"@id":"https:\/\/veritasinfo.org\/?p=21038#primaryimage"},"thumbnailUrl":"https:\/\/veritasinfo.org\/wp-content\/uploads\/2025\/11\/bedri-shabani-muharrem-qerimi-780x439-1-600x360-1.jpg","datePublished":"2025-11-20T06:58:52+00:00","author":{"@id":"https:\/\/veritasinfo.org\/#\/schema\/person\/fe199eede04c3937362892b7444747cc"},"breadcrumb":{"@id":"https:\/\/veritasinfo.org\/?p=21038#breadcrumb"},"inLanguage":"en-US","potentialAction":[{"@type":"ReadAction","target":["https:\/\/veritasinfo.org\/?p=21038"]}]},{"@type":"ImageObject","inLanguage":"en-US","@id":"https:\/\/veritasinfo.org\/?p=21038#primaryimage","url":"https:\/\/veritasinfo.org\/wp-content\/uploads\/2025\/11\/bedri-shabani-muharrem-qerimi-780x439-1-600x360-1.jpg","contentUrl":"https:\/\/veritasinfo.org\/wp-content\/uploads\/2025\/11\/bedri-shabani-muharrem-qerimi-780x439-1-600x360-1.jpg","width":600,"height":360},{"@type":"BreadcrumbList","@id":"https:\/\/veritasinfo.org\/?p=21038#breadcrumb","itemListElement":[{"@type":"ListItem","position":1,"name":"Home","item":"https:\/\/veritasinfo.org\/"},{"@type":"ListItem","position":2,"name":"Mbahet seanca ndaj t\u00eb dyshuarve p\u00ebr spiunazh Shabani dhe Qerimi"}]},{"@type":"WebSite","@id":"https:\/\/veritasinfo.org\/#website","url":"https:\/\/veritasinfo.org\/","name":"","description":"","potentialAction":[{"@type":"SearchAction","target":{"@type":"EntryPoint","urlTemplate":"https:\/\/veritasinfo.org\/?s={search_term_string}"},"query-input":{"@type":"PropertyValueSpecification","valueRequired":true,"valueName":"search_term_string"}}],"inLanguage":"en-US"},{"@type":"Person","@id":"https:\/\/veritasinfo.org\/#\/schema\/person\/fe199eede04c3937362892b7444747cc","name":"US6","image":{"@type":"ImageObject","inLanguage":"en-US","@id":"https:\/\/veritasinfo.org\/#\/schema\/person\/image\/","url":"https:\/\/secure.gravatar.com\/avatar\/cb16c3c31c9d23b9b8c705964598220b3014e42ff51eb540ff23cefa3ae8c15f?s=96&d=mm&r=g","contentUrl":"https:\/\/secure.gravatar.com\/avatar\/cb16c3c31c9d23b9b8c705964598220b3014e42ff51eb540ff23cefa3ae8c15f?s=96&d=mm&r=g","caption":"US6"},"url":"https:\/\/veritasinfo.org\/?author=7"}]}},"featured_image_urls":{"full":["https:\/\/veritasinfo.org\/wp-content\/uploads\/2025\/11\/bedri-shabani-muharrem-qerimi-780x439-1-600x360-1.jpg",600,360,false],"thumbnail":["https:\/\/veritasinfo.org\/wp-content\/uploads\/2025\/11\/bedri-shabani-muharrem-qerimi-780x439-1-600x360-1-150x150.jpg",150,150,true],"medium":["https:\/\/veritasinfo.org\/wp-content\/uploads\/2025\/11\/bedri-shabani-muharrem-qerimi-780x439-1-600x360-1-300x180.jpg",300,180,true],"medium_large":["https:\/\/veritasinfo.org\/wp-content\/uploads\/2025\/11\/bedri-shabani-muharrem-qerimi-780x439-1-600x360-1.jpg",600,360,false],"large":["https:\/\/veritasinfo.org\/wp-content\/uploads\/2025\/11\/bedri-shabani-muharrem-qerimi-780x439-1-600x360-1.jpg",600,360,false],"1536x1536":["https:\/\/veritasinfo.org\/wp-content\/uploads\/2025\/11\/bedri-shabani-muharrem-qerimi-780x439-1-600x360-1.jpg",600,360,false],"2048x2048":["https:\/\/veritasinfo.org\/wp-content\/uploads\/2025\/11\/bedri-shabani-muharrem-qerimi-780x439-1-600x360-1.jpg",600,360,false],"kreeti-slider-full":["https:\/\/veritasinfo.org\/wp-content\/uploads\/2025\/11\/bedri-shabani-muharrem-qerimi-780x439-1-600x360-1.jpg",600,360,false],"kreeti-featured":["https:\/\/veritasinfo.org\/wp-content\/uploads\/2025\/11\/bedri-shabani-muharrem-qerimi-780x439-1-600x360-1.jpg",600,360,false],"kreeti-medium":["https:\/\/veritasinfo.org\/wp-content\/uploads\/2025\/11\/bedri-shabani-muharrem-qerimi-780x439-1-600x360-1.jpg",600,360,false],"kreeti-medium-square":["https:\/\/veritasinfo.org\/wp-content\/uploads\/2025\/11\/bedri-shabani-muharrem-qerimi-780x439-1-600x360-1.jpg",350,210,false]},"author_info":{"info":["US6"]},"category_info":"<a href=\"https:\/\/veritasinfo.org\/?cat=60\" rel=\"category\">Shoq\u00ebrore<\/a>","tag_info":"Shoq\u00ebrore","comment_count":"0","_links":{"self":[{"href":"https:\/\/veritasinfo.org\/index.php?rest_route=\/wp\/v2\/posts\/21038","targetHints":{"allow":["GET"]}}],"collection":[{"href":"https:\/\/veritasinfo.org\/index.php?rest_route=\/wp\/v2\/posts"}],"about":[{"href":"https:\/\/veritasinfo.org\/index.php?rest_route=\/wp\/v2\/types\/post"}],"author":[{"embeddable":true,"href":"https:\/\/veritasinfo.org\/index.php?rest_route=\/wp\/v2\/users\/7"}],"replies":[{"embeddable":true,"href":"https:\/\/veritasinfo.org\/index.php?rest_route=%2Fwp%2Fv2%2Fcomments&post=21038"}],"version-history":[{"count":1,"href":"https:\/\/veritasinfo.org\/index.php?rest_route=\/wp\/v2\/posts\/21038\/revisions"}],"predecessor-version":[{"id":21040,"href":"https:\/\/veritasinfo.org\/index.php?rest_route=\/wp\/v2\/posts\/21038\/revisions\/21040"}],"wp:featuredmedia":[{"embeddable":true,"href":"https:\/\/veritasinfo.org\/index.php?rest_route=\/wp\/v2\/media\/21039"}],"wp:attachment":[{"href":"https:\/\/veritasinfo.org\/index.php?rest_route=%2Fwp%2Fv2%2Fmedia&parent=21038"}],"wp:term":[{"taxonomy":"category","embeddable":true,"href":"https:\/\/veritasinfo.org\/index.php?rest_route=%2Fwp%2Fv2%2Fcategories&post=21038"},{"taxonomy":"post_tag","embeddable":true,"href":"https:\/\/veritasinfo.org\/index.php?rest_route=%2Fwp%2Fv2%2Ftags&post=21038"}],"curies":[{"name":"wp","href":"https:\/\/api.w.org\/{rel}","templated":true}]}}