{"id":2103,"date":"2025-07-01T07:40:47","date_gmt":"2025-07-01T05:40:47","guid":{"rendered":"https:\/\/veritasinfo.org\/?p=2103"},"modified":"2025-07-01T07:40:47","modified_gmt":"2025-07-01T05:40:47","slug":"bllokada-masive-dhe-mosbindje-civile-ne-te-gjithe-serbine-arrestime-raportime-akuza-per-shtypje","status":"publish","type":"post","link":"https:\/\/veritasinfo.org\/?p=2103","title":{"rendered":"Bllokada masive dhe mosbindje civile n\u00eb t\u00eb gjith\u00eb Serbin\u00eb: Arrestime, raportime, akuza p\u00ebr shtypje"},"content":{"rendered":"<p><strong>Beograd, 01 korrik, 2025<\/strong><\/p>\n<p>Pas protest\u00ebs s\u00eb Vidovdanit t\u00eb s\u00eb shtun\u00ebs n\u00eb Beograd, mosbindja civile n\u00eb form\u00ebn e bllokadave rrugore u p\u00ebrhap n\u00eb disa qytete n\u00eb t\u00eb gjith\u00eb Serbin\u00eb. Bllokada u mbajt\u00ebn n\u00eb Beograd, Novi Sad, Zemun, Kralev\u00eb, \u00c7a\u00e7ak, Uzhic\u00eb, Kragujevac, Zrenjanin, Smederev\u00eb, Subotic\u00eb, Rum\u00eb, Pan\u00e7ev\u00eb, Valev\u00eb, Gornji Milanovac, Leskovac dhe Mladenovac. Prej dit\u00ebsh, policia ka arrestuar pjes\u00ebmarr\u00ebs n\u00eb protest\u00eb dhe student\u00eb, duke thyer bllokadat, nd\u00ebrsa qytetar\u00ebt dhe student\u00ebt po ngren\u00eb dhe po nd\u00ebrtojn\u00eb bllokada t\u00eb reja.<\/p>\n<p>N\u00eb t\u00eb nj\u00ebjt\u00ebn koh\u00eb, student\u00ebt, n\u00eb k\u00ebrkes\u00ebn e tyre p\u00ebr t\u00eb thirrur zgjedhje, u b\u00ebn\u00eb thirrje partive opozitare t\u00eb largohen nga asambleja, t\u00eb cil\u00ebs iu bashkua Partia Demokratike dhe, von\u00eb pasdite, l\u00ebvizja \u201cSrce\u201d. Nd\u00ebrsa videot e brutalitetit policor po p\u00ebrhapen n\u00eb rrjete, individ\u00eb dhe organizata po thirren p\u00ebr llogari, mesazhe shqet\u00ebsimi po vijn\u00eb nga BE, dhe Vu\u00e7i\u00e7 thot\u00eb se i theu leht\u00ebsisht bllokadat.<\/p>\n<p>Student\u00ebt dhe qytetar\u00ebt, pas protest\u00ebs s\u00eb s\u00eb shtun\u00ebs dhe t\u00eb mbr\u00ebmshmes, vazhduan t\u00eb bllokonin kryq\u00ebzimet kryesore n\u00eb Beograd, por n\u00eb t\u00eb gjith\u00eb Serbin\u00eb, duke k\u00ebrkuar mbrojtjen e t\u00eb drejtave dhe lirive t\u00eb njeriut, s\u00eb bashku me nj\u00eb k\u00ebrkes\u00eb p\u00ebr t\u00eb thirrur zgjedhje t\u00eb jasht\u00ebzakonshme parlamentare.<\/p>\n","protected":false},"excerpt":{"rendered":"<p>Beograd, 01 korrik, 2025 Pas protest\u00ebs s\u00eb Vidovdanit t\u00eb s\u00eb shtun\u00ebs n\u00eb Beograd, mosbindja civile n\u00eb form\u00ebn e bllokadave rrugore u p\u00ebrhap n\u00eb disa qytete<\/p>\n","protected":false},"author":2,"featured_media":2104,"comment_status":"open","ping_status":"open","sticky":false,"template":"","format":"standard","meta":{"footnotes":""},"categories":[60],"tags":[],"class_list":["post-2103","post","type-post","status-publish","format-standard","has-post-thumbnail","hentry","category-shoqerore-sq"],"yoast_head":"<!-- This site is optimized with the Yoast SEO plugin v25.3.1 - https:\/\/yoast.com\/wordpress\/plugins\/seo\/ -->\n<title>Bllokada masive dhe mosbindje civile n\u00eb t\u00eb gjith\u00eb Serbin\u00eb: Arrestime, raportime, akuza p\u00ebr shtypje -<\/title>\n<meta name=\"robots\" content=\"index, follow, max-snippet:-1, max-image-preview:large, max-video-preview:-1\" \/>\n<link rel=\"canonical\" href=\"https:\/\/veritasinfo.org\/?p=2103\" \/>\n<meta property=\"og:locale\" content=\"en_US\" \/>\n<meta property=\"og:type\" content=\"article\" \/>\n<meta property=\"og:title\" content=\"Bllokada masive dhe mosbindje civile n\u00eb t\u00eb gjith\u00eb Serbin\u00eb: Arrestime, raportime, akuza p\u00ebr shtypje -\" \/>\n<meta property=\"og:description\" content=\"Beograd, 01 korrik, 2025 Pas protest\u00ebs s\u00eb Vidovdanit t\u00eb s\u00eb shtun\u00ebs n\u00eb Beograd, mosbindja civile n\u00eb form\u00ebn e bllokadave rrugore u p\u00ebrhap n\u00eb disa qytete\" \/>\n<meta property=\"og:url\" content=\"https:\/\/veritasinfo.org\/?p=2103\" \/>\n<meta property=\"article:published_time\" content=\"2025-07-01T05:40:47+00:00\" \/>\n<meta property=\"og:image\" content=\"https:\/\/veritasinfo.org\/wp-content\/uploads\/2025\/07\/Blokade_BG_NS_NIS_06.jpg\" \/>\n\t<meta property=\"og:image:width\" content=\"1440\" \/>\n\t<meta property=\"og:image:height\" content=\"960\" \/>\n\t<meta property=\"og:image:type\" content=\"image\/jpeg\" \/>\n<meta name=\"author\" content=\"US1\" \/>\n<meta name=\"twitter:card\" content=\"summary_large_image\" \/>\n<meta name=\"twitter:label1\" content=\"Written by\" \/>\n\t<meta name=\"twitter:data1\" content=\"US1\" \/>\n\t<meta name=\"twitter:label2\" content=\"Est. reading time\" \/>\n\t<meta name=\"twitter:data2\" content=\"2 minutes\" \/>\n<script type=\"application\/ld+json\" class=\"yoast-schema-graph\">{\"@context\":\"https:\/\/schema.org\",\"@graph\":[{\"@type\":\"WebPage\",\"@id\":\"https:\/\/veritasinfo.org\/?p=2103\",\"url\":\"https:\/\/veritasinfo.org\/?p=2103\",\"name\":\"Bllokada masive dhe mosbindje civile n\u00eb t\u00eb gjith\u00eb Serbin\u00eb: Arrestime, raportime, akuza p\u00ebr shtypje -\",\"isPartOf\":{\"@id\":\"https:\/\/veritasinfo.org\/#website\"},\"primaryImageOfPage\":{\"@id\":\"https:\/\/veritasinfo.org\/?p=2103#primaryimage\"},\"image\":{\"@id\":\"https:\/\/veritasinfo.org\/?p=2103#primaryimage\"},\"thumbnailUrl\":\"https:\/\/veritasinfo.org\/wp-content\/uploads\/2025\/07\/Blokade_BG_NS_NIS_06.jpg\",\"datePublished\":\"2025-07-01T05:40:47+00:00\",\"author\":{\"@id\":\"https:\/\/veritasinfo.org\/#\/schema\/person\/c2b8be262ea994d0995addca692c5e98\"},\"breadcrumb\":{\"@id\":\"https:\/\/veritasinfo.org\/?p=2103#breadcrumb\"},\"inLanguage\":\"en-US\",\"potentialAction\":[{\"@type\":\"ReadAction\",\"target\":[\"https:\/\/veritasinfo.org\/?p=2103\"]}]},{\"@type\":\"ImageObject\",\"inLanguage\":\"en-US\",\"@id\":\"https:\/\/veritasinfo.org\/?p=2103#primaryimage\",\"url\":\"https:\/\/veritasinfo.org\/wp-content\/uploads\/2025\/07\/Blokade_BG_NS_NIS_06.jpg\",\"contentUrl\":\"https:\/\/veritasinfo.org\/wp-content\/uploads\/2025\/07\/Blokade_BG_NS_NIS_06.jpg\",\"width\":1440,\"height\":960,\"caption\":\"Beograd, 29. juna 2025. - Ispred Viseg javnog tu\u0139\u013eila\u0139\u02c7tva u Beogradu okupila se grupa gra\u00c4\u2018ana koja protesuje zbog hap\u0139\u02c7enja studenata u blokadi po nalogu Vi\u0139\u02c7eg javnog tu\u0139\u013eila\u0139\u02c7tva u Beogradu, a na protest su tokom dana pozvali na Instagram profilu \\\"studenti_u_blokadi\\\". Studenti koji blokiraju fakultete okupili su se danas i ispred Poljoprivrednog fakulteta u Zemunu, nakon \u0139\u02c7to je objavljena informacija da je privedeno dvoje njihovih studenata, dok su istovremeno, gra\u00c4\u2018ani koji ih podr\u0139\u013eavaju organizovani u takozvane zborove, blokirali kontejnerima i ogradama Glavnu ulicu u Zemunu, a kontejneri su postavljeni i na ulici Vojvode Stepe na Vozdovcu. FOTO Saska Drobnjak\"},{\"@type\":\"BreadcrumbList\",\"@id\":\"https:\/\/veritasinfo.org\/?p=2103#breadcrumb\",\"itemListElement\":[{\"@type\":\"ListItem\",\"position\":1,\"name\":\"Home\",\"item\":\"https:\/\/veritasinfo.org\/\"},{\"@type\":\"ListItem\",\"position\":2,\"name\":\"Bllokada masive dhe mosbindje civile n\u00eb t\u00eb gjith\u00eb Serbin\u00eb: Arrestime, raportime, akuza p\u00ebr shtypje\"}]},{\"@type\":\"WebSite\",\"@id\":\"https:\/\/veritasinfo.org\/#website\",\"url\":\"https:\/\/veritasinfo.org\/\",\"name\":\"\",\"description\":\"\",\"potentialAction\":[{\"@type\":\"SearchAction\",\"target\":{\"@type\":\"EntryPoint\",\"urlTemplate\":\"https:\/\/veritasinfo.org\/?s={search_term_string}\"},\"query-input\":{\"@type\":\"PropertyValueSpecification\",\"valueRequired\":true,\"valueName\":\"search_term_string\"}}],\"inLanguage\":\"en-US\"},{\"@type\":\"Person\",\"@id\":\"https:\/\/veritasinfo.org\/#\/schema\/person\/c2b8be262ea994d0995addca692c5e98\",\"name\":\"US1\",\"image\":{\"@type\":\"ImageObject\",\"inLanguage\":\"en-US\",\"@id\":\"https:\/\/veritasinfo.org\/#\/schema\/person\/image\/\",\"url\":\"https:\/\/secure.gravatar.com\/avatar\/4e96a59bd256abf9956eb9963ac891a47461ffb364d47b0e9aab113328fdb75b?s=96&d=mm&r=g\",\"contentUrl\":\"https:\/\/secure.gravatar.com\/avatar\/4e96a59bd256abf9956eb9963ac891a47461ffb364d47b0e9aab113328fdb75b?s=96&d=mm&r=g\",\"caption\":\"US1\"},\"url\":\"https:\/\/veritasinfo.org\/?author=2\"}]}<\/script>\n<!-- \/ Yoast SEO plugin. -->","yoast_head_json":{"title":"Bllokada masive dhe mosbindje civile n\u00eb t\u00eb gjith\u00eb Serbin\u00eb: Arrestime, raportime, akuza p\u00ebr shtypje -","robots":{"index":"index","follow":"follow","max-snippet":"max-snippet:-1","max-image-preview":"max-image-preview:large","max-video-preview":"max-video-preview:-1"},"canonical":"https:\/\/veritasinfo.org\/?p=2103","og_locale":"en_US","og_type":"article","og_title":"Bllokada masive dhe mosbindje civile n\u00eb t\u00eb gjith\u00eb Serbin\u00eb: Arrestime, raportime, akuza p\u00ebr shtypje -","og_description":"Beograd, 01 korrik, 2025 Pas protest\u00ebs s\u00eb Vidovdanit t\u00eb s\u00eb shtun\u00ebs n\u00eb Beograd, mosbindja civile n\u00eb form\u00ebn e bllokadave rrugore u p\u00ebrhap n\u00eb disa qytete","og_url":"https:\/\/veritasinfo.org\/?p=2103","article_published_time":"2025-07-01T05:40:47+00:00","og_image":[{"width":1440,"height":960,"url":"https:\/\/veritasinfo.org\/wp-content\/uploads\/2025\/07\/Blokade_BG_NS_NIS_06.jpg","type":"image\/jpeg"}],"author":"US1","twitter_card":"summary_large_image","twitter_misc":{"Written by":"US1","Est. reading time":"2 minutes"},"schema":{"@context":"https:\/\/schema.org","@graph":[{"@type":"WebPage","@id":"https:\/\/veritasinfo.org\/?p=2103","url":"https:\/\/veritasinfo.org\/?p=2103","name":"Bllokada masive dhe mosbindje civile n\u00eb t\u00eb gjith\u00eb Serbin\u00eb: Arrestime, raportime, akuza p\u00ebr shtypje -","isPartOf":{"@id":"https:\/\/veritasinfo.org\/#website"},"primaryImageOfPage":{"@id":"https:\/\/veritasinfo.org\/?p=2103#primaryimage"},"image":{"@id":"https:\/\/veritasinfo.org\/?p=2103#primaryimage"},"thumbnailUrl":"https:\/\/veritasinfo.org\/wp-content\/uploads\/2025\/07\/Blokade_BG_NS_NIS_06.jpg","datePublished":"2025-07-01T05:40:47+00:00","author":{"@id":"https:\/\/veritasinfo.org\/#\/schema\/person\/c2b8be262ea994d0995addca692c5e98"},"breadcrumb":{"@id":"https:\/\/veritasinfo.org\/?p=2103#breadcrumb"},"inLanguage":"en-US","potentialAction":[{"@type":"ReadAction","target":["https:\/\/veritasinfo.org\/?p=2103"]}]},{"@type":"ImageObject","inLanguage":"en-US","@id":"https:\/\/veritasinfo.org\/?p=2103#primaryimage","url":"https:\/\/veritasinfo.org\/wp-content\/uploads\/2025\/07\/Blokade_BG_NS_NIS_06.jpg","contentUrl":"https:\/\/veritasinfo.org\/wp-content\/uploads\/2025\/07\/Blokade_BG_NS_NIS_06.jpg","width":1440,"height":960,"caption":"Beograd, 29. juna 2025. - Ispred Viseg javnog tu\u0139\u013eila\u0139\u02c7tva u Beogradu okupila se grupa gra\u00c4\u2018ana koja protesuje zbog hap\u0139\u02c7enja studenata u blokadi po nalogu Vi\u0139\u02c7eg javnog tu\u0139\u013eila\u0139\u02c7tva u Beogradu, a na protest su tokom dana pozvali na Instagram profilu \"studenti_u_blokadi\". Studenti koji blokiraju fakultete okupili su se danas i ispred Poljoprivrednog fakulteta u Zemunu, nakon \u0139\u02c7to je objavljena informacija da je privedeno dvoje njihovih studenata, dok su istovremeno, gra\u00c4\u2018ani koji ih podr\u0139\u013eavaju organizovani u takozvane zborove, blokirali kontejnerima i ogradama Glavnu ulicu u Zemunu, a kontejneri su postavljeni i na ulici Vojvode Stepe na Vozdovcu. FOTO Saska Drobnjak"},{"@type":"BreadcrumbList","@id":"https:\/\/veritasinfo.org\/?p=2103#breadcrumb","itemListElement":[{"@type":"ListItem","position":1,"name":"Home","item":"https:\/\/veritasinfo.org\/"},{"@type":"ListItem","position":2,"name":"Bllokada masive dhe mosbindje civile n\u00eb t\u00eb gjith\u00eb Serbin\u00eb: Arrestime, raportime, akuza p\u00ebr shtypje"}]},{"@type":"WebSite","@id":"https:\/\/veritasinfo.org\/#website","url":"https:\/\/veritasinfo.org\/","name":"","description":"","potentialAction":[{"@type":"SearchAction","target":{"@type":"EntryPoint","urlTemplate":"https:\/\/veritasinfo.org\/?s={search_term_string}"},"query-input":{"@type":"PropertyValueSpecification","valueRequired":true,"valueName":"search_term_string"}}],"inLanguage":"en-US"},{"@type":"Person","@id":"https:\/\/veritasinfo.org\/#\/schema\/person\/c2b8be262ea994d0995addca692c5e98","name":"US1","image":{"@type":"ImageObject","inLanguage":"en-US","@id":"https:\/\/veritasinfo.org\/#\/schema\/person\/image\/","url":"https:\/\/secure.gravatar.com\/avatar\/4e96a59bd256abf9956eb9963ac891a47461ffb364d47b0e9aab113328fdb75b?s=96&d=mm&r=g","contentUrl":"https:\/\/secure.gravatar.com\/avatar\/4e96a59bd256abf9956eb9963ac891a47461ffb364d47b0e9aab113328fdb75b?s=96&d=mm&r=g","caption":"US1"},"url":"https:\/\/veritasinfo.org\/?author=2"}]}},"featured_image_urls":{"full":["https:\/\/veritasinfo.org\/wp-content\/uploads\/2025\/07\/Blokade_BG_NS_NIS_06.jpg",1440,960,false],"thumbnail":["https:\/\/veritasinfo.org\/wp-content\/uploads\/2025\/07\/Blokade_BG_NS_NIS_06-150x150.jpg",150,150,true],"medium":["https:\/\/veritasinfo.org\/wp-content\/uploads\/2025\/07\/Blokade_BG_NS_NIS_06-300x200.jpg",300,200,true],"medium_large":["https:\/\/veritasinfo.org\/wp-content\/uploads\/2025\/07\/Blokade_BG_NS_NIS_06-768x512.jpg",640,427,true],"large":["https:\/\/veritasinfo.org\/wp-content\/uploads\/2025\/07\/Blokade_BG_NS_NIS_06-1024x683.jpg",640,427,true],"1536x1536":["https:\/\/veritasinfo.org\/wp-content\/uploads\/2025\/07\/Blokade_BG_NS_NIS_06.jpg",1440,960,false],"2048x2048":["https:\/\/veritasinfo.org\/wp-content\/uploads\/2025\/07\/Blokade_BG_NS_NIS_06.jpg",1440,960,false],"kreeti-slider-full":["https:\/\/veritasinfo.org\/wp-content\/uploads\/2025\/07\/Blokade_BG_NS_NIS_06.jpg",1080,720,false],"kreeti-featured":["https:\/\/veritasinfo.org\/wp-content\/uploads\/2025\/07\/Blokade_BG_NS_NIS_06.jpg",1024,683,false],"kreeti-medium":["https:\/\/veritasinfo.org\/wp-content\/uploads\/2025\/07\/Blokade_BG_NS_NIS_06.jpg",720,480,false],"kreeti-medium-square":["https:\/\/veritasinfo.org\/wp-content\/uploads\/2025\/07\/Blokade_BG_NS_NIS_06.jpg",350,233,false]},"author_info":{"info":["US1"]},"category_info":"<a href=\"https:\/\/veritasinfo.org\/?cat=60\" rel=\"category\">Shoq\u00ebrore<\/a>","tag_info":"Shoq\u00ebrore","comment_count":"0","_links":{"self":[{"href":"https:\/\/veritasinfo.org\/index.php?rest_route=\/wp\/v2\/posts\/2103","targetHints":{"allow":["GET"]}}],"collection":[{"href":"https:\/\/veritasinfo.org\/index.php?rest_route=\/wp\/v2\/posts"}],"about":[{"href":"https:\/\/veritasinfo.org\/index.php?rest_route=\/wp\/v2\/types\/post"}],"author":[{"embeddable":true,"href":"https:\/\/veritasinfo.org\/index.php?rest_route=\/wp\/v2\/users\/2"}],"replies":[{"embeddable":true,"href":"https:\/\/veritasinfo.org\/index.php?rest_route=%2Fwp%2Fv2%2Fcomments&post=2103"}],"version-history":[{"count":1,"href":"https:\/\/veritasinfo.org\/index.php?rest_route=\/wp\/v2\/posts\/2103\/revisions"}],"predecessor-version":[{"id":2105,"href":"https:\/\/veritasinfo.org\/index.php?rest_route=\/wp\/v2\/posts\/2103\/revisions\/2105"}],"wp:featuredmedia":[{"embeddable":true,"href":"https:\/\/veritasinfo.org\/index.php?rest_route=\/wp\/v2\/media\/2104"}],"wp:attachment":[{"href":"https:\/\/veritasinfo.org\/index.php?rest_route=%2Fwp%2Fv2%2Fmedia&parent=2103"}],"wp:term":[{"taxonomy":"category","embeddable":true,"href":"https:\/\/veritasinfo.org\/index.php?rest_route=%2Fwp%2Fv2%2Fcategories&post=2103"},{"taxonomy":"post_tag","embeddable":true,"href":"https:\/\/veritasinfo.org\/index.php?rest_route=%2Fwp%2Fv2%2Ftags&post=2103"}],"curies":[{"name":"wp","href":"https:\/\/api.w.org\/{rel}","templated":true}]}}