{"id":21028,"date":"2025-11-19T22:17:09","date_gmt":"2025-11-19T21:17:09","guid":{"rendered":"https:\/\/veritasinfo.org\/?p=21028"},"modified":"2025-11-19T22:17:09","modified_gmt":"2025-11-19T21:17:09","slug":"pasoja-per-serbet-ne-veri-edhe-tre-vjet-pas-largimit-nga-institucionet","status":"publish","type":"post","link":"https:\/\/veritasinfo.org\/?p=21028","title":{"rendered":"Pasoja p\u00ebr serb\u00ebt n\u00eb veri edhe tre vjet pas largimit nga institucionet"},"content":{"rendered":"<p><strong>Prishtin\u00eb, 19 n\u00ebntor 2025 22:17<\/strong><\/p>\n<p>Tre vjet pasi serb\u00ebt n\u00eb veri t\u00eb Kosov\u00ebs u larguan nga institucionet e vendit, vazhdojn\u00eb akuzat kund\u00ebr List\u00ebs Serbe dhe Beogradit zyrtar se populli \u00ebsht\u00eb \u201cmashtruar\u201d dhe se ata po \u201chakmerren\u201d dhe \u201cshantazhojn\u00eb\u201d k\u00ebdo q\u00eb kund\u00ebrshton politikat e tyre.<\/p>\n<p>K\u00ebto ankesa filluan t\u00eb dalin n\u00eb publik disa muaj pasi disa qindra punonj\u00ebs t\u00eb policis\u00eb, drejt\u00ebsis\u00eb dhe administrat\u00ebs lokale n\u00eb veri t\u00eb Kosov\u00ebs dhan\u00eb dor\u00ebheqje, n\u00eb fillim t\u00eb n\u00ebntorit t\u00eb vitit 2022, p\u00ebr shkak t\u00eb insistimit t\u00eb Qeveris\u00eb s\u00eb Kosov\u00ebs p\u00ebr t\u2019i z\u00ebvend\u00ebsuar targat serbe t\u00eb makinave me targa t\u00eb Kosov\u00ebs.<\/p>\n<p>Largimin nga institucionet e Kosov\u00ebs e inicioi Lista Serbe, nd\u00ebrsa Beogradi zyrtar &#8211; q\u00eb e mb\u00ebshtet partin\u00eb m\u00eb t\u00eb madhe t\u00eb serb\u00ebve n\u00eb Kosov\u00eb &#8211; e p\u00ebrkrahu k\u00ebt\u00eb vendim.<\/p>\n<p>Punonj\u00ebsve q\u00eb dhan\u00eb dor\u00ebheqje, u ofruan kontrata t\u00eb p\u00ebrkohshme me pag\u00eb nga buxheti i Serbis\u00eb. Megjithat\u00eb, shum\u00eb prej tyre mbet\u00ebn pa k\u00ebto t\u00eb ardhura dhe pa mund\u00ebsin\u00eb p\u00ebr t\u2019u rikthyer n\u00eb vendet e tyre t\u00eb pun\u00ebs.<\/p>\n<p>Nj\u00eb prej tyre \u00ebsht\u00eb edhe Sllobodan Rashkoviq nga fshati Dren i Zubin Potokut n\u00eb veri t\u00eb Kosov\u00ebs, i cili thot\u00eb se tash e dy muaj nuk e ka marr\u00eb pag\u00ebn nga buxheti i Serbis\u00eb prej 66.000 dinar\u00ebsh, apo rreth 550 euro, si kompensim p\u00ebr dor\u00ebheqjen q\u00eb ka dh\u00ebn\u00eb tre vjet m\u00eb par\u00eb nga Policia e Kosov\u00ebs.<\/p>\n<p>Duke folur p\u00ebr Radion Evropa e Lir\u00eb, ai thot\u00eb se ekzistenca e tij \u00ebsht\u00eb e k\u00ebrc\u00ebnuar, pasi k\u00ebto t\u00eb ardhura i kan\u00eb sh\u00ebrbyer p\u00ebr t\u00eb mbajtur familjen. Gruaja e tij \u00ebsht\u00eb e papun\u00eb, nd\u00ebrsa kat\u00ebr f\u00ebmij\u00ebt jan\u00eb t\u00eb mitur.<\/p>\n<p>Rashkoviq thot\u00eb se para tre vjet\u00ebsh ka dh\u00ebn\u00eb dor\u00ebheqje nga Policia e Kosov\u00ebs, pas 20 vjet\u00ebsh p\u00ebrvoj\u00eb pune, nga bindja se duhej t\u00eb shprehte solidaritet me bashk\u00ebkomb\u00ebsit e tij. Nga perspektiva e sotme, ai mendon se ka marr\u00eb nj\u00eb vendim t\u00eb gabuar. Po t\u00eb ishte e mundur, thot\u00eb se do t\u00eb kthehej menj\u00ebher\u00eb n\u00eb Policin\u00eb e Kosov\u00ebs.<\/p>\n<p>N\u00eb shtator t\u00eb vitit t\u00eb kaluar, ministri i Pun\u00ebve t\u00eb Brendshme t\u00eb Kosov\u00ebs, Xhelal Sve\u00e7la,\u00a0 i ka th\u00ebn\u00eb Radios Evropa e Lir\u00eb se ligjet nuk lejojn\u00eb q\u00eb polic\u00ebt q\u00eb kan\u00eb dh\u00ebn\u00eb dor\u00ebheqje, t\u00eb rikthehen n\u00eb pun\u00eb. Ai ka th\u00ebn\u00eb se organet kompetente kan\u00eb pritur 30 dit\u00eb q\u00eb zyrtar\u00ebt policor\u00eb t\u2019i rishqyrtojn\u00eb vendimet e tyre, por kjo nuk ka ndodhur.<\/p>\n<p>Bashk\u00ebshortja e Rashkoviqit, Bojana, thot\u00eb se \u00ebsht\u00eb angazhuar politikisht kund\u00ebr List\u00ebs Serbe, sepse, sipas saj, pozita e komunitetit serb n\u00eb Kosov\u00eb \u00ebsht\u00eb p\u00ebrkeq\u00ebsuar dhe se pun\u00eb gjejn\u00eb vet\u00ebm \u201cpersonat e p\u00ebrshtatsh\u00ebm\u201d. \u201cAta mendojn\u00eb se vet\u00ebm ai q\u00eb mendon si ata [Lista Serbe] mund t\u00eb ket\u00eb pun\u00eb e gjith\u00e7ka tjet\u00ebr. Kush mendon ndryshe, nuk ka asnj\u00eb t\u00eb drejt\u00eb. P\u00ebr \u00e7do gj\u00eb vendosin ata\u201d, thot\u00eb Bojana.<\/p>\n<p>Radio Evropa e Lir\u00eb k\u00ebrkoi koment nga Lista Serbe p\u00ebr akuzat e familjes Rashkoviq, por nuk mori asnj\u00eb p\u00ebrgjigje.<\/p>\n<p>As Zyra p\u00ebr Kosov\u00ebn n\u00eb Qeverin\u00eb e Serbis\u00eb nuk iu p\u00ebrgjigj pyetjes se p\u00ebrse u hiqen kompensimet financiare nga buxheti i Serbis\u00eb personave q\u00eb kan\u00eb l\u00ebn\u00eb institucionet e Kosov\u00ebs.<\/p>\n<p>P\u00ebrndryshe, gjat\u00eb fushat\u00ebs parazgjedhore p\u00ebr zgjedhjet lokale n\u00eb Kosov\u00eb, Ivan Petroviq dhe Ivan Ristiq nga Ranillugu &#8211; komun\u00eb me shumic\u00eb serbe pran\u00eb Gjilanit &#8211; hyn\u00eb n\u00eb grev\u00eb urie, pasi mor\u00ebn vendimin p\u00ebr shkarkim nga organi i p\u00ebrkohsh\u00ebm komunal i Kamenic\u00ebs, q\u00eb funksionon n\u00eb kuad\u00ebr t\u00eb sistemit serb.<\/p>\n<p>Petroviq ishte kandidat p\u00ebr kryetar dhe asamblist nga L\u00ebvizja Popullore Serbe n\u00eb Komun\u00ebn e Ranillugut, nd\u00ebrsa Ristiq ishte kandidat p\u00ebr asamblist nga Partia p\u00ebr Liri, Drejt\u00ebsi dhe Mbijetes\u00eb.<\/p>\n<p>Ata i than\u00eb Radios Evropa e Lir\u00eb m\u00eb 17 n\u00ebntor se kan\u00eb paditur Komun\u00ebn e Kamenic\u00ebs &#8211; q\u00eb funksionon sipas sistemit serb &#8211; n\u00eb Gjykat\u00ebn Administrative n\u00eb Beograd.<\/p>\n<p>Edhe Millosh Kova\u00e7eviq nga fshati Banj\u00eb n\u00eb Komun\u00ebn e Skenderajt i tha Radios Evropa e Lir\u00eb n\u00eb shkurt t\u00eb k\u00ebtij viti se \u00ebsht\u00eb larguar nga organi i p\u00ebrkohsh\u00ebm komunal q\u00eb funksionon brenda sistemit serb, vet\u00ebm se n\u00eb zgjedhjet parlamentare \u00ebsht\u00eb angazhuar politikisht kund\u00ebr List\u00ebs Serbe.<\/p>\n<p>M\u00eb 16 n\u00ebntor, Kova\u00e7eviq tha se \u00ebsht\u00eb ende pa pun\u00eb dhe se ndodhet buz\u00eb mbijetes\u00ebs.<\/p>\n<p>Raste t\u00eb ngjashme jan\u00eb evidentuar edhe gjat\u00eb zgjedhjeve t\u00eb m\u00ebhershme n\u00eb Kosov\u00eb, kur pjes\u00ebtar\u00eb t\u00eb komunitetit serb q\u00eb nuk mb\u00ebshtetnin List\u00ebn Serbe, merrnin vendime p\u00ebr shkarkim nga puna.<\/p>\n<p>Nga ana tjet\u00ebr, Beogradi zyrtar, gjat\u00eb fushatave zgjedhore n\u00eb Kosov\u00eb, ka hapur shpesh konkurse p\u00ebr vende t\u00eb reja pune n\u00eb institucionet e tij.<\/p>\n<p>Kjo ka ndodhur edhe n\u00eb zgjedhjet e fundit lokale m\u00eb 12 tetor, kur Ministria e Sh\u00ebndet\u00ebsis\u00eb e Serbis\u00eb ka shpallur konkurs p\u00ebr 400 vende t\u00eb reja pune n\u00eb institucionet e saj n\u00eb Kosov\u00eb &#8211; gj\u00eb t\u00eb cil\u00ebn autoritetet e Kosov\u00ebs e kan\u00eb cil\u00ebsuar si \u201cnd\u00ebrhyrje n\u00eb procesin zgjedhor\u201d.<\/p>\n","protected":false},"excerpt":{"rendered":"<p>Prishtin\u00eb, 19 n\u00ebntor 2025 22:17 Tre vjet pasi serb\u00ebt n\u00eb veri t\u00eb Kosov\u00ebs u larguan nga institucionet e vendit, vazhdojn\u00eb akuzat kund\u00ebr List\u00ebs Serbe dhe<\/p>\n","protected":false},"author":2,"featured_media":21029,"comment_status":"open","ping_status":"open","sticky":false,"template":"","format":"standard","meta":{"footnotes":""},"categories":[58],"tags":[],"class_list":["post-21028","post","type-post","status-publish","format-standard","has-post-thumbnail","hentry","category-politike-sq"],"yoast_head":"<!-- This site is optimized with the Yoast SEO plugin v25.3.1 - https:\/\/yoast.com\/wordpress\/plugins\/seo\/ -->\n<title>Pasoja p\u00ebr serb\u00ebt n\u00eb veri edhe tre vjet pas largimit nga institucionet -<\/title>\n<meta name=\"robots\" content=\"index, follow, max-snippet:-1, max-image-preview:large, max-video-preview:-1\" \/>\n<link rel=\"canonical\" href=\"https:\/\/veritasinfo.org\/?p=21028\" \/>\n<meta property=\"og:locale\" content=\"en_US\" \/>\n<meta property=\"og:type\" content=\"article\" \/>\n<meta property=\"og:title\" content=\"Pasoja p\u00ebr serb\u00ebt n\u00eb veri edhe tre vjet pas largimit nga institucionet -\" \/>\n<meta property=\"og:description\" content=\"Prishtin\u00eb, 19 n\u00ebntor 2025 22:17 Tre vjet pasi serb\u00ebt n\u00eb veri t\u00eb Kosov\u00ebs u larguan nga institucionet e vendit, vazhdojn\u00eb akuzat kund\u00ebr List\u00ebs Serbe dhe\" \/>\n<meta property=\"og:url\" content=\"https:\/\/veritasinfo.org\/?p=21028\" \/>\n<meta property=\"article:published_time\" content=\"2025-11-19T21:17:09+00:00\" \/>\n<meta property=\"og:image\" content=\"https:\/\/veritasinfo.org\/wp-content\/uploads\/2025\/11\/institucionet.jpg\" \/>\n\t<meta property=\"og:image:width\" content=\"780\" \/>\n\t<meta property=\"og:image:height\" content=\"440\" \/>\n\t<meta property=\"og:image:type\" content=\"image\/jpeg\" \/>\n<meta name=\"author\" content=\"US1\" \/>\n<meta name=\"twitter:card\" content=\"summary_large_image\" \/>\n<meta name=\"twitter:label1\" content=\"Written by\" \/>\n\t<meta name=\"twitter:data1\" content=\"US1\" \/>\n\t<meta name=\"twitter:label2\" content=\"Est. reading time\" \/>\n\t<meta name=\"twitter:data2\" content=\"4 minutes\" \/>\n<script type=\"application\/ld+json\" class=\"yoast-schema-graph\">{\"@context\":\"https:\/\/schema.org\",\"@graph\":[{\"@type\":\"WebPage\",\"@id\":\"https:\/\/veritasinfo.org\/?p=21028\",\"url\":\"https:\/\/veritasinfo.org\/?p=21028\",\"name\":\"Pasoja p\u00ebr serb\u00ebt n\u00eb veri edhe tre vjet pas largimit nga institucionet -\",\"isPartOf\":{\"@id\":\"https:\/\/veritasinfo.org\/#website\"},\"primaryImageOfPage\":{\"@id\":\"https:\/\/veritasinfo.org\/?p=21028#primaryimage\"},\"image\":{\"@id\":\"https:\/\/veritasinfo.org\/?p=21028#primaryimage\"},\"thumbnailUrl\":\"https:\/\/veritasinfo.org\/wp-content\/uploads\/2025\/11\/institucionet.jpg\",\"datePublished\":\"2025-11-19T21:17:09+00:00\",\"author\":{\"@id\":\"https:\/\/veritasinfo.org\/#\/schema\/person\/c2b8be262ea994d0995addca692c5e98\"},\"breadcrumb\":{\"@id\":\"https:\/\/veritasinfo.org\/?p=21028#breadcrumb\"},\"inLanguage\":\"en-US\",\"potentialAction\":[{\"@type\":\"ReadAction\",\"target\":[\"https:\/\/veritasinfo.org\/?p=21028\"]}]},{\"@type\":\"ImageObject\",\"inLanguage\":\"en-US\",\"@id\":\"https:\/\/veritasinfo.org\/?p=21028#primaryimage\",\"url\":\"https:\/\/veritasinfo.org\/wp-content\/uploads\/2025\/11\/institucionet.jpg\",\"contentUrl\":\"https:\/\/veritasinfo.org\/wp-content\/uploads\/2025\/11\/institucionet.jpg\",\"width\":780,\"height\":440},{\"@type\":\"BreadcrumbList\",\"@id\":\"https:\/\/veritasinfo.org\/?p=21028#breadcrumb\",\"itemListElement\":[{\"@type\":\"ListItem\",\"position\":1,\"name\":\"Home\",\"item\":\"https:\/\/veritasinfo.org\/\"},{\"@type\":\"ListItem\",\"position\":2,\"name\":\"Pasoja p\u00ebr serb\u00ebt n\u00eb veri edhe tre vjet pas largimit nga institucionet\"}]},{\"@type\":\"WebSite\",\"@id\":\"https:\/\/veritasinfo.org\/#website\",\"url\":\"https:\/\/veritasinfo.org\/\",\"name\":\"\",\"description\":\"\",\"potentialAction\":[{\"@type\":\"SearchAction\",\"target\":{\"@type\":\"EntryPoint\",\"urlTemplate\":\"https:\/\/veritasinfo.org\/?s={search_term_string}\"},\"query-input\":{\"@type\":\"PropertyValueSpecification\",\"valueRequired\":true,\"valueName\":\"search_term_string\"}}],\"inLanguage\":\"en-US\"},{\"@type\":\"Person\",\"@id\":\"https:\/\/veritasinfo.org\/#\/schema\/person\/c2b8be262ea994d0995addca692c5e98\",\"name\":\"US1\",\"image\":{\"@type\":\"ImageObject\",\"inLanguage\":\"en-US\",\"@id\":\"https:\/\/veritasinfo.org\/#\/schema\/person\/image\/\",\"url\":\"https:\/\/secure.gravatar.com\/avatar\/4e96a59bd256abf9956eb9963ac891a47461ffb364d47b0e9aab113328fdb75b?s=96&d=mm&r=g\",\"contentUrl\":\"https:\/\/secure.gravatar.com\/avatar\/4e96a59bd256abf9956eb9963ac891a47461ffb364d47b0e9aab113328fdb75b?s=96&d=mm&r=g\",\"caption\":\"US1\"},\"url\":\"https:\/\/veritasinfo.org\/?author=2\"}]}<\/script>\n<!-- \/ Yoast SEO plugin. -->","yoast_head_json":{"title":"Pasoja p\u00ebr serb\u00ebt n\u00eb veri edhe tre vjet pas largimit nga institucionet -","robots":{"index":"index","follow":"follow","max-snippet":"max-snippet:-1","max-image-preview":"max-image-preview:large","max-video-preview":"max-video-preview:-1"},"canonical":"https:\/\/veritasinfo.org\/?p=21028","og_locale":"en_US","og_type":"article","og_title":"Pasoja p\u00ebr serb\u00ebt n\u00eb veri edhe tre vjet pas largimit nga institucionet -","og_description":"Prishtin\u00eb, 19 n\u00ebntor 2025 22:17 Tre vjet pasi serb\u00ebt n\u00eb veri t\u00eb Kosov\u00ebs u larguan nga institucionet e vendit, vazhdojn\u00eb akuzat kund\u00ebr List\u00ebs Serbe dhe","og_url":"https:\/\/veritasinfo.org\/?p=21028","article_published_time":"2025-11-19T21:17:09+00:00","og_image":[{"width":780,"height":440,"url":"https:\/\/veritasinfo.org\/wp-content\/uploads\/2025\/11\/institucionet.jpg","type":"image\/jpeg"}],"author":"US1","twitter_card":"summary_large_image","twitter_misc":{"Written by":"US1","Est. reading time":"4 minutes"},"schema":{"@context":"https:\/\/schema.org","@graph":[{"@type":"WebPage","@id":"https:\/\/veritasinfo.org\/?p=21028","url":"https:\/\/veritasinfo.org\/?p=21028","name":"Pasoja p\u00ebr serb\u00ebt n\u00eb veri edhe tre vjet pas largimit nga institucionet -","isPartOf":{"@id":"https:\/\/veritasinfo.org\/#website"},"primaryImageOfPage":{"@id":"https:\/\/veritasinfo.org\/?p=21028#primaryimage"},"image":{"@id":"https:\/\/veritasinfo.org\/?p=21028#primaryimage"},"thumbnailUrl":"https:\/\/veritasinfo.org\/wp-content\/uploads\/2025\/11\/institucionet.jpg","datePublished":"2025-11-19T21:17:09+00:00","author":{"@id":"https:\/\/veritasinfo.org\/#\/schema\/person\/c2b8be262ea994d0995addca692c5e98"},"breadcrumb":{"@id":"https:\/\/veritasinfo.org\/?p=21028#breadcrumb"},"inLanguage":"en-US","potentialAction":[{"@type":"ReadAction","target":["https:\/\/veritasinfo.org\/?p=21028"]}]},{"@type":"ImageObject","inLanguage":"en-US","@id":"https:\/\/veritasinfo.org\/?p=21028#primaryimage","url":"https:\/\/veritasinfo.org\/wp-content\/uploads\/2025\/11\/institucionet.jpg","contentUrl":"https:\/\/veritasinfo.org\/wp-content\/uploads\/2025\/11\/institucionet.jpg","width":780,"height":440},{"@type":"BreadcrumbList","@id":"https:\/\/veritasinfo.org\/?p=21028#breadcrumb","itemListElement":[{"@type":"ListItem","position":1,"name":"Home","item":"https:\/\/veritasinfo.org\/"},{"@type":"ListItem","position":2,"name":"Pasoja p\u00ebr serb\u00ebt n\u00eb veri edhe tre vjet pas largimit nga institucionet"}]},{"@type":"WebSite","@id":"https:\/\/veritasinfo.org\/#website","url":"https:\/\/veritasinfo.org\/","name":"","description":"","potentialAction":[{"@type":"SearchAction","target":{"@type":"EntryPoint","urlTemplate":"https:\/\/veritasinfo.org\/?s={search_term_string}"},"query-input":{"@type":"PropertyValueSpecification","valueRequired":true,"valueName":"search_term_string"}}],"inLanguage":"en-US"},{"@type":"Person","@id":"https:\/\/veritasinfo.org\/#\/schema\/person\/c2b8be262ea994d0995addca692c5e98","name":"US1","image":{"@type":"ImageObject","inLanguage":"en-US","@id":"https:\/\/veritasinfo.org\/#\/schema\/person\/image\/","url":"https:\/\/secure.gravatar.com\/avatar\/4e96a59bd256abf9956eb9963ac891a47461ffb364d47b0e9aab113328fdb75b?s=96&d=mm&r=g","contentUrl":"https:\/\/secure.gravatar.com\/avatar\/4e96a59bd256abf9956eb9963ac891a47461ffb364d47b0e9aab113328fdb75b?s=96&d=mm&r=g","caption":"US1"},"url":"https:\/\/veritasinfo.org\/?author=2"}]}},"featured_image_urls":{"full":["https:\/\/veritasinfo.org\/wp-content\/uploads\/2025\/11\/institucionet.jpg",780,440,false],"thumbnail":["https:\/\/veritasinfo.org\/wp-content\/uploads\/2025\/11\/institucionet-150x150.jpg",150,150,true],"medium":["https:\/\/veritasinfo.org\/wp-content\/uploads\/2025\/11\/institucionet-300x169.jpg",300,169,true],"medium_large":["https:\/\/veritasinfo.org\/wp-content\/uploads\/2025\/11\/institucionet-768x433.jpg",640,361,true],"large":["https:\/\/veritasinfo.org\/wp-content\/uploads\/2025\/11\/institucionet.jpg",640,361,false],"1536x1536":["https:\/\/veritasinfo.org\/wp-content\/uploads\/2025\/11\/institucionet.jpg",780,440,false],"2048x2048":["https:\/\/veritasinfo.org\/wp-content\/uploads\/2025\/11\/institucionet.jpg",780,440,false],"kreeti-slider-full":["https:\/\/veritasinfo.org\/wp-content\/uploads\/2025\/11\/institucionet.jpg",780,440,false],"kreeti-featured":["https:\/\/veritasinfo.org\/wp-content\/uploads\/2025\/11\/institucionet.jpg",780,440,false],"kreeti-medium":["https:\/\/veritasinfo.org\/wp-content\/uploads\/2025\/11\/institucionet.jpg",720,406,false],"kreeti-medium-square":["https:\/\/veritasinfo.org\/wp-content\/uploads\/2025\/11\/institucionet.jpg",350,197,false]},"author_info":{"info":["US1"]},"category_info":"<a href=\"https:\/\/veritasinfo.org\/?cat=58\" rel=\"category\">Politik\u00eb<\/a>","tag_info":"Politik\u00eb","comment_count":"0","_links":{"self":[{"href":"https:\/\/veritasinfo.org\/index.php?rest_route=\/wp\/v2\/posts\/21028","targetHints":{"allow":["GET"]}}],"collection":[{"href":"https:\/\/veritasinfo.org\/index.php?rest_route=\/wp\/v2\/posts"}],"about":[{"href":"https:\/\/veritasinfo.org\/index.php?rest_route=\/wp\/v2\/types\/post"}],"author":[{"embeddable":true,"href":"https:\/\/veritasinfo.org\/index.php?rest_route=\/wp\/v2\/users\/2"}],"replies":[{"embeddable":true,"href":"https:\/\/veritasinfo.org\/index.php?rest_route=%2Fwp%2Fv2%2Fcomments&post=21028"}],"version-history":[{"count":1,"href":"https:\/\/veritasinfo.org\/index.php?rest_route=\/wp\/v2\/posts\/21028\/revisions"}],"predecessor-version":[{"id":21030,"href":"https:\/\/veritasinfo.org\/index.php?rest_route=\/wp\/v2\/posts\/21028\/revisions\/21030"}],"wp:featuredmedia":[{"embeddable":true,"href":"https:\/\/veritasinfo.org\/index.php?rest_route=\/wp\/v2\/media\/21029"}],"wp:attachment":[{"href":"https:\/\/veritasinfo.org\/index.php?rest_route=%2Fwp%2Fv2%2Fmedia&parent=21028"}],"wp:term":[{"taxonomy":"category","embeddable":true,"href":"https:\/\/veritasinfo.org\/index.php?rest_route=%2Fwp%2Fv2%2Fcategories&post=21028"},{"taxonomy":"post_tag","embeddable":true,"href":"https:\/\/veritasinfo.org\/index.php?rest_route=%2Fwp%2Fv2%2Ftags&post=21028"}],"curies":[{"name":"wp","href":"https:\/\/api.w.org\/{rel}","templated":true}]}}