{"id":21023,"date":"2025-11-19T21:03:40","date_gmt":"2025-11-19T20:03:40","guid":{"rendered":"https:\/\/veritasinfo.org\/?p=21023"},"modified":"2025-11-19T21:03:40","modified_gmt":"2025-11-19T20:03:40","slug":"dosjet-perfundimtare-ne-rastin-e-ish-krereve-te-uck-se-kerkohet-qe-te-dorezohen-ne-fund-te-janarit-ose-60-dite-pas-mbylljes-se-ceshtjes","status":"publish","type":"post","link":"https:\/\/veritasinfo.org\/?p=21023","title":{"rendered":"Dosjet p\u00ebrfundimtare n\u00eb rastin e ish-krer\u00ebve t\u00eb U\u00c7K-s\u00eb k\u00ebrkohet q\u00eb t\u00eb dor\u00ebzohen n\u00eb fund t\u00eb janarit ose 60 dit\u00eb pas mbylljes s\u00eb \u00e7\u00ebshtjes"},"content":{"rendered":"<p>Prishtin\u00eb, 19 n\u00ebntor 2025 21:03<\/p>\n<p>Me nj\u00eb k\u00ebrkes\u00eb t\u00eb p\u00ebrbashk\u00ebt t\u00eb mbrojtjes t\u00eb cil\u00ebs iu \u00ebsht\u00eb bashkuar edhe Prokuroria, u k\u00ebrkua q\u00eb dosjet p\u00ebrfundimtare t\u00eb dor\u00ebzohen m\u00eb 30 janar 2026 ose 60 diit\u00eb pas mbylljes s\u00eb procedur\u00ebs s\u00eb paraqitjes s\u00eb provave.<\/p>\n<p>Prokurori James Pace tha se kjo k\u00ebrkes\u00eb e p\u00ebrbashk\u00ebt \u00ebsht\u00eb e arsyeshme, raporton \u201cBetimi p\u00ebr Drejt\u00ebsi\u201c.<\/p>\n<p>\u201cFaktor\u00eb tjer\u00eb q\u00eb d\u00ebshmojn\u00eb natyr\u00ebn e arsyeshme t\u00eb k\u00ebrkes\u00ebs s\u00eb p\u00ebrbashk\u00ebt jan\u00eb; periudha kohore q\u00eb mbulon aktakuz\u00ebn; dhjet\u00eb pikat e aktakuz\u00ebs p\u00ebr krime lufte dhe krime kund\u00ebr njer\u00ebzimit; mbi 400 incidente t\u00eb pretenduara; d\u00ebshmi me mbi 250 d\u00ebshmitar\u00eb jan\u00eb d\u00ebgjuar; mbi 5 mij\u00eb materiale jan\u00eb pranuar n\u00eb prova dhe vendime me mbi 300 pika t\u00eb cilat jan\u00eb pranuar p\u00ebr t\u00eb cilat ende vendim nuk \u00ebsht\u00eb marr\u00eb\u201d, tha Prokurori.<\/p>\n<p>Prokurori tha se dosjet p\u00ebrfundimtare t\u00eb dor\u00ebzohen m\u00eb 19 dhjetor 2025, \u00ebsht\u00eb e pamundur.<\/p>\n<p>Trupi gjykues pyeti se a ka ndonj\u00eb \u00e7\u00ebshtje q\u00eb do t\u00eb pengonte mbylljen e paraqitjes s\u00eb provave n\u00eb k\u00ebt\u00eb rast rreth 4 dhjetorit 2025, si dhe u k\u00ebrkua nga pal\u00ebt q\u00eb t\u00eb tregojn\u00eb n\u00ebse pranojn\u00eb q\u00eb njoftimi p\u00ebr k\u00ebt\u00eb gj\u00eb t\u00eb b\u00ebhet me shkrim dhe jo n\u00eb seanc\u00eb.<\/p>\n<p>Prokuroria s\u2019e kund\u00ebrshtoi q\u00eb mbyllja e provave t\u00eb b\u00ebhet me shkrim. Avokati i Tha\u00e7it, Luka Mishetiq tha se nuk parashikojn\u00eb ndonj\u00eb mocion shtes\u00eb q\u00eb do t\u00eb pengonte mbylljen e \u00e7\u00ebshtjes.<\/p>\n<p>As ekipet tjera mbrojt\u00ebse nuk pat\u00ebn kund\u00ebrshtime q\u00eb \u00e7\u00ebshtja t\u00eb mbyllet me shkrim.<\/p>\n<p>Mbrojt\u00ebsi i viktimave, Simon Laws tha se nuk jan\u00eb\u00a0kund\u00ebr k\u00ebrkes\u00ebs s\u00eb p\u00ebrbashk\u00ebt t\u00eb pal\u00ebve.<\/p>\n<p>Nd\u00ebrsa p\u00ebr fjal\u00ebt p\u00ebrfundimtare n\u00eb k\u00ebt\u00eb rast, u k\u00ebrkua q\u00eb t\u00eb mbahen seancat n\u00eb mars, eventualisht n\u00eb prill t\u00eb 2026-\u00ebs.<\/p>\n<p>Fillimisht, prokurori tha se deklaratat p\u00ebrmbyll\u00ebse t\u00eb b\u00ebhen jo m\u00eb her\u00ebt se 45 dit\u00eb nga dor\u00ebzimi i dosjeve p\u00ebrfundimtare. E Luka Mishetiq tha se do iu duhet nj\u00eb seanc\u00eb e plot\u00eb p\u00ebr t\u00eb b\u00ebr\u00eb paraqitjet e tyre n\u00eb deklarat\u00ebn p\u00ebrmbyll\u00ebse.<\/p>\n<p>Nd\u00ebrsa, Prokuroria tha se i duhen rreth dy dit\u00eb p\u00ebr ta b\u00ebr\u00eb nj\u00eb gj\u00eb t\u00eb till\u00eb.<\/p>\n<p>Prokuroria: \u00c7\u00ebshtja e kund\u00ebrprovave varet nga vendimet n\u00eb mocionet e mbrojtjes<\/p>\n<p>(P\u00ebrdit\u00ebsuar, ora 16:26)-\u00a0 Prokurori James Pace tregoi n\u00ebse do t\u00eb ket\u00eb prova shtes\u00eb p\u00ebr \u00e7\u00ebshtjen e tyre si kund\u00ebrp\u00ebrgjigje ndaj provave t\u00eb mbrojtjes n\u00eb gjykimin ndaj Hashim Tha\u00e7it, Kadri Veselit, Rexhep Selimit dhe Jakup Krasniqit.<\/p>\n<p>Meq\u00eb trupi gjykues nuk do t\u00eb th\u00ebrras\u00eb d\u00ebshmitar\u00eb sipas Rregullores, iu k\u00ebrkua Prokuroris\u00eb q\u00eb t\u00eb tregoj\u00eb n\u00ebse do ta b\u00ebj\u00eb nj\u00eb gj\u00eb t\u00eb till\u00eb, raporton \u201cBetimi p\u00ebr Drejt\u00ebsi\u201c.<\/p>\n<p>Prokurori James Pace tha se kjo do t\u00eb varet krejt\u00ebsisht nga vendimet n\u00eb mocionet e mbrojtjes.<\/p>\n<p>\u201cPasi kemi shqyrtuar standardet e zbatueshme sipas Rregull\u00ebs 133 dhe jurisprudenc\u00ebs s\u00eb gjykat\u00ebs p\u00ebr k\u00ebt\u00eb \u00e7\u00ebshtje dhe n\u00eb baz\u00eb t\u00eb faktit se vendimet p\u00ebr pranimin n\u00eb prova q\u00eb keni v\u00ebn\u00eb n\u00eb dukje vet\u00eb jan\u00eb akoma pa vendim dhe nuk ka ndonj\u00eb vendim p\u00ebrfundimtar nga mbrojtja e Tha\u00e7it dhe Krasniqit dhe se ata do t\u00eb paraqesin ndonj\u00eb mocion tjet\u00ebr, kemi m\u00ebsuar se kjo gj\u00eb do t\u00eb b\u00ebhet jav\u00ebs q\u00eb vjen. Si\u00e7 mund t\u00eb pritet n\u00ebse paraqesim ose jo ndonj\u00eb mocion varet nga rezultati i k\u00ebrkes\u00ebs s\u00eb mbrojtjes q\u00eb nuk \u00ebsht\u00eb vendosur akoma p\u00ebr pranimin e provave. Megjithat\u00eb, n\u00eb k\u00ebt\u00eb faz\u00eb mund t\u00eb themi se \u00e7do k\u00ebrkes\u00eb n\u00eb baz\u00eb t\u00eb Rregullit 133 do tejet e kufizuar n\u00eb fush\u00ebveprim\u201d, tha Pace.<\/p>\n<p>Trupi gjykues tha se deri m\u00eb 1 dhjetor pal\u00ebt duhet t\u00eb jen\u00eb gati t\u00eb tregojn\u00eb n\u00ebse kan\u00eb ndonj\u00eb kund\u00ebrprov\u00eb.<\/p>\n<p>M\u00eb pas, Gjykata njoftoi se deri m\u00eb 1 dhjetor pritet q\u00eb t\u2019i marr\u00eb t\u00eb gjitha vendimet lidhur me pranimin n\u00eb prova.<\/p>\n<p>Avokati Mishetiq thot\u00eb se i vetmi problem p\u00ebr mbylljen e \u00e7\u00ebshtjes \u00ebsht\u00eb d\u00ebshmia e Bislim Zyrapit<\/p>\n<p>(P\u00ebrdit\u00ebsuar, ora 16:14)- Mbrojtja e Tha\u00e7it e p\u00ebrfaq\u00ebsuar nga avokati Luka Mishetiq, tha se i vetmi problem p\u00ebr t\u00eb mbyllur \u00e7\u00ebshtjen e tyre \u00ebsht\u00eb d\u00ebshmia e Bislim Zyrapit, p\u00ebr t\u00eb cilin ata kan\u00eb b\u00ebr\u00eb k\u00ebrkes\u00eb q\u00eb ta shtojn\u00eb n\u00eb list\u00ebn e d\u00ebshmitar\u00ebve t\u00eb tyre.<\/p>\n<p>\u201cN\u00eb qoft\u00eb se ka nj\u00eb mocion jogojror ne edhe mund ta mbyllim, i vetmi problem q\u00eb kemi ka t\u00eb b\u00ebj\u00eb vet\u00ebm me W04752, q\u00eb mund t\u00eb na pengoj\u00eb q\u00eb ta mbyllim \u00e7\u00ebshtjen\u201d, tha Mishetiq.<\/p>\n<p>Mishetiq theksoi se ka mund\u00ebsi q\u00eb mund t\u00eb marrin d\u00ebshmi shtes\u00eb sipas Rregull\u00ebs 153 dhe se nuk parashikojn\u00eb q\u00eb t\u00eb ofrojn\u00eb d\u00ebshmi shtes\u00eb me shkrim, raporon \u201cBetimi p\u00ebr Drejt\u00ebsi\u201c.<\/p>\n<p>\u201cNuk kemi d\u00ebshmitar\u00eb shtes\u00eb por kemi mocion n\u00eb baz\u00eb t\u00eb Rregullit 153 dhe bazuar n\u00eb at\u00eb mbase mund t\u00eb duam t\u00eb th\u00ebrrasim d\u00ebshmitar\u00eb shtes\u00eb n\u00eb baz\u00eb t\u00eb Rregull\u00ebs 153. Sa i p\u00ebrket d\u00ebshmive me shkrim, nuk parashikojm\u00eb q\u00eb t\u00eb ofrojm\u00eb d\u00ebshmi shtes\u00eb. Megjithat\u00eb, duam t\u00eb kemi mund\u00ebsin\u00eb q\u00eb t\u00eb shqyrtojm\u00eb at\u00eb q\u00eb na ka mbetur nga lista e provave materiale\u201d, tha Mishetiq.<\/p>\n<p>Nd\u00ebrsa, kryetari i trupit gjykues, Charles Smith III tha se planifikojn\u00eb q\u00eb pas dy jav\u00ebsh t\u00eb mbyllet \u00e7\u00ebshtja n\u00eb k\u00ebt\u00eb rast gjyq\u00ebsor.<\/p>\n<p>\u201cNe planifikojm\u00eb p\u00ebr dat\u00ebn e mbylljes rreth dy jave. Pas dy jav\u00ebsh. Pra, keni koh\u00eb t\u00eb mjaftueshme\u201d, tha ai.<\/p>\n<p>Aiden Ellis i cili p\u00ebrfaq\u00ebson Jakup Krasniqin tha se nuk kan\u00eb ndodhje gj\u00eb dhe mbase ju duhen nj\u00eb deri n\u00eb dy dit\u00eb p\u00ebr t\u00eb dor\u00ebzuar list\u00ebn e provave.<\/p>\n<p>Trupi gjykues k\u00ebrkoi nj\u00eb dat\u00eb se kur mendojn\u00eb pal\u00ebt q\u00eb t\u00eb p\u00ebrfundojn\u00eb me \u00e7\u00ebshtjen, Mishetiq e p\u00ebrs\u00ebriti s\u00ebrish \u00e7\u00ebshtjen\u00a0me Zyrapin.<\/p>\n<p>\u201cMund t\u00eb them mbas zgjidhjes s\u00eb \u00e7\u00ebshtjes s\u00eb W04752. N\u00eb qoft\u00eb se na del se duhet ta th\u00ebrrasim q\u00eb t\u00eb d\u00ebshmoj\u00eb drejtp\u00ebrdrejt, at\u00ebher\u00eb do ta b\u00ebjm\u00eb nj\u00eb gj\u00eb t\u00eb till\u00eb. N\u00eb qoft\u00eb se ka nj\u00eb vendim p\u00ebr mocionin ton\u00eb, at\u00ebher\u00eb e mbyllim menjeher\u00eb\u201d, tha Mishetiq.<\/p>\n<p>Dixon i kund\u00ebrp\u00ebrgjigjet Laws: E padrejt\u00eb t\u00eb thuash se sistemi \u00ebsht\u00eb i korruptuar pa pasur prova<\/p>\n<p>(P\u00ebrdit\u00ebsuar, ora 16:04)- Mbrojtja e Kadri Veselit, e p\u00ebrfaq\u00ebsuar nga Rodney Dixon iu kund\u00ebrpergjigj deklarat\u00ebs s\u00eb mbrojt\u00ebsit t\u00eb viktimave, Simon Laws lidhur me sistemin ligjor n\u00eb Kosov\u00eb.<\/p>\n<p>Simon Laws tha se nuk \u00ebsht\u00eb e mundur q\u00eb t\u00eb pres\u00ebsh nga viktimat q\u00eb t\u00eb ken\u00eb qasje n\u00eb drejt\u00ebsin\u00eb n\u00eb Kosov\u00eb, duke p\u00ebrmendur si\u00e7 tha ai\u00a0sisitemin e korruptuar dhe rrezikun p\u00ebr nd\u00ebrhyrje, raporton \u201cBetimi p\u00ebr Drejt\u00ebsi\u201c.<\/p>\n<p>Dixon tha se \u00ebsht\u00eb e padrejt\u00eb q\u00eb t\u00eb thuhet se sistemi \u00ebsht\u00eb i korruptuar pa pasur prova konkrete p\u00ebr k\u00ebt\u00eb.<\/p>\n<p>\u201c\u00cbsht\u00eb e padrejt\u00eb q\u00eb t\u00eb thuhet se i gjith\u00eb sistemi \u00ebsht\u00eb i korruptuar dhe p\u00ebr k\u00ebt\u00eb do t\u00eb duheshin prova\u201d, tha Dixon.<\/p>\n<p>Laws kund\u00ebrshton udh\u00ebzimin p\u00ebr padi civile: S\u2019mund t\u00eb pres\u00ebsh prej viktimave t\u00eb ken\u00eb qasje n\u00eb drejt\u00ebsi n\u00eb Kosov\u00eb<\/p>\n<p>Simon Laws i cili p\u00ebrfaq\u00ebson viktimat n\u00eb \u00e7\u00ebshtjen gjyq\u00ebsore ndaj ish-krer\u00ebve t\u00eb U\u00c7K-s\u00eb, Hashim Tha\u00e7i, Kadri Veseli, Rexhep Selimi dhe Jakup Krasniqi, ka kund\u00ebrshtuar q\u00eb trupi gjykues n\u00eb rast se t\u00eb akuzuarit shpallen fajtor\u00eb, t\u2019i udh\u00ebzoj\u00eb viktimat p\u00ebr padi civile n\u00eb Kosov\u00eb.<\/p>\n<p>&nbsp;<\/p>\n","protected":false},"excerpt":{"rendered":"<p>Prishtin\u00eb, 19 n\u00ebntor 2025 21:03 Me nj\u00eb k\u00ebrkes\u00eb t\u00eb p\u00ebrbashk\u00ebt t\u00eb mbrojtjes t\u00eb cil\u00ebs iu \u00ebsht\u00eb bashkuar edhe Prokuroria, u k\u00ebrkua q\u00eb dosjet p\u00ebrfundimtare t\u00eb<\/p>\n","protected":false},"author":7,"featured_media":21024,"comment_status":"open","ping_status":"open","sticky":false,"template":"","format":"standard","meta":{"footnotes":""},"categories":[60],"tags":[],"class_list":["post-21023","post","type-post","status-publish","format-standard","has-post-thumbnail","hentry","category-shoqerore-sq"],"yoast_head":"<!-- This site is optimized with the Yoast SEO plugin v25.3.1 - https:\/\/yoast.com\/wordpress\/plugins\/seo\/ -->\n<title>Dosjet p\u00ebrfundimtare n\u00eb rastin e ish-krer\u00ebve t\u00eb U\u00c7K-s\u00eb k\u00ebrkohet q\u00eb t\u00eb dor\u00ebzohen n\u00eb fund t\u00eb janarit ose 60 dit\u00eb pas mbylljes s\u00eb \u00e7\u00ebshtjes -<\/title>\n<meta name=\"robots\" content=\"index, follow, max-snippet:-1, max-image-preview:large, max-video-preview:-1\" \/>\n<link rel=\"canonical\" href=\"https:\/\/veritasinfo.org\/?p=21023\" \/>\n<meta property=\"og:locale\" content=\"en_US\" \/>\n<meta property=\"og:type\" content=\"article\" \/>\n<meta property=\"og:title\" content=\"Dosjet p\u00ebrfundimtare n\u00eb rastin e ish-krer\u00ebve t\u00eb U\u00c7K-s\u00eb k\u00ebrkohet q\u00eb t\u00eb dor\u00ebzohen n\u00eb fund t\u00eb janarit ose 60 dit\u00eb pas mbylljes s\u00eb \u00e7\u00ebshtjes -\" \/>\n<meta property=\"og:description\" content=\"Prishtin\u00eb, 19 n\u00ebntor 2025 21:03 Me nj\u00eb k\u00ebrkes\u00eb t\u00eb p\u00ebrbashk\u00ebt t\u00eb mbrojtjes t\u00eb cil\u00ebs iu \u00ebsht\u00eb bashkuar edhe Prokuroria, u k\u00ebrkua q\u00eb dosjet p\u00ebrfundimtare t\u00eb\" \/>\n<meta property=\"og:url\" content=\"https:\/\/veritasinfo.org\/?p=21023\" \/>\n<meta property=\"article:published_time\" content=\"2025-11-19T20:03:40+00:00\" \/>\n<meta property=\"og:image\" content=\"https:\/\/veritasinfo.org\/wp-content\/uploads\/2025\/11\/kreret-1.jpg\" \/>\n\t<meta property=\"og:image:width\" content=\"1351\" \/>\n\t<meta property=\"og:image:height\" content=\"758\" \/>\n\t<meta property=\"og:image:type\" content=\"image\/jpeg\" \/>\n<meta name=\"author\" content=\"US6\" \/>\n<meta name=\"twitter:card\" content=\"summary_large_image\" \/>\n<meta name=\"twitter:label1\" content=\"Written by\" \/>\n\t<meta name=\"twitter:data1\" content=\"US6\" \/>\n\t<meta name=\"twitter:label2\" content=\"Est. reading time\" \/>\n\t<meta name=\"twitter:data2\" content=\"5 minutes\" \/>\n<script type=\"application\/ld+json\" class=\"yoast-schema-graph\">{\"@context\":\"https:\/\/schema.org\",\"@graph\":[{\"@type\":\"WebPage\",\"@id\":\"https:\/\/veritasinfo.org\/?p=21023\",\"url\":\"https:\/\/veritasinfo.org\/?p=21023\",\"name\":\"Dosjet p\u00ebrfundimtare n\u00eb rastin e ish-krer\u00ebve t\u00eb U\u00c7K-s\u00eb k\u00ebrkohet q\u00eb t\u00eb dor\u00ebzohen n\u00eb fund t\u00eb janarit ose 60 dit\u00eb pas mbylljes s\u00eb \u00e7\u00ebshtjes -\",\"isPartOf\":{\"@id\":\"https:\/\/veritasinfo.org\/#website\"},\"primaryImageOfPage\":{\"@id\":\"https:\/\/veritasinfo.org\/?p=21023#primaryimage\"},\"image\":{\"@id\":\"https:\/\/veritasinfo.org\/?p=21023#primaryimage\"},\"thumbnailUrl\":\"https:\/\/veritasinfo.org\/wp-content\/uploads\/2025\/11\/kreret-1.jpg\",\"datePublished\":\"2025-11-19T20:03:40+00:00\",\"author\":{\"@id\":\"https:\/\/veritasinfo.org\/#\/schema\/person\/fe199eede04c3937362892b7444747cc\"},\"breadcrumb\":{\"@id\":\"https:\/\/veritasinfo.org\/?p=21023#breadcrumb\"},\"inLanguage\":\"en-US\",\"potentialAction\":[{\"@type\":\"ReadAction\",\"target\":[\"https:\/\/veritasinfo.org\/?p=21023\"]}]},{\"@type\":\"ImageObject\",\"inLanguage\":\"en-US\",\"@id\":\"https:\/\/veritasinfo.org\/?p=21023#primaryimage\",\"url\":\"https:\/\/veritasinfo.org\/wp-content\/uploads\/2025\/11\/kreret-1.jpg\",\"contentUrl\":\"https:\/\/veritasinfo.org\/wp-content\/uploads\/2025\/11\/kreret-1.jpg\",\"width\":1351,\"height\":758},{\"@type\":\"BreadcrumbList\",\"@id\":\"https:\/\/veritasinfo.org\/?p=21023#breadcrumb\",\"itemListElement\":[{\"@type\":\"ListItem\",\"position\":1,\"name\":\"Home\",\"item\":\"https:\/\/veritasinfo.org\/\"},{\"@type\":\"ListItem\",\"position\":2,\"name\":\"Dosjet p\u00ebrfundimtare n\u00eb rastin e ish-krer\u00ebve t\u00eb U\u00c7K-s\u00eb k\u00ebrkohet q\u00eb t\u00eb dor\u00ebzohen n\u00eb fund t\u00eb janarit ose 60 dit\u00eb pas mbylljes s\u00eb \u00e7\u00ebshtjes\"}]},{\"@type\":\"WebSite\",\"@id\":\"https:\/\/veritasinfo.org\/#website\",\"url\":\"https:\/\/veritasinfo.org\/\",\"name\":\"\",\"description\":\"\",\"potentialAction\":[{\"@type\":\"SearchAction\",\"target\":{\"@type\":\"EntryPoint\",\"urlTemplate\":\"https:\/\/veritasinfo.org\/?s={search_term_string}\"},\"query-input\":{\"@type\":\"PropertyValueSpecification\",\"valueRequired\":true,\"valueName\":\"search_term_string\"}}],\"inLanguage\":\"en-US\"},{\"@type\":\"Person\",\"@id\":\"https:\/\/veritasinfo.org\/#\/schema\/person\/fe199eede04c3937362892b7444747cc\",\"name\":\"US6\",\"image\":{\"@type\":\"ImageObject\",\"inLanguage\":\"en-US\",\"@id\":\"https:\/\/veritasinfo.org\/#\/schema\/person\/image\/\",\"url\":\"https:\/\/secure.gravatar.com\/avatar\/cb16c3c31c9d23b9b8c705964598220b3014e42ff51eb540ff23cefa3ae8c15f?s=96&d=mm&r=g\",\"contentUrl\":\"https:\/\/secure.gravatar.com\/avatar\/cb16c3c31c9d23b9b8c705964598220b3014e42ff51eb540ff23cefa3ae8c15f?s=96&d=mm&r=g\",\"caption\":\"US6\"},\"url\":\"https:\/\/veritasinfo.org\/?author=7\"}]}<\/script>\n<!-- \/ Yoast SEO plugin. -->","yoast_head_json":{"title":"Dosjet p\u00ebrfundimtare n\u00eb rastin e ish-krer\u00ebve t\u00eb U\u00c7K-s\u00eb k\u00ebrkohet q\u00eb t\u00eb dor\u00ebzohen n\u00eb fund t\u00eb janarit ose 60 dit\u00eb pas mbylljes s\u00eb \u00e7\u00ebshtjes -","robots":{"index":"index","follow":"follow","max-snippet":"max-snippet:-1","max-image-preview":"max-image-preview:large","max-video-preview":"max-video-preview:-1"},"canonical":"https:\/\/veritasinfo.org\/?p=21023","og_locale":"en_US","og_type":"article","og_title":"Dosjet p\u00ebrfundimtare n\u00eb rastin e ish-krer\u00ebve t\u00eb U\u00c7K-s\u00eb k\u00ebrkohet q\u00eb t\u00eb dor\u00ebzohen n\u00eb fund t\u00eb janarit ose 60 dit\u00eb pas mbylljes s\u00eb \u00e7\u00ebshtjes -","og_description":"Prishtin\u00eb, 19 n\u00ebntor 2025 21:03 Me nj\u00eb k\u00ebrkes\u00eb t\u00eb p\u00ebrbashk\u00ebt t\u00eb mbrojtjes t\u00eb cil\u00ebs iu \u00ebsht\u00eb bashkuar edhe Prokuroria, u k\u00ebrkua q\u00eb dosjet p\u00ebrfundimtare t\u00eb","og_url":"https:\/\/veritasinfo.org\/?p=21023","article_published_time":"2025-11-19T20:03:40+00:00","og_image":[{"width":1351,"height":758,"url":"https:\/\/veritasinfo.org\/wp-content\/uploads\/2025\/11\/kreret-1.jpg","type":"image\/jpeg"}],"author":"US6","twitter_card":"summary_large_image","twitter_misc":{"Written by":"US6","Est. reading time":"5 minutes"},"schema":{"@context":"https:\/\/schema.org","@graph":[{"@type":"WebPage","@id":"https:\/\/veritasinfo.org\/?p=21023","url":"https:\/\/veritasinfo.org\/?p=21023","name":"Dosjet p\u00ebrfundimtare n\u00eb rastin e ish-krer\u00ebve t\u00eb U\u00c7K-s\u00eb k\u00ebrkohet q\u00eb t\u00eb dor\u00ebzohen n\u00eb fund t\u00eb janarit ose 60 dit\u00eb pas mbylljes s\u00eb \u00e7\u00ebshtjes -","isPartOf":{"@id":"https:\/\/veritasinfo.org\/#website"},"primaryImageOfPage":{"@id":"https:\/\/veritasinfo.org\/?p=21023#primaryimage"},"image":{"@id":"https:\/\/veritasinfo.org\/?p=21023#primaryimage"},"thumbnailUrl":"https:\/\/veritasinfo.org\/wp-content\/uploads\/2025\/11\/kreret-1.jpg","datePublished":"2025-11-19T20:03:40+00:00","author":{"@id":"https:\/\/veritasinfo.org\/#\/schema\/person\/fe199eede04c3937362892b7444747cc"},"breadcrumb":{"@id":"https:\/\/veritasinfo.org\/?p=21023#breadcrumb"},"inLanguage":"en-US","potentialAction":[{"@type":"ReadAction","target":["https:\/\/veritasinfo.org\/?p=21023"]}]},{"@type":"ImageObject","inLanguage":"en-US","@id":"https:\/\/veritasinfo.org\/?p=21023#primaryimage","url":"https:\/\/veritasinfo.org\/wp-content\/uploads\/2025\/11\/kreret-1.jpg","contentUrl":"https:\/\/veritasinfo.org\/wp-content\/uploads\/2025\/11\/kreret-1.jpg","width":1351,"height":758},{"@type":"BreadcrumbList","@id":"https:\/\/veritasinfo.org\/?p=21023#breadcrumb","itemListElement":[{"@type":"ListItem","position":1,"name":"Home","item":"https:\/\/veritasinfo.org\/"},{"@type":"ListItem","position":2,"name":"Dosjet p\u00ebrfundimtare n\u00eb rastin e ish-krer\u00ebve t\u00eb U\u00c7K-s\u00eb k\u00ebrkohet q\u00eb t\u00eb dor\u00ebzohen n\u00eb fund t\u00eb janarit ose 60 dit\u00eb pas mbylljes s\u00eb \u00e7\u00ebshtjes"}]},{"@type":"WebSite","@id":"https:\/\/veritasinfo.org\/#website","url":"https:\/\/veritasinfo.org\/","name":"","description":"","potentialAction":[{"@type":"SearchAction","target":{"@type":"EntryPoint","urlTemplate":"https:\/\/veritasinfo.org\/?s={search_term_string}"},"query-input":{"@type":"PropertyValueSpecification","valueRequired":true,"valueName":"search_term_string"}}],"inLanguage":"en-US"},{"@type":"Person","@id":"https:\/\/veritasinfo.org\/#\/schema\/person\/fe199eede04c3937362892b7444747cc","name":"US6","image":{"@type":"ImageObject","inLanguage":"en-US","@id":"https:\/\/veritasinfo.org\/#\/schema\/person\/image\/","url":"https:\/\/secure.gravatar.com\/avatar\/cb16c3c31c9d23b9b8c705964598220b3014e42ff51eb540ff23cefa3ae8c15f?s=96&d=mm&r=g","contentUrl":"https:\/\/secure.gravatar.com\/avatar\/cb16c3c31c9d23b9b8c705964598220b3014e42ff51eb540ff23cefa3ae8c15f?s=96&d=mm&r=g","caption":"US6"},"url":"https:\/\/veritasinfo.org\/?author=7"}]}},"featured_image_urls":{"full":["https:\/\/veritasinfo.org\/wp-content\/uploads\/2025\/11\/kreret-1.jpg",1351,758,false],"thumbnail":["https:\/\/veritasinfo.org\/wp-content\/uploads\/2025\/11\/kreret-1-150x150.jpg",150,150,true],"medium":["https:\/\/veritasinfo.org\/wp-content\/uploads\/2025\/11\/kreret-1-300x168.jpg",300,168,true],"medium_large":["https:\/\/veritasinfo.org\/wp-content\/uploads\/2025\/11\/kreret-1-768x431.jpg",640,359,true],"large":["https:\/\/veritasinfo.org\/wp-content\/uploads\/2025\/11\/kreret-1-1024x575.jpg",640,359,true],"1536x1536":["https:\/\/veritasinfo.org\/wp-content\/uploads\/2025\/11\/kreret-1.jpg",1351,758,false],"2048x2048":["https:\/\/veritasinfo.org\/wp-content\/uploads\/2025\/11\/kreret-1.jpg",1351,758,false],"kreeti-slider-full":["https:\/\/veritasinfo.org\/wp-content\/uploads\/2025\/11\/kreret-1.jpg",1280,718,false],"kreeti-featured":["https:\/\/veritasinfo.org\/wp-content\/uploads\/2025\/11\/kreret-1.jpg",1024,575,false],"kreeti-medium":["https:\/\/veritasinfo.org\/wp-content\/uploads\/2025\/11\/kreret-1.jpg",720,404,false],"kreeti-medium-square":["https:\/\/veritasinfo.org\/wp-content\/uploads\/2025\/11\/kreret-1.jpg",350,196,false]},"author_info":{"info":["US6"]},"category_info":"<a href=\"https:\/\/veritasinfo.org\/?cat=60\" rel=\"category\">Shoq\u00ebrore<\/a>","tag_info":"Shoq\u00ebrore","comment_count":"0","_links":{"self":[{"href":"https:\/\/veritasinfo.org\/index.php?rest_route=\/wp\/v2\/posts\/21023","targetHints":{"allow":["GET"]}}],"collection":[{"href":"https:\/\/veritasinfo.org\/index.php?rest_route=\/wp\/v2\/posts"}],"about":[{"href":"https:\/\/veritasinfo.org\/index.php?rest_route=\/wp\/v2\/types\/post"}],"author":[{"embeddable":true,"href":"https:\/\/veritasinfo.org\/index.php?rest_route=\/wp\/v2\/users\/7"}],"replies":[{"embeddable":true,"href":"https:\/\/veritasinfo.org\/index.php?rest_route=%2Fwp%2Fv2%2Fcomments&post=21023"}],"version-history":[{"count":1,"href":"https:\/\/veritasinfo.org\/index.php?rest_route=\/wp\/v2\/posts\/21023\/revisions"}],"predecessor-version":[{"id":21025,"href":"https:\/\/veritasinfo.org\/index.php?rest_route=\/wp\/v2\/posts\/21023\/revisions\/21025"}],"wp:featuredmedia":[{"embeddable":true,"href":"https:\/\/veritasinfo.org\/index.php?rest_route=\/wp\/v2\/media\/21024"}],"wp:attachment":[{"href":"https:\/\/veritasinfo.org\/index.php?rest_route=%2Fwp%2Fv2%2Fmedia&parent=21023"}],"wp:term":[{"taxonomy":"category","embeddable":true,"href":"https:\/\/veritasinfo.org\/index.php?rest_route=%2Fwp%2Fv2%2Fcategories&post=21023"},{"taxonomy":"post_tag","embeddable":true,"href":"https:\/\/veritasinfo.org\/index.php?rest_route=%2Fwp%2Fv2%2Ftags&post=21023"}],"curies":[{"name":"wp","href":"https:\/\/api.w.org\/{rel}","templated":true}]}}