{"id":21013,"date":"2025-11-19T19:06:13","date_gmt":"2025-11-19T18:06:13","guid":{"rendered":"https:\/\/veritasinfo.org\/?p=21013"},"modified":"2025-11-19T19:06:13","modified_gmt":"2025-11-19T18:06:13","slug":"kosova-pjese-e-kongresit-te-mbrojtjes-dhe-sigurise-evropiane","status":"publish","type":"post","link":"https:\/\/veritasinfo.org\/?p=21013","title":{"rendered":"Kosova pjes\u00eb e Kongresit t\u00eb Mbrojtjes dhe Siguris\u00eb Evropiane"},"content":{"rendered":"<p>Prishtin\u00eb, 19 n\u00ebntor 2025 19:05<\/p>\n<p>Ministri n\u00eb detyr\u00eb i Mbrojtjes, Ejup Maqedonci, n\u00eb kuad\u00ebr t\u00eb Konferenc\u00ebs s\u00eb Siguris\u00eb s\u00eb Berlinit (Berlin Security Conference), mori pjes\u00eb si panelist n\u00eb debatin e nivelit t\u00eb lart\u00eb \u201cAutoritarizmi n\u00eb rritje \/ Rusia \u2013 K\u00ebrc\u00ebnimi, rreziku dhe zbutja e tyre\u201d.<\/p>\n<p>Ministri Maqedonci, n\u00eb kongresin e 24-t\u00eb t\u00eb Mbrojtjes dhe Siguris\u00eb Evropiane, n\u00eb ngjarjen ky\u00e7e q\u00eb mbledh vendimmarr\u00ebs t\u00eb lart\u00eb, ekspert\u00eb t\u00eb siguris\u00eb, p\u00ebrfaq\u00ebsues t\u00eb industris\u00eb s\u00eb mbrojtjes dhe udh\u00ebheq\u00ebs ushtarak\u00eb nga e gjith\u00eb Evropa, adresoi sfidat e siguris\u00eb n\u00eb Evrop\u00eb, pasojat e politikave autoritare dhe r\u00ebnd\u00ebsin\u00eb e koordinimit euroatlantik n\u00eb p\u00ebrballjen me k\u00ebto rreziqe. N\u00eb k\u00ebt\u00eb konferenc\u00eb ministri u shoq\u00ebrua nga drejtori i Departamentit p\u00ebr Bashk\u00ebpunim Nd\u00ebrkomb\u00ebtar dhe Integrime Euroatlantike n\u00eb Ministrin\u00eb e Mbrojtjes, kolonel Ahmet Ajeti, kolonel Bekim Zejnullahu dhe k\u00ebshilltarin ushtarak Agron Berisha.<\/p>\n<p>N\u00eb margjinat e konferenc\u00ebs, ministri zhvilloi edhe takime me personalitete shtet\u00ebrore dhe p\u00ebrfaq\u00ebsues t\u00eb sektorit t\u00eb siguris\u00eb dhe mbrojtjes, p\u00ebrfshir\u00eb ministrin e shtetit dhe deputetin e Bundestagut gjerman, Florian Hahn, Gjeneralin Ingo Gerhartz \u2013 Komandant i Komand\u00ebs s\u00eb Forc\u00ebs s\u00eb Bashkuar t\u00eb NATO-s n\u00eb Brunssum, si dhe Princesh\u00ebn Victoria, trash\u00ebgimtare e Kuror\u00ebs s\u00eb Mbret\u00ebris\u00eb s\u00eb Suedis\u00eb.<\/p>\n<p>Gjat\u00eb konferenc\u00ebs, ministri Maqedonci p\u00ebrgjat\u00eb nj\u00eb takimi t\u00eb realizuar me ministren e Mbrojtjes s\u00eb Luksemburgut, Yuriko Nadia Backes, diskutoi dhe rreth situat\u00ebs s\u00eb p\u00ebrgjithshme t\u00eb siguris\u00eb dhe mund\u00ebsive p\u00ebr thellimin e bashk\u00ebpunimit nd\u00ebrmjet dy vendeve n\u00eb fush\u00ebn e mbrojtjes dhe siguris\u00eb.<\/p>\n<p>&nbsp;<\/p>\n","protected":false},"excerpt":{"rendered":"<p>Prishtin\u00eb, 19 n\u00ebntor 2025 19:05 Ministri n\u00eb detyr\u00eb i Mbrojtjes, Ejup Maqedonci, n\u00eb kuad\u00ebr t\u00eb Konferenc\u00ebs s\u00eb Siguris\u00eb s\u00eb Berlinit (Berlin Security Conference), mori pjes\u00eb<\/p>\n","protected":false},"author":7,"featured_media":21014,"comment_status":"open","ping_status":"open","sticky":false,"template":"","format":"standard","meta":{"footnotes":""},"categories":[58],"tags":[],"class_list":["post-21013","post","type-post","status-publish","format-standard","has-post-thumbnail","hentry","category-politike-sq"],"yoast_head":"<!-- This site is optimized with the Yoast SEO plugin v25.3.1 - https:\/\/yoast.com\/wordpress\/plugins\/seo\/ -->\n<title>Kosova pjes\u00eb e Kongresit t\u00eb Mbrojtjes dhe Siguris\u00eb Evropiane -<\/title>\n<meta name=\"robots\" content=\"index, follow, max-snippet:-1, max-image-preview:large, max-video-preview:-1\" \/>\n<link rel=\"canonical\" href=\"https:\/\/veritasinfo.org\/?p=21013\" \/>\n<meta property=\"og:locale\" content=\"en_US\" \/>\n<meta property=\"og:type\" content=\"article\" \/>\n<meta property=\"og:title\" content=\"Kosova pjes\u00eb e Kongresit t\u00eb Mbrojtjes dhe Siguris\u00eb Evropiane -\" \/>\n<meta property=\"og:description\" content=\"Prishtin\u00eb, 19 n\u00ebntor 2025 19:05 Ministri n\u00eb detyr\u00eb i Mbrojtjes, Ejup Maqedonci, n\u00eb kuad\u00ebr t\u00eb Konferenc\u00ebs s\u00eb Siguris\u00eb s\u00eb Berlinit (Berlin Security Conference), mori pjes\u00eb\" \/>\n<meta property=\"og:url\" content=\"https:\/\/veritasinfo.org\/?p=21013\" \/>\n<meta property=\"article:published_time\" content=\"2025-11-19T18:06:13+00:00\" \/>\n<meta property=\"og:image\" content=\"https:\/\/veritasinfo.org\/wp-content\/uploads\/2025\/11\/586039805_1286492090169890_8532900697812718872_n.jpg\" \/>\n\t<meta property=\"og:image:width\" content=\"1800\" \/>\n\t<meta property=\"og:image:height\" content=\"1160\" \/>\n\t<meta property=\"og:image:type\" content=\"image\/jpeg\" \/>\n<meta name=\"author\" content=\"US6\" \/>\n<meta name=\"twitter:card\" content=\"summary_large_image\" \/>\n<meta name=\"twitter:label1\" content=\"Written by\" \/>\n\t<meta name=\"twitter:data1\" content=\"US6\" \/>\n\t<meta name=\"twitter:label2\" content=\"Est. reading time\" \/>\n\t<meta name=\"twitter:data2\" content=\"2 minutes\" \/>\n<script type=\"application\/ld+json\" class=\"yoast-schema-graph\">{\"@context\":\"https:\/\/schema.org\",\"@graph\":[{\"@type\":\"WebPage\",\"@id\":\"https:\/\/veritasinfo.org\/?p=21013\",\"url\":\"https:\/\/veritasinfo.org\/?p=21013\",\"name\":\"Kosova pjes\u00eb e Kongresit t\u00eb Mbrojtjes dhe Siguris\u00eb Evropiane -\",\"isPartOf\":{\"@id\":\"https:\/\/veritasinfo.org\/#website\"},\"primaryImageOfPage\":{\"@id\":\"https:\/\/veritasinfo.org\/?p=21013#primaryimage\"},\"image\":{\"@id\":\"https:\/\/veritasinfo.org\/?p=21013#primaryimage\"},\"thumbnailUrl\":\"https:\/\/veritasinfo.org\/wp-content\/uploads\/2025\/11\/586039805_1286492090169890_8532900697812718872_n.jpg\",\"datePublished\":\"2025-11-19T18:06:13+00:00\",\"author\":{\"@id\":\"https:\/\/veritasinfo.org\/#\/schema\/person\/fe199eede04c3937362892b7444747cc\"},\"breadcrumb\":{\"@id\":\"https:\/\/veritasinfo.org\/?p=21013#breadcrumb\"},\"inLanguage\":\"en-US\",\"potentialAction\":[{\"@type\":\"ReadAction\",\"target\":[\"https:\/\/veritasinfo.org\/?p=21013\"]}]},{\"@type\":\"ImageObject\",\"inLanguage\":\"en-US\",\"@id\":\"https:\/\/veritasinfo.org\/?p=21013#primaryimage\",\"url\":\"https:\/\/veritasinfo.org\/wp-content\/uploads\/2025\/11\/586039805_1286492090169890_8532900697812718872_n.jpg\",\"contentUrl\":\"https:\/\/veritasinfo.org\/wp-content\/uploads\/2025\/11\/586039805_1286492090169890_8532900697812718872_n.jpg\",\"width\":1800,\"height\":1160},{\"@type\":\"BreadcrumbList\",\"@id\":\"https:\/\/veritasinfo.org\/?p=21013#breadcrumb\",\"itemListElement\":[{\"@type\":\"ListItem\",\"position\":1,\"name\":\"Home\",\"item\":\"https:\/\/veritasinfo.org\/\"},{\"@type\":\"ListItem\",\"position\":2,\"name\":\"Kosova pjes\u00eb e Kongresit t\u00eb Mbrojtjes dhe Siguris\u00eb Evropiane\"}]},{\"@type\":\"WebSite\",\"@id\":\"https:\/\/veritasinfo.org\/#website\",\"url\":\"https:\/\/veritasinfo.org\/\",\"name\":\"\",\"description\":\"\",\"potentialAction\":[{\"@type\":\"SearchAction\",\"target\":{\"@type\":\"EntryPoint\",\"urlTemplate\":\"https:\/\/veritasinfo.org\/?s={search_term_string}\"},\"query-input\":{\"@type\":\"PropertyValueSpecification\",\"valueRequired\":true,\"valueName\":\"search_term_string\"}}],\"inLanguage\":\"en-US\"},{\"@type\":\"Person\",\"@id\":\"https:\/\/veritasinfo.org\/#\/schema\/person\/fe199eede04c3937362892b7444747cc\",\"name\":\"US6\",\"image\":{\"@type\":\"ImageObject\",\"inLanguage\":\"en-US\",\"@id\":\"https:\/\/veritasinfo.org\/#\/schema\/person\/image\/\",\"url\":\"https:\/\/secure.gravatar.com\/avatar\/cb16c3c31c9d23b9b8c705964598220b3014e42ff51eb540ff23cefa3ae8c15f?s=96&d=mm&r=g\",\"contentUrl\":\"https:\/\/secure.gravatar.com\/avatar\/cb16c3c31c9d23b9b8c705964598220b3014e42ff51eb540ff23cefa3ae8c15f?s=96&d=mm&r=g\",\"caption\":\"US6\"},\"url\":\"https:\/\/veritasinfo.org\/?author=7\"}]}<\/script>\n<!-- \/ Yoast SEO plugin. -->","yoast_head_json":{"title":"Kosova pjes\u00eb e Kongresit t\u00eb Mbrojtjes dhe Siguris\u00eb Evropiane -","robots":{"index":"index","follow":"follow","max-snippet":"max-snippet:-1","max-image-preview":"max-image-preview:large","max-video-preview":"max-video-preview:-1"},"canonical":"https:\/\/veritasinfo.org\/?p=21013","og_locale":"en_US","og_type":"article","og_title":"Kosova pjes\u00eb e Kongresit t\u00eb Mbrojtjes dhe Siguris\u00eb Evropiane -","og_description":"Prishtin\u00eb, 19 n\u00ebntor 2025 19:05 Ministri n\u00eb detyr\u00eb i Mbrojtjes, Ejup Maqedonci, n\u00eb kuad\u00ebr t\u00eb Konferenc\u00ebs s\u00eb Siguris\u00eb s\u00eb Berlinit (Berlin Security Conference), mori pjes\u00eb","og_url":"https:\/\/veritasinfo.org\/?p=21013","article_published_time":"2025-11-19T18:06:13+00:00","og_image":[{"width":1800,"height":1160,"url":"https:\/\/veritasinfo.org\/wp-content\/uploads\/2025\/11\/586039805_1286492090169890_8532900697812718872_n.jpg","type":"image\/jpeg"}],"author":"US6","twitter_card":"summary_large_image","twitter_misc":{"Written by":"US6","Est. reading time":"2 minutes"},"schema":{"@context":"https:\/\/schema.org","@graph":[{"@type":"WebPage","@id":"https:\/\/veritasinfo.org\/?p=21013","url":"https:\/\/veritasinfo.org\/?p=21013","name":"Kosova pjes\u00eb e Kongresit t\u00eb Mbrojtjes dhe Siguris\u00eb Evropiane -","isPartOf":{"@id":"https:\/\/veritasinfo.org\/#website"},"primaryImageOfPage":{"@id":"https:\/\/veritasinfo.org\/?p=21013#primaryimage"},"image":{"@id":"https:\/\/veritasinfo.org\/?p=21013#primaryimage"},"thumbnailUrl":"https:\/\/veritasinfo.org\/wp-content\/uploads\/2025\/11\/586039805_1286492090169890_8532900697812718872_n.jpg","datePublished":"2025-11-19T18:06:13+00:00","author":{"@id":"https:\/\/veritasinfo.org\/#\/schema\/person\/fe199eede04c3937362892b7444747cc"},"breadcrumb":{"@id":"https:\/\/veritasinfo.org\/?p=21013#breadcrumb"},"inLanguage":"en-US","potentialAction":[{"@type":"ReadAction","target":["https:\/\/veritasinfo.org\/?p=21013"]}]},{"@type":"ImageObject","inLanguage":"en-US","@id":"https:\/\/veritasinfo.org\/?p=21013#primaryimage","url":"https:\/\/veritasinfo.org\/wp-content\/uploads\/2025\/11\/586039805_1286492090169890_8532900697812718872_n.jpg","contentUrl":"https:\/\/veritasinfo.org\/wp-content\/uploads\/2025\/11\/586039805_1286492090169890_8532900697812718872_n.jpg","width":1800,"height":1160},{"@type":"BreadcrumbList","@id":"https:\/\/veritasinfo.org\/?p=21013#breadcrumb","itemListElement":[{"@type":"ListItem","position":1,"name":"Home","item":"https:\/\/veritasinfo.org\/"},{"@type":"ListItem","position":2,"name":"Kosova pjes\u00eb e Kongresit t\u00eb Mbrojtjes dhe Siguris\u00eb Evropiane"}]},{"@type":"WebSite","@id":"https:\/\/veritasinfo.org\/#website","url":"https:\/\/veritasinfo.org\/","name":"","description":"","potentialAction":[{"@type":"SearchAction","target":{"@type":"EntryPoint","urlTemplate":"https:\/\/veritasinfo.org\/?s={search_term_string}"},"query-input":{"@type":"PropertyValueSpecification","valueRequired":true,"valueName":"search_term_string"}}],"inLanguage":"en-US"},{"@type":"Person","@id":"https:\/\/veritasinfo.org\/#\/schema\/person\/fe199eede04c3937362892b7444747cc","name":"US6","image":{"@type":"ImageObject","inLanguage":"en-US","@id":"https:\/\/veritasinfo.org\/#\/schema\/person\/image\/","url":"https:\/\/secure.gravatar.com\/avatar\/cb16c3c31c9d23b9b8c705964598220b3014e42ff51eb540ff23cefa3ae8c15f?s=96&d=mm&r=g","contentUrl":"https:\/\/secure.gravatar.com\/avatar\/cb16c3c31c9d23b9b8c705964598220b3014e42ff51eb540ff23cefa3ae8c15f?s=96&d=mm&r=g","caption":"US6"},"url":"https:\/\/veritasinfo.org\/?author=7"}]}},"featured_image_urls":{"full":["https:\/\/veritasinfo.org\/wp-content\/uploads\/2025\/11\/586039805_1286492090169890_8532900697812718872_n.jpg",1800,1160,false],"thumbnail":["https:\/\/veritasinfo.org\/wp-content\/uploads\/2025\/11\/586039805_1286492090169890_8532900697812718872_n-150x150.jpg",150,150,true],"medium":["https:\/\/veritasinfo.org\/wp-content\/uploads\/2025\/11\/586039805_1286492090169890_8532900697812718872_n-300x193.jpg",300,193,true],"medium_large":["https:\/\/veritasinfo.org\/wp-content\/uploads\/2025\/11\/586039805_1286492090169890_8532900697812718872_n-768x495.jpg",640,413,true],"large":["https:\/\/veritasinfo.org\/wp-content\/uploads\/2025\/11\/586039805_1286492090169890_8532900697812718872_n-1024x660.jpg",640,413,true],"1536x1536":["https:\/\/veritasinfo.org\/wp-content\/uploads\/2025\/11\/586039805_1286492090169890_8532900697812718872_n-1536x990.jpg",1536,990,true],"2048x2048":["https:\/\/veritasinfo.org\/wp-content\/uploads\/2025\/11\/586039805_1286492090169890_8532900697812718872_n.jpg",1800,1160,false],"kreeti-slider-full":["https:\/\/veritasinfo.org\/wp-content\/uploads\/2025\/11\/586039805_1286492090169890_8532900697812718872_n.jpg",1117,720,false],"kreeti-featured":["https:\/\/veritasinfo.org\/wp-content\/uploads\/2025\/11\/586039805_1286492090169890_8532900697812718872_n.jpg",1024,660,false],"kreeti-medium":["https:\/\/veritasinfo.org\/wp-content\/uploads\/2025\/11\/586039805_1286492090169890_8532900697812718872_n.jpg",720,464,false],"kreeti-medium-square":["https:\/\/veritasinfo.org\/wp-content\/uploads\/2025\/11\/586039805_1286492090169890_8532900697812718872_n.jpg",350,226,false]},"author_info":{"info":["US6"]},"category_info":"<a href=\"https:\/\/veritasinfo.org\/?cat=58\" rel=\"category\">Politik\u00eb<\/a>","tag_info":"Politik\u00eb","comment_count":"0","_links":{"self":[{"href":"https:\/\/veritasinfo.org\/index.php?rest_route=\/wp\/v2\/posts\/21013","targetHints":{"allow":["GET"]}}],"collection":[{"href":"https:\/\/veritasinfo.org\/index.php?rest_route=\/wp\/v2\/posts"}],"about":[{"href":"https:\/\/veritasinfo.org\/index.php?rest_route=\/wp\/v2\/types\/post"}],"author":[{"embeddable":true,"href":"https:\/\/veritasinfo.org\/index.php?rest_route=\/wp\/v2\/users\/7"}],"replies":[{"embeddable":true,"href":"https:\/\/veritasinfo.org\/index.php?rest_route=%2Fwp%2Fv2%2Fcomments&post=21013"}],"version-history":[{"count":1,"href":"https:\/\/veritasinfo.org\/index.php?rest_route=\/wp\/v2\/posts\/21013\/revisions"}],"predecessor-version":[{"id":21015,"href":"https:\/\/veritasinfo.org\/index.php?rest_route=\/wp\/v2\/posts\/21013\/revisions\/21015"}],"wp:featuredmedia":[{"embeddable":true,"href":"https:\/\/veritasinfo.org\/index.php?rest_route=\/wp\/v2\/media\/21014"}],"wp:attachment":[{"href":"https:\/\/veritasinfo.org\/index.php?rest_route=%2Fwp%2Fv2%2Fmedia&parent=21013"}],"wp:term":[{"taxonomy":"category","embeddable":true,"href":"https:\/\/veritasinfo.org\/index.php?rest_route=%2Fwp%2Fv2%2Fcategories&post=21013"},{"taxonomy":"post_tag","embeddable":true,"href":"https:\/\/veritasinfo.org\/index.php?rest_route=%2Fwp%2Fv2%2Ftags&post=21013"}],"curies":[{"name":"wp","href":"https:\/\/api.w.org\/{rel}","templated":true}]}}